{"id":949,"date":"2021-04-13T23:46:00","date_gmt":"2021-04-13T21:46:00","guid":{"rendered":"http:\/\/unsa-paris.fr\/savp\/?p=949"},"modified":"2021-05-10T22:19:42","modified_gmt":"2021-05-10T20:19:42","slug":"contre-laugmentation-du-temps-de-travail-les-personnels-ne-lachent-rien","status":"publish","type":"post","link":"https:\/\/unsa-paris.fr\/savp\/2021\/04\/13\/contre-laugmentation-du-temps-de-travail-les-personnels-ne-lachent-rien\/","title":{"rendered":"Contre l\u2019augmentation du temps de travail, les personnels ne l\u00e2chent rien!"},"content":{"rendered":"\t\t<div data-elementor-type=\"wp-post\" data-elementor-id=\"949\" class=\"elementor elementor-949\">\n\t\t\t\t\t\t<section class=\"elementor-section elementor-top-section elementor-element elementor-element-7aea62d elementor-section-boxed elementor-section-height-default elementor-section-height-default\" data-id=\"7aea62d\" data-element_type=\"section\" data-e-type=\"section\">\n\t\t\t\t\t\t<div class=\"elementor-container elementor-column-gap-default\">\n\t\t\t\t\t<div class=\"elementor-column elementor-col-100 elementor-top-column elementor-element elementor-element-1bcabb9\" data-id=\"1bcabb9\" data-element_type=\"column\" data-e-type=\"column\">\n\t\t\t<div class=\"elementor-widget-wrap elementor-element-populated\">\n\t\t\t\t\t\t<div class=\"elementor-element elementor-element-eb6307f elementor-widget elementor-widget-text-editor\" data-id=\"eb6307f\" data-element_type=\"widget\" data-e-type=\"widget\" data-widget_type=\"text-editor.default\">\n\t\t\t\t<div class=\"elementor-widget-container\">\n\t\t\t\t\t\t\t\t\t<p><span style=\"color: #000000;\">Ce mardi 13 avril, en pleines vacances scolaires, malgr\u00e9 la pand\u00e9mie et le confinement, un millier d&rsquo;agents et d\u2019agentes de la Ville de Paris a manifest\u00e9 de la Tour Mattei \u00e0 l\u2019H\u00f4tel de Ville contre les projets de la Ville sur l&rsquo;augmentation du temps de travail. De nombreuses directions et m\u00e9tiers \u00e9taient repr\u00e9sent\u00e9s dans ce cort\u00e8ge dynamique et bruyant. Que tous les participants en soient remerci\u00e9s\u00a0!<\/span><\/p>\n<p><span style=\"color: #000000;\"><strong>\u00ab\u00a0Premiers de corv\u00e9e\u00a0\u00bb face \u00e0 la pand\u00e9mie depuis un an, les personnels manifestent de nouveau leur refus de cette r\u00e9gression sociale et leur d\u00e9termination \u00e0 la<\/strong> <strong>contrecarrer.<\/strong><\/span><\/p>\t\t\t\t\t\t\t\t<\/div>\n\t\t\t\t<\/div>\n\t\t\t\t<div class=\"elementor-element elementor-element-41158ea elementor-widget elementor-widget-read-more\" data-id=\"41158ea\" data-element_type=\"widget\" data-e-type=\"widget\" data-widget_type=\"read-more.default\">\n\t\t\t\t<div class=\"elementor-widget-container\">\n\t\t\t\t\t<\/div><\/div><\/div><\/div><\/div><\/section><\/div> <a href=\"https:\/\/unsa-paris.fr\/savp\/2021\/04\/13\/contre-laugmentation-du-temps-de-travail-les-personnels-ne-lachent-rien\/#more-949\" class=\"more-link elementor-more-link\"><span aria-label=\"Poursuivre la lecture Contre l\u2019augmentation du temps de travail, les personnels ne l\u00e2chent rien!\">Poursuivre la lecture<\/span><\/a>","protected":false},"excerpt":{"rendered":"<p>Ce mardi 13 avril, en pleines vacances scolaires, malgr\u00e9 la pand\u00e9mie et le confinement, un millier d&rsquo;agents et d\u2019agentes de la Ville de Paris a manifest\u00e9 de la Tour Mattei &hellip; <a href=\"https:\/\/unsa-paris.fr\/savp\/2021\/04\/13\/contre-laugmentation-du-temps-de-travail-les-personnels-ne-lachent-rien\/\" class=\"more-link\">Continuer la lecture<span class=\"screen-reader-text\"> de &laquo;&nbsp;Contre l\u2019augmentation du temps de travail, les personnels ne l\u00e2chent rien!&nbsp;&raquo;<\/span><\/a><\/p>\n","protected":false},"author":1,"featured_media":0,"comment_status":"open","ping_status":"open","sticky":false,"template":"","format":"standard","meta":{"footnotes":""},"categories":[7,9,12,5],"tags":[],"class_list":["post-949","post","type-post","status-publish","format-standard","hentry","category-actualite","category-communique","category-dialogue-social","category-tempsdetravail"],"yoast_head":"<!-- This site is optimized with the Yoast SEO plugin v27.4 - https:\/\/yoast.com\/product\/yoast-seo-wordpress\/ -->\n<title>Contre l\u2019augmentation du temps de travail, les personnels ne l\u00e2chent rien! - Syndicat Autonome UNSA<\/title>\n<meta name=\"description\" content=\"Ce mardi 13 avril, un millier d&#039;agents et d\u2019agentes de la Ville de Paris a manifest\u00e9 contre les projets de la Ville sur l&#039;augmentation du temps de travail.\" \/>\n<meta name=\"robots\" content=\"index, follow, max-snippet:-1, max-image-preview:large, max-video-preview:-1\" \/>\n<link rel=\"canonical\" href=\"https:\/\/unsa-paris.fr\/savp\/2021\/04\/13\/contre-laugmentation-du-temps-de-travail-les-personnels-ne-lachent-rien\/\" \/>\n<meta property=\"og:locale\" content=\"fr_FR\" \/>\n<meta property=\"og:type\" content=\"article\" \/>\n<meta property=\"og:title\" content=\"Contre l\u2019augmentation du temps de travail, les personnels ne l\u00e2chent rien! - Syndicat Autonome UNSA\" \/>\n<meta property=\"og:description\" content=\"Ce mardi 13 avril, un millier d&#039;agents et d\u2019agentes de la Ville de Paris a manifest\u00e9 contre les projets de la Ville sur l&#039;augmentation du temps de travail.\" \/>\n<meta property=\"og:url\" content=\"https:\/\/unsa-paris.fr\/savp\/2021\/04\/13\/contre-laugmentation-du-temps-de-travail-les-personnels-ne-lachent-rien\/\" \/>\n<meta property=\"og:site_name\" content=\"Syndicat Autonome UNSA\" \/>\n<meta property=\"article:published_time\" content=\"2021-04-13T21:46:00+00:00\" \/>\n<meta property=\"article:modified_time\" content=\"2021-05-10T20:19:42+00:00\" \/>\n<meta property=\"og:image\" content=\"http:\/\/unsa-paris.fr\/savp\/wp-content\/uploads\/2021\/04\/photomanif-1024x768.jpeg\" \/>\n<meta name=\"author\" content=\"militant\" \/>\n<meta name=\"twitter:card\" content=\"summary_large_image\" \/>\n<meta name=\"twitter:label1\" content=\"\u00c9crit par\" \/>\n\t<meta name=\"twitter:data1\" content=\"militant\" \/>\n\t<meta name=\"twitter:label2\" content=\"Dur\u00e9e de lecture estim\u00e9e\" \/>\n\t<meta name=\"twitter:data2\" content=\"2 minutes\" \/>\n<script type=\"application\/ld+json\" class=\"yoast-schema-graph\">{\"@context\":\"https:\\\/\\\/schema.org\",\"@graph\":[{\"@type\":\"Article\",\"@id\":\"https:\\\/\\\/unsa-paris.fr\\\/savp\\\/2021\\\/04\\\/13\\\/contre-laugmentation-du-temps-de-travail-les-personnels-ne-lachent-rien\\\/#article\",\"isPartOf\":{\"@id\":\"https:\\\/\\\/unsa-paris.fr\\\/savp\\\/2021\\\/04\\\/13\\\/contre-laugmentation-du-temps-de-travail-les-personnels-ne-lachent-rien\\\/\"},\"author\":{\"name\":\"militant\",\"@id\":\"https:\\\/\\\/unsa-paris.fr\\\/savp\\\/#\\\/schema\\\/person\\\/656755f73ac5921fc7e2e35124af2ae1\"},\"headline\":\"Contre l\u2019augmentation du temps de travail, les personnels ne l\u00e2chent rien!\",\"datePublished\":\"2021-04-13T21:46:00+00:00\",\"dateModified\":\"2021-05-10T20:19:42+00:00\",\"mainEntityOfPage\":{\"@id\":\"https:\\\/\\\/unsa-paris.fr\\\/savp\\\/2021\\\/04\\\/13\\\/contre-laugmentation-du-temps-de-travail-les-personnels-ne-lachent-rien\\\/\"},\"wordCount\":292,\"commentCount\":0,\"publisher\":{\"@id\":\"https:\\\/\\\/unsa-paris.fr\\\/savp\\\/#organization\"},\"image\":{\"@id\":\"https:\\\/\\\/unsa-paris.fr\\\/savp\\\/2021\\\/04\\\/13\\\/contre-laugmentation-du-temps-de-travail-les-personnels-ne-lachent-rien\\\/#primaryimage\"},\"thumbnailUrl\":\"http:\\\/\\\/unsa-paris.fr\\\/savp\\\/wp-content\\\/uploads\\\/2021\\\/04\\\/photomanif-1024x768.jpeg\",\"articleSection\":[\"Actualite\",\"Communique\",\"Dialogue social\",\"Tempsdetravail\"],\"inLanguage\":\"fr-FR\",\"potentialAction\":[{\"@type\":\"CommentAction\",\"name\":\"Comment\",\"target\":[\"https:\\\/\\\/unsa-paris.fr\\\/savp\\\/2021\\\/04\\\/13\\\/contre-laugmentation-du-temps-de-travail-les-personnels-ne-lachent-rien\\\/#respond\"]}]},{\"@type\":\"WebPage\",\"@id\":\"https:\\\/\\\/unsa-paris.fr\\\/savp\\\/2021\\\/04\\\/13\\\/contre-laugmentation-du-temps-de-travail-les-personnels-ne-lachent-rien\\\/\",\"url\":\"https:\\\/\\\/unsa-paris.fr\\\/savp\\\/2021\\\/04\\\/13\\\/contre-laugmentation-du-temps-de-travail-les-personnels-ne-lachent-rien\\\/\",\"name\":\"Contre l\u2019augmentation du temps de travail, les personnels ne l\u00e2chent rien! - Syndicat Autonome UNSA\",\"isPartOf\":{\"@id\":\"https:\\\/\\\/unsa-paris.fr\\\/savp\\\/#website\"},\"primaryImageOfPage\":{\"@id\":\"https:\\\/\\\/unsa-paris.fr\\\/savp\\\/2021\\\/04\\\/13\\\/contre-laugmentation-du-temps-de-travail-les-personnels-ne-lachent-rien\\\/#primaryimage\"},\"image\":{\"@id\":\"https:\\\/\\\/unsa-paris.fr\\\/savp\\\/2021\\\/04\\\/13\\\/contre-laugmentation-du-temps-de-travail-les-personnels-ne-lachent-rien\\\/#primaryimage\"},\"thumbnailUrl\":\"http:\\\/\\\/unsa-paris.fr\\\/savp\\\/wp-content\\\/uploads\\\/2021\\\/04\\\/photomanif-1024x768.jpeg\",\"datePublished\":\"2021-04-13T21:46:00+00:00\",\"dateModified\":\"2021-05-10T20:19:42+00:00\",\"description\":\"Ce mardi 13 avril, un millier d'agents et d\u2019agentes de la Ville de Paris a manifest\u00e9 contre les projets de la Ville sur l'augmentation du temps de travail.\",\"breadcrumb\":{\"@id\":\"https:\\\/\\\/unsa-paris.fr\\\/savp\\\/2021\\\/04\\\/13\\\/contre-laugmentation-du-temps-de-travail-les-personnels-ne-lachent-rien\\\/#breadcrumb\"},\"inLanguage\":\"fr-FR\",\"potentialAction\":[{\"@type\":\"ReadAction\",\"target\":[\"https:\\\/\\\/unsa-paris.fr\\\/savp\\\/2021\\\/04\\\/13\\\/contre-laugmentation-du-temps-de-travail-les-personnels-ne-lachent-rien\\\/\"]}]},{\"@type\":\"ImageObject\",\"inLanguage\":\"fr-FR\",\"@id\":\"https:\\\/\\\/unsa-paris.fr\\\/savp\\\/2021\\\/04\\\/13\\\/contre-laugmentation-du-temps-de-travail-les-personnels-ne-lachent-rien\\\/#primaryimage\",\"url\":\"http:\\\/\\\/unsa-paris.fr\\\/savp\\\/wp-content\\\/uploads\\\/2021\\\/04\\\/photomanif-1024x768.jpeg\",\"contentUrl\":\"http:\\\/\\\/unsa-paris.fr\\\/savp\\\/wp-content\\\/uploads\\\/2021\\\/04\\\/photomanif-1024x768.jpeg\"},{\"@type\":\"BreadcrumbList\",\"@id\":\"https:\\\/\\\/unsa-paris.fr\\\/savp\\\/2021\\\/04\\\/13\\\/contre-laugmentation-du-temps-de-travail-les-personnels-ne-lachent-rien\\\/#breadcrumb\",\"itemListElement\":[{\"@type\":\"ListItem\",\"position\":1,\"name\":\"Accueil\",\"item\":\"https:\\\/\\\/unsa-paris.fr\\\/savp\\\/\"},{\"@type\":\"ListItem\",\"position\":2,\"name\":\"Contre l\u2019augmentation du temps de travail, les personnels ne l\u00e2chent rien!\"}]},{\"@type\":\"WebSite\",\"@id\":\"https:\\\/\\\/unsa-paris.fr\\\/savp\\\/#website\",\"url\":\"https:\\\/\\\/unsa-paris.fr\\\/savp\\\/\",\"name\":\"Syndicat Autonome UNSA\",\"description\":\"Section des secr\u00e9taires administratifs et des techniciens sup\u00e9rieurs\",\"publisher\":{\"@id\":\"https:\\\/\\\/unsa-paris.fr\\\/savp\\\/#organization\"},\"potentialAction\":[{\"@type\":\"SearchAction\",\"target\":{\"@type\":\"EntryPoint\",\"urlTemplate\":\"https:\\\/\\\/unsa-paris.fr\\\/savp\\\/?s={search_term_string}\"},\"query-input\":{\"@type\":\"PropertyValueSpecification\",\"valueRequired\":true,\"valueName\":\"search_term_string\"}}],\"inLanguage\":\"fr-FR\"},{\"@type\":\"Organization\",\"@id\":\"https:\\\/\\\/unsa-paris.fr\\\/savp\\\/#organization\",\"name\":\"UNSA PARIS fili\u00e8re administrative\",\"url\":\"https:\\\/\\\/unsa-paris.fr\\\/savp\\\/\",\"logo\":{\"@type\":\"ImageObject\",\"inLanguage\":\"fr-FR\",\"@id\":\"https:\\\/\\\/unsa-paris.fr\\\/savp\\\/#\\\/schema\\\/logo\\\/image\\\/\",\"url\":\"https:\\\/\\\/unsa-paris.fr\\\/savp\\\/wp-content\\\/uploads\\\/2020\\\/10\\\/Logo_UNSA-V6.png\",\"contentUrl\":\"https:\\\/\\\/unsa-paris.fr\\\/savp\\\/wp-content\\\/uploads\\\/2020\\\/10\\\/Logo_UNSA-V6.png\",\"width\":986,\"height\":962,\"caption\":\"UNSA PARIS fili\u00e8re administrative\"},\"image\":{\"@id\":\"https:\\\/\\\/unsa-paris.fr\\\/savp\\\/#\\\/schema\\\/logo\\\/image\\\/\"}},{\"@type\":\"Person\",\"@id\":\"https:\\\/\\\/unsa-paris.fr\\\/savp\\\/#\\\/schema\\\/person\\\/656755f73ac5921fc7e2e35124af2ae1\",\"name\":\"militant\",\"image\":{\"@type\":\"ImageObject\",\"inLanguage\":\"fr-FR\",\"@id\":\"https:\\\/\\\/secure.gravatar.com\\\/avatar\\\/bafae66946efbf2980171a895ec279139a1dde2c6d953819f7e7270d582b48d2?s=96&d=mm&r=g\",\"url\":\"https:\\\/\\\/secure.gravatar.com\\\/avatar\\\/bafae66946efbf2980171a895ec279139a1dde2c6d953819f7e7270d582b48d2?s=96&d=mm&r=g\",\"contentUrl\":\"https:\\\/\\\/secure.gravatar.com\\\/avatar\\\/bafae66946efbf2980171a895ec279139a1dde2c6d953819f7e7270d582b48d2?s=96&d=mm&r=g\",\"caption\":\"militant\"},\"url\":\"https:\\\/\\\/unsa-paris.fr\\\/savp\\\/author\\\/militant\\\/\"}]}<\/script>\n<!-- \/ Yoast SEO plugin. -->","yoast_head_json":{"title":"Contre l\u2019augmentation du temps de travail, les personnels ne l\u00e2chent rien! - Syndicat Autonome UNSA","description":"Ce mardi 13 avril, un millier d'agents et d\u2019agentes de la Ville de Paris a manifest\u00e9 contre les projets de la Ville sur l'augmentation du temps de travail.","robots":{"index":"index","follow":"follow","max-snippet":"max-snippet:-1","max-image-preview":"max-image-preview:large","max-video-preview":"max-video-preview:-1"},"canonical":"https:\/\/unsa-paris.fr\/savp\/2021\/04\/13\/contre-laugmentation-du-temps-de-travail-les-personnels-ne-lachent-rien\/","og_locale":"fr_FR","og_type":"article","og_title":"Contre l\u2019augmentation du temps de travail, les personnels ne l\u00e2chent rien! - Syndicat Autonome UNSA","og_description":"Ce mardi 13 avril, un millier d'agents et d\u2019agentes de la Ville de Paris a manifest\u00e9 contre les projets de la Ville sur l'augmentation du temps de travail.","og_url":"https:\/\/unsa-paris.fr\/savp\/2021\/04\/13\/contre-laugmentation-du-temps-de-travail-les-personnels-ne-lachent-rien\/","og_site_name":"Syndicat Autonome UNSA","article_published_time":"2021-04-13T21:46:00+00:00","article_modified_time":"2021-05-10T20:19:42+00:00","og_image":[{"url":"http:\/\/unsa-paris.fr\/savp\/wp-content\/uploads\/2021\/04\/photomanif-1024x768.jpeg","type":"","width":"","height":""}],"author":"militant","twitter_card":"summary_large_image","twitter_misc":{"\u00c9crit par":"militant","Dur\u00e9e de lecture estim\u00e9e":"2 minutes"},"schema":{"@context":"https:\/\/schema.org","@graph":[{"@type":"Article","@id":"https:\/\/unsa-paris.fr\/savp\/2021\/04\/13\/contre-laugmentation-du-temps-de-travail-les-personnels-ne-lachent-rien\/#article","isPartOf":{"@id":"https:\/\/unsa-paris.fr\/savp\/2021\/04\/13\/contre-laugmentation-du-temps-de-travail-les-personnels-ne-lachent-rien\/"},"author":{"name":"militant","@id":"https:\/\/unsa-paris.fr\/savp\/#\/schema\/person\/656755f73ac5921fc7e2e35124af2ae1"},"headline":"Contre l\u2019augmentation du temps de travail, les personnels ne l\u00e2chent rien!","datePublished":"2021-04-13T21:46:00+00:00","dateModified":"2021-05-10T20:19:42+00:00","mainEntityOfPage":{"@id":"https:\/\/unsa-paris.fr\/savp\/2021\/04\/13\/contre-laugmentation-du-temps-de-travail-les-personnels-ne-lachent-rien\/"},"wordCount":292,"commentCount":0,"publisher":{"@id":"https:\/\/unsa-paris.fr\/savp\/#organization"},"image":{"@id":"https:\/\/unsa-paris.fr\/savp\/2021\/04\/13\/contre-laugmentation-du-temps-de-travail-les-personnels-ne-lachent-rien\/#primaryimage"},"thumbnailUrl":"http:\/\/unsa-paris.fr\/savp\/wp-content\/uploads\/2021\/04\/photomanif-1024x768.jpeg","articleSection":["Actualite","Communique","Dialogue social","Tempsdetravail"],"inLanguage":"fr-FR","potentialAction":[{"@type":"CommentAction","name":"Comment","target":["https:\/\/unsa-paris.fr\/savp\/2021\/04\/13\/contre-laugmentation-du-temps-de-travail-les-personnels-ne-lachent-rien\/#respond"]}]},{"@type":"WebPage","@id":"https:\/\/unsa-paris.fr\/savp\/2021\/04\/13\/contre-laugmentation-du-temps-de-travail-les-personnels-ne-lachent-rien\/","url":"https:\/\/unsa-paris.fr\/savp\/2021\/04\/13\/contre-laugmentation-du-temps-de-travail-les-personnels-ne-lachent-rien\/","name":"Contre l\u2019augmentation du temps de travail, les personnels ne l\u00e2chent rien! - Syndicat Autonome UNSA","isPartOf":{"@id":"https:\/\/unsa-paris.fr\/savp\/#website"},"primaryImageOfPage":{"@id":"https:\/\/unsa-paris.fr\/savp\/2021\/04\/13\/contre-laugmentation-du-temps-de-travail-les-personnels-ne-lachent-rien\/#primaryimage"},"image":{"@id":"https:\/\/unsa-paris.fr\/savp\/2021\/04\/13\/contre-laugmentation-du-temps-de-travail-les-personnels-ne-lachent-rien\/#primaryimage"},"thumbnailUrl":"http:\/\/unsa-paris.fr\/savp\/wp-content\/uploads\/2021\/04\/photomanif-1024x768.jpeg","datePublished":"2021-04-13T21:46:00+00:00","dateModified":"2021-05-10T20:19:42+00:00","description":"Ce mardi 13 avril, un millier d'agents et d\u2019agentes de la Ville de Paris a manifest\u00e9 contre les projets de la Ville sur l'augmentation du temps de travail.","breadcrumb":{"@id":"https:\/\/unsa-paris.fr\/savp\/2021\/04\/13\/contre-laugmentation-du-temps-de-travail-les-personnels-ne-lachent-rien\/#breadcrumb"},"inLanguage":"fr-FR","potentialAction":[{"@type":"ReadAction","target":["https:\/\/unsa-paris.fr\/savp\/2021\/04\/13\/contre-laugmentation-du-temps-de-travail-les-personnels-ne-lachent-rien\/"]}]},{"@type":"ImageObject","inLanguage":"fr-FR","@id":"https:\/\/unsa-paris.fr\/savp\/2021\/04\/13\/contre-laugmentation-du-temps-de-travail-les-personnels-ne-lachent-rien\/#primaryimage","url":"http:\/\/unsa-paris.fr\/savp\/wp-content\/uploads\/2021\/04\/photomanif-1024x768.jpeg","contentUrl":"http:\/\/unsa-paris.fr\/savp\/wp-content\/uploads\/2021\/04\/photomanif-1024x768.jpeg"},{"@type":"BreadcrumbList","@id":"https:\/\/unsa-paris.fr\/savp\/2021\/04\/13\/contre-laugmentation-du-temps-de-travail-les-personnels-ne-lachent-rien\/#breadcrumb","itemListElement":[{"@type":"ListItem","position":1,"name":"Accueil","item":"https:\/\/unsa-paris.fr\/savp\/"},{"@type":"ListItem","position":2,"name":"Contre l\u2019augmentation du temps de travail, les personnels ne l\u00e2chent rien!"}]},{"@type":"WebSite","@id":"https:\/\/unsa-paris.fr\/savp\/#website","url":"https:\/\/unsa-paris.fr\/savp\/","name":"Syndicat Autonome UNSA","description":"Section des secr\u00e9taires administratifs et des techniciens sup\u00e9rieurs","publisher":{"@id":"https:\/\/unsa-paris.fr\/savp\/#organization"},"potentialAction":[{"@type":"SearchAction","target":{"@type":"EntryPoint","urlTemplate":"https:\/\/unsa-paris.fr\/savp\/?s={search_term_string}"},"query-input":{"@type":"PropertyValueSpecification","valueRequired":true,"valueName":"search_term_string"}}],"inLanguage":"fr-FR"},{"@type":"Organization","@id":"https:\/\/unsa-paris.fr\/savp\/#organization","name":"UNSA PARIS fili\u00e8re administrative","url":"https:\/\/unsa-paris.fr\/savp\/","logo":{"@type":"ImageObject","inLanguage":"fr-FR","@id":"https:\/\/unsa-paris.fr\/savp\/#\/schema\/logo\/image\/","url":"https:\/\/unsa-paris.fr\/savp\/wp-content\/uploads\/2020\/10\/Logo_UNSA-V6.png","contentUrl":"https:\/\/unsa-paris.fr\/savp\/wp-content\/uploads\/2020\/10\/Logo_UNSA-V6.png","width":986,"height":962,"caption":"UNSA PARIS fili\u00e8re administrative"},"image":{"@id":"https:\/\/unsa-paris.fr\/savp\/#\/schema\/logo\/image\/"}},{"@type":"Person","@id":"https:\/\/unsa-paris.fr\/savp\/#\/schema\/person\/656755f73ac5921fc7e2e35124af2ae1","name":"militant","image":{"@type":"ImageObject","inLanguage":"fr-FR","@id":"https:\/\/secure.gravatar.com\/avatar\/bafae66946efbf2980171a895ec279139a1dde2c6d953819f7e7270d582b48d2?s=96&d=mm&r=g","url":"https:\/\/secure.gravatar.com\/avatar\/bafae66946efbf2980171a895ec279139a1dde2c6d953819f7e7270d582b48d2?s=96&d=mm&r=g","contentUrl":"https:\/\/secure.gravatar.com\/avatar\/bafae66946efbf2980171a895ec279139a1dde2c6d953819f7e7270d582b48d2?s=96&d=mm&r=g","caption":"militant"},"url":"https:\/\/unsa-paris.fr\/savp\/author\/militant\/"}]}},"_links":{"self":[{"href":"https:\/\/unsa-paris.fr\/savp\/wp-json\/wp\/v2\/posts\/949","targetHints":{"allow":["GET"]}}],"collection":[{"href":"https:\/\/unsa-paris.fr\/savp\/wp-json\/wp\/v2\/posts"}],"about":[{"href":"https:\/\/unsa-paris.fr\/savp\/wp-json\/wp\/v2\/types\/post"}],"author":[{"embeddable":true,"href":"https:\/\/unsa-paris.fr\/savp\/wp-json\/wp\/v2\/users\/1"}],"replies":[{"embeddable":true,"href":"https:\/\/unsa-paris.fr\/savp\/wp-json\/wp\/v2\/comments?post=949"}],"version-history":[{"count":11,"href":"https:\/\/unsa-paris.fr\/savp\/wp-json\/wp\/v2\/posts\/949\/revisions"}],"predecessor-version":[{"id":1026,"href":"https:\/\/unsa-paris.fr\/savp\/wp-json\/wp\/v2\/posts\/949\/revisions\/1026"}],"wp:attachment":[{"href":"https:\/\/unsa-paris.fr\/savp\/wp-json\/wp\/v2\/media?parent=949"}],"wp:term":[{"taxonomy":"category","embeddable":true,"href":"https:\/\/unsa-paris.fr\/savp\/wp-json\/wp\/v2\/categories?post=949"},{"taxonomy":"post_tag","embeddable":true,"href":"https:\/\/unsa-paris.fr\/savp\/wp-json\/wp\/v2\/tags?post=949"}],"curies":[{"name":"wp","href":"https:\/\/api.w.org\/{rel}","templated":true}]}}