{"id":927,"date":"2021-01-19T15:36:49","date_gmt":"2021-01-19T14:36:49","guid":{"rendered":"http:\/\/unsa-paris.fr\/savp\/?p=927"},"modified":"2021-05-10T22:24:59","modified_gmt":"2021-05-10T20:24:59","slug":"mise-en-oeuvre-de-la-loi-de-transformation-de-la-fonction-publique-a-paris-le-temps-de-travail-pas-une-minute-de-plus","status":"publish","type":"post","link":"https:\/\/unsa-paris.fr\/savp\/2021\/01\/19\/mise-en-oeuvre-de-la-loi-de-transformation-de-la-fonction-publique-a-paris-le-temps-de-travail-pas-une-minute-de-plus\/","title":{"rendered":"Mise en \u0153uvre de la loi de Transformation de la fonction Publique \u00e0 Paris. Le temps de Travail : \u00ab Pas une minute de plus \u00bb"},"content":{"rendered":"<h2>Lettre Intersyndicale \u00e0 Madame Anne Hidalgo, Maire de Paris.<\/h2>\n<p>CFTC, CGT, FO, SUPAP-FSU, UCP, UNSA<\/p>\n<p>Madame la Maire,<\/p>\n<p>Les organisations syndicales signataires de ce courrier se sont oppos\u00e9es au vote de la loi 2019-828 du 6 ao\u00fbt 2019 dite \u00ab Loi de de Transformation de la Fonction Publique \u00bb, tout comme la formation politique \u00e0 laquelle vous appartenez.<\/p>\n<p><!--more Poursuivre la lecture--><\/p>\n<p>Lors de la r\u00e9union du 7 janvier consacr\u00e9e \u00e0 l\u2019agenda social, M. Antoine Guillou votre adjoint charg\u00e9 des Ressources Humaines, nous a pr\u00e9sent\u00e9, dans les grandes lignes, la m\u00e9thode et les objectifs que vous comptez poursuivre \u00e0 cet effet.<\/p>\n<p>Si nous avons pris acte des reports \u00e0 2022, de la r\u00e9flexion sur la politique de la Ville en mati\u00e8re disciplinaire ainsi que de la modification du droit de gr\u00e8ve, nous vous rappelons notre totale opposition \u00e0 ces dispositions.<\/p>\n<p>En revanche, nous ne pouvons accepter l\u2019annonce faite par M. Guillou indiquant qu\u2019 \u00ab Hors suj\u00e9tions, le temps de travail ne pourra plus \u00eatre inf\u00e9rieur \u00e0 1607h annuelles \u00bb.<br \/>\nCette d\u00e9cision remettrait fondamentalement en cause l\u2019accord RTT de 2001 et ne pourrait que faire augmenter le temps de travail des agents parisiens, ce qui va \u00e0 l\u2019encontre de l\u2019id\u00e9e m\u00eame de progr\u00e8s social.<\/p>\n<p>Les personnels des administrations parisiennes subissent de plein fouet les difficult\u00e9s li\u00e9es \u00e0 la vie en r\u00e9gion parisienne : co\u00fbt de la vie, du logement, difficult\u00e9s de transport, pollution,<br \/>\nIls subissent \u00e9galement le gel de leur traitement indiciaire, qui n\u2019aura progress\u00e9 que de 1,2% en dix ans. De plus, comme vous l\u2019avez-vous m\u00eame reconnu lors de vos v\u0153ux aux agents, si Paris a tenu bon pendant cette crise sanitaire sans pr\u00e9c\u00e9dent, c\u2019est gr\u00e2ce \u00e0 eux.<br \/>\nC\u2019est ainsi qu\u2019afin de pr\u00e9server leur sant\u00e9 et l\u2019\u00e9quilibre entre leur vie personnelle et professionnelle, les personnels restent extr\u00eamement attach\u00e9s \u00e0 leurs jours de cong\u00e9s annuels, \u00e0 leurs RTT et \u00e0 leurs suj\u00e9tions.<br \/>\nC\u2019est pourquoi nous refusons que le temps de travail des agents parisiens augmente, ne serait-ce que d\u2019une minute de plus.<\/p>\n<p>Vous l\u2019aurez compris Madame la Maire, cette question est essentielle aux yeux de nos organisations syndicales. Faute d\u2019une r\u00e9ponse claire et rapide de la municipalit\u00e9 \u00e0 ce sujet, nous saurons nous mobiliser pour d\u00e9fendre les int\u00e9r\u00eats des agents.<\/p>\n<p>Par ailleurs, alors que la loi de Transformation de la fonction publique accro\u00eet les possibilit\u00e9s de recours aux contractuels, nous souhaitons r\u00e9affirmer ici notre attachement \u00e0 une fonction publique de carri\u00e8re ainsi qu\u2019au d\u00e9cret 94-415 du 24 mai 1994.<br \/>\nPour nous, l\u2019urgence n\u2019est pas de recruter plus de contractuels en lieu et place de fonctionnaires titulaires mais bien de mener une v\u00e9ritable politique de d\u00e9pr\u00e9carisation afin de s\u00e9curiser les carri\u00e8res de nos nombreux coll\u00e8gues en CDD ou vacataires.<\/p>\n<p>Sachant que le \u00ab pouvoir d\u2019achat des agents et leurs conditions de travail sont au coeur de vos pr\u00e9occupations \u00bb, nous ne doutons pas que vous serez attentive \u00e0 nos revendications.<\/p>\n<p>Nous vous prions de bien vouloir agr\u00e9er, Madame la Maire, l\u2019expression de nos salutations distingu\u00e9es.<\/p>\n","protected":false},"excerpt":{"rendered":"<p>Lettre Intersyndicale \u00e0 Madame Anne Hidalgo, Maire de Paris. CFTC, CGT, FO, SUPAP-FSU, UCP, UNSA Madame la Maire, Les organisations syndicales signataires de ce courrier se sont oppos\u00e9es au vote &hellip; <a href=\"https:\/\/unsa-paris.fr\/savp\/2021\/01\/19\/mise-en-oeuvre-de-la-loi-de-transformation-de-la-fonction-publique-a-paris-le-temps-de-travail-pas-une-minute-de-plus\/\" class=\"more-link\">Continuer la lecture<span class=\"screen-reader-text\"> de &laquo;&nbsp;Mise en \u0153uvre de la loi de Transformation de la fonction Publique \u00e0 Paris. Le temps de Travail : \u00ab Pas une minute de plus \u00bb&nbsp;&raquo;<\/span><\/a><\/p>\n","protected":false},"author":1,"featured_media":0,"comment_status":"open","ping_status":"open","sticky":false,"template":"","format":"standard","meta":{"footnotes":""},"categories":[7,9,12,5],"tags":[],"class_list":["post-927","post","type-post","status-publish","format-standard","hentry","category-actualite","category-communique","category-dialogue-social","category-tempsdetravail"],"yoast_head":"<!-- This site is optimized with the Yoast SEO plugin v27.5 - https:\/\/yoast.com\/product\/yoast-seo-wordpress\/ -->\n<title>Mise en \u0153uvre de la loi de Transformation de la fonction Publique \u00e0 Paris. Le temps de Travail : \u00ab Pas une minute de plus \u00bb - Syndicat Autonome UNSA<\/title>\n<meta name=\"description\" content=\"contre l&#039;augmentation du temps de travail, lettre Intersyndicale \u00e0 Madame Anne Hidalgo\" \/>\n<meta name=\"robots\" content=\"index, follow, max-snippet:-1, max-image-preview:large, max-video-preview:-1\" \/>\n<link rel=\"canonical\" href=\"https:\/\/unsa-paris.fr\/savp\/2021\/01\/19\/mise-en-oeuvre-de-la-loi-de-transformation-de-la-fonction-publique-a-paris-le-temps-de-travail-pas-une-minute-de-plus\/\" \/>\n<meta property=\"og:locale\" content=\"fr_FR\" \/>\n<meta property=\"og:type\" content=\"article\" \/>\n<meta property=\"og:title\" content=\"Mise en \u0153uvre de la loi de Transformation de la fonction Publique \u00e0 Paris. Le temps de Travail : \u00ab Pas une minute de plus \u00bb - Syndicat Autonome UNSA\" \/>\n<meta property=\"og:description\" content=\"contre l&#039;augmentation du temps de travail, lettre Intersyndicale \u00e0 Madame Anne Hidalgo\" \/>\n<meta property=\"og:url\" content=\"https:\/\/unsa-paris.fr\/savp\/2021\/01\/19\/mise-en-oeuvre-de-la-loi-de-transformation-de-la-fonction-publique-a-paris-le-temps-de-travail-pas-une-minute-de-plus\/\" \/>\n<meta property=\"og:site_name\" content=\"Syndicat Autonome UNSA\" \/>\n<meta property=\"article:published_time\" content=\"2021-01-19T14:36:49+00:00\" \/>\n<meta property=\"article:modified_time\" content=\"2021-05-10T20:24:59+00:00\" \/>\n<meta name=\"author\" content=\"militant\" \/>\n<meta name=\"twitter:card\" content=\"summary_large_image\" \/>\n<meta name=\"twitter:label1\" content=\"\u00c9crit par\" \/>\n\t<meta name=\"twitter:data1\" content=\"militant\" \/>\n\t<meta name=\"twitter:label2\" content=\"Dur\u00e9e de lecture estim\u00e9e\" \/>\n\t<meta name=\"twitter:data2\" content=\"3 minutes\" \/>\n<script type=\"application\/ld+json\" class=\"yoast-schema-graph\">{\"@context\":\"https:\\\/\\\/schema.org\",\"@graph\":[{\"@type\":\"Article\",\"@id\":\"https:\\\/\\\/unsa-paris.fr\\\/savp\\\/2021\\\/01\\\/19\\\/mise-en-oeuvre-de-la-loi-de-transformation-de-la-fonction-publique-a-paris-le-temps-de-travail-pas-une-minute-de-plus\\\/#article\",\"isPartOf\":{\"@id\":\"https:\\\/\\\/unsa-paris.fr\\\/savp\\\/2021\\\/01\\\/19\\\/mise-en-oeuvre-de-la-loi-de-transformation-de-la-fonction-publique-a-paris-le-temps-de-travail-pas-une-minute-de-plus\\\/\"},\"author\":{\"name\":\"militant\",\"@id\":\"https:\\\/\\\/unsa-paris.fr\\\/savp\\\/#\\\/schema\\\/person\\\/656755f73ac5921fc7e2e35124af2ae1\"},\"headline\":\"Mise en \u0153uvre de la loi de Transformation de la fonction Publique \u00e0 Paris. Le temps de Travail : \u00ab Pas une minute de plus \u00bb\",\"datePublished\":\"2021-01-19T14:36:49+00:00\",\"dateModified\":\"2021-05-10T20:24:59+00:00\",\"mainEntityOfPage\":{\"@id\":\"https:\\\/\\\/unsa-paris.fr\\\/savp\\\/2021\\\/01\\\/19\\\/mise-en-oeuvre-de-la-loi-de-transformation-de-la-fonction-publique-a-paris-le-temps-de-travail-pas-une-minute-de-plus\\\/\"},\"wordCount\":548,\"commentCount\":0,\"publisher\":{\"@id\":\"https:\\\/\\\/unsa-paris.fr\\\/savp\\\/#organization\"},\"articleSection\":[\"Actualite\",\"Communique\",\"Dialogue social\",\"Tempsdetravail\"],\"inLanguage\":\"fr-FR\",\"potentialAction\":[{\"@type\":\"CommentAction\",\"name\":\"Comment\",\"target\":[\"https:\\\/\\\/unsa-paris.fr\\\/savp\\\/2021\\\/01\\\/19\\\/mise-en-oeuvre-de-la-loi-de-transformation-de-la-fonction-publique-a-paris-le-temps-de-travail-pas-une-minute-de-plus\\\/#respond\"]}]},{\"@type\":\"WebPage\",\"@id\":\"https:\\\/\\\/unsa-paris.fr\\\/savp\\\/2021\\\/01\\\/19\\\/mise-en-oeuvre-de-la-loi-de-transformation-de-la-fonction-publique-a-paris-le-temps-de-travail-pas-une-minute-de-plus\\\/\",\"url\":\"https:\\\/\\\/unsa-paris.fr\\\/savp\\\/2021\\\/01\\\/19\\\/mise-en-oeuvre-de-la-loi-de-transformation-de-la-fonction-publique-a-paris-le-temps-de-travail-pas-une-minute-de-plus\\\/\",\"name\":\"Mise en \u0153uvre de la loi de Transformation de la fonction Publique \u00e0 Paris. Le temps de Travail : \u00ab Pas une minute de plus \u00bb - Syndicat Autonome UNSA\",\"isPartOf\":{\"@id\":\"https:\\\/\\\/unsa-paris.fr\\\/savp\\\/#website\"},\"datePublished\":\"2021-01-19T14:36:49+00:00\",\"dateModified\":\"2021-05-10T20:24:59+00:00\",\"description\":\"contre l'augmentation du temps de travail, lettre Intersyndicale \u00e0 Madame Anne Hidalgo\",\"breadcrumb\":{\"@id\":\"https:\\\/\\\/unsa-paris.fr\\\/savp\\\/2021\\\/01\\\/19\\\/mise-en-oeuvre-de-la-loi-de-transformation-de-la-fonction-publique-a-paris-le-temps-de-travail-pas-une-minute-de-plus\\\/#breadcrumb\"},\"inLanguage\":\"fr-FR\",\"potentialAction\":[{\"@type\":\"ReadAction\",\"target\":[\"https:\\\/\\\/unsa-paris.fr\\\/savp\\\/2021\\\/01\\\/19\\\/mise-en-oeuvre-de-la-loi-de-transformation-de-la-fonction-publique-a-paris-le-temps-de-travail-pas-une-minute-de-plus\\\/\"]}]},{\"@type\":\"BreadcrumbList\",\"@id\":\"https:\\\/\\\/unsa-paris.fr\\\/savp\\\/2021\\\/01\\\/19\\\/mise-en-oeuvre-de-la-loi-de-transformation-de-la-fonction-publique-a-paris-le-temps-de-travail-pas-une-minute-de-plus\\\/#breadcrumb\",\"itemListElement\":[{\"@type\":\"ListItem\",\"position\":1,\"name\":\"Accueil\",\"item\":\"https:\\\/\\\/unsa-paris.fr\\\/savp\\\/\"},{\"@type\":\"ListItem\",\"position\":2,\"name\":\"Mise en \u0153uvre de la loi de Transformation de la fonction Publique \u00e0 Paris. Le temps de Travail : \u00ab Pas une minute de plus \u00bb\"}]},{\"@type\":\"WebSite\",\"@id\":\"https:\\\/\\\/unsa-paris.fr\\\/savp\\\/#website\",\"url\":\"https:\\\/\\\/unsa-paris.fr\\\/savp\\\/\",\"name\":\"Syndicat Autonome UNSA\",\"description\":\"Section des secr\u00e9taires administratifs et des techniciens sup\u00e9rieurs\",\"publisher\":{\"@id\":\"https:\\\/\\\/unsa-paris.fr\\\/savp\\\/#organization\"},\"potentialAction\":[{\"@type\":\"SearchAction\",\"target\":{\"@type\":\"EntryPoint\",\"urlTemplate\":\"https:\\\/\\\/unsa-paris.fr\\\/savp\\\/?s={search_term_string}\"},\"query-input\":{\"@type\":\"PropertyValueSpecification\",\"valueRequired\":true,\"valueName\":\"search_term_string\"}}],\"inLanguage\":\"fr-FR\"},{\"@type\":\"Organization\",\"@id\":\"https:\\\/\\\/unsa-paris.fr\\\/savp\\\/#organization\",\"name\":\"UNSA PARIS fili\u00e8re administrative\",\"url\":\"https:\\\/\\\/unsa-paris.fr\\\/savp\\\/\",\"logo\":{\"@type\":\"ImageObject\",\"inLanguage\":\"fr-FR\",\"@id\":\"https:\\\/\\\/unsa-paris.fr\\\/savp\\\/#\\\/schema\\\/logo\\\/image\\\/\",\"url\":\"https:\\\/\\\/unsa-paris.fr\\\/savp\\\/wp-content\\\/uploads\\\/2020\\\/10\\\/Logo_UNSA-V6.png\",\"contentUrl\":\"https:\\\/\\\/unsa-paris.fr\\\/savp\\\/wp-content\\\/uploads\\\/2020\\\/10\\\/Logo_UNSA-V6.png\",\"width\":986,\"height\":962,\"caption\":\"UNSA PARIS fili\u00e8re administrative\"},\"image\":{\"@id\":\"https:\\\/\\\/unsa-paris.fr\\\/savp\\\/#\\\/schema\\\/logo\\\/image\\\/\"}},{\"@type\":\"Person\",\"@id\":\"https:\\\/\\\/unsa-paris.fr\\\/savp\\\/#\\\/schema\\\/person\\\/656755f73ac5921fc7e2e35124af2ae1\",\"name\":\"militant\",\"image\":{\"@type\":\"ImageObject\",\"inLanguage\":\"fr-FR\",\"@id\":\"https:\\\/\\\/secure.gravatar.com\\\/avatar\\\/bafae66946efbf2980171a895ec279139a1dde2c6d953819f7e7270d582b48d2?s=96&d=mm&r=g\",\"url\":\"https:\\\/\\\/secure.gravatar.com\\\/avatar\\\/bafae66946efbf2980171a895ec279139a1dde2c6d953819f7e7270d582b48d2?s=96&d=mm&r=g\",\"contentUrl\":\"https:\\\/\\\/secure.gravatar.com\\\/avatar\\\/bafae66946efbf2980171a895ec279139a1dde2c6d953819f7e7270d582b48d2?s=96&d=mm&r=g\",\"caption\":\"militant\"},\"url\":\"https:\\\/\\\/unsa-paris.fr\\\/savp\\\/author\\\/militant\\\/\"}]}<\/script>\n<!-- \/ Yoast SEO plugin. -->","yoast_head_json":{"title":"Mise en \u0153uvre de la loi de Transformation de la fonction Publique \u00e0 Paris. Le temps de Travail : \u00ab Pas une minute de plus \u00bb - Syndicat Autonome UNSA","description":"contre l'augmentation du temps de travail, lettre Intersyndicale \u00e0 Madame Anne Hidalgo","robots":{"index":"index","follow":"follow","max-snippet":"max-snippet:-1","max-image-preview":"max-image-preview:large","max-video-preview":"max-video-preview:-1"},"canonical":"https:\/\/unsa-paris.fr\/savp\/2021\/01\/19\/mise-en-oeuvre-de-la-loi-de-transformation-de-la-fonction-publique-a-paris-le-temps-de-travail-pas-une-minute-de-plus\/","og_locale":"fr_FR","og_type":"article","og_title":"Mise en \u0153uvre de la loi de Transformation de la fonction Publique \u00e0 Paris. Le temps de Travail : \u00ab Pas une minute de plus \u00bb - Syndicat Autonome UNSA","og_description":"contre l'augmentation du temps de travail, lettre Intersyndicale \u00e0 Madame Anne Hidalgo","og_url":"https:\/\/unsa-paris.fr\/savp\/2021\/01\/19\/mise-en-oeuvre-de-la-loi-de-transformation-de-la-fonction-publique-a-paris-le-temps-de-travail-pas-une-minute-de-plus\/","og_site_name":"Syndicat Autonome UNSA","article_published_time":"2021-01-19T14:36:49+00:00","article_modified_time":"2021-05-10T20:24:59+00:00","author":"militant","twitter_card":"summary_large_image","twitter_misc":{"\u00c9crit par":"militant","Dur\u00e9e de lecture estim\u00e9e":"3 minutes"},"schema":{"@context":"https:\/\/schema.org","@graph":[{"@type":"Article","@id":"https:\/\/unsa-paris.fr\/savp\/2021\/01\/19\/mise-en-oeuvre-de-la-loi-de-transformation-de-la-fonction-publique-a-paris-le-temps-de-travail-pas-une-minute-de-plus\/#article","isPartOf":{"@id":"https:\/\/unsa-paris.fr\/savp\/2021\/01\/19\/mise-en-oeuvre-de-la-loi-de-transformation-de-la-fonction-publique-a-paris-le-temps-de-travail-pas-une-minute-de-plus\/"},"author":{"name":"militant","@id":"https:\/\/unsa-paris.fr\/savp\/#\/schema\/person\/656755f73ac5921fc7e2e35124af2ae1"},"headline":"Mise en \u0153uvre de la loi de Transformation de la fonction Publique \u00e0 Paris. Le temps de Travail : \u00ab Pas une minute de plus \u00bb","datePublished":"2021-01-19T14:36:49+00:00","dateModified":"2021-05-10T20:24:59+00:00","mainEntityOfPage":{"@id":"https:\/\/unsa-paris.fr\/savp\/2021\/01\/19\/mise-en-oeuvre-de-la-loi-de-transformation-de-la-fonction-publique-a-paris-le-temps-de-travail-pas-une-minute-de-plus\/"},"wordCount":548,"commentCount":0,"publisher":{"@id":"https:\/\/unsa-paris.fr\/savp\/#organization"},"articleSection":["Actualite","Communique","Dialogue social","Tempsdetravail"],"inLanguage":"fr-FR","potentialAction":[{"@type":"CommentAction","name":"Comment","target":["https:\/\/unsa-paris.fr\/savp\/2021\/01\/19\/mise-en-oeuvre-de-la-loi-de-transformation-de-la-fonction-publique-a-paris-le-temps-de-travail-pas-une-minute-de-plus\/#respond"]}]},{"@type":"WebPage","@id":"https:\/\/unsa-paris.fr\/savp\/2021\/01\/19\/mise-en-oeuvre-de-la-loi-de-transformation-de-la-fonction-publique-a-paris-le-temps-de-travail-pas-une-minute-de-plus\/","url":"https:\/\/unsa-paris.fr\/savp\/2021\/01\/19\/mise-en-oeuvre-de-la-loi-de-transformation-de-la-fonction-publique-a-paris-le-temps-de-travail-pas-une-minute-de-plus\/","name":"Mise en \u0153uvre de la loi de Transformation de la fonction Publique \u00e0 Paris. Le temps de Travail : \u00ab Pas une minute de plus \u00bb - Syndicat Autonome UNSA","isPartOf":{"@id":"https:\/\/unsa-paris.fr\/savp\/#website"},"datePublished":"2021-01-19T14:36:49+00:00","dateModified":"2021-05-10T20:24:59+00:00","description":"contre l'augmentation du temps de travail, lettre Intersyndicale \u00e0 Madame Anne Hidalgo","breadcrumb":{"@id":"https:\/\/unsa-paris.fr\/savp\/2021\/01\/19\/mise-en-oeuvre-de-la-loi-de-transformation-de-la-fonction-publique-a-paris-le-temps-de-travail-pas-une-minute-de-plus\/#breadcrumb"},"inLanguage":"fr-FR","potentialAction":[{"@type":"ReadAction","target":["https:\/\/unsa-paris.fr\/savp\/2021\/01\/19\/mise-en-oeuvre-de-la-loi-de-transformation-de-la-fonction-publique-a-paris-le-temps-de-travail-pas-une-minute-de-plus\/"]}]},{"@type":"BreadcrumbList","@id":"https:\/\/unsa-paris.fr\/savp\/2021\/01\/19\/mise-en-oeuvre-de-la-loi-de-transformation-de-la-fonction-publique-a-paris-le-temps-de-travail-pas-une-minute-de-plus\/#breadcrumb","itemListElement":[{"@type":"ListItem","position":1,"name":"Accueil","item":"https:\/\/unsa-paris.fr\/savp\/"},{"@type":"ListItem","position":2,"name":"Mise en \u0153uvre de la loi de Transformation de la fonction Publique \u00e0 Paris. Le temps de Travail : \u00ab Pas une minute de plus \u00bb"}]},{"@type":"WebSite","@id":"https:\/\/unsa-paris.fr\/savp\/#website","url":"https:\/\/unsa-paris.fr\/savp\/","name":"Syndicat Autonome UNSA","description":"Section des secr\u00e9taires administratifs et des techniciens sup\u00e9rieurs","publisher":{"@id":"https:\/\/unsa-paris.fr\/savp\/#organization"},"potentialAction":[{"@type":"SearchAction","target":{"@type":"EntryPoint","urlTemplate":"https:\/\/unsa-paris.fr\/savp\/?s={search_term_string}"},"query-input":{"@type":"PropertyValueSpecification","valueRequired":true,"valueName":"search_term_string"}}],"inLanguage":"fr-FR"},{"@type":"Organization","@id":"https:\/\/unsa-paris.fr\/savp\/#organization","name":"UNSA PARIS fili\u00e8re administrative","url":"https:\/\/unsa-paris.fr\/savp\/","logo":{"@type":"ImageObject","inLanguage":"fr-FR","@id":"https:\/\/unsa-paris.fr\/savp\/#\/schema\/logo\/image\/","url":"https:\/\/unsa-paris.fr\/savp\/wp-content\/uploads\/2020\/10\/Logo_UNSA-V6.png","contentUrl":"https:\/\/unsa-paris.fr\/savp\/wp-content\/uploads\/2020\/10\/Logo_UNSA-V6.png","width":986,"height":962,"caption":"UNSA PARIS fili\u00e8re administrative"},"image":{"@id":"https:\/\/unsa-paris.fr\/savp\/#\/schema\/logo\/image\/"}},{"@type":"Person","@id":"https:\/\/unsa-paris.fr\/savp\/#\/schema\/person\/656755f73ac5921fc7e2e35124af2ae1","name":"militant","image":{"@type":"ImageObject","inLanguage":"fr-FR","@id":"https:\/\/secure.gravatar.com\/avatar\/bafae66946efbf2980171a895ec279139a1dde2c6d953819f7e7270d582b48d2?s=96&d=mm&r=g","url":"https:\/\/secure.gravatar.com\/avatar\/bafae66946efbf2980171a895ec279139a1dde2c6d953819f7e7270d582b48d2?s=96&d=mm&r=g","contentUrl":"https:\/\/secure.gravatar.com\/avatar\/bafae66946efbf2980171a895ec279139a1dde2c6d953819f7e7270d582b48d2?s=96&d=mm&r=g","caption":"militant"},"url":"https:\/\/unsa-paris.fr\/savp\/author\/militant\/"}]}},"_links":{"self":[{"href":"https:\/\/unsa-paris.fr\/savp\/wp-json\/wp\/v2\/posts\/927","targetHints":{"allow":["GET"]}}],"collection":[{"href":"https:\/\/unsa-paris.fr\/savp\/wp-json\/wp\/v2\/posts"}],"about":[{"href":"https:\/\/unsa-paris.fr\/savp\/wp-json\/wp\/v2\/types\/post"}],"author":[{"embeddable":true,"href":"https:\/\/unsa-paris.fr\/savp\/wp-json\/wp\/v2\/users\/1"}],"replies":[{"embeddable":true,"href":"https:\/\/unsa-paris.fr\/savp\/wp-json\/wp\/v2\/comments?post=927"}],"version-history":[{"count":11,"href":"https:\/\/unsa-paris.fr\/savp\/wp-json\/wp\/v2\/posts\/927\/revisions"}],"predecessor-version":[{"id":938,"href":"https:\/\/unsa-paris.fr\/savp\/wp-json\/wp\/v2\/posts\/927\/revisions\/938"}],"wp:attachment":[{"href":"https:\/\/unsa-paris.fr\/savp\/wp-json\/wp\/v2\/media?parent=927"}],"wp:term":[{"taxonomy":"category","embeddable":true,"href":"https:\/\/unsa-paris.fr\/savp\/wp-json\/wp\/v2\/categories?post=927"},{"taxonomy":"post_tag","embeddable":true,"href":"https:\/\/unsa-paris.fr\/savp\/wp-json\/wp\/v2\/tags?post=927"}],"curies":[{"name":"wp","href":"https:\/\/api.w.org\/{rel}","templated":true}]}}