{"id":263,"date":"2019-10-22T01:15:16","date_gmt":"2019-10-21T23:15:16","guid":{"rendered":"http:\/\/localhost\/savp\/?p=263"},"modified":"2021-05-04T19:48:19","modified_gmt":"2021-05-04T17:48:19","slug":"elementor-263","status":"publish","type":"post","link":"https:\/\/unsa-paris.fr\/savp\/2019\/10\/22\/elementor-263\/","title":{"rendered":"Loi de transformation de la fonction publique"},"content":{"rendered":"<h2>Loi de transformation de la fonction publique<br \/>\nTemps de travail : la loi est vot\u00e9e \u2026<br \/>\n\u2026 et nous allons devoir travailler 8 jours de plus par an.<\/h2>\n<p>La perte de 8 jours de cong\u00e9s est la cons\u00e9quence du vote de la loi de transformation de la fonction publique sur laquelle votre intersyndicale vous alerte depuis plus de 6 mois\u00a0!<\/p>\n<p>Le temps de travail augmente et donne la possibilit\u00e9 \u00e0 notre employeur, la Mairie de Paris, la modification des cycles de travail ainsi que des suj\u00e9tions acquises avec l\u2019accord ARTT.<!--more--><\/p>\n<p>Travailler plus sans gagner plus, alors que nos conditions de travail et de vie ne cessent de se d\u00e9grader\u00a0: voil\u00e0 ce qu\u2019a vot\u00e9 la majorit\u00e9 des parlementaires\u00a0! Ce serait pour nous, agents de de la Ville, une vraie r\u00e9gression non seulement en termes de qualit\u00e9 de vie mais aussi sur notre sant\u00e9\u00a0le tout sans compensation financi\u00e8re !<\/p>\n<p>La loi c\u2019est la loi, mais rien n\u2019est perdu si nous nous mobilisons en nombre\u00a0! Pr\u00e9server nos 8 jours de cong\u00e9s, c\u2019est possible, c\u2019est aussi \u00e9crit dans la loi<br \/>\nLe conseil de Paris \u00ab\u00a0peut, apr\u00e8s avis du comit\u00e9 technique [\u2026], r\u00e9duire la dur\u00e9e annuelle de travail servant de base au d\u00e9compte du temps de travail \u2026\u00a0\u00bb Cela passe par les suj\u00e9tions, ce qui existe d\u00e9j\u00e0 et qui permet une r\u00e9duction du temps de travail.<br \/>\nIl nous faut d\u00e9fendre les r\u00e9ductions de temps de travail conquises et mat\u00e9rialis\u00e9es par le tableau des suj\u00e9tions \u00e0 la Ville de Paris.<\/p>\n<p>Mais nous devons aller plus loin pour conserver les 8 jours de cong\u00e9s\u00a0auxquels ont droit tous les agents.<br \/>\nExigeons ensemble une nouvelle suj\u00e9tion avec une diminution du temps de travail d\u2019une heure par semaine\u00a0!<br \/>\nEn raison des risques et de la p\u00e9nibilit\u00e9 li\u00e9s aux pollutions sp\u00e9cifiques \u00e0 la r\u00e9gion parisienne\u00a0;<br \/>\nEn raison des risques et de la p\u00e9nibilit\u00e9 li\u00e9s aux temps de transport \u00e0 la d\u00e9gradation de la qualit\u00e9 des transports publics (station debout, pollution du m\u00e9tro\u2026) sp\u00e9cifiques aux agents de la Ville de Paris\u00a0;<br \/>\nEn raison des risques li\u00e9s \u00e0 l\u2019absence d\u2019offre suffisante de logements de qualit\u00e9 \u00a0intramuros \u00e0 des prix abordables pour les personnels\u00a0;<br \/>\nEn raison des risques et de la p\u00e9nibilit\u00e9 li\u00e9s \u00e0 la qualit\u00e9 de vie en r\u00e9gion parisienne\u00a0: seulement 15 % des Franciliens y trouvent un \u00ab\u00a0bon cadre de vie\u00a0\u00bb ; 14 % seulement une \u00ab\u00a0bonne qualit\u00e9 de vie\u00a0\u00bb.<\/p>\n<p>Pour pr\u00e9server la sant\u00e9 des personnels de la Ville de Paris, La Mairie peut, si elle le veut, voter une d\u00e9lib\u00e9ration permettant de pr\u00e9server nos 8 jours de cong\u00e9 !<\/p>\n<p>Assembl\u00e9e G\u00e9n\u00e9rale de 9h \u00e0 12h<\/p>\n<p>le 4 d\u00e9cembre 2019<\/p>\n<p>Salle Henaff \u2013 Annexe Bourse du Travail Varlin<\/p>\n<p>29, Boulevard du temple \u2013 M\u00e9tro R\u00e9publique<\/p>\n","protected":false},"excerpt":{"rendered":"<p>Loi de transformation de la fonction publique Temps de travail : la loi est vot\u00e9e \u2026 \u2026 et nous allons devoir travailler 8 jours de plus par an. La perte &hellip; <a href=\"https:\/\/unsa-paris.fr\/savp\/2019\/10\/22\/elementor-263\/\" class=\"more-link\">Continuer la lecture<span class=\"screen-reader-text\"> de &laquo;&nbsp;Loi de transformation de la fonction publique&nbsp;&raquo;<\/span><\/a><\/p>\n","protected":false},"author":1,"featured_media":0,"comment_status":"open","ping_status":"open","sticky":false,"template":"","format":"standard","meta":{"footnotes":""},"categories":[7,9,12],"tags":[],"class_list":["post-263","post","type-post","status-publish","format-standard","hentry","category-actualite","category-communique","category-dialogue-social"],"yoast_head":"<!-- This site is optimized with the Yoast SEO plugin v27.4 - https:\/\/yoast.com\/product\/yoast-seo-wordpress\/ -->\n<title>Loi de transformation de la fonction publique - Syndicat Autonome UNSA<\/title>\n<meta name=\"robots\" content=\"index, follow, max-snippet:-1, max-image-preview:large, max-video-preview:-1\" \/>\n<link rel=\"canonical\" href=\"https:\/\/unsa-paris.fr\/savp\/2019\/10\/22\/elementor-263\/\" \/>\n<meta property=\"og:locale\" content=\"fr_FR\" \/>\n<meta property=\"og:type\" content=\"article\" \/>\n<meta property=\"og:title\" content=\"Loi de transformation de la fonction publique - Syndicat Autonome UNSA\" \/>\n<meta property=\"og:description\" content=\"Loi de transformation de la fonction publique Temps de travail : la loi est vot\u00e9e \u2026 \u2026 et nous allons devoir travailler 8 jours de plus par an. La perte &hellip; Continuer la lecture de &laquo;&nbsp;Loi de transformation de la fonction publique&nbsp;&raquo;\" \/>\n<meta property=\"og:url\" content=\"https:\/\/unsa-paris.fr\/savp\/2019\/10\/22\/elementor-263\/\" \/>\n<meta property=\"og:site_name\" content=\"Syndicat Autonome UNSA\" \/>\n<meta property=\"article:published_time\" content=\"2019-10-21T23:15:16+00:00\" \/>\n<meta property=\"article:modified_time\" content=\"2021-05-04T17:48:19+00:00\" \/>\n<meta name=\"author\" content=\"militant\" \/>\n<meta name=\"twitter:card\" content=\"summary_large_image\" \/>\n<meta name=\"twitter:label1\" content=\"\u00c9crit par\" \/>\n\t<meta name=\"twitter:data1\" content=\"militant\" \/>\n\t<meta name=\"twitter:label2\" content=\"Dur\u00e9e de lecture estim\u00e9e\" \/>\n\t<meta name=\"twitter:data2\" content=\"2 minutes\" \/>\n<script type=\"application\/ld+json\" class=\"yoast-schema-graph\">{\"@context\":\"https:\\\/\\\/schema.org\",\"@graph\":[{\"@type\":\"Article\",\"@id\":\"https:\\\/\\\/unsa-paris.fr\\\/savp\\\/2019\\\/10\\\/22\\\/elementor-263\\\/#article\",\"isPartOf\":{\"@id\":\"https:\\\/\\\/unsa-paris.fr\\\/savp\\\/2019\\\/10\\\/22\\\/elementor-263\\\/\"},\"author\":{\"name\":\"militant\",\"@id\":\"https:\\\/\\\/unsa-paris.fr\\\/savp\\\/#\\\/schema\\\/person\\\/656755f73ac5921fc7e2e35124af2ae1\"},\"headline\":\"Loi de transformation de la fonction publique\",\"datePublished\":\"2019-10-21T23:15:16+00:00\",\"dateModified\":\"2021-05-04T17:48:19+00:00\",\"mainEntityOfPage\":{\"@id\":\"https:\\\/\\\/unsa-paris.fr\\\/savp\\\/2019\\\/10\\\/22\\\/elementor-263\\\/\"},\"wordCount\":476,\"commentCount\":0,\"publisher\":{\"@id\":\"https:\\\/\\\/unsa-paris.fr\\\/savp\\\/#organization\"},\"articleSection\":[\"Actualite\",\"Communique\",\"Dialogue social\"],\"inLanguage\":\"fr-FR\",\"potentialAction\":[{\"@type\":\"CommentAction\",\"name\":\"Comment\",\"target\":[\"https:\\\/\\\/unsa-paris.fr\\\/savp\\\/2019\\\/10\\\/22\\\/elementor-263\\\/#respond\"]}]},{\"@type\":\"WebPage\",\"@id\":\"https:\\\/\\\/unsa-paris.fr\\\/savp\\\/2019\\\/10\\\/22\\\/elementor-263\\\/\",\"url\":\"https:\\\/\\\/unsa-paris.fr\\\/savp\\\/2019\\\/10\\\/22\\\/elementor-263\\\/\",\"name\":\"Loi de transformation de la fonction publique - Syndicat Autonome UNSA\",\"isPartOf\":{\"@id\":\"https:\\\/\\\/unsa-paris.fr\\\/savp\\\/#website\"},\"datePublished\":\"2019-10-21T23:15:16+00:00\",\"dateModified\":\"2021-05-04T17:48:19+00:00\",\"breadcrumb\":{\"@id\":\"https:\\\/\\\/unsa-paris.fr\\\/savp\\\/2019\\\/10\\\/22\\\/elementor-263\\\/#breadcrumb\"},\"inLanguage\":\"fr-FR\",\"potentialAction\":[{\"@type\":\"ReadAction\",\"target\":[\"https:\\\/\\\/unsa-paris.fr\\\/savp\\\/2019\\\/10\\\/22\\\/elementor-263\\\/\"]}]},{\"@type\":\"BreadcrumbList\",\"@id\":\"https:\\\/\\\/unsa-paris.fr\\\/savp\\\/2019\\\/10\\\/22\\\/elementor-263\\\/#breadcrumb\",\"itemListElement\":[{\"@type\":\"ListItem\",\"position\":1,\"name\":\"Accueil\",\"item\":\"https:\\\/\\\/unsa-paris.fr\\\/savp\\\/\"},{\"@type\":\"ListItem\",\"position\":2,\"name\":\"Loi de transformation de la fonction publique\"}]},{\"@type\":\"WebSite\",\"@id\":\"https:\\\/\\\/unsa-paris.fr\\\/savp\\\/#website\",\"url\":\"https:\\\/\\\/unsa-paris.fr\\\/savp\\\/\",\"name\":\"Syndicat Autonome UNSA\",\"description\":\"Section des secr\u00e9taires administratifs et des techniciens sup\u00e9rieurs\",\"publisher\":{\"@id\":\"https:\\\/\\\/unsa-paris.fr\\\/savp\\\/#organization\"},\"potentialAction\":[{\"@type\":\"SearchAction\",\"target\":{\"@type\":\"EntryPoint\",\"urlTemplate\":\"https:\\\/\\\/unsa-paris.fr\\\/savp\\\/?s={search_term_string}\"},\"query-input\":{\"@type\":\"PropertyValueSpecification\",\"valueRequired\":true,\"valueName\":\"search_term_string\"}}],\"inLanguage\":\"fr-FR\"},{\"@type\":\"Organization\",\"@id\":\"https:\\\/\\\/unsa-paris.fr\\\/savp\\\/#organization\",\"name\":\"UNSA PARIS fili\u00e8re administrative\",\"url\":\"https:\\\/\\\/unsa-paris.fr\\\/savp\\\/\",\"logo\":{\"@type\":\"ImageObject\",\"inLanguage\":\"fr-FR\",\"@id\":\"https:\\\/\\\/unsa-paris.fr\\\/savp\\\/#\\\/schema\\\/logo\\\/image\\\/\",\"url\":\"https:\\\/\\\/unsa-paris.fr\\\/savp\\\/wp-content\\\/uploads\\\/2020\\\/10\\\/Logo_UNSA-V6.png\",\"contentUrl\":\"https:\\\/\\\/unsa-paris.fr\\\/savp\\\/wp-content\\\/uploads\\\/2020\\\/10\\\/Logo_UNSA-V6.png\",\"width\":986,\"height\":962,\"caption\":\"UNSA PARIS fili\u00e8re administrative\"},\"image\":{\"@id\":\"https:\\\/\\\/unsa-paris.fr\\\/savp\\\/#\\\/schema\\\/logo\\\/image\\\/\"}},{\"@type\":\"Person\",\"@id\":\"https:\\\/\\\/unsa-paris.fr\\\/savp\\\/#\\\/schema\\\/person\\\/656755f73ac5921fc7e2e35124af2ae1\",\"name\":\"militant\",\"image\":{\"@type\":\"ImageObject\",\"inLanguage\":\"fr-FR\",\"@id\":\"https:\\\/\\\/secure.gravatar.com\\\/avatar\\\/bafae66946efbf2980171a895ec279139a1dde2c6d953819f7e7270d582b48d2?s=96&d=mm&r=g\",\"url\":\"https:\\\/\\\/secure.gravatar.com\\\/avatar\\\/bafae66946efbf2980171a895ec279139a1dde2c6d953819f7e7270d582b48d2?s=96&d=mm&r=g\",\"contentUrl\":\"https:\\\/\\\/secure.gravatar.com\\\/avatar\\\/bafae66946efbf2980171a895ec279139a1dde2c6d953819f7e7270d582b48d2?s=96&d=mm&r=g\",\"caption\":\"militant\"},\"url\":\"https:\\\/\\\/unsa-paris.fr\\\/savp\\\/author\\\/militant\\\/\"}]}<\/script>\n<!-- \/ Yoast SEO plugin. -->","yoast_head_json":{"title":"Loi de transformation de la fonction publique - Syndicat Autonome UNSA","robots":{"index":"index","follow":"follow","max-snippet":"max-snippet:-1","max-image-preview":"max-image-preview:large","max-video-preview":"max-video-preview:-1"},"canonical":"https:\/\/unsa-paris.fr\/savp\/2019\/10\/22\/elementor-263\/","og_locale":"fr_FR","og_type":"article","og_title":"Loi de transformation de la fonction publique - Syndicat Autonome UNSA","og_description":"Loi de transformation de la fonction publique Temps de travail : la loi est vot\u00e9e \u2026 \u2026 et nous allons devoir travailler 8 jours de plus par an. La perte &hellip; Continuer la lecture de &laquo;&nbsp;Loi de transformation de la fonction publique&nbsp;&raquo;","og_url":"https:\/\/unsa-paris.fr\/savp\/2019\/10\/22\/elementor-263\/","og_site_name":"Syndicat Autonome UNSA","article_published_time":"2019-10-21T23:15:16+00:00","article_modified_time":"2021-05-04T17:48:19+00:00","author":"militant","twitter_card":"summary_large_image","twitter_misc":{"\u00c9crit par":"militant","Dur\u00e9e de lecture estim\u00e9e":"2 minutes"},"schema":{"@context":"https:\/\/schema.org","@graph":[{"@type":"Article","@id":"https:\/\/unsa-paris.fr\/savp\/2019\/10\/22\/elementor-263\/#article","isPartOf":{"@id":"https:\/\/unsa-paris.fr\/savp\/2019\/10\/22\/elementor-263\/"},"author":{"name":"militant","@id":"https:\/\/unsa-paris.fr\/savp\/#\/schema\/person\/656755f73ac5921fc7e2e35124af2ae1"},"headline":"Loi de transformation de la fonction publique","datePublished":"2019-10-21T23:15:16+00:00","dateModified":"2021-05-04T17:48:19+00:00","mainEntityOfPage":{"@id":"https:\/\/unsa-paris.fr\/savp\/2019\/10\/22\/elementor-263\/"},"wordCount":476,"commentCount":0,"publisher":{"@id":"https:\/\/unsa-paris.fr\/savp\/#organization"},"articleSection":["Actualite","Communique","Dialogue social"],"inLanguage":"fr-FR","potentialAction":[{"@type":"CommentAction","name":"Comment","target":["https:\/\/unsa-paris.fr\/savp\/2019\/10\/22\/elementor-263\/#respond"]}]},{"@type":"WebPage","@id":"https:\/\/unsa-paris.fr\/savp\/2019\/10\/22\/elementor-263\/","url":"https:\/\/unsa-paris.fr\/savp\/2019\/10\/22\/elementor-263\/","name":"Loi de transformation de la fonction publique - Syndicat Autonome UNSA","isPartOf":{"@id":"https:\/\/unsa-paris.fr\/savp\/#website"},"datePublished":"2019-10-21T23:15:16+00:00","dateModified":"2021-05-04T17:48:19+00:00","breadcrumb":{"@id":"https:\/\/unsa-paris.fr\/savp\/2019\/10\/22\/elementor-263\/#breadcrumb"},"inLanguage":"fr-FR","potentialAction":[{"@type":"ReadAction","target":["https:\/\/unsa-paris.fr\/savp\/2019\/10\/22\/elementor-263\/"]}]},{"@type":"BreadcrumbList","@id":"https:\/\/unsa-paris.fr\/savp\/2019\/10\/22\/elementor-263\/#breadcrumb","itemListElement":[{"@type":"ListItem","position":1,"name":"Accueil","item":"https:\/\/unsa-paris.fr\/savp\/"},{"@type":"ListItem","position":2,"name":"Loi de transformation de la fonction publique"}]},{"@type":"WebSite","@id":"https:\/\/unsa-paris.fr\/savp\/#website","url":"https:\/\/unsa-paris.fr\/savp\/","name":"Syndicat Autonome UNSA","description":"Section des secr\u00e9taires administratifs et des techniciens sup\u00e9rieurs","publisher":{"@id":"https:\/\/unsa-paris.fr\/savp\/#organization"},"potentialAction":[{"@type":"SearchAction","target":{"@type":"EntryPoint","urlTemplate":"https:\/\/unsa-paris.fr\/savp\/?s={search_term_string}"},"query-input":{"@type":"PropertyValueSpecification","valueRequired":true,"valueName":"search_term_string"}}],"inLanguage":"fr-FR"},{"@type":"Organization","@id":"https:\/\/unsa-paris.fr\/savp\/#organization","name":"UNSA PARIS fili\u00e8re administrative","url":"https:\/\/unsa-paris.fr\/savp\/","logo":{"@type":"ImageObject","inLanguage":"fr-FR","@id":"https:\/\/unsa-paris.fr\/savp\/#\/schema\/logo\/image\/","url":"https:\/\/unsa-paris.fr\/savp\/wp-content\/uploads\/2020\/10\/Logo_UNSA-V6.png","contentUrl":"https:\/\/unsa-paris.fr\/savp\/wp-content\/uploads\/2020\/10\/Logo_UNSA-V6.png","width":986,"height":962,"caption":"UNSA PARIS fili\u00e8re administrative"},"image":{"@id":"https:\/\/unsa-paris.fr\/savp\/#\/schema\/logo\/image\/"}},{"@type":"Person","@id":"https:\/\/unsa-paris.fr\/savp\/#\/schema\/person\/656755f73ac5921fc7e2e35124af2ae1","name":"militant","image":{"@type":"ImageObject","inLanguage":"fr-FR","@id":"https:\/\/secure.gravatar.com\/avatar\/bafae66946efbf2980171a895ec279139a1dde2c6d953819f7e7270d582b48d2?s=96&d=mm&r=g","url":"https:\/\/secure.gravatar.com\/avatar\/bafae66946efbf2980171a895ec279139a1dde2c6d953819f7e7270d582b48d2?s=96&d=mm&r=g","contentUrl":"https:\/\/secure.gravatar.com\/avatar\/bafae66946efbf2980171a895ec279139a1dde2c6d953819f7e7270d582b48d2?s=96&d=mm&r=g","caption":"militant"},"url":"https:\/\/unsa-paris.fr\/savp\/author\/militant\/"}]}},"_links":{"self":[{"href":"https:\/\/unsa-paris.fr\/savp\/wp-json\/wp\/v2\/posts\/263","targetHints":{"allow":["GET"]}}],"collection":[{"href":"https:\/\/unsa-paris.fr\/savp\/wp-json\/wp\/v2\/posts"}],"about":[{"href":"https:\/\/unsa-paris.fr\/savp\/wp-json\/wp\/v2\/types\/post"}],"author":[{"embeddable":true,"href":"https:\/\/unsa-paris.fr\/savp\/wp-json\/wp\/v2\/users\/1"}],"replies":[{"embeddable":true,"href":"https:\/\/unsa-paris.fr\/savp\/wp-json\/wp\/v2\/comments?post=263"}],"version-history":[{"count":12,"href":"https:\/\/unsa-paris.fr\/savp\/wp-json\/wp\/v2\/posts\/263\/revisions"}],"predecessor-version":[{"id":378,"href":"https:\/\/unsa-paris.fr\/savp\/wp-json\/wp\/v2\/posts\/263\/revisions\/378"}],"wp:attachment":[{"href":"https:\/\/unsa-paris.fr\/savp\/wp-json\/wp\/v2\/media?parent=263"}],"wp:term":[{"taxonomy":"category","embeddable":true,"href":"https:\/\/unsa-paris.fr\/savp\/wp-json\/wp\/v2\/categories?post=263"},{"taxonomy":"post_tag","embeddable":true,"href":"https:\/\/unsa-paris.fr\/savp\/wp-json\/wp\/v2\/tags?post=263"}],"curies":[{"name":"wp","href":"https:\/\/api.w.org\/{rel}","templated":true}]}}