{"id":2579,"date":"2025-11-17T17:38:05","date_gmt":"2025-11-17T16:38:05","guid":{"rendered":"https:\/\/unsa-paris.fr\/savp\/?p=2579"},"modified":"2025-11-17T17:44:45","modified_gmt":"2025-11-17T16:44:45","slug":"le-concours-dattache-dadministrations-parisiennes-evolue-en-2026","status":"publish","type":"post","link":"https:\/\/unsa-paris.fr\/savp\/2025\/11\/17\/le-concours-dattache-dadministrations-parisiennes-evolue-en-2026\/","title":{"rendered":"Le concours d\u2019attach\u00e9 d&rsquo;administrations parisiennes \u00e9volue en 2026"},"content":{"rendered":"\t\t<div data-elementor-type=\"wp-post\" data-elementor-id=\"2579\" class=\"elementor elementor-2579\">\n\t\t\t\t\t\t<section class=\"elementor-section elementor-top-section elementor-element elementor-element-094a75a elementor-section-boxed elementor-section-height-default elementor-section-height-default\" data-id=\"094a75a\" data-element_type=\"section\" data-e-type=\"section\">\n\t\t\t\t\t\t<div class=\"elementor-container elementor-column-gap-default\">\n\t\t\t\t\t<div class=\"elementor-column elementor-col-100 elementor-top-column elementor-element elementor-element-33f1c2c\" data-id=\"33f1c2c\" data-element_type=\"column\" data-e-type=\"column\">\n\t\t\t<div class=\"elementor-widget-wrap elementor-element-populated\">\n\t\t\t\t\t\t<div class=\"elementor-element elementor-element-ddb1888 elementor-widget elementor-widget-text-editor\" data-id=\"ddb1888\" data-element_type=\"widget\" data-e-type=\"widget\" data-widget_type=\"text-editor.default\">\n\t\t\t\t<div class=\"elementor-widget-container\">\n\t\t\t\t\t\t\t\t\t<p>L&rsquo;<a title=\"https:\/\/www.legifrance.gouv.fr\/jorf\/id\/JORFTEXT000051886714\" href=\"https:\/\/www.legifrance.gouv.fr\/jorf\/id\/JORFTEXT000051886714\" target=\"_blank\" rel=\"noopener noreferrer\" data-auth=\"NotApplicable\" data-linkindex=\"0\">arr\u00eat\u00e9 du 8 juillet 2025<\/a>\u00a0<span style=\"color: #000000;\">remplace<\/span> l&rsquo;<a title=\"https:\/\/www.legifrance.gouv.fr\/loda\/id\/JORFTEXT000026757338\/\" href=\"https:\/\/www.legifrance.gouv.fr\/loda\/id\/JORFTEXT000026757338\/\" target=\"_blank\" rel=\"noopener noreferrer\" data-auth=\"NotApplicable\" data-linkindex=\"1\">arr\u00eat\u00e9 du 30 novembre 2012<\/a>\u00a0<span style=\"color: #000000;\">et modifie la nature et le programme des \u00e9preuves des concours de recrutement des attach\u00e9s d&rsquo;administrations parisiennes pour les aligner sur celles des\u00a0IRA<\/span> (<a title=\"https:\/\/www.fonction-publique.gouv.fr\/devenir-agent-public\/les-instituts-regionaux-dadministration-ira\" href=\"https:\/\/www.fonction-publique.gouv.fr\/devenir-agent-public\/les-instituts-regionaux-dadministration-ira\" target=\"_blank\" rel=\"noopener noreferrer\" data-auth=\"NotApplicable\" data-linkindex=\"2\">instituts r\u00e9gionaux d\u2019administration<\/a>).<\/p>\t\t\t\t\t\t\t\t<\/div>\n\t\t\t\t<\/div>\n\t\t\t\t<div class=\"elementor-element elementor-element-abfb7a3 elementor-widget elementor-widget-text-editor\" data-id=\"abfb7a3\" data-element_type=\"widget\" data-e-type=\"widget\" data-widget_type=\"text-editor.default\">\n\t\t\t\t<div class=\"elementor-widget-container\">\n\t\t\t\t\t\t\t\t\t<p data-olk-copy-source=\"MessageBody\"><span style=\"color: #000000;\">Plus d&rsquo;information sur le site\u00a0de l&rsquo;UNSA Cadres sup\u00e9rieurs Ville de Paris :<\/span><\/p><p><a title=\"https:\/\/www.attaches-unsa.com\/syndicat\/alignement-du-concours-dattache-sur-celui-des-ira-en-2026\/?_gl=1*thm9sg*_ga*MTUzMTU3MTU5NS4xNzE0NDc1MDcx*_ga_0XTE7VCDW1*czE3NjExNDY2NDMkbzM4JGcwJHQxNzYxMTQ2NjQzJGo2MCRsMCRoMA..*_ga_XCYC262S05*czE3NjExNDY2NDMkbzM4JGcwJHQxNzYxMTQ2NjQzJGo2MCRsMCRoMA..&amp;_ga=2.170038880.1173357771.1760960937-1531571595.1714475071\" href=\"https:\/\/www.attaches-unsa.com\/syndicat\/alignement-du-concours-dattache-sur-celui-des-ira-en-2026\/?_gl=1*thm9sg*_ga*MTUzMTU3MTU5NS4xNzE0NDc1MDcx*_ga_0XTE7VCDW1*czE3NjExNDY2NDMkbzM4JGcwJHQxNzYxMTQ2NjQzJGo2MCRsMCRoMA..*_ga_XCYC262S05*czE3NjExNDY2NDMkbzM4JGcwJHQxNzYxMTQ2NjQzJGo2MCRsMCRoMA..&amp;_ga=2.170038880.1173357771.1760960937-1531571595.1714475071\" target=\"_blank\" rel=\"noopener noreferrer\" data-auth=\"NotApplicable\" data-linkindex=\"3\">Alignement du concours d\u2019attach\u00e9 de la Ville de Paris sur celui des IRA d\u00e8s 2026\u00a0\u00a0\u00bb UNSA Cadres sup\u00e9rieurs Ville de Paris\u00a0\u00bb<\/a><\/p>\t\t\t\t\t\t\t\t<\/div>\n\t\t\t\t<\/div>\n\t\t\t\t\t<\/div>\n\t\t<\/div>\n\t\t\t\t\t<\/div>\n\t\t<\/section>\n\t\t\t\t<section class=\"elementor-section elementor-top-section elementor-element elementor-element-9174eeb elementor-section-boxed elementor-section-height-default elementor-section-height-default\" data-id=\"9174eeb\" data-element_type=\"section\" data-e-type=\"section\">\n\t\t\t\t\t\t<div class=\"elementor-container elementor-column-gap-default\">\n\t\t\t\t\t<div class=\"elementor-column elementor-col-100 elementor-top-column elementor-element elementor-element-905e1b4\" data-id=\"905e1b4\" data-element_type=\"column\" data-e-type=\"column\">\n\t\t\t<div class=\"elementor-widget-wrap elementor-element-populated\">\n\t\t\t\t\t\t<div class=\"elementor-element elementor-element-e1d8d8d elementor-widget elementor-widget-text-editor\" data-id=\"e1d8d8d\" data-element_type=\"widget\" data-e-type=\"widget\" data-widget_type=\"text-editor.default\">\n\t\t\t\t<div class=\"elementor-widget-container\">\n\t\t\t\t\t\t\t\t\t<p><em><span style=\"color: #000000;\">Tous vos \u00e9lus et repr\u00e9sentants du personnel de l\u2019UNSA,<\/span><\/em><br \/><em><span style=\"color: #000000;\">toutes les infos \u00e0 retrouver sur l&rsquo;<\/span><\/em><a title=\"https:\/\/intraparis.unsa.mdp\/UNSA\/\" href=\"https:\/\/intraparis.unsa.mdp\/UNSA\/\" target=\"_blank\" rel=\"noopener noreferrer\" data-auth=\"NotApplicable\" data-linkindex=\"4\">IntraParis UNSA<\/a>.<\/p>\t\t\t\t\t\t\t\t<\/div>\n\t\t\t\t<\/div>\n\t\t\t\t\t<\/div>\n\t\t<\/div>\n\t\t\t\t\t<\/div>\n\t\t<\/section>\n\t\t\t\t<\/div>\n\t\t","protected":false},"excerpt":{"rendered":"<p>L&rsquo;arr\u00eat\u00e9 du 8 juillet 2025\u00a0remplace l&rsquo;arr\u00eat\u00e9 du 30 novembre 2012\u00a0et modifie la nature et le programme des \u00e9preuves des concours de recrutement des attach\u00e9s d&rsquo;administrations parisiennes pour les aligner sur &hellip; <a href=\"https:\/\/unsa-paris.fr\/savp\/2025\/11\/17\/le-concours-dattache-dadministrations-parisiennes-evolue-en-2026\/\" class=\"more-link\">Continuer la lecture<span class=\"screen-reader-text\"> de &laquo;&nbsp;Le concours d\u2019attach\u00e9 d&rsquo;administrations parisiennes \u00e9volue en 2026&nbsp;&raquo;<\/span><\/a><\/p>\n","protected":false},"author":1,"featured_media":0,"comment_status":"open","ping_status":"open","sticky":false,"template":"","format":"standard","meta":{"footnotes":""},"categories":[4,9],"tags":[],"class_list":["post-2579","post","type-post","status-publish","format-standard","hentry","category-carriere","category-communique"],"yoast_head":"<!-- This site is optimized with the Yoast SEO plugin v27.4 - https:\/\/yoast.com\/product\/yoast-seo-wordpress\/ -->\n<title>Le concours d\u2019attach\u00e9 d&#039;administrations parisiennes \u00e9volue en 2026 - Syndicat Autonome UNSA<\/title>\n<meta name=\"robots\" content=\"index, follow, max-snippet:-1, max-image-preview:large, max-video-preview:-1\" \/>\n<link rel=\"canonical\" href=\"https:\/\/unsa-paris.fr\/savp\/2025\/11\/17\/le-concours-dattache-dadministrations-parisiennes-evolue-en-2026\/\" \/>\n<meta property=\"og:locale\" content=\"fr_FR\" \/>\n<meta property=\"og:type\" content=\"article\" \/>\n<meta property=\"og:title\" content=\"Le concours d\u2019attach\u00e9 d&#039;administrations parisiennes \u00e9volue en 2026 - Syndicat Autonome UNSA\" \/>\n<meta property=\"og:description\" content=\"L&rsquo;arr\u00eat\u00e9 du 8 juillet 2025\u00a0remplace l&rsquo;arr\u00eat\u00e9 du 30 novembre 2012\u00a0et modifie la nature et le programme des \u00e9preuves des concours de recrutement des attach\u00e9s d&rsquo;administrations parisiennes pour les aligner sur &hellip; Continuer la lecture de &laquo;&nbsp;Le concours d\u2019attach\u00e9 d&rsquo;administrations parisiennes \u00e9volue en 2026&nbsp;&raquo;\" \/>\n<meta property=\"og:url\" content=\"https:\/\/unsa-paris.fr\/savp\/2025\/11\/17\/le-concours-dattache-dadministrations-parisiennes-evolue-en-2026\/\" \/>\n<meta property=\"og:site_name\" content=\"Syndicat Autonome UNSA\" \/>\n<meta property=\"article:published_time\" content=\"2025-11-17T16:38:05+00:00\" \/>\n<meta property=\"article:modified_time\" content=\"2025-11-17T16:44:45+00:00\" \/>\n<meta name=\"author\" content=\"militant\" \/>\n<meta name=\"twitter:card\" content=\"summary_large_image\" \/>\n<meta name=\"twitter:label1\" content=\"\u00c9crit par\" \/>\n\t<meta name=\"twitter:data1\" content=\"militant\" \/>\n\t<meta name=\"twitter:label2\" content=\"Dur\u00e9e de lecture estim\u00e9e\" \/>\n\t<meta name=\"twitter:data2\" content=\"1 minute\" \/>\n<script type=\"application\/ld+json\" class=\"yoast-schema-graph\">{\"@context\":\"https:\\\/\\\/schema.org\",\"@graph\":[{\"@type\":\"Article\",\"@id\":\"https:\\\/\\\/unsa-paris.fr\\\/savp\\\/2025\\\/11\\\/17\\\/le-concours-dattache-dadministrations-parisiennes-evolue-en-2026\\\/#article\",\"isPartOf\":{\"@id\":\"https:\\\/\\\/unsa-paris.fr\\\/savp\\\/2025\\\/11\\\/17\\\/le-concours-dattache-dadministrations-parisiennes-evolue-en-2026\\\/\"},\"author\":{\"name\":\"militant\",\"@id\":\"https:\\\/\\\/unsa-paris.fr\\\/savp\\\/#\\\/schema\\\/person\\\/656755f73ac5921fc7e2e35124af2ae1\"},\"headline\":\"Le concours d\u2019attach\u00e9 d&rsquo;administrations parisiennes \u00e9volue en 2026\",\"datePublished\":\"2025-11-17T16:38:05+00:00\",\"dateModified\":\"2025-11-17T16:44:45+00:00\",\"mainEntityOfPage\":{\"@id\":\"https:\\\/\\\/unsa-paris.fr\\\/savp\\\/2025\\\/11\\\/17\\\/le-concours-dattache-dadministrations-parisiennes-evolue-en-2026\\\/\"},\"wordCount\":108,\"commentCount\":0,\"publisher\":{\"@id\":\"https:\\\/\\\/unsa-paris.fr\\\/savp\\\/#organization\"},\"articleSection\":[\"Carriere\",\"Communique\"],\"inLanguage\":\"fr-FR\",\"potentialAction\":[{\"@type\":\"CommentAction\",\"name\":\"Comment\",\"target\":[\"https:\\\/\\\/unsa-paris.fr\\\/savp\\\/2025\\\/11\\\/17\\\/le-concours-dattache-dadministrations-parisiennes-evolue-en-2026\\\/#respond\"]}]},{\"@type\":\"WebPage\",\"@id\":\"https:\\\/\\\/unsa-paris.fr\\\/savp\\\/2025\\\/11\\\/17\\\/le-concours-dattache-dadministrations-parisiennes-evolue-en-2026\\\/\",\"url\":\"https:\\\/\\\/unsa-paris.fr\\\/savp\\\/2025\\\/11\\\/17\\\/le-concours-dattache-dadministrations-parisiennes-evolue-en-2026\\\/\",\"name\":\"Le concours d\u2019attach\u00e9 d'administrations parisiennes \u00e9volue en 2026 - Syndicat Autonome UNSA\",\"isPartOf\":{\"@id\":\"https:\\\/\\\/unsa-paris.fr\\\/savp\\\/#website\"},\"datePublished\":\"2025-11-17T16:38:05+00:00\",\"dateModified\":\"2025-11-17T16:44:45+00:00\",\"breadcrumb\":{\"@id\":\"https:\\\/\\\/unsa-paris.fr\\\/savp\\\/2025\\\/11\\\/17\\\/le-concours-dattache-dadministrations-parisiennes-evolue-en-2026\\\/#breadcrumb\"},\"inLanguage\":\"fr-FR\",\"potentialAction\":[{\"@type\":\"ReadAction\",\"target\":[\"https:\\\/\\\/unsa-paris.fr\\\/savp\\\/2025\\\/11\\\/17\\\/le-concours-dattache-dadministrations-parisiennes-evolue-en-2026\\\/\"]}]},{\"@type\":\"BreadcrumbList\",\"@id\":\"https:\\\/\\\/unsa-paris.fr\\\/savp\\\/2025\\\/11\\\/17\\\/le-concours-dattache-dadministrations-parisiennes-evolue-en-2026\\\/#breadcrumb\",\"itemListElement\":[{\"@type\":\"ListItem\",\"position\":1,\"name\":\"Accueil\",\"item\":\"https:\\\/\\\/unsa-paris.fr\\\/savp\\\/\"},{\"@type\":\"ListItem\",\"position\":2,\"name\":\"Le concours d\u2019attach\u00e9 d&rsquo;administrations parisiennes \u00e9volue en 2026\"}]},{\"@type\":\"WebSite\",\"@id\":\"https:\\\/\\\/unsa-paris.fr\\\/savp\\\/#website\",\"url\":\"https:\\\/\\\/unsa-paris.fr\\\/savp\\\/\",\"name\":\"Syndicat Autonome UNSA\",\"description\":\"Section des secr\u00e9taires administratifs et des techniciens sup\u00e9rieurs\",\"publisher\":{\"@id\":\"https:\\\/\\\/unsa-paris.fr\\\/savp\\\/#organization\"},\"potentialAction\":[{\"@type\":\"SearchAction\",\"target\":{\"@type\":\"EntryPoint\",\"urlTemplate\":\"https:\\\/\\\/unsa-paris.fr\\\/savp\\\/?s={search_term_string}\"},\"query-input\":{\"@type\":\"PropertyValueSpecification\",\"valueRequired\":true,\"valueName\":\"search_term_string\"}}],\"inLanguage\":\"fr-FR\"},{\"@type\":\"Organization\",\"@id\":\"https:\\\/\\\/unsa-paris.fr\\\/savp\\\/#organization\",\"name\":\"UNSA PARIS fili\u00e8re administrative\",\"url\":\"https:\\\/\\\/unsa-paris.fr\\\/savp\\\/\",\"logo\":{\"@type\":\"ImageObject\",\"inLanguage\":\"fr-FR\",\"@id\":\"https:\\\/\\\/unsa-paris.fr\\\/savp\\\/#\\\/schema\\\/logo\\\/image\\\/\",\"url\":\"https:\\\/\\\/unsa-paris.fr\\\/savp\\\/wp-content\\\/uploads\\\/2020\\\/10\\\/Logo_UNSA-V6.png\",\"contentUrl\":\"https:\\\/\\\/unsa-paris.fr\\\/savp\\\/wp-content\\\/uploads\\\/2020\\\/10\\\/Logo_UNSA-V6.png\",\"width\":986,\"height\":962,\"caption\":\"UNSA PARIS fili\u00e8re administrative\"},\"image\":{\"@id\":\"https:\\\/\\\/unsa-paris.fr\\\/savp\\\/#\\\/schema\\\/logo\\\/image\\\/\"}},{\"@type\":\"Person\",\"@id\":\"https:\\\/\\\/unsa-paris.fr\\\/savp\\\/#\\\/schema\\\/person\\\/656755f73ac5921fc7e2e35124af2ae1\",\"name\":\"militant\",\"image\":{\"@type\":\"ImageObject\",\"inLanguage\":\"fr-FR\",\"@id\":\"https:\\\/\\\/secure.gravatar.com\\\/avatar\\\/bafae66946efbf2980171a895ec279139a1dde2c6d953819f7e7270d582b48d2?s=96&d=mm&r=g\",\"url\":\"https:\\\/\\\/secure.gravatar.com\\\/avatar\\\/bafae66946efbf2980171a895ec279139a1dde2c6d953819f7e7270d582b48d2?s=96&d=mm&r=g\",\"contentUrl\":\"https:\\\/\\\/secure.gravatar.com\\\/avatar\\\/bafae66946efbf2980171a895ec279139a1dde2c6d953819f7e7270d582b48d2?s=96&d=mm&r=g\",\"caption\":\"militant\"},\"url\":\"https:\\\/\\\/unsa-paris.fr\\\/savp\\\/author\\\/militant\\\/\"}]}<\/script>\n<!-- \/ Yoast SEO plugin. -->","yoast_head_json":{"title":"Le concours d\u2019attach\u00e9 d'administrations parisiennes \u00e9volue en 2026 - Syndicat Autonome UNSA","robots":{"index":"index","follow":"follow","max-snippet":"max-snippet:-1","max-image-preview":"max-image-preview:large","max-video-preview":"max-video-preview:-1"},"canonical":"https:\/\/unsa-paris.fr\/savp\/2025\/11\/17\/le-concours-dattache-dadministrations-parisiennes-evolue-en-2026\/","og_locale":"fr_FR","og_type":"article","og_title":"Le concours d\u2019attach\u00e9 d'administrations parisiennes \u00e9volue en 2026 - Syndicat Autonome UNSA","og_description":"L&rsquo;arr\u00eat\u00e9 du 8 juillet 2025\u00a0remplace l&rsquo;arr\u00eat\u00e9 du 30 novembre 2012\u00a0et modifie la nature et le programme des \u00e9preuves des concours de recrutement des attach\u00e9s d&rsquo;administrations parisiennes pour les aligner sur &hellip; Continuer la lecture de &laquo;&nbsp;Le concours d\u2019attach\u00e9 d&rsquo;administrations parisiennes \u00e9volue en 2026&nbsp;&raquo;","og_url":"https:\/\/unsa-paris.fr\/savp\/2025\/11\/17\/le-concours-dattache-dadministrations-parisiennes-evolue-en-2026\/","og_site_name":"Syndicat Autonome UNSA","article_published_time":"2025-11-17T16:38:05+00:00","article_modified_time":"2025-11-17T16:44:45+00:00","author":"militant","twitter_card":"summary_large_image","twitter_misc":{"\u00c9crit par":"militant","Dur\u00e9e de lecture estim\u00e9e":"1 minute"},"schema":{"@context":"https:\/\/schema.org","@graph":[{"@type":"Article","@id":"https:\/\/unsa-paris.fr\/savp\/2025\/11\/17\/le-concours-dattache-dadministrations-parisiennes-evolue-en-2026\/#article","isPartOf":{"@id":"https:\/\/unsa-paris.fr\/savp\/2025\/11\/17\/le-concours-dattache-dadministrations-parisiennes-evolue-en-2026\/"},"author":{"name":"militant","@id":"https:\/\/unsa-paris.fr\/savp\/#\/schema\/person\/656755f73ac5921fc7e2e35124af2ae1"},"headline":"Le concours d\u2019attach\u00e9 d&rsquo;administrations parisiennes \u00e9volue en 2026","datePublished":"2025-11-17T16:38:05+00:00","dateModified":"2025-11-17T16:44:45+00:00","mainEntityOfPage":{"@id":"https:\/\/unsa-paris.fr\/savp\/2025\/11\/17\/le-concours-dattache-dadministrations-parisiennes-evolue-en-2026\/"},"wordCount":108,"commentCount":0,"publisher":{"@id":"https:\/\/unsa-paris.fr\/savp\/#organization"},"articleSection":["Carriere","Communique"],"inLanguage":"fr-FR","potentialAction":[{"@type":"CommentAction","name":"Comment","target":["https:\/\/unsa-paris.fr\/savp\/2025\/11\/17\/le-concours-dattache-dadministrations-parisiennes-evolue-en-2026\/#respond"]}]},{"@type":"WebPage","@id":"https:\/\/unsa-paris.fr\/savp\/2025\/11\/17\/le-concours-dattache-dadministrations-parisiennes-evolue-en-2026\/","url":"https:\/\/unsa-paris.fr\/savp\/2025\/11\/17\/le-concours-dattache-dadministrations-parisiennes-evolue-en-2026\/","name":"Le concours d\u2019attach\u00e9 d'administrations parisiennes \u00e9volue en 2026 - Syndicat Autonome UNSA","isPartOf":{"@id":"https:\/\/unsa-paris.fr\/savp\/#website"},"datePublished":"2025-11-17T16:38:05+00:00","dateModified":"2025-11-17T16:44:45+00:00","breadcrumb":{"@id":"https:\/\/unsa-paris.fr\/savp\/2025\/11\/17\/le-concours-dattache-dadministrations-parisiennes-evolue-en-2026\/#breadcrumb"},"inLanguage":"fr-FR","potentialAction":[{"@type":"ReadAction","target":["https:\/\/unsa-paris.fr\/savp\/2025\/11\/17\/le-concours-dattache-dadministrations-parisiennes-evolue-en-2026\/"]}]},{"@type":"BreadcrumbList","@id":"https:\/\/unsa-paris.fr\/savp\/2025\/11\/17\/le-concours-dattache-dadministrations-parisiennes-evolue-en-2026\/#breadcrumb","itemListElement":[{"@type":"ListItem","position":1,"name":"Accueil","item":"https:\/\/unsa-paris.fr\/savp\/"},{"@type":"ListItem","position":2,"name":"Le concours d\u2019attach\u00e9 d&rsquo;administrations parisiennes \u00e9volue en 2026"}]},{"@type":"WebSite","@id":"https:\/\/unsa-paris.fr\/savp\/#website","url":"https:\/\/unsa-paris.fr\/savp\/","name":"Syndicat Autonome UNSA","description":"Section des secr\u00e9taires administratifs et des techniciens sup\u00e9rieurs","publisher":{"@id":"https:\/\/unsa-paris.fr\/savp\/#organization"},"potentialAction":[{"@type":"SearchAction","target":{"@type":"EntryPoint","urlTemplate":"https:\/\/unsa-paris.fr\/savp\/?s={search_term_string}"},"query-input":{"@type":"PropertyValueSpecification","valueRequired":true,"valueName":"search_term_string"}}],"inLanguage":"fr-FR"},{"@type":"Organization","@id":"https:\/\/unsa-paris.fr\/savp\/#organization","name":"UNSA PARIS fili\u00e8re administrative","url":"https:\/\/unsa-paris.fr\/savp\/","logo":{"@type":"ImageObject","inLanguage":"fr-FR","@id":"https:\/\/unsa-paris.fr\/savp\/#\/schema\/logo\/image\/","url":"https:\/\/unsa-paris.fr\/savp\/wp-content\/uploads\/2020\/10\/Logo_UNSA-V6.png","contentUrl":"https:\/\/unsa-paris.fr\/savp\/wp-content\/uploads\/2020\/10\/Logo_UNSA-V6.png","width":986,"height":962,"caption":"UNSA PARIS fili\u00e8re administrative"},"image":{"@id":"https:\/\/unsa-paris.fr\/savp\/#\/schema\/logo\/image\/"}},{"@type":"Person","@id":"https:\/\/unsa-paris.fr\/savp\/#\/schema\/person\/656755f73ac5921fc7e2e35124af2ae1","name":"militant","image":{"@type":"ImageObject","inLanguage":"fr-FR","@id":"https:\/\/secure.gravatar.com\/avatar\/bafae66946efbf2980171a895ec279139a1dde2c6d953819f7e7270d582b48d2?s=96&d=mm&r=g","url":"https:\/\/secure.gravatar.com\/avatar\/bafae66946efbf2980171a895ec279139a1dde2c6d953819f7e7270d582b48d2?s=96&d=mm&r=g","contentUrl":"https:\/\/secure.gravatar.com\/avatar\/bafae66946efbf2980171a895ec279139a1dde2c6d953819f7e7270d582b48d2?s=96&d=mm&r=g","caption":"militant"},"url":"https:\/\/unsa-paris.fr\/savp\/author\/militant\/"}]}},"_links":{"self":[{"href":"https:\/\/unsa-paris.fr\/savp\/wp-json\/wp\/v2\/posts\/2579","targetHints":{"allow":["GET"]}}],"collection":[{"href":"https:\/\/unsa-paris.fr\/savp\/wp-json\/wp\/v2\/posts"}],"about":[{"href":"https:\/\/unsa-paris.fr\/savp\/wp-json\/wp\/v2\/types\/post"}],"author":[{"embeddable":true,"href":"https:\/\/unsa-paris.fr\/savp\/wp-json\/wp\/v2\/users\/1"}],"replies":[{"embeddable":true,"href":"https:\/\/unsa-paris.fr\/savp\/wp-json\/wp\/v2\/comments?post=2579"}],"version-history":[{"count":7,"href":"https:\/\/unsa-paris.fr\/savp\/wp-json\/wp\/v2\/posts\/2579\/revisions"}],"predecessor-version":[{"id":2586,"href":"https:\/\/unsa-paris.fr\/savp\/wp-json\/wp\/v2\/posts\/2579\/revisions\/2586"}],"wp:attachment":[{"href":"https:\/\/unsa-paris.fr\/savp\/wp-json\/wp\/v2\/media?parent=2579"}],"wp:term":[{"taxonomy":"category","embeddable":true,"href":"https:\/\/unsa-paris.fr\/savp\/wp-json\/wp\/v2\/categories?post=2579"},{"taxonomy":"post_tag","embeddable":true,"href":"https:\/\/unsa-paris.fr\/savp\/wp-json\/wp\/v2\/tags?post=2579"}],"curies":[{"name":"wp","href":"https:\/\/api.w.org\/{rel}","templated":true}]}}