{"id":2559,"date":"2025-04-03T11:18:34","date_gmt":"2025-04-03T09:18:34","guid":{"rendered":"https:\/\/unsa-paris.fr\/savp\/?p=2559"},"modified":"2025-04-03T11:18:37","modified_gmt":"2025-04-03T09:18:37","slug":"accedez-au-corps-des-attaches-grace-a-lexamen-professionnel","status":"publish","type":"post","link":"https:\/\/unsa-paris.fr\/savp\/2025\/04\/03\/accedez-au-corps-des-attaches-grace-a-lexamen-professionnel\/","title":{"rendered":"Acc\u00e9dez au corps des attach\u00e9s gr\u00e2ce \u00e0 l&rsquo;examen professionnel !"},"content":{"rendered":"\n<p>En 2025, un examen professionnel permettra aux agent.es de cat\u00e9gorie B des administrations parisiennes de rejoindre le corps des attach\u00e9s. Cet examen est une opportunit\u00e9 pour celles et ceux souhaitant progresser dans leur carri\u00e8re et acc\u00e9der \u00e0 de nouvelles responsabilit\u00e9s.<\/p>\n\n\n\n<!--more-->\n\n\n\n<p class=\"has-medium-font-size\"><strong>QUI PEUT CANDIDATER ?<\/strong><\/p>\n\n\n\n<p>L&rsquo;examen est ouvert :<\/p>\n\n\n\n<ul class=\"wp-block-list\">\n<li>Aux fonctionnaires des administrations parisiennes appartenant \u00e0 un corps administratif de cat\u00e9gorie B (SA et SMS) ;<\/li>\n\n\n\n<li>Aux fonctionnaires d\u00e9tach\u00e9s dans ces m\u00eames corps.<br>Les candidats doivent justifier d&rsquo;au moins <strong>six ann\u00e9es de services publics<\/strong> dans un corps ou cadre d&#8217;emplois de cat\u00e9gorie B ou \u00e9quivalent au <strong>1er janvier 2025<\/strong>.<\/li>\n<\/ul>\n\n\n\n<p>\ud83d\udcc5 <strong>P\u00e9riode d&rsquo;inscription : du 28 avril au 30 mai 2025.<\/strong><\/p>\n\n\n\n<h4 class=\"wp-block-heading has-medium-font-size\">\u00c9preuves de l&rsquo;examen :<\/h4>\n\n\n\n<ol class=\"wp-block-list\">\n<li><strong>\u00c9preuve \u00e9crite d\u2019admissibilit\u00e9<\/strong><br>R\u00e9daction d&rsquo;une note avec propositions, bas\u00e9e sur un dossier documentaire. Elle \u00e9value la capacit\u00e9 \u00e0 analyser un probl\u00e8me et \u00e0 proposer des solutions adapt\u00e9es.<br>\ud83d\udccd Date : <strong>10 septembre 2025<\/strong><\/li>\n\n\n\n<li><strong>\u00c9preuve orale d\u2019admission<\/strong><br>Entretien visant \u00e0 appr\u00e9cier les comp\u00e9tences, la motivation et l&rsquo;adaptabilit\u00e9 du candidat, tout en valorisant son exp\u00e9rience professionnelle.<br>\ud83d\udccd D\u00e9but des oraux : <strong>mi-novembre 2025<\/strong><\/li>\n<\/ol>\n\n\n\n<h4 class=\"wp-block-heading has-medium-font-size\">Pr\u00e9parez-vous efficacement !<\/h4>\n\n\n\n<p>Le Bureau de la formation (DRH) propose une <strong>formation compos\u00e9e de 6 conf\u00e9rences<\/strong>, accessibles via Teams depuis le 1er avril jusqu\u2019\u00e0 fin juin. Elles couvrent :<\/p>\n\n\n\n<ul class=\"wp-block-list\">\n<li>Pr\u00e9sentation de l\u2019examen et de la formation ;<\/li>\n\n\n\n<li>Constitution du dossier RAEP ;<\/li>\n\n\n\n<li>M\u00e9thodologie pour l&rsquo;\u00e9preuve \u00e9crite ;<\/li>\n\n\n\n<li>Informations cl\u00e9s sur la Ville de Paris.<\/li>\n<\/ul>\n\n\n\n<p>\ud83d\udccc Ces conf\u00e9rences sont disponibles en replay sur Ville@pp.<br>Une pr\u00e9paration sp\u00e9cifique aux oraux sera offerte aux candidats admissibles au <strong>2\u00e8me semestre 2025<\/strong>.<br>\ud83d\udc49 Retrouvez plus d\u2019informations sur <a href=\"https:\/\/intraparis.mdp\/intraparis\/jsp\/site\/Portal.jsp?page=blog&amp;id=37632&amp;portlet_id=10479\">l&rsquo;IntraParis<\/a>.<\/p>\n","protected":false},"excerpt":{"rendered":"<p>En 2025, un examen professionnel permettra aux agent.es de cat\u00e9gorie B des administrations parisiennes de rejoindre le corps des attach\u00e9s. Cet examen est une opportunit\u00e9 pour celles et ceux souhaitant &hellip; <a href=\"https:\/\/unsa-paris.fr\/savp\/2025\/04\/03\/accedez-au-corps-des-attaches-grace-a-lexamen-professionnel\/\" class=\"more-link\">Continuer la lecture<span class=\"screen-reader-text\"> de &laquo;&nbsp;Acc\u00e9dez au corps des attach\u00e9s gr\u00e2ce \u00e0 l&rsquo;examen professionnel !&nbsp;&raquo;<\/span><\/a><\/p>\n","protected":false},"author":2,"featured_media":0,"comment_status":"open","ping_status":"open","sticky":false,"template":"","format":"standard","meta":{"footnotes":""},"categories":[4],"tags":[],"class_list":["post-2559","post","type-post","status-publish","format-standard","hentry","category-carriere"],"yoast_head":"<!-- This site is optimized with the Yoast SEO plugin v27.4 - https:\/\/yoast.com\/product\/yoast-seo-wordpress\/ -->\n<title>Acc\u00e9dez au corps des attach\u00e9s gr\u00e2ce \u00e0 l&#039;examen professionnel ! - Syndicat Autonome UNSA<\/title>\n<meta name=\"robots\" content=\"index, follow, max-snippet:-1, max-image-preview:large, max-video-preview:-1\" \/>\n<link rel=\"canonical\" href=\"https:\/\/unsa-paris.fr\/savp\/2025\/04\/03\/accedez-au-corps-des-attaches-grace-a-lexamen-professionnel\/\" \/>\n<meta property=\"og:locale\" content=\"fr_FR\" \/>\n<meta property=\"og:type\" content=\"article\" \/>\n<meta property=\"og:title\" content=\"Acc\u00e9dez au corps des attach\u00e9s gr\u00e2ce \u00e0 l&#039;examen professionnel ! - Syndicat Autonome UNSA\" \/>\n<meta property=\"og:description\" content=\"En 2025, un examen professionnel permettra aux agent.es de cat\u00e9gorie B des administrations parisiennes de rejoindre le corps des attach\u00e9s. Cet examen est une opportunit\u00e9 pour celles et ceux souhaitant &hellip; Continuer la lecture de &laquo;&nbsp;Acc\u00e9dez au corps des attach\u00e9s gr\u00e2ce \u00e0 l&rsquo;examen professionnel !&nbsp;&raquo;\" \/>\n<meta property=\"og:url\" content=\"https:\/\/unsa-paris.fr\/savp\/2025\/04\/03\/accedez-au-corps-des-attaches-grace-a-lexamen-professionnel\/\" \/>\n<meta property=\"og:site_name\" content=\"Syndicat Autonome UNSA\" \/>\n<meta property=\"article:published_time\" content=\"2025-04-03T09:18:34+00:00\" \/>\n<meta property=\"article:modified_time\" content=\"2025-04-03T09:18:37+00:00\" \/>\n<meta name=\"author\" content=\"UNSA SA\" \/>\n<meta name=\"twitter:card\" content=\"summary_large_image\" \/>\n<meta name=\"twitter:label1\" content=\"\u00c9crit par\" \/>\n\t<meta name=\"twitter:data1\" content=\"UNSA SA\" \/>\n\t<meta name=\"twitter:label2\" content=\"Dur\u00e9e de lecture estim\u00e9e\" \/>\n\t<meta name=\"twitter:data2\" content=\"2 minutes\" \/>\n<script type=\"application\/ld+json\" class=\"yoast-schema-graph\">{\"@context\":\"https:\\\/\\\/schema.org\",\"@graph\":[{\"@type\":\"Article\",\"@id\":\"https:\\\/\\\/unsa-paris.fr\\\/savp\\\/2025\\\/04\\\/03\\\/accedez-au-corps-des-attaches-grace-a-lexamen-professionnel\\\/#article\",\"isPartOf\":{\"@id\":\"https:\\\/\\\/unsa-paris.fr\\\/savp\\\/2025\\\/04\\\/03\\\/accedez-au-corps-des-attaches-grace-a-lexamen-professionnel\\\/\"},\"author\":{\"name\":\"UNSA SA\",\"@id\":\"https:\\\/\\\/unsa-paris.fr\\\/savp\\\/#\\\/schema\\\/person\\\/7253f5acb55b402d9149796390e7bdde\"},\"headline\":\"Acc\u00e9dez au corps des attach\u00e9s gr\u00e2ce \u00e0 l&rsquo;examen professionnel !\",\"datePublished\":\"2025-04-03T09:18:34+00:00\",\"dateModified\":\"2025-04-03T09:18:37+00:00\",\"mainEntityOfPage\":{\"@id\":\"https:\\\/\\\/unsa-paris.fr\\\/savp\\\/2025\\\/04\\\/03\\\/accedez-au-corps-des-attaches-grace-a-lexamen-professionnel\\\/\"},\"wordCount\":281,\"commentCount\":0,\"publisher\":{\"@id\":\"https:\\\/\\\/unsa-paris.fr\\\/savp\\\/#organization\"},\"articleSection\":[\"Carriere\"],\"inLanguage\":\"fr-FR\",\"potentialAction\":[{\"@type\":\"CommentAction\",\"name\":\"Comment\",\"target\":[\"https:\\\/\\\/unsa-paris.fr\\\/savp\\\/2025\\\/04\\\/03\\\/accedez-au-corps-des-attaches-grace-a-lexamen-professionnel\\\/#respond\"]}]},{\"@type\":\"WebPage\",\"@id\":\"https:\\\/\\\/unsa-paris.fr\\\/savp\\\/2025\\\/04\\\/03\\\/accedez-au-corps-des-attaches-grace-a-lexamen-professionnel\\\/\",\"url\":\"https:\\\/\\\/unsa-paris.fr\\\/savp\\\/2025\\\/04\\\/03\\\/accedez-au-corps-des-attaches-grace-a-lexamen-professionnel\\\/\",\"name\":\"Acc\u00e9dez au corps des attach\u00e9s gr\u00e2ce \u00e0 l'examen professionnel ! - Syndicat Autonome UNSA\",\"isPartOf\":{\"@id\":\"https:\\\/\\\/unsa-paris.fr\\\/savp\\\/#website\"},\"datePublished\":\"2025-04-03T09:18:34+00:00\",\"dateModified\":\"2025-04-03T09:18:37+00:00\",\"breadcrumb\":{\"@id\":\"https:\\\/\\\/unsa-paris.fr\\\/savp\\\/2025\\\/04\\\/03\\\/accedez-au-corps-des-attaches-grace-a-lexamen-professionnel\\\/#breadcrumb\"},\"inLanguage\":\"fr-FR\",\"potentialAction\":[{\"@type\":\"ReadAction\",\"target\":[\"https:\\\/\\\/unsa-paris.fr\\\/savp\\\/2025\\\/04\\\/03\\\/accedez-au-corps-des-attaches-grace-a-lexamen-professionnel\\\/\"]}]},{\"@type\":\"BreadcrumbList\",\"@id\":\"https:\\\/\\\/unsa-paris.fr\\\/savp\\\/2025\\\/04\\\/03\\\/accedez-au-corps-des-attaches-grace-a-lexamen-professionnel\\\/#breadcrumb\",\"itemListElement\":[{\"@type\":\"ListItem\",\"position\":1,\"name\":\"Accueil\",\"item\":\"https:\\\/\\\/unsa-paris.fr\\\/savp\\\/\"},{\"@type\":\"ListItem\",\"position\":2,\"name\":\"Acc\u00e9dez au corps des attach\u00e9s gr\u00e2ce \u00e0 l&rsquo;examen professionnel !\"}]},{\"@type\":\"WebSite\",\"@id\":\"https:\\\/\\\/unsa-paris.fr\\\/savp\\\/#website\",\"url\":\"https:\\\/\\\/unsa-paris.fr\\\/savp\\\/\",\"name\":\"Syndicat Autonome UNSA\",\"description\":\"Section des secr\u00e9taires administratifs et des techniciens sup\u00e9rieurs\",\"publisher\":{\"@id\":\"https:\\\/\\\/unsa-paris.fr\\\/savp\\\/#organization\"},\"potentialAction\":[{\"@type\":\"SearchAction\",\"target\":{\"@type\":\"EntryPoint\",\"urlTemplate\":\"https:\\\/\\\/unsa-paris.fr\\\/savp\\\/?s={search_term_string}\"},\"query-input\":{\"@type\":\"PropertyValueSpecification\",\"valueRequired\":true,\"valueName\":\"search_term_string\"}}],\"inLanguage\":\"fr-FR\"},{\"@type\":\"Organization\",\"@id\":\"https:\\\/\\\/unsa-paris.fr\\\/savp\\\/#organization\",\"name\":\"UNSA PARIS fili\u00e8re administrative\",\"url\":\"https:\\\/\\\/unsa-paris.fr\\\/savp\\\/\",\"logo\":{\"@type\":\"ImageObject\",\"inLanguage\":\"fr-FR\",\"@id\":\"https:\\\/\\\/unsa-paris.fr\\\/savp\\\/#\\\/schema\\\/logo\\\/image\\\/\",\"url\":\"https:\\\/\\\/unsa-paris.fr\\\/savp\\\/wp-content\\\/uploads\\\/2020\\\/10\\\/Logo_UNSA-V6.png\",\"contentUrl\":\"https:\\\/\\\/unsa-paris.fr\\\/savp\\\/wp-content\\\/uploads\\\/2020\\\/10\\\/Logo_UNSA-V6.png\",\"width\":986,\"height\":962,\"caption\":\"UNSA PARIS fili\u00e8re administrative\"},\"image\":{\"@id\":\"https:\\\/\\\/unsa-paris.fr\\\/savp\\\/#\\\/schema\\\/logo\\\/image\\\/\"}},{\"@type\":\"Person\",\"@id\":\"https:\\\/\\\/unsa-paris.fr\\\/savp\\\/#\\\/schema\\\/person\\\/7253f5acb55b402d9149796390e7bdde\",\"name\":\"UNSA SA\",\"image\":{\"@type\":\"ImageObject\",\"inLanguage\":\"fr-FR\",\"@id\":\"https:\\\/\\\/secure.gravatar.com\\\/avatar\\\/b78c582c0b7ba9a7147763b6638faa3db8f956662f0faffdc8b57058fad002f4?s=96&d=mm&r=g\",\"url\":\"https:\\\/\\\/secure.gravatar.com\\\/avatar\\\/b78c582c0b7ba9a7147763b6638faa3db8f956662f0faffdc8b57058fad002f4?s=96&d=mm&r=g\",\"contentUrl\":\"https:\\\/\\\/secure.gravatar.com\\\/avatar\\\/b78c582c0b7ba9a7147763b6638faa3db8f956662f0faffdc8b57058fad002f4?s=96&d=mm&r=g\",\"caption\":\"UNSA SA\"},\"sameAs\":[\"http:\\\/\\\/unsa-paris.fr\\\/savp\"],\"url\":\"https:\\\/\\\/unsa-paris.fr\\\/savp\\\/author\\\/fred\\\/\"}]}<\/script>\n<!-- \/ Yoast SEO plugin. -->","yoast_head_json":{"title":"Acc\u00e9dez au corps des attach\u00e9s gr\u00e2ce \u00e0 l'examen professionnel ! - Syndicat Autonome UNSA","robots":{"index":"index","follow":"follow","max-snippet":"max-snippet:-1","max-image-preview":"max-image-preview:large","max-video-preview":"max-video-preview:-1"},"canonical":"https:\/\/unsa-paris.fr\/savp\/2025\/04\/03\/accedez-au-corps-des-attaches-grace-a-lexamen-professionnel\/","og_locale":"fr_FR","og_type":"article","og_title":"Acc\u00e9dez au corps des attach\u00e9s gr\u00e2ce \u00e0 l'examen professionnel ! - Syndicat Autonome UNSA","og_description":"En 2025, un examen professionnel permettra aux agent.es de cat\u00e9gorie B des administrations parisiennes de rejoindre le corps des attach\u00e9s. Cet examen est une opportunit\u00e9 pour celles et ceux souhaitant &hellip; Continuer la lecture de &laquo;&nbsp;Acc\u00e9dez au corps des attach\u00e9s gr\u00e2ce \u00e0 l&rsquo;examen professionnel !&nbsp;&raquo;","og_url":"https:\/\/unsa-paris.fr\/savp\/2025\/04\/03\/accedez-au-corps-des-attaches-grace-a-lexamen-professionnel\/","og_site_name":"Syndicat Autonome UNSA","article_published_time":"2025-04-03T09:18:34+00:00","article_modified_time":"2025-04-03T09:18:37+00:00","author":"UNSA SA","twitter_card":"summary_large_image","twitter_misc":{"\u00c9crit par":"UNSA SA","Dur\u00e9e de lecture estim\u00e9e":"2 minutes"},"schema":{"@context":"https:\/\/schema.org","@graph":[{"@type":"Article","@id":"https:\/\/unsa-paris.fr\/savp\/2025\/04\/03\/accedez-au-corps-des-attaches-grace-a-lexamen-professionnel\/#article","isPartOf":{"@id":"https:\/\/unsa-paris.fr\/savp\/2025\/04\/03\/accedez-au-corps-des-attaches-grace-a-lexamen-professionnel\/"},"author":{"name":"UNSA SA","@id":"https:\/\/unsa-paris.fr\/savp\/#\/schema\/person\/7253f5acb55b402d9149796390e7bdde"},"headline":"Acc\u00e9dez au corps des attach\u00e9s gr\u00e2ce \u00e0 l&rsquo;examen professionnel !","datePublished":"2025-04-03T09:18:34+00:00","dateModified":"2025-04-03T09:18:37+00:00","mainEntityOfPage":{"@id":"https:\/\/unsa-paris.fr\/savp\/2025\/04\/03\/accedez-au-corps-des-attaches-grace-a-lexamen-professionnel\/"},"wordCount":281,"commentCount":0,"publisher":{"@id":"https:\/\/unsa-paris.fr\/savp\/#organization"},"articleSection":["Carriere"],"inLanguage":"fr-FR","potentialAction":[{"@type":"CommentAction","name":"Comment","target":["https:\/\/unsa-paris.fr\/savp\/2025\/04\/03\/accedez-au-corps-des-attaches-grace-a-lexamen-professionnel\/#respond"]}]},{"@type":"WebPage","@id":"https:\/\/unsa-paris.fr\/savp\/2025\/04\/03\/accedez-au-corps-des-attaches-grace-a-lexamen-professionnel\/","url":"https:\/\/unsa-paris.fr\/savp\/2025\/04\/03\/accedez-au-corps-des-attaches-grace-a-lexamen-professionnel\/","name":"Acc\u00e9dez au corps des attach\u00e9s gr\u00e2ce \u00e0 l'examen professionnel ! - Syndicat Autonome UNSA","isPartOf":{"@id":"https:\/\/unsa-paris.fr\/savp\/#website"},"datePublished":"2025-04-03T09:18:34+00:00","dateModified":"2025-04-03T09:18:37+00:00","breadcrumb":{"@id":"https:\/\/unsa-paris.fr\/savp\/2025\/04\/03\/accedez-au-corps-des-attaches-grace-a-lexamen-professionnel\/#breadcrumb"},"inLanguage":"fr-FR","potentialAction":[{"@type":"ReadAction","target":["https:\/\/unsa-paris.fr\/savp\/2025\/04\/03\/accedez-au-corps-des-attaches-grace-a-lexamen-professionnel\/"]}]},{"@type":"BreadcrumbList","@id":"https:\/\/unsa-paris.fr\/savp\/2025\/04\/03\/accedez-au-corps-des-attaches-grace-a-lexamen-professionnel\/#breadcrumb","itemListElement":[{"@type":"ListItem","position":1,"name":"Accueil","item":"https:\/\/unsa-paris.fr\/savp\/"},{"@type":"ListItem","position":2,"name":"Acc\u00e9dez au corps des attach\u00e9s gr\u00e2ce \u00e0 l&rsquo;examen professionnel !"}]},{"@type":"WebSite","@id":"https:\/\/unsa-paris.fr\/savp\/#website","url":"https:\/\/unsa-paris.fr\/savp\/","name":"Syndicat Autonome UNSA","description":"Section des secr\u00e9taires administratifs et des techniciens sup\u00e9rieurs","publisher":{"@id":"https:\/\/unsa-paris.fr\/savp\/#organization"},"potentialAction":[{"@type":"SearchAction","target":{"@type":"EntryPoint","urlTemplate":"https:\/\/unsa-paris.fr\/savp\/?s={search_term_string}"},"query-input":{"@type":"PropertyValueSpecification","valueRequired":true,"valueName":"search_term_string"}}],"inLanguage":"fr-FR"},{"@type":"Organization","@id":"https:\/\/unsa-paris.fr\/savp\/#organization","name":"UNSA PARIS fili\u00e8re administrative","url":"https:\/\/unsa-paris.fr\/savp\/","logo":{"@type":"ImageObject","inLanguage":"fr-FR","@id":"https:\/\/unsa-paris.fr\/savp\/#\/schema\/logo\/image\/","url":"https:\/\/unsa-paris.fr\/savp\/wp-content\/uploads\/2020\/10\/Logo_UNSA-V6.png","contentUrl":"https:\/\/unsa-paris.fr\/savp\/wp-content\/uploads\/2020\/10\/Logo_UNSA-V6.png","width":986,"height":962,"caption":"UNSA PARIS fili\u00e8re administrative"},"image":{"@id":"https:\/\/unsa-paris.fr\/savp\/#\/schema\/logo\/image\/"}},{"@type":"Person","@id":"https:\/\/unsa-paris.fr\/savp\/#\/schema\/person\/7253f5acb55b402d9149796390e7bdde","name":"UNSA SA","image":{"@type":"ImageObject","inLanguage":"fr-FR","@id":"https:\/\/secure.gravatar.com\/avatar\/b78c582c0b7ba9a7147763b6638faa3db8f956662f0faffdc8b57058fad002f4?s=96&d=mm&r=g","url":"https:\/\/secure.gravatar.com\/avatar\/b78c582c0b7ba9a7147763b6638faa3db8f956662f0faffdc8b57058fad002f4?s=96&d=mm&r=g","contentUrl":"https:\/\/secure.gravatar.com\/avatar\/b78c582c0b7ba9a7147763b6638faa3db8f956662f0faffdc8b57058fad002f4?s=96&d=mm&r=g","caption":"UNSA SA"},"sameAs":["http:\/\/unsa-paris.fr\/savp"],"url":"https:\/\/unsa-paris.fr\/savp\/author\/fred\/"}]}},"_links":{"self":[{"href":"https:\/\/unsa-paris.fr\/savp\/wp-json\/wp\/v2\/posts\/2559","targetHints":{"allow":["GET"]}}],"collection":[{"href":"https:\/\/unsa-paris.fr\/savp\/wp-json\/wp\/v2\/posts"}],"about":[{"href":"https:\/\/unsa-paris.fr\/savp\/wp-json\/wp\/v2\/types\/post"}],"author":[{"embeddable":true,"href":"https:\/\/unsa-paris.fr\/savp\/wp-json\/wp\/v2\/users\/2"}],"replies":[{"embeddable":true,"href":"https:\/\/unsa-paris.fr\/savp\/wp-json\/wp\/v2\/comments?post=2559"}],"version-history":[{"count":3,"href":"https:\/\/unsa-paris.fr\/savp\/wp-json\/wp\/v2\/posts\/2559\/revisions"}],"predecessor-version":[{"id":2563,"href":"https:\/\/unsa-paris.fr\/savp\/wp-json\/wp\/v2\/posts\/2559\/revisions\/2563"}],"wp:attachment":[{"href":"https:\/\/unsa-paris.fr\/savp\/wp-json\/wp\/v2\/media?parent=2559"}],"wp:term":[{"taxonomy":"category","embeddable":true,"href":"https:\/\/unsa-paris.fr\/savp\/wp-json\/wp\/v2\/categories?post=2559"},{"taxonomy":"post_tag","embeddable":true,"href":"https:\/\/unsa-paris.fr\/savp\/wp-json\/wp\/v2\/tags?post=2559"}],"curies":[{"name":"wp","href":"https:\/\/api.w.org\/{rel}","templated":true}]}}