{"id":2513,"date":"2025-01-13T10:48:56","date_gmt":"2025-01-13T09:48:56","guid":{"rendered":"https:\/\/unsa-paris.fr\/savp\/?p=2513"},"modified":"2025-01-13T10:54:44","modified_gmt":"2025-01-13T09:54:44","slug":"calendrier-previsionnel-de-paie-2025","status":"publish","type":"post","link":"https:\/\/unsa-paris.fr\/savp\/2025\/01\/13\/calendrier-previsionnel-de-paie-2025\/","title":{"rendered":"Calendrier pr\u00e9visionnel de paie 2025"},"content":{"rendered":"\t\t<div data-elementor-type=\"wp-post\" data-elementor-id=\"2513\" class=\"elementor elementor-2513\">\n\t\t\t\t\t\t<section class=\"elementor-section elementor-top-section elementor-element elementor-element-46e6feaa elementor-section-boxed elementor-section-height-default elementor-section-height-default\" data-id=\"46e6feaa\" data-element_type=\"section\" data-e-type=\"section\">\n\t\t\t\t\t\t<div class=\"elementor-container elementor-column-gap-default\">\n\t\t\t\t\t<div class=\"elementor-column elementor-col-100 elementor-top-column elementor-element elementor-element-e217513\" data-id=\"e217513\" data-element_type=\"column\" data-e-type=\"column\">\n\t\t\t<div class=\"elementor-widget-wrap elementor-element-populated\">\n\t\t\t\t\t\t<div class=\"elementor-element elementor-element-418a248b elementor-widget elementor-widget-text-editor\" data-id=\"418a248b\" data-element_type=\"widget\" data-e-type=\"widget\" data-widget_type=\"text-editor.default\">\n\t\t\t\t<div class=\"elementor-widget-container\">\n\t\t\t\t\t\t\t\t\t\n<p class=\"has-medium-font-size\">Retrouvez <a href=\"https:\/\/unsa-paris.fr\/savp\/wp-content\/uploads\/2025\/01\/Calendrier_paie_2025.pdf\"><strong>ICI<\/strong><\/a> le calendrier de paie pr\u00e9visionnel de l\u2019ann\u00e9e 2025<\/p>\n\n\n\n<p><\/p>\n\t\t\t\t\t\t\t\t<\/div>\n\t\t\t\t<\/div>\n\t\t\t\t\t<\/div>\n\t\t<\/div>\n\t\t\t\t\t<\/div>\n\t\t<\/section>\n\t\t\t\t<\/div>\n\t\t","protected":false},"excerpt":{"rendered":"<p>Retrouvez ICI le calendrier de paie pr\u00e9visionnel de l\u2019ann\u00e9e 2025<\/p>\n","protected":false},"author":2,"featured_media":0,"comment_status":"open","ping_status":"open","sticky":false,"template":"","format":"standard","meta":{"footnotes":""},"categories":[14],"tags":[],"class_list":["post-2513","post","type-post","status-publish","format-standard","hentry","category-remuneration"],"yoast_head":"<!-- This site is optimized with the Yoast SEO plugin v27.5 - https:\/\/yoast.com\/product\/yoast-seo-wordpress\/ -->\n<title>Calendrier pr\u00e9visionnel de paie 2025 - Syndicat Autonome UNSA<\/title>\n<meta name=\"robots\" content=\"index, follow, max-snippet:-1, max-image-preview:large, max-video-preview:-1\" \/>\n<link rel=\"canonical\" href=\"https:\/\/unsa-paris.fr\/savp\/2025\/01\/13\/calendrier-previsionnel-de-paie-2025\/\" \/>\n<meta property=\"og:locale\" content=\"fr_FR\" \/>\n<meta property=\"og:type\" content=\"article\" \/>\n<meta property=\"og:title\" content=\"Calendrier pr\u00e9visionnel de paie 2025 - Syndicat Autonome UNSA\" \/>\n<meta property=\"og:description\" content=\"Retrouvez ICI le calendrier de paie pr\u00e9visionnel de l\u2019ann\u00e9e 2025\" \/>\n<meta property=\"og:url\" content=\"https:\/\/unsa-paris.fr\/savp\/2025\/01\/13\/calendrier-previsionnel-de-paie-2025\/\" \/>\n<meta property=\"og:site_name\" content=\"Syndicat Autonome UNSA\" \/>\n<meta property=\"article:published_time\" content=\"2025-01-13T09:48:56+00:00\" \/>\n<meta property=\"article:modified_time\" content=\"2025-01-13T09:54:44+00:00\" \/>\n<meta name=\"author\" content=\"UNSA SA\" \/>\n<meta name=\"twitter:card\" content=\"summary_large_image\" \/>\n<meta name=\"twitter:label1\" content=\"\u00c9crit par\" \/>\n\t<meta name=\"twitter:data1\" content=\"UNSA SA\" \/>\n\t<meta name=\"twitter:label2\" content=\"Dur\u00e9e de lecture estim\u00e9e\" \/>\n\t<meta name=\"twitter:data2\" content=\"1 minute\" \/>\n<script type=\"application\/ld+json\" class=\"yoast-schema-graph\">{\"@context\":\"https:\\\/\\\/schema.org\",\"@graph\":[{\"@type\":\"Article\",\"@id\":\"https:\\\/\\\/unsa-paris.fr\\\/savp\\\/2025\\\/01\\\/13\\\/calendrier-previsionnel-de-paie-2025\\\/#article\",\"isPartOf\":{\"@id\":\"https:\\\/\\\/unsa-paris.fr\\\/savp\\\/2025\\\/01\\\/13\\\/calendrier-previsionnel-de-paie-2025\\\/\"},\"author\":{\"name\":\"UNSA SA\",\"@id\":\"https:\\\/\\\/unsa-paris.fr\\\/savp\\\/#\\\/schema\\\/person\\\/7253f5acb55b402d9149796390e7bdde\"},\"headline\":\"Calendrier pr\u00e9visionnel de paie 2025\",\"datePublished\":\"2025-01-13T09:48:56+00:00\",\"dateModified\":\"2025-01-13T09:54:44+00:00\",\"mainEntityOfPage\":{\"@id\":\"https:\\\/\\\/unsa-paris.fr\\\/savp\\\/2025\\\/01\\\/13\\\/calendrier-previsionnel-de-paie-2025\\\/\"},\"wordCount\":17,\"commentCount\":0,\"publisher\":{\"@id\":\"https:\\\/\\\/unsa-paris.fr\\\/savp\\\/#organization\"},\"articleSection\":[\"R\u00e9mun\u00e9ration\"],\"inLanguage\":\"fr-FR\",\"potentialAction\":[{\"@type\":\"CommentAction\",\"name\":\"Comment\",\"target\":[\"https:\\\/\\\/unsa-paris.fr\\\/savp\\\/2025\\\/01\\\/13\\\/calendrier-previsionnel-de-paie-2025\\\/#respond\"]}]},{\"@type\":\"WebPage\",\"@id\":\"https:\\\/\\\/unsa-paris.fr\\\/savp\\\/2025\\\/01\\\/13\\\/calendrier-previsionnel-de-paie-2025\\\/\",\"url\":\"https:\\\/\\\/unsa-paris.fr\\\/savp\\\/2025\\\/01\\\/13\\\/calendrier-previsionnel-de-paie-2025\\\/\",\"name\":\"Calendrier pr\u00e9visionnel de paie 2025 - Syndicat Autonome UNSA\",\"isPartOf\":{\"@id\":\"https:\\\/\\\/unsa-paris.fr\\\/savp\\\/#website\"},\"datePublished\":\"2025-01-13T09:48:56+00:00\",\"dateModified\":\"2025-01-13T09:54:44+00:00\",\"breadcrumb\":{\"@id\":\"https:\\\/\\\/unsa-paris.fr\\\/savp\\\/2025\\\/01\\\/13\\\/calendrier-previsionnel-de-paie-2025\\\/#breadcrumb\"},\"inLanguage\":\"fr-FR\",\"potentialAction\":[{\"@type\":\"ReadAction\",\"target\":[\"https:\\\/\\\/unsa-paris.fr\\\/savp\\\/2025\\\/01\\\/13\\\/calendrier-previsionnel-de-paie-2025\\\/\"]}]},{\"@type\":\"BreadcrumbList\",\"@id\":\"https:\\\/\\\/unsa-paris.fr\\\/savp\\\/2025\\\/01\\\/13\\\/calendrier-previsionnel-de-paie-2025\\\/#breadcrumb\",\"itemListElement\":[{\"@type\":\"ListItem\",\"position\":1,\"name\":\"Accueil\",\"item\":\"https:\\\/\\\/unsa-paris.fr\\\/savp\\\/\"},{\"@type\":\"ListItem\",\"position\":2,\"name\":\"Calendrier pr\u00e9visionnel de paie 2025\"}]},{\"@type\":\"WebSite\",\"@id\":\"https:\\\/\\\/unsa-paris.fr\\\/savp\\\/#website\",\"url\":\"https:\\\/\\\/unsa-paris.fr\\\/savp\\\/\",\"name\":\"Syndicat Autonome UNSA\",\"description\":\"Section des secr\u00e9taires administratifs et des techniciens sup\u00e9rieurs\",\"publisher\":{\"@id\":\"https:\\\/\\\/unsa-paris.fr\\\/savp\\\/#organization\"},\"potentialAction\":[{\"@type\":\"SearchAction\",\"target\":{\"@type\":\"EntryPoint\",\"urlTemplate\":\"https:\\\/\\\/unsa-paris.fr\\\/savp\\\/?s={search_term_string}\"},\"query-input\":{\"@type\":\"PropertyValueSpecification\",\"valueRequired\":true,\"valueName\":\"search_term_string\"}}],\"inLanguage\":\"fr-FR\"},{\"@type\":\"Organization\",\"@id\":\"https:\\\/\\\/unsa-paris.fr\\\/savp\\\/#organization\",\"name\":\"UNSA PARIS fili\u00e8re administrative\",\"url\":\"https:\\\/\\\/unsa-paris.fr\\\/savp\\\/\",\"logo\":{\"@type\":\"ImageObject\",\"inLanguage\":\"fr-FR\",\"@id\":\"https:\\\/\\\/unsa-paris.fr\\\/savp\\\/#\\\/schema\\\/logo\\\/image\\\/\",\"url\":\"https:\\\/\\\/unsa-paris.fr\\\/savp\\\/wp-content\\\/uploads\\\/2020\\\/10\\\/Logo_UNSA-V6.png\",\"contentUrl\":\"https:\\\/\\\/unsa-paris.fr\\\/savp\\\/wp-content\\\/uploads\\\/2020\\\/10\\\/Logo_UNSA-V6.png\",\"width\":986,\"height\":962,\"caption\":\"UNSA PARIS fili\u00e8re administrative\"},\"image\":{\"@id\":\"https:\\\/\\\/unsa-paris.fr\\\/savp\\\/#\\\/schema\\\/logo\\\/image\\\/\"}},{\"@type\":\"Person\",\"@id\":\"https:\\\/\\\/unsa-paris.fr\\\/savp\\\/#\\\/schema\\\/person\\\/7253f5acb55b402d9149796390e7bdde\",\"name\":\"UNSA SA\",\"image\":{\"@type\":\"ImageObject\",\"inLanguage\":\"fr-FR\",\"@id\":\"https:\\\/\\\/secure.gravatar.com\\\/avatar\\\/b78c582c0b7ba9a7147763b6638faa3db8f956662f0faffdc8b57058fad002f4?s=96&d=mm&r=g\",\"url\":\"https:\\\/\\\/secure.gravatar.com\\\/avatar\\\/b78c582c0b7ba9a7147763b6638faa3db8f956662f0faffdc8b57058fad002f4?s=96&d=mm&r=g\",\"contentUrl\":\"https:\\\/\\\/secure.gravatar.com\\\/avatar\\\/b78c582c0b7ba9a7147763b6638faa3db8f956662f0faffdc8b57058fad002f4?s=96&d=mm&r=g\",\"caption\":\"UNSA SA\"},\"sameAs\":[\"http:\\\/\\\/unsa-paris.fr\\\/savp\"],\"url\":\"https:\\\/\\\/unsa-paris.fr\\\/savp\\\/author\\\/fred\\\/\"}]}<\/script>\n<!-- \/ Yoast SEO plugin. -->","yoast_head_json":{"title":"Calendrier pr\u00e9visionnel de paie 2025 - Syndicat Autonome UNSA","robots":{"index":"index","follow":"follow","max-snippet":"max-snippet:-1","max-image-preview":"max-image-preview:large","max-video-preview":"max-video-preview:-1"},"canonical":"https:\/\/unsa-paris.fr\/savp\/2025\/01\/13\/calendrier-previsionnel-de-paie-2025\/","og_locale":"fr_FR","og_type":"article","og_title":"Calendrier pr\u00e9visionnel de paie 2025 - Syndicat Autonome UNSA","og_description":"Retrouvez ICI le calendrier de paie pr\u00e9visionnel de l\u2019ann\u00e9e 2025","og_url":"https:\/\/unsa-paris.fr\/savp\/2025\/01\/13\/calendrier-previsionnel-de-paie-2025\/","og_site_name":"Syndicat Autonome UNSA","article_published_time":"2025-01-13T09:48:56+00:00","article_modified_time":"2025-01-13T09:54:44+00:00","author":"UNSA SA","twitter_card":"summary_large_image","twitter_misc":{"\u00c9crit par":"UNSA SA","Dur\u00e9e de lecture estim\u00e9e":"1 minute"},"schema":{"@context":"https:\/\/schema.org","@graph":[{"@type":"Article","@id":"https:\/\/unsa-paris.fr\/savp\/2025\/01\/13\/calendrier-previsionnel-de-paie-2025\/#article","isPartOf":{"@id":"https:\/\/unsa-paris.fr\/savp\/2025\/01\/13\/calendrier-previsionnel-de-paie-2025\/"},"author":{"name":"UNSA SA","@id":"https:\/\/unsa-paris.fr\/savp\/#\/schema\/person\/7253f5acb55b402d9149796390e7bdde"},"headline":"Calendrier pr\u00e9visionnel de paie 2025","datePublished":"2025-01-13T09:48:56+00:00","dateModified":"2025-01-13T09:54:44+00:00","mainEntityOfPage":{"@id":"https:\/\/unsa-paris.fr\/savp\/2025\/01\/13\/calendrier-previsionnel-de-paie-2025\/"},"wordCount":17,"commentCount":0,"publisher":{"@id":"https:\/\/unsa-paris.fr\/savp\/#organization"},"articleSection":["R\u00e9mun\u00e9ration"],"inLanguage":"fr-FR","potentialAction":[{"@type":"CommentAction","name":"Comment","target":["https:\/\/unsa-paris.fr\/savp\/2025\/01\/13\/calendrier-previsionnel-de-paie-2025\/#respond"]}]},{"@type":"WebPage","@id":"https:\/\/unsa-paris.fr\/savp\/2025\/01\/13\/calendrier-previsionnel-de-paie-2025\/","url":"https:\/\/unsa-paris.fr\/savp\/2025\/01\/13\/calendrier-previsionnel-de-paie-2025\/","name":"Calendrier pr\u00e9visionnel de paie 2025 - Syndicat Autonome UNSA","isPartOf":{"@id":"https:\/\/unsa-paris.fr\/savp\/#website"},"datePublished":"2025-01-13T09:48:56+00:00","dateModified":"2025-01-13T09:54:44+00:00","breadcrumb":{"@id":"https:\/\/unsa-paris.fr\/savp\/2025\/01\/13\/calendrier-previsionnel-de-paie-2025\/#breadcrumb"},"inLanguage":"fr-FR","potentialAction":[{"@type":"ReadAction","target":["https:\/\/unsa-paris.fr\/savp\/2025\/01\/13\/calendrier-previsionnel-de-paie-2025\/"]}]},{"@type":"BreadcrumbList","@id":"https:\/\/unsa-paris.fr\/savp\/2025\/01\/13\/calendrier-previsionnel-de-paie-2025\/#breadcrumb","itemListElement":[{"@type":"ListItem","position":1,"name":"Accueil","item":"https:\/\/unsa-paris.fr\/savp\/"},{"@type":"ListItem","position":2,"name":"Calendrier pr\u00e9visionnel de paie 2025"}]},{"@type":"WebSite","@id":"https:\/\/unsa-paris.fr\/savp\/#website","url":"https:\/\/unsa-paris.fr\/savp\/","name":"Syndicat Autonome UNSA","description":"Section des secr\u00e9taires administratifs et des techniciens sup\u00e9rieurs","publisher":{"@id":"https:\/\/unsa-paris.fr\/savp\/#organization"},"potentialAction":[{"@type":"SearchAction","target":{"@type":"EntryPoint","urlTemplate":"https:\/\/unsa-paris.fr\/savp\/?s={search_term_string}"},"query-input":{"@type":"PropertyValueSpecification","valueRequired":true,"valueName":"search_term_string"}}],"inLanguage":"fr-FR"},{"@type":"Organization","@id":"https:\/\/unsa-paris.fr\/savp\/#organization","name":"UNSA PARIS fili\u00e8re administrative","url":"https:\/\/unsa-paris.fr\/savp\/","logo":{"@type":"ImageObject","inLanguage":"fr-FR","@id":"https:\/\/unsa-paris.fr\/savp\/#\/schema\/logo\/image\/","url":"https:\/\/unsa-paris.fr\/savp\/wp-content\/uploads\/2020\/10\/Logo_UNSA-V6.png","contentUrl":"https:\/\/unsa-paris.fr\/savp\/wp-content\/uploads\/2020\/10\/Logo_UNSA-V6.png","width":986,"height":962,"caption":"UNSA PARIS fili\u00e8re administrative"},"image":{"@id":"https:\/\/unsa-paris.fr\/savp\/#\/schema\/logo\/image\/"}},{"@type":"Person","@id":"https:\/\/unsa-paris.fr\/savp\/#\/schema\/person\/7253f5acb55b402d9149796390e7bdde","name":"UNSA SA","image":{"@type":"ImageObject","inLanguage":"fr-FR","@id":"https:\/\/secure.gravatar.com\/avatar\/b78c582c0b7ba9a7147763b6638faa3db8f956662f0faffdc8b57058fad002f4?s=96&d=mm&r=g","url":"https:\/\/secure.gravatar.com\/avatar\/b78c582c0b7ba9a7147763b6638faa3db8f956662f0faffdc8b57058fad002f4?s=96&d=mm&r=g","contentUrl":"https:\/\/secure.gravatar.com\/avatar\/b78c582c0b7ba9a7147763b6638faa3db8f956662f0faffdc8b57058fad002f4?s=96&d=mm&r=g","caption":"UNSA SA"},"sameAs":["http:\/\/unsa-paris.fr\/savp"],"url":"https:\/\/unsa-paris.fr\/savp\/author\/fred\/"}]}},"_links":{"self":[{"href":"https:\/\/unsa-paris.fr\/savp\/wp-json\/wp\/v2\/posts\/2513","targetHints":{"allow":["GET"]}}],"collection":[{"href":"https:\/\/unsa-paris.fr\/savp\/wp-json\/wp\/v2\/posts"}],"about":[{"href":"https:\/\/unsa-paris.fr\/savp\/wp-json\/wp\/v2\/types\/post"}],"author":[{"embeddable":true,"href":"https:\/\/unsa-paris.fr\/savp\/wp-json\/wp\/v2\/users\/2"}],"replies":[{"embeddable":true,"href":"https:\/\/unsa-paris.fr\/savp\/wp-json\/wp\/v2\/comments?post=2513"}],"version-history":[{"count":8,"href":"https:\/\/unsa-paris.fr\/savp\/wp-json\/wp\/v2\/posts\/2513\/revisions"}],"predecessor-version":[{"id":2524,"href":"https:\/\/unsa-paris.fr\/savp\/wp-json\/wp\/v2\/posts\/2513\/revisions\/2524"}],"wp:attachment":[{"href":"https:\/\/unsa-paris.fr\/savp\/wp-json\/wp\/v2\/media?parent=2513"}],"wp:term":[{"taxonomy":"category","embeddable":true,"href":"https:\/\/unsa-paris.fr\/savp\/wp-json\/wp\/v2\/categories?post=2513"},{"taxonomy":"post_tag","embeddable":true,"href":"https:\/\/unsa-paris.fr\/savp\/wp-json\/wp\/v2\/tags?post=2513"}],"curies":[{"name":"wp","href":"https:\/\/api.w.org\/{rel}","templated":true}]}}