{"id":2435,"date":"2024-07-02T16:36:48","date_gmt":"2024-07-02T14:36:48","guid":{"rendered":"https:\/\/unsa-paris.fr\/savp\/?p=2435"},"modified":"2024-07-02T16:54:51","modified_gmt":"2024-07-02T14:54:51","slug":"battre-lextreme-droite-et-gagner-le-progres-social","status":"publish","type":"post","link":"https:\/\/unsa-paris.fr\/savp\/2024\/07\/02\/battre-lextreme-droite-et-gagner-le-progres-social\/","title":{"rendered":"Battre l\u2019extr\u00eame droite et gagner le progr\u00e8s social !"},"content":{"rendered":"\t\t<div data-elementor-type=\"wp-post\" data-elementor-id=\"2435\" class=\"elementor elementor-2435\">\n\t\t\t\t\t\t<section class=\"elementor-section elementor-top-section elementor-element elementor-element-79dcec7 elementor-section-boxed elementor-section-height-default elementor-section-height-default\" data-id=\"79dcec7\" data-element_type=\"section\" data-e-type=\"section\">\n\t\t\t\t\t\t<div class=\"elementor-container elementor-column-gap-default\">\n\t\t\t\t\t<div class=\"elementor-column elementor-col-100 elementor-top-column elementor-element elementor-element-ff89575\" data-id=\"ff89575\" data-element_type=\"column\" data-e-type=\"column\">\n\t\t\t<div class=\"elementor-widget-wrap elementor-element-populated\">\n\t\t\t\t\t\t<div class=\"elementor-element elementor-element-fe13f73 elementor-widget elementor-widget-heading\" data-id=\"fe13f73\" data-element_type=\"widget\" data-e-type=\"widget\" data-widget_type=\"heading.default\">\n\t\t\t\t<div class=\"elementor-widget-container\">\n\t\t\t\t\t<h3 class=\"elementor-heading-title elementor-size-default\">Les organisations syndicales CFDT, CGT, UNSA, FSU et Solidaires appellent \u00e0 un sursaut d\u00e9mocratique, social et r\u00e9publicain dans les urnes dimanche 7 juillet. <\/h3>\t\t\t\t<\/div>\n\t\t\t\t<\/div>\n\t\t\t\t<div class=\"elementor-element elementor-element-c164580 elementor-widget elementor-widget-heading\" data-id=\"c164580\" data-element_type=\"widget\" data-e-type=\"widget\" data-widget_type=\"heading.default\">\n\t\t\t\t<div class=\"elementor-widget-container\">\n\t\t\t\t\t<h5 class=\"elementor-heading-title elementor-size-default\">D\u00e9claration intersyndicale CFDT, CGT, UNSA, FSU, Solidaires du 1er juillet 2024<\/h5>\t\t\t\t<\/div>\n\t\t\t\t<\/div>\n\t\t\t\t<div class=\"elementor-element elementor-element-3d99a3b elementor-widget elementor-widget-text-editor\" data-id=\"3d99a3b\" data-element_type=\"widget\" data-e-type=\"widget\" data-widget_type=\"text-editor.default\">\n\t\t\t\t<div class=\"elementor-widget-container\">\n\t\t\t\t\t\t\t\t\t<p><span style=\"color: #000000;\">L\u2019extr\u00eame droite est arriv\u00e9e en t\u00eate des suffrages lors du premier tour des \u00e9lections l\u00e9gislatives. Ce r\u00e9sultat est une alerte inqui\u00e9tante. Mais rien n\u2019est jou\u00e9. Les organisations syndicales CFDT, CGT, UNSA, FSU et Solidaires appellent \u00e0 un sursaut d\u00e9mocratique, social et r\u00e9publicain dans les urnes dimanche 7 juillet.<\/span><\/p>\t\t\t\t\t\t\t\t<\/div>\n\t\t\t\t<\/div>\n\t\t\t\t<div class=\"elementor-element elementor-element-59665a7 elementor-widget elementor-widget-read-more\" data-id=\"59665a7\" data-element_type=\"widget\" data-e-type=\"widget\" data-widget_type=\"read-more.default\">\n\t\t\t\t<div class=\"elementor-widget-container\">\n\t\t\t\t\t<\/div><\/div><\/div><\/div><\/div><\/section><\/div> <a href=\"https:\/\/unsa-paris.fr\/savp\/2024\/07\/02\/battre-lextreme-droite-et-gagner-le-progres-social\/#more-2435\" class=\"more-link elementor-more-link\"><span aria-label=\"Poursuivre la lecture Battre l\u2019extr\u00eame droite et gagner le progr\u00e8s social !\">Poursuivre la lecture<\/span><\/a>","protected":false},"excerpt":{"rendered":"<p>Les organisations syndicales CFDT, CGT, UNSA, FSU et Solidaires appellent \u00e0 un sursaut d\u00e9mocratique, social et r\u00e9publicain dans les urnes dimanche 7 juillet. D\u00e9claration intersyndicale CFDT, CGT, UNSA, FSU, Solidaires &hellip; <a href=\"https:\/\/unsa-paris.fr\/savp\/2024\/07\/02\/battre-lextreme-droite-et-gagner-le-progres-social\/\" class=\"more-link\">Continuer la lecture<span class=\"screen-reader-text\"> de &laquo;&nbsp;Battre l\u2019extr\u00eame droite et gagner le progr\u00e8s social !&nbsp;&raquo;<\/span><\/a><\/p>\n","protected":false},"author":1,"featured_media":0,"comment_status":"open","ping_status":"open","sticky":false,"template":"","format":"standard","meta":{"footnotes":""},"categories":[1],"tags":[],"class_list":["post-2435","post","type-post","status-publish","format-standard","hentry","category-non-classe"],"yoast_head":"<!-- This site is optimized with the Yoast SEO plugin v27.4 - https:\/\/yoast.com\/product\/yoast-seo-wordpress\/ -->\n<title>Battre l\u2019extr\u00eame droite et gagner le progr\u00e8s social ! - Syndicat Autonome UNSA<\/title>\n<meta name=\"robots\" content=\"index, follow, max-snippet:-1, max-image-preview:large, max-video-preview:-1\" \/>\n<link rel=\"canonical\" href=\"https:\/\/unsa-paris.fr\/savp\/2024\/07\/02\/battre-lextreme-droite-et-gagner-le-progres-social\/\" \/>\n<meta property=\"og:locale\" content=\"fr_FR\" \/>\n<meta property=\"og:type\" content=\"article\" \/>\n<meta property=\"og:title\" content=\"Battre l\u2019extr\u00eame droite et gagner le progr\u00e8s social ! - Syndicat Autonome UNSA\" \/>\n<meta property=\"og:description\" content=\"Les organisations syndicales CFDT, CGT, UNSA, FSU et Solidaires appellent \u00e0 un sursaut d\u00e9mocratique, social et r\u00e9publicain dans les urnes dimanche 7 juillet. D\u00e9claration intersyndicale CFDT, CGT, UNSA, FSU, Solidaires &hellip; Continuer la lecture de &laquo;&nbsp;Battre l\u2019extr\u00eame droite et gagner le progr\u00e8s social !&nbsp;&raquo;\" \/>\n<meta property=\"og:url\" content=\"https:\/\/unsa-paris.fr\/savp\/2024\/07\/02\/battre-lextreme-droite-et-gagner-le-progres-social\/\" \/>\n<meta property=\"og:site_name\" content=\"Syndicat Autonome UNSA\" \/>\n<meta property=\"article:published_time\" content=\"2024-07-02T14:36:48+00:00\" \/>\n<meta property=\"article:modified_time\" content=\"2024-07-02T14:54:51+00:00\" \/>\n<meta property=\"og:image\" content=\"https:\/\/unsa-paris.fr\/savp\/wp-content\/plugins\/elementor\/assets\/images\/placeholder.png\" \/>\n<meta name=\"author\" content=\"militant\" \/>\n<meta name=\"twitter:card\" content=\"summary_large_image\" \/>\n<meta name=\"twitter:label1\" content=\"\u00c9crit par\" \/>\n\t<meta name=\"twitter:data1\" content=\"militant\" \/>\n\t<meta name=\"twitter:label2\" content=\"Dur\u00e9e de lecture estim\u00e9e\" \/>\n\t<meta name=\"twitter:data2\" content=\"3 minutes\" \/>\n<script type=\"application\/ld+json\" class=\"yoast-schema-graph\">{\"@context\":\"https:\\\/\\\/schema.org\",\"@graph\":[{\"@type\":\"Article\",\"@id\":\"https:\\\/\\\/unsa-paris.fr\\\/savp\\\/2024\\\/07\\\/02\\\/battre-lextreme-droite-et-gagner-le-progres-social\\\/#article\",\"isPartOf\":{\"@id\":\"https:\\\/\\\/unsa-paris.fr\\\/savp\\\/2024\\\/07\\\/02\\\/battre-lextreme-droite-et-gagner-le-progres-social\\\/\"},\"author\":{\"name\":\"militant\",\"@id\":\"https:\\\/\\\/unsa-paris.fr\\\/savp\\\/#\\\/schema\\\/person\\\/656755f73ac5921fc7e2e35124af2ae1\"},\"headline\":\"Battre l\u2019extr\u00eame droite et gagner le progr\u00e8s social !\",\"datePublished\":\"2024-07-02T14:36:48+00:00\",\"dateModified\":\"2024-07-02T14:54:51+00:00\",\"mainEntityOfPage\":{\"@id\":\"https:\\\/\\\/unsa-paris.fr\\\/savp\\\/2024\\\/07\\\/02\\\/battre-lextreme-droite-et-gagner-le-progres-social\\\/\"},\"wordCount\":411,\"commentCount\":0,\"publisher\":{\"@id\":\"https:\\\/\\\/unsa-paris.fr\\\/savp\\\/#organization\"},\"image\":{\"@id\":\"https:\\\/\\\/unsa-paris.fr\\\/savp\\\/2024\\\/07\\\/02\\\/battre-lextreme-droite-et-gagner-le-progres-social\\\/#primaryimage\"},\"thumbnailUrl\":\"https:\\\/\\\/unsa-paris.fr\\\/savp\\\/wp-content\\\/plugins\\\/elementor\\\/assets\\\/images\\\/placeholder.png\",\"articleSection\":[\"non-classe\"],\"inLanguage\":\"fr-FR\",\"potentialAction\":[{\"@type\":\"CommentAction\",\"name\":\"Comment\",\"target\":[\"https:\\\/\\\/unsa-paris.fr\\\/savp\\\/2024\\\/07\\\/02\\\/battre-lextreme-droite-et-gagner-le-progres-social\\\/#respond\"]}]},{\"@type\":\"WebPage\",\"@id\":\"https:\\\/\\\/unsa-paris.fr\\\/savp\\\/2024\\\/07\\\/02\\\/battre-lextreme-droite-et-gagner-le-progres-social\\\/\",\"url\":\"https:\\\/\\\/unsa-paris.fr\\\/savp\\\/2024\\\/07\\\/02\\\/battre-lextreme-droite-et-gagner-le-progres-social\\\/\",\"name\":\"Battre l\u2019extr\u00eame droite et gagner le progr\u00e8s social ! - Syndicat Autonome UNSA\",\"isPartOf\":{\"@id\":\"https:\\\/\\\/unsa-paris.fr\\\/savp\\\/#website\"},\"primaryImageOfPage\":{\"@id\":\"https:\\\/\\\/unsa-paris.fr\\\/savp\\\/2024\\\/07\\\/02\\\/battre-lextreme-droite-et-gagner-le-progres-social\\\/#primaryimage\"},\"image\":{\"@id\":\"https:\\\/\\\/unsa-paris.fr\\\/savp\\\/2024\\\/07\\\/02\\\/battre-lextreme-droite-et-gagner-le-progres-social\\\/#primaryimage\"},\"thumbnailUrl\":\"https:\\\/\\\/unsa-paris.fr\\\/savp\\\/wp-content\\\/plugins\\\/elementor\\\/assets\\\/images\\\/placeholder.png\",\"datePublished\":\"2024-07-02T14:36:48+00:00\",\"dateModified\":\"2024-07-02T14:54:51+00:00\",\"breadcrumb\":{\"@id\":\"https:\\\/\\\/unsa-paris.fr\\\/savp\\\/2024\\\/07\\\/02\\\/battre-lextreme-droite-et-gagner-le-progres-social\\\/#breadcrumb\"},\"inLanguage\":\"fr-FR\",\"potentialAction\":[{\"@type\":\"ReadAction\",\"target\":[\"https:\\\/\\\/unsa-paris.fr\\\/savp\\\/2024\\\/07\\\/02\\\/battre-lextreme-droite-et-gagner-le-progres-social\\\/\"]}]},{\"@type\":\"ImageObject\",\"inLanguage\":\"fr-FR\",\"@id\":\"https:\\\/\\\/unsa-paris.fr\\\/savp\\\/2024\\\/07\\\/02\\\/battre-lextreme-droite-et-gagner-le-progres-social\\\/#primaryimage\",\"url\":\"https:\\\/\\\/unsa-paris.fr\\\/savp\\\/wp-content\\\/plugins\\\/elementor\\\/assets\\\/images\\\/placeholder.png\",\"contentUrl\":\"https:\\\/\\\/unsa-paris.fr\\\/savp\\\/wp-content\\\/plugins\\\/elementor\\\/assets\\\/images\\\/placeholder.png\"},{\"@type\":\"BreadcrumbList\",\"@id\":\"https:\\\/\\\/unsa-paris.fr\\\/savp\\\/2024\\\/07\\\/02\\\/battre-lextreme-droite-et-gagner-le-progres-social\\\/#breadcrumb\",\"itemListElement\":[{\"@type\":\"ListItem\",\"position\":1,\"name\":\"Accueil\",\"item\":\"https:\\\/\\\/unsa-paris.fr\\\/savp\\\/\"},{\"@type\":\"ListItem\",\"position\":2,\"name\":\"Battre l\u2019extr\u00eame droite et gagner le progr\u00e8s social !\"}]},{\"@type\":\"WebSite\",\"@id\":\"https:\\\/\\\/unsa-paris.fr\\\/savp\\\/#website\",\"url\":\"https:\\\/\\\/unsa-paris.fr\\\/savp\\\/\",\"name\":\"Syndicat Autonome UNSA\",\"description\":\"Section des secr\u00e9taires administratifs et des techniciens sup\u00e9rieurs\",\"publisher\":{\"@id\":\"https:\\\/\\\/unsa-paris.fr\\\/savp\\\/#organization\"},\"potentialAction\":[{\"@type\":\"SearchAction\",\"target\":{\"@type\":\"EntryPoint\",\"urlTemplate\":\"https:\\\/\\\/unsa-paris.fr\\\/savp\\\/?s={search_term_string}\"},\"query-input\":{\"@type\":\"PropertyValueSpecification\",\"valueRequired\":true,\"valueName\":\"search_term_string\"}}],\"inLanguage\":\"fr-FR\"},{\"@type\":\"Organization\",\"@id\":\"https:\\\/\\\/unsa-paris.fr\\\/savp\\\/#organization\",\"name\":\"UNSA PARIS fili\u00e8re administrative\",\"url\":\"https:\\\/\\\/unsa-paris.fr\\\/savp\\\/\",\"logo\":{\"@type\":\"ImageObject\",\"inLanguage\":\"fr-FR\",\"@id\":\"https:\\\/\\\/unsa-paris.fr\\\/savp\\\/#\\\/schema\\\/logo\\\/image\\\/\",\"url\":\"https:\\\/\\\/unsa-paris.fr\\\/savp\\\/wp-content\\\/uploads\\\/2020\\\/10\\\/Logo_UNSA-V6.png\",\"contentUrl\":\"https:\\\/\\\/unsa-paris.fr\\\/savp\\\/wp-content\\\/uploads\\\/2020\\\/10\\\/Logo_UNSA-V6.png\",\"width\":986,\"height\":962,\"caption\":\"UNSA PARIS fili\u00e8re administrative\"},\"image\":{\"@id\":\"https:\\\/\\\/unsa-paris.fr\\\/savp\\\/#\\\/schema\\\/logo\\\/image\\\/\"}},{\"@type\":\"Person\",\"@id\":\"https:\\\/\\\/unsa-paris.fr\\\/savp\\\/#\\\/schema\\\/person\\\/656755f73ac5921fc7e2e35124af2ae1\",\"name\":\"militant\",\"image\":{\"@type\":\"ImageObject\",\"inLanguage\":\"fr-FR\",\"@id\":\"https:\\\/\\\/secure.gravatar.com\\\/avatar\\\/bafae66946efbf2980171a895ec279139a1dde2c6d953819f7e7270d582b48d2?s=96&d=mm&r=g\",\"url\":\"https:\\\/\\\/secure.gravatar.com\\\/avatar\\\/bafae66946efbf2980171a895ec279139a1dde2c6d953819f7e7270d582b48d2?s=96&d=mm&r=g\",\"contentUrl\":\"https:\\\/\\\/secure.gravatar.com\\\/avatar\\\/bafae66946efbf2980171a895ec279139a1dde2c6d953819f7e7270d582b48d2?s=96&d=mm&r=g\",\"caption\":\"militant\"},\"url\":\"https:\\\/\\\/unsa-paris.fr\\\/savp\\\/author\\\/militant\\\/\"}]}<\/script>\n<!-- \/ Yoast SEO plugin. -->","yoast_head_json":{"title":"Battre l\u2019extr\u00eame droite et gagner le progr\u00e8s social ! - Syndicat Autonome UNSA","robots":{"index":"index","follow":"follow","max-snippet":"max-snippet:-1","max-image-preview":"max-image-preview:large","max-video-preview":"max-video-preview:-1"},"canonical":"https:\/\/unsa-paris.fr\/savp\/2024\/07\/02\/battre-lextreme-droite-et-gagner-le-progres-social\/","og_locale":"fr_FR","og_type":"article","og_title":"Battre l\u2019extr\u00eame droite et gagner le progr\u00e8s social ! - Syndicat Autonome UNSA","og_description":"Les organisations syndicales CFDT, CGT, UNSA, FSU et Solidaires appellent \u00e0 un sursaut d\u00e9mocratique, social et r\u00e9publicain dans les urnes dimanche 7 juillet. D\u00e9claration intersyndicale CFDT, CGT, UNSA, FSU, Solidaires &hellip; Continuer la lecture de &laquo;&nbsp;Battre l\u2019extr\u00eame droite et gagner le progr\u00e8s social !&nbsp;&raquo;","og_url":"https:\/\/unsa-paris.fr\/savp\/2024\/07\/02\/battre-lextreme-droite-et-gagner-le-progres-social\/","og_site_name":"Syndicat Autonome UNSA","article_published_time":"2024-07-02T14:36:48+00:00","article_modified_time":"2024-07-02T14:54:51+00:00","og_image":[{"url":"https:\/\/unsa-paris.fr\/savp\/wp-content\/plugins\/elementor\/assets\/images\/placeholder.png","type":"","width":"","height":""}],"author":"militant","twitter_card":"summary_large_image","twitter_misc":{"\u00c9crit par":"militant","Dur\u00e9e de lecture estim\u00e9e":"3 minutes"},"schema":{"@context":"https:\/\/schema.org","@graph":[{"@type":"Article","@id":"https:\/\/unsa-paris.fr\/savp\/2024\/07\/02\/battre-lextreme-droite-et-gagner-le-progres-social\/#article","isPartOf":{"@id":"https:\/\/unsa-paris.fr\/savp\/2024\/07\/02\/battre-lextreme-droite-et-gagner-le-progres-social\/"},"author":{"name":"militant","@id":"https:\/\/unsa-paris.fr\/savp\/#\/schema\/person\/656755f73ac5921fc7e2e35124af2ae1"},"headline":"Battre l\u2019extr\u00eame droite et gagner le progr\u00e8s social !","datePublished":"2024-07-02T14:36:48+00:00","dateModified":"2024-07-02T14:54:51+00:00","mainEntityOfPage":{"@id":"https:\/\/unsa-paris.fr\/savp\/2024\/07\/02\/battre-lextreme-droite-et-gagner-le-progres-social\/"},"wordCount":411,"commentCount":0,"publisher":{"@id":"https:\/\/unsa-paris.fr\/savp\/#organization"},"image":{"@id":"https:\/\/unsa-paris.fr\/savp\/2024\/07\/02\/battre-lextreme-droite-et-gagner-le-progres-social\/#primaryimage"},"thumbnailUrl":"https:\/\/unsa-paris.fr\/savp\/wp-content\/plugins\/elementor\/assets\/images\/placeholder.png","articleSection":["non-classe"],"inLanguage":"fr-FR","potentialAction":[{"@type":"CommentAction","name":"Comment","target":["https:\/\/unsa-paris.fr\/savp\/2024\/07\/02\/battre-lextreme-droite-et-gagner-le-progres-social\/#respond"]}]},{"@type":"WebPage","@id":"https:\/\/unsa-paris.fr\/savp\/2024\/07\/02\/battre-lextreme-droite-et-gagner-le-progres-social\/","url":"https:\/\/unsa-paris.fr\/savp\/2024\/07\/02\/battre-lextreme-droite-et-gagner-le-progres-social\/","name":"Battre l\u2019extr\u00eame droite et gagner le progr\u00e8s social ! - Syndicat Autonome UNSA","isPartOf":{"@id":"https:\/\/unsa-paris.fr\/savp\/#website"},"primaryImageOfPage":{"@id":"https:\/\/unsa-paris.fr\/savp\/2024\/07\/02\/battre-lextreme-droite-et-gagner-le-progres-social\/#primaryimage"},"image":{"@id":"https:\/\/unsa-paris.fr\/savp\/2024\/07\/02\/battre-lextreme-droite-et-gagner-le-progres-social\/#primaryimage"},"thumbnailUrl":"https:\/\/unsa-paris.fr\/savp\/wp-content\/plugins\/elementor\/assets\/images\/placeholder.png","datePublished":"2024-07-02T14:36:48+00:00","dateModified":"2024-07-02T14:54:51+00:00","breadcrumb":{"@id":"https:\/\/unsa-paris.fr\/savp\/2024\/07\/02\/battre-lextreme-droite-et-gagner-le-progres-social\/#breadcrumb"},"inLanguage":"fr-FR","potentialAction":[{"@type":"ReadAction","target":["https:\/\/unsa-paris.fr\/savp\/2024\/07\/02\/battre-lextreme-droite-et-gagner-le-progres-social\/"]}]},{"@type":"ImageObject","inLanguage":"fr-FR","@id":"https:\/\/unsa-paris.fr\/savp\/2024\/07\/02\/battre-lextreme-droite-et-gagner-le-progres-social\/#primaryimage","url":"https:\/\/unsa-paris.fr\/savp\/wp-content\/plugins\/elementor\/assets\/images\/placeholder.png","contentUrl":"https:\/\/unsa-paris.fr\/savp\/wp-content\/plugins\/elementor\/assets\/images\/placeholder.png"},{"@type":"BreadcrumbList","@id":"https:\/\/unsa-paris.fr\/savp\/2024\/07\/02\/battre-lextreme-droite-et-gagner-le-progres-social\/#breadcrumb","itemListElement":[{"@type":"ListItem","position":1,"name":"Accueil","item":"https:\/\/unsa-paris.fr\/savp\/"},{"@type":"ListItem","position":2,"name":"Battre l\u2019extr\u00eame droite et gagner le progr\u00e8s social !"}]},{"@type":"WebSite","@id":"https:\/\/unsa-paris.fr\/savp\/#website","url":"https:\/\/unsa-paris.fr\/savp\/","name":"Syndicat Autonome UNSA","description":"Section des secr\u00e9taires administratifs et des techniciens sup\u00e9rieurs","publisher":{"@id":"https:\/\/unsa-paris.fr\/savp\/#organization"},"potentialAction":[{"@type":"SearchAction","target":{"@type":"EntryPoint","urlTemplate":"https:\/\/unsa-paris.fr\/savp\/?s={search_term_string}"},"query-input":{"@type":"PropertyValueSpecification","valueRequired":true,"valueName":"search_term_string"}}],"inLanguage":"fr-FR"},{"@type":"Organization","@id":"https:\/\/unsa-paris.fr\/savp\/#organization","name":"UNSA PARIS fili\u00e8re administrative","url":"https:\/\/unsa-paris.fr\/savp\/","logo":{"@type":"ImageObject","inLanguage":"fr-FR","@id":"https:\/\/unsa-paris.fr\/savp\/#\/schema\/logo\/image\/","url":"https:\/\/unsa-paris.fr\/savp\/wp-content\/uploads\/2020\/10\/Logo_UNSA-V6.png","contentUrl":"https:\/\/unsa-paris.fr\/savp\/wp-content\/uploads\/2020\/10\/Logo_UNSA-V6.png","width":986,"height":962,"caption":"UNSA PARIS fili\u00e8re administrative"},"image":{"@id":"https:\/\/unsa-paris.fr\/savp\/#\/schema\/logo\/image\/"}},{"@type":"Person","@id":"https:\/\/unsa-paris.fr\/savp\/#\/schema\/person\/656755f73ac5921fc7e2e35124af2ae1","name":"militant","image":{"@type":"ImageObject","inLanguage":"fr-FR","@id":"https:\/\/secure.gravatar.com\/avatar\/bafae66946efbf2980171a895ec279139a1dde2c6d953819f7e7270d582b48d2?s=96&d=mm&r=g","url":"https:\/\/secure.gravatar.com\/avatar\/bafae66946efbf2980171a895ec279139a1dde2c6d953819f7e7270d582b48d2?s=96&d=mm&r=g","contentUrl":"https:\/\/secure.gravatar.com\/avatar\/bafae66946efbf2980171a895ec279139a1dde2c6d953819f7e7270d582b48d2?s=96&d=mm&r=g","caption":"militant"},"url":"https:\/\/unsa-paris.fr\/savp\/author\/militant\/"}]}},"_links":{"self":[{"href":"https:\/\/unsa-paris.fr\/savp\/wp-json\/wp\/v2\/posts\/2435","targetHints":{"allow":["GET"]}}],"collection":[{"href":"https:\/\/unsa-paris.fr\/savp\/wp-json\/wp\/v2\/posts"}],"about":[{"href":"https:\/\/unsa-paris.fr\/savp\/wp-json\/wp\/v2\/types\/post"}],"author":[{"embeddable":true,"href":"https:\/\/unsa-paris.fr\/savp\/wp-json\/wp\/v2\/users\/1"}],"replies":[{"embeddable":true,"href":"https:\/\/unsa-paris.fr\/savp\/wp-json\/wp\/v2\/comments?post=2435"}],"version-history":[{"count":7,"href":"https:\/\/unsa-paris.fr\/savp\/wp-json\/wp\/v2\/posts\/2435\/revisions"}],"predecessor-version":[{"id":2443,"href":"https:\/\/unsa-paris.fr\/savp\/wp-json\/wp\/v2\/posts\/2435\/revisions\/2443"}],"wp:attachment":[{"href":"https:\/\/unsa-paris.fr\/savp\/wp-json\/wp\/v2\/media?parent=2435"}],"wp:term":[{"taxonomy":"category","embeddable":true,"href":"https:\/\/unsa-paris.fr\/savp\/wp-json\/wp\/v2\/categories?post=2435"},{"taxonomy":"post_tag","embeddable":true,"href":"https:\/\/unsa-paris.fr\/savp\/wp-json\/wp\/v2\/tags?post=2435"}],"curies":[{"name":"wp","href":"https:\/\/api.w.org\/{rel}","templated":true}]}}