{"id":2413,"date":"2024-05-14T17:06:00","date_gmt":"2024-05-14T15:06:00","guid":{"rendered":"https:\/\/unsa-paris.fr\/savp\/?p=2413"},"modified":"2024-05-14T23:27:54","modified_gmt":"2024-05-14T21:27:54","slug":"intersyndicale-interpellation-du-ministre-de-la-fonction-publique","status":"publish","type":"post","link":"https:\/\/unsa-paris.fr\/savp\/2024\/05\/14\/intersyndicale-interpellation-du-ministre-de-la-fonction-publique\/","title":{"rendered":"Intersyndicale : interpellation du ministre de la fonction publique"},"content":{"rendered":"\t\t<div data-elementor-type=\"wp-post\" data-elementor-id=\"2413\" class=\"elementor elementor-2413\">\n\t\t\t\t\t\t<section class=\"elementor-section elementor-top-section elementor-element elementor-element-424b0d6 elementor-section-boxed elementor-section-height-default elementor-section-height-default\" data-id=\"424b0d6\" data-element_type=\"section\" data-e-type=\"section\">\n\t\t\t\t\t\t<div class=\"elementor-container elementor-column-gap-default\">\n\t\t\t\t\t<div class=\"elementor-column elementor-col-100 elementor-top-column elementor-element elementor-element-b990424\" data-id=\"b990424\" data-element_type=\"column\" data-e-type=\"column\">\n\t\t\t<div class=\"elementor-widget-wrap elementor-element-populated\">\n\t\t\t\t\t\t<div class=\"elementor-element elementor-element-b84b252 elementor-widget elementor-widget-heading\" data-id=\"b84b252\" data-element_type=\"widget\" data-e-type=\"widget\" data-widget_type=\"heading.default\">\n\t\t\t\t<div class=\"elementor-widget-container\">\n\t\t\t\t\t<h3 class=\"elementor-heading-title elementor-size-default\">Les huit organisations syndicales repr\u00e9sentatives de la Fonction Publique interpellent le ministre de la transformation et de la fonction publiques quant au projet de loi sur la fonction publique.\n<\/h3>\t\t\t\t<\/div>\n\t\t\t\t<\/div>\n\t\t\t\t<div class=\"elementor-element elementor-element-e56498c elementor-widget elementor-widget-heading\" data-id=\"e56498c\" data-element_type=\"widget\" data-e-type=\"widget\" data-widget_type=\"heading.default\">\n\t\t\t\t<div class=\"elementor-widget-container\">\n\t\t\t\t\t<h3 class=\"elementor-heading-title elementor-size-default\">Elles rappellent leur exigence d'une mesure salariale pour 2024.<\/h3>\t\t\t\t<\/div>\n\t\t\t\t<\/div>\n\t\t\t\t<div class=\"elementor-element elementor-element-95299c8 elementor-widget elementor-widget-read-more\" data-id=\"95299c8\" data-element_type=\"widget\" data-e-type=\"widget\" data-widget_type=\"read-more.default\">\n\t\t\t\t<div class=\"elementor-widget-container\">\n\t\t\t\t\t<\/div><\/div><\/div><\/div><\/div><\/section><\/div> <a href=\"https:\/\/unsa-paris.fr\/savp\/2024\/05\/14\/intersyndicale-interpellation-du-ministre-de-la-fonction-publique\/#more-2413\" class=\"more-link elementor-more-link\"><span aria-label=\"Poursuivre la lecture Intersyndicale : interpellation du ministre de la fonction publique\">Poursuivre la lecture<\/span><\/a>","protected":false},"excerpt":{"rendered":"<p>Les huit organisations syndicales repr\u00e9sentatives de la Fonction Publique interpellent le ministre de la transformation et de la fonction publiques quant au projet de loi sur la fonction publique. Elles &hellip; <a href=\"https:\/\/unsa-paris.fr\/savp\/2024\/05\/14\/intersyndicale-interpellation-du-ministre-de-la-fonction-publique\/\" class=\"more-link\">Continuer la lecture<span class=\"screen-reader-text\"> de &laquo;&nbsp;Intersyndicale : interpellation du ministre de la fonction publique&nbsp;&raquo;<\/span><\/a><\/p>\n","protected":false},"author":1,"featured_media":0,"comment_status":"open","ping_status":"open","sticky":false,"template":"","format":"standard","meta":{"footnotes":""},"categories":[4,9,12,14],"tags":[],"class_list":["post-2413","post","type-post","status-publish","format-standard","hentry","category-carriere","category-communique","category-dialogue-social","category-remuneration"],"yoast_head":"<!-- This site is optimized with the Yoast SEO plugin v27.5 - https:\/\/yoast.com\/product\/yoast-seo-wordpress\/ -->\n<title>Intersyndicale : interpellation du ministre de la fonction publique - Syndicat Autonome UNSA<\/title>\n<meta name=\"robots\" content=\"index, follow, max-snippet:-1, max-image-preview:large, max-video-preview:-1\" \/>\n<link rel=\"canonical\" href=\"https:\/\/unsa-paris.fr\/savp\/2024\/05\/14\/intersyndicale-interpellation-du-ministre-de-la-fonction-publique\/\" \/>\n<meta property=\"og:locale\" content=\"fr_FR\" \/>\n<meta property=\"og:type\" content=\"article\" \/>\n<meta property=\"og:title\" content=\"Intersyndicale : interpellation du ministre de la fonction publique - Syndicat Autonome UNSA\" \/>\n<meta property=\"og:description\" content=\"Les huit organisations syndicales repr\u00e9sentatives de la Fonction Publique interpellent le ministre de la transformation et de la fonction publiques quant au projet de loi sur la fonction publique. Elles &hellip; Continuer la lecture de &laquo;&nbsp;Intersyndicale : interpellation du ministre de la fonction publique&nbsp;&raquo;\" \/>\n<meta property=\"og:url\" content=\"https:\/\/unsa-paris.fr\/savp\/2024\/05\/14\/intersyndicale-interpellation-du-ministre-de-la-fonction-publique\/\" \/>\n<meta property=\"og:site_name\" content=\"Syndicat Autonome UNSA\" \/>\n<meta property=\"article:published_time\" content=\"2024-05-14T15:06:00+00:00\" \/>\n<meta property=\"article:modified_time\" content=\"2024-05-14T21:27:54+00:00\" \/>\n<meta property=\"og:image\" content=\"https:\/\/unsa-paris.fr\/savp\/wp-content\/uploads\/2024\/05\/Intersyndi-lettre-au-ministre-de-la-fp-2024-724x1024.png\" \/>\n<meta name=\"author\" content=\"militant\" \/>\n<meta name=\"twitter:card\" content=\"summary_large_image\" \/>\n<meta name=\"twitter:label1\" content=\"\u00c9crit par\" \/>\n\t<meta name=\"twitter:data1\" content=\"militant\" \/>\n\t<meta name=\"twitter:label2\" content=\"Dur\u00e9e de lecture estim\u00e9e\" \/>\n\t<meta name=\"twitter:data2\" content=\"3 minutes\" \/>\n<script type=\"application\/ld+json\" class=\"yoast-schema-graph\">{\"@context\":\"https:\\\/\\\/schema.org\",\"@graph\":[{\"@type\":\"Article\",\"@id\":\"https:\\\/\\\/unsa-paris.fr\\\/savp\\\/2024\\\/05\\\/14\\\/intersyndicale-interpellation-du-ministre-de-la-fonction-publique\\\/#article\",\"isPartOf\":{\"@id\":\"https:\\\/\\\/unsa-paris.fr\\\/savp\\\/2024\\\/05\\\/14\\\/intersyndicale-interpellation-du-ministre-de-la-fonction-publique\\\/\"},\"author\":{\"name\":\"militant\",\"@id\":\"https:\\\/\\\/unsa-paris.fr\\\/savp\\\/#\\\/schema\\\/person\\\/656755f73ac5921fc7e2e35124af2ae1\"},\"headline\":\"Intersyndicale : interpellation du ministre de la fonction publique\",\"datePublished\":\"2024-05-14T15:06:00+00:00\",\"dateModified\":\"2024-05-14T21:27:54+00:00\",\"mainEntityOfPage\":{\"@id\":\"https:\\\/\\\/unsa-paris.fr\\\/savp\\\/2024\\\/05\\\/14\\\/intersyndicale-interpellation-du-ministre-de-la-fonction-publique\\\/\"},\"wordCount\":390,\"commentCount\":0,\"publisher\":{\"@id\":\"https:\\\/\\\/unsa-paris.fr\\\/savp\\\/#organization\"},\"image\":{\"@id\":\"https:\\\/\\\/unsa-paris.fr\\\/savp\\\/2024\\\/05\\\/14\\\/intersyndicale-interpellation-du-ministre-de-la-fonction-publique\\\/#primaryimage\"},\"thumbnailUrl\":\"https:\\\/\\\/unsa-paris.fr\\\/savp\\\/wp-content\\\/uploads\\\/2024\\\/05\\\/Intersyndi-lettre-au-ministre-de-la-fp-2024-724x1024.png\",\"articleSection\":[\"Carriere\",\"Communique\",\"Dialogue social\",\"R\u00e9mun\u00e9ration\"],\"inLanguage\":\"fr-FR\",\"potentialAction\":[{\"@type\":\"CommentAction\",\"name\":\"Comment\",\"target\":[\"https:\\\/\\\/unsa-paris.fr\\\/savp\\\/2024\\\/05\\\/14\\\/intersyndicale-interpellation-du-ministre-de-la-fonction-publique\\\/#respond\"]}]},{\"@type\":\"WebPage\",\"@id\":\"https:\\\/\\\/unsa-paris.fr\\\/savp\\\/2024\\\/05\\\/14\\\/intersyndicale-interpellation-du-ministre-de-la-fonction-publique\\\/\",\"url\":\"https:\\\/\\\/unsa-paris.fr\\\/savp\\\/2024\\\/05\\\/14\\\/intersyndicale-interpellation-du-ministre-de-la-fonction-publique\\\/\",\"name\":\"Intersyndicale : interpellation du ministre de la fonction publique - Syndicat Autonome UNSA\",\"isPartOf\":{\"@id\":\"https:\\\/\\\/unsa-paris.fr\\\/savp\\\/#website\"},\"primaryImageOfPage\":{\"@id\":\"https:\\\/\\\/unsa-paris.fr\\\/savp\\\/2024\\\/05\\\/14\\\/intersyndicale-interpellation-du-ministre-de-la-fonction-publique\\\/#primaryimage\"},\"image\":{\"@id\":\"https:\\\/\\\/unsa-paris.fr\\\/savp\\\/2024\\\/05\\\/14\\\/intersyndicale-interpellation-du-ministre-de-la-fonction-publique\\\/#primaryimage\"},\"thumbnailUrl\":\"https:\\\/\\\/unsa-paris.fr\\\/savp\\\/wp-content\\\/uploads\\\/2024\\\/05\\\/Intersyndi-lettre-au-ministre-de-la-fp-2024-724x1024.png\",\"datePublished\":\"2024-05-14T15:06:00+00:00\",\"dateModified\":\"2024-05-14T21:27:54+00:00\",\"breadcrumb\":{\"@id\":\"https:\\\/\\\/unsa-paris.fr\\\/savp\\\/2024\\\/05\\\/14\\\/intersyndicale-interpellation-du-ministre-de-la-fonction-publique\\\/#breadcrumb\"},\"inLanguage\":\"fr-FR\",\"potentialAction\":[{\"@type\":\"ReadAction\",\"target\":[\"https:\\\/\\\/unsa-paris.fr\\\/savp\\\/2024\\\/05\\\/14\\\/intersyndicale-interpellation-du-ministre-de-la-fonction-publique\\\/\"]}]},{\"@type\":\"ImageObject\",\"inLanguage\":\"fr-FR\",\"@id\":\"https:\\\/\\\/unsa-paris.fr\\\/savp\\\/2024\\\/05\\\/14\\\/intersyndicale-interpellation-du-ministre-de-la-fonction-publique\\\/#primaryimage\",\"url\":\"https:\\\/\\\/unsa-paris.fr\\\/savp\\\/wp-content\\\/uploads\\\/2024\\\/05\\\/Intersyndi-lettre-au-ministre-de-la-fp-2024.png\",\"contentUrl\":\"https:\\\/\\\/unsa-paris.fr\\\/savp\\\/wp-content\\\/uploads\\\/2024\\\/05\\\/Intersyndi-lettre-au-ministre-de-la-fp-2024.png\",\"width\":1654,\"height\":2339},{\"@type\":\"BreadcrumbList\",\"@id\":\"https:\\\/\\\/unsa-paris.fr\\\/savp\\\/2024\\\/05\\\/14\\\/intersyndicale-interpellation-du-ministre-de-la-fonction-publique\\\/#breadcrumb\",\"itemListElement\":[{\"@type\":\"ListItem\",\"position\":1,\"name\":\"Accueil\",\"item\":\"https:\\\/\\\/unsa-paris.fr\\\/savp\\\/\"},{\"@type\":\"ListItem\",\"position\":2,\"name\":\"Intersyndicale : interpellation du ministre de la fonction publique\"}]},{\"@type\":\"WebSite\",\"@id\":\"https:\\\/\\\/unsa-paris.fr\\\/savp\\\/#website\",\"url\":\"https:\\\/\\\/unsa-paris.fr\\\/savp\\\/\",\"name\":\"Syndicat Autonome UNSA\",\"description\":\"Section des secr\u00e9taires administratifs et des techniciens sup\u00e9rieurs\",\"publisher\":{\"@id\":\"https:\\\/\\\/unsa-paris.fr\\\/savp\\\/#organization\"},\"potentialAction\":[{\"@type\":\"SearchAction\",\"target\":{\"@type\":\"EntryPoint\",\"urlTemplate\":\"https:\\\/\\\/unsa-paris.fr\\\/savp\\\/?s={search_term_string}\"},\"query-input\":{\"@type\":\"PropertyValueSpecification\",\"valueRequired\":true,\"valueName\":\"search_term_string\"}}],\"inLanguage\":\"fr-FR\"},{\"@type\":\"Organization\",\"@id\":\"https:\\\/\\\/unsa-paris.fr\\\/savp\\\/#organization\",\"name\":\"UNSA PARIS fili\u00e8re administrative\",\"url\":\"https:\\\/\\\/unsa-paris.fr\\\/savp\\\/\",\"logo\":{\"@type\":\"ImageObject\",\"inLanguage\":\"fr-FR\",\"@id\":\"https:\\\/\\\/unsa-paris.fr\\\/savp\\\/#\\\/schema\\\/logo\\\/image\\\/\",\"url\":\"https:\\\/\\\/unsa-paris.fr\\\/savp\\\/wp-content\\\/uploads\\\/2020\\\/10\\\/Logo_UNSA-V6.png\",\"contentUrl\":\"https:\\\/\\\/unsa-paris.fr\\\/savp\\\/wp-content\\\/uploads\\\/2020\\\/10\\\/Logo_UNSA-V6.png\",\"width\":986,\"height\":962,\"caption\":\"UNSA PARIS fili\u00e8re administrative\"},\"image\":{\"@id\":\"https:\\\/\\\/unsa-paris.fr\\\/savp\\\/#\\\/schema\\\/logo\\\/image\\\/\"}},{\"@type\":\"Person\",\"@id\":\"https:\\\/\\\/unsa-paris.fr\\\/savp\\\/#\\\/schema\\\/person\\\/656755f73ac5921fc7e2e35124af2ae1\",\"name\":\"militant\",\"image\":{\"@type\":\"ImageObject\",\"inLanguage\":\"fr-FR\",\"@id\":\"https:\\\/\\\/secure.gravatar.com\\\/avatar\\\/bafae66946efbf2980171a895ec279139a1dde2c6d953819f7e7270d582b48d2?s=96&d=mm&r=g\",\"url\":\"https:\\\/\\\/secure.gravatar.com\\\/avatar\\\/bafae66946efbf2980171a895ec279139a1dde2c6d953819f7e7270d582b48d2?s=96&d=mm&r=g\",\"contentUrl\":\"https:\\\/\\\/secure.gravatar.com\\\/avatar\\\/bafae66946efbf2980171a895ec279139a1dde2c6d953819f7e7270d582b48d2?s=96&d=mm&r=g\",\"caption\":\"militant\"},\"url\":\"https:\\\/\\\/unsa-paris.fr\\\/savp\\\/author\\\/militant\\\/\"}]}<\/script>\n<!-- \/ Yoast SEO plugin. -->","yoast_head_json":{"title":"Intersyndicale : interpellation du ministre de la fonction publique - Syndicat Autonome UNSA","robots":{"index":"index","follow":"follow","max-snippet":"max-snippet:-1","max-image-preview":"max-image-preview:large","max-video-preview":"max-video-preview:-1"},"canonical":"https:\/\/unsa-paris.fr\/savp\/2024\/05\/14\/intersyndicale-interpellation-du-ministre-de-la-fonction-publique\/","og_locale":"fr_FR","og_type":"article","og_title":"Intersyndicale : interpellation du ministre de la fonction publique - Syndicat Autonome UNSA","og_description":"Les huit organisations syndicales repr\u00e9sentatives de la Fonction Publique interpellent le ministre de la transformation et de la fonction publiques quant au projet de loi sur la fonction publique. Elles &hellip; Continuer la lecture de &laquo;&nbsp;Intersyndicale : interpellation du ministre de la fonction publique&nbsp;&raquo;","og_url":"https:\/\/unsa-paris.fr\/savp\/2024\/05\/14\/intersyndicale-interpellation-du-ministre-de-la-fonction-publique\/","og_site_name":"Syndicat Autonome UNSA","article_published_time":"2024-05-14T15:06:00+00:00","article_modified_time":"2024-05-14T21:27:54+00:00","og_image":[{"url":"https:\/\/unsa-paris.fr\/savp\/wp-content\/uploads\/2024\/05\/Intersyndi-lettre-au-ministre-de-la-fp-2024-724x1024.png","type":"","width":"","height":""}],"author":"militant","twitter_card":"summary_large_image","twitter_misc":{"\u00c9crit par":"militant","Dur\u00e9e de lecture estim\u00e9e":"3 minutes"},"schema":{"@context":"https:\/\/schema.org","@graph":[{"@type":"Article","@id":"https:\/\/unsa-paris.fr\/savp\/2024\/05\/14\/intersyndicale-interpellation-du-ministre-de-la-fonction-publique\/#article","isPartOf":{"@id":"https:\/\/unsa-paris.fr\/savp\/2024\/05\/14\/intersyndicale-interpellation-du-ministre-de-la-fonction-publique\/"},"author":{"name":"militant","@id":"https:\/\/unsa-paris.fr\/savp\/#\/schema\/person\/656755f73ac5921fc7e2e35124af2ae1"},"headline":"Intersyndicale : interpellation du ministre de la fonction publique","datePublished":"2024-05-14T15:06:00+00:00","dateModified":"2024-05-14T21:27:54+00:00","mainEntityOfPage":{"@id":"https:\/\/unsa-paris.fr\/savp\/2024\/05\/14\/intersyndicale-interpellation-du-ministre-de-la-fonction-publique\/"},"wordCount":390,"commentCount":0,"publisher":{"@id":"https:\/\/unsa-paris.fr\/savp\/#organization"},"image":{"@id":"https:\/\/unsa-paris.fr\/savp\/2024\/05\/14\/intersyndicale-interpellation-du-ministre-de-la-fonction-publique\/#primaryimage"},"thumbnailUrl":"https:\/\/unsa-paris.fr\/savp\/wp-content\/uploads\/2024\/05\/Intersyndi-lettre-au-ministre-de-la-fp-2024-724x1024.png","articleSection":["Carriere","Communique","Dialogue social","R\u00e9mun\u00e9ration"],"inLanguage":"fr-FR","potentialAction":[{"@type":"CommentAction","name":"Comment","target":["https:\/\/unsa-paris.fr\/savp\/2024\/05\/14\/intersyndicale-interpellation-du-ministre-de-la-fonction-publique\/#respond"]}]},{"@type":"WebPage","@id":"https:\/\/unsa-paris.fr\/savp\/2024\/05\/14\/intersyndicale-interpellation-du-ministre-de-la-fonction-publique\/","url":"https:\/\/unsa-paris.fr\/savp\/2024\/05\/14\/intersyndicale-interpellation-du-ministre-de-la-fonction-publique\/","name":"Intersyndicale : interpellation du ministre de la fonction publique - Syndicat Autonome UNSA","isPartOf":{"@id":"https:\/\/unsa-paris.fr\/savp\/#website"},"primaryImageOfPage":{"@id":"https:\/\/unsa-paris.fr\/savp\/2024\/05\/14\/intersyndicale-interpellation-du-ministre-de-la-fonction-publique\/#primaryimage"},"image":{"@id":"https:\/\/unsa-paris.fr\/savp\/2024\/05\/14\/intersyndicale-interpellation-du-ministre-de-la-fonction-publique\/#primaryimage"},"thumbnailUrl":"https:\/\/unsa-paris.fr\/savp\/wp-content\/uploads\/2024\/05\/Intersyndi-lettre-au-ministre-de-la-fp-2024-724x1024.png","datePublished":"2024-05-14T15:06:00+00:00","dateModified":"2024-05-14T21:27:54+00:00","breadcrumb":{"@id":"https:\/\/unsa-paris.fr\/savp\/2024\/05\/14\/intersyndicale-interpellation-du-ministre-de-la-fonction-publique\/#breadcrumb"},"inLanguage":"fr-FR","potentialAction":[{"@type":"ReadAction","target":["https:\/\/unsa-paris.fr\/savp\/2024\/05\/14\/intersyndicale-interpellation-du-ministre-de-la-fonction-publique\/"]}]},{"@type":"ImageObject","inLanguage":"fr-FR","@id":"https:\/\/unsa-paris.fr\/savp\/2024\/05\/14\/intersyndicale-interpellation-du-ministre-de-la-fonction-publique\/#primaryimage","url":"https:\/\/unsa-paris.fr\/savp\/wp-content\/uploads\/2024\/05\/Intersyndi-lettre-au-ministre-de-la-fp-2024.png","contentUrl":"https:\/\/unsa-paris.fr\/savp\/wp-content\/uploads\/2024\/05\/Intersyndi-lettre-au-ministre-de-la-fp-2024.png","width":1654,"height":2339},{"@type":"BreadcrumbList","@id":"https:\/\/unsa-paris.fr\/savp\/2024\/05\/14\/intersyndicale-interpellation-du-ministre-de-la-fonction-publique\/#breadcrumb","itemListElement":[{"@type":"ListItem","position":1,"name":"Accueil","item":"https:\/\/unsa-paris.fr\/savp\/"},{"@type":"ListItem","position":2,"name":"Intersyndicale : interpellation du ministre de la fonction publique"}]},{"@type":"WebSite","@id":"https:\/\/unsa-paris.fr\/savp\/#website","url":"https:\/\/unsa-paris.fr\/savp\/","name":"Syndicat Autonome UNSA","description":"Section des secr\u00e9taires administratifs et des techniciens sup\u00e9rieurs","publisher":{"@id":"https:\/\/unsa-paris.fr\/savp\/#organization"},"potentialAction":[{"@type":"SearchAction","target":{"@type":"EntryPoint","urlTemplate":"https:\/\/unsa-paris.fr\/savp\/?s={search_term_string}"},"query-input":{"@type":"PropertyValueSpecification","valueRequired":true,"valueName":"search_term_string"}}],"inLanguage":"fr-FR"},{"@type":"Organization","@id":"https:\/\/unsa-paris.fr\/savp\/#organization","name":"UNSA PARIS fili\u00e8re administrative","url":"https:\/\/unsa-paris.fr\/savp\/","logo":{"@type":"ImageObject","inLanguage":"fr-FR","@id":"https:\/\/unsa-paris.fr\/savp\/#\/schema\/logo\/image\/","url":"https:\/\/unsa-paris.fr\/savp\/wp-content\/uploads\/2020\/10\/Logo_UNSA-V6.png","contentUrl":"https:\/\/unsa-paris.fr\/savp\/wp-content\/uploads\/2020\/10\/Logo_UNSA-V6.png","width":986,"height":962,"caption":"UNSA PARIS fili\u00e8re administrative"},"image":{"@id":"https:\/\/unsa-paris.fr\/savp\/#\/schema\/logo\/image\/"}},{"@type":"Person","@id":"https:\/\/unsa-paris.fr\/savp\/#\/schema\/person\/656755f73ac5921fc7e2e35124af2ae1","name":"militant","image":{"@type":"ImageObject","inLanguage":"fr-FR","@id":"https:\/\/secure.gravatar.com\/avatar\/bafae66946efbf2980171a895ec279139a1dde2c6d953819f7e7270d582b48d2?s=96&d=mm&r=g","url":"https:\/\/secure.gravatar.com\/avatar\/bafae66946efbf2980171a895ec279139a1dde2c6d953819f7e7270d582b48d2?s=96&d=mm&r=g","contentUrl":"https:\/\/secure.gravatar.com\/avatar\/bafae66946efbf2980171a895ec279139a1dde2c6d953819f7e7270d582b48d2?s=96&d=mm&r=g","caption":"militant"},"url":"https:\/\/unsa-paris.fr\/savp\/author\/militant\/"}]}},"_links":{"self":[{"href":"https:\/\/unsa-paris.fr\/savp\/wp-json\/wp\/v2\/posts\/2413","targetHints":{"allow":["GET"]}}],"collection":[{"href":"https:\/\/unsa-paris.fr\/savp\/wp-json\/wp\/v2\/posts"}],"about":[{"href":"https:\/\/unsa-paris.fr\/savp\/wp-json\/wp\/v2\/types\/post"}],"author":[{"embeddable":true,"href":"https:\/\/unsa-paris.fr\/savp\/wp-json\/wp\/v2\/users\/1"}],"replies":[{"embeddable":true,"href":"https:\/\/unsa-paris.fr\/savp\/wp-json\/wp\/v2\/comments?post=2413"}],"version-history":[{"count":10,"href":"https:\/\/unsa-paris.fr\/savp\/wp-json\/wp\/v2\/posts\/2413\/revisions"}],"predecessor-version":[{"id":2426,"href":"https:\/\/unsa-paris.fr\/savp\/wp-json\/wp\/v2\/posts\/2413\/revisions\/2426"}],"wp:attachment":[{"href":"https:\/\/unsa-paris.fr\/savp\/wp-json\/wp\/v2\/media?parent=2413"}],"wp:term":[{"taxonomy":"category","embeddable":true,"href":"https:\/\/unsa-paris.fr\/savp\/wp-json\/wp\/v2\/categories?post=2413"},{"taxonomy":"post_tag","embeddable":true,"href":"https:\/\/unsa-paris.fr\/savp\/wp-json\/wp\/v2\/tags?post=2413"}],"curies":[{"name":"wp","href":"https:\/\/api.w.org\/{rel}","templated":true}]}}