{"id":2393,"date":"2024-04-18T16:31:37","date_gmt":"2024-04-18T14:31:37","guid":{"rendered":"https:\/\/unsa-paris.fr\/savp\/?p=2393"},"modified":"2024-04-18T16:39:59","modified_gmt":"2024-04-18T14:39:59","slug":"les-agents-publics-ne-doivent-pas-etre-une-cible","status":"publish","type":"post","link":"https:\/\/unsa-paris.fr\/savp\/2024\/04\/18\/les-agents-publics-ne-doivent-pas-etre-une-cible\/","title":{"rendered":"Les agents publics ne doivent pas \u00eatre une cible !"},"content":{"rendered":"\t\t<div data-elementor-type=\"wp-post\" data-elementor-id=\"2393\" class=\"elementor elementor-2393\">\n\t\t\t\t\t\t<section class=\"elementor-section elementor-top-section elementor-element elementor-element-13b6f51 elementor-section-boxed elementor-section-height-default elementor-section-height-default\" data-id=\"13b6f51\" data-element_type=\"section\" data-e-type=\"section\">\n\t\t\t\t\t\t<div class=\"elementor-container elementor-column-gap-default\">\n\t\t\t\t\t<div class=\"elementor-column elementor-col-100 elementor-top-column elementor-element elementor-element-476a46b\" data-id=\"476a46b\" data-element_type=\"column\" data-e-type=\"column\">\n\t\t\t<div class=\"elementor-widget-wrap elementor-element-populated\">\n\t\t\t\t\t\t<div class=\"elementor-element elementor-element-c4abc1c elementor-widget elementor-widget-heading\" data-id=\"c4abc1c\" data-element_type=\"widget\" data-e-type=\"widget\" data-widget_type=\"heading.default\">\n\t\t\t\t<div class=\"elementor-widget-container\">\n\t\t\t\t\t<h3 class=\"elementor-heading-title elementor-size-default\">L\u2019UNSA Fonction Publique d\u00e9nonce les propos de Stanislas Gu\u00e9rini, dans les m\u00e9dias, sur sa future loi.<\/h3>\t\t\t\t<\/div>\n\t\t\t\t<\/div>\n\t\t\t\t<div class=\"elementor-element elementor-element-e98d00e elementor-widget elementor-widget-text-editor\" data-id=\"e98d00e\" data-element_type=\"widget\" data-e-type=\"widget\" data-widget_type=\"text-editor.default\">\n\t\t\t\t<div class=\"elementor-widget-container\">\n\t\t\t\t\t\t\t\t\t<p><span style=\"color: #000000;\">Au lendemain de l\u2019ouverture d\u2019une concertation sur un nouveau projet de loi Fonction Publique, le ministre de la Transformation et de la Fonction publiques s\u2019est exprim\u00e9 dans les m\u00e9dias pour d\u00e9voiler les vrais objectifs de cette loi.<\/span><\/p>\t\t\t\t\t\t\t\t<\/div>\n\t\t\t\t<\/div>\n\t\t\t\t<div class=\"elementor-element elementor-element-2e07857 elementor-widget elementor-widget-read-more\" data-id=\"2e07857\" data-element_type=\"widget\" data-e-type=\"widget\" data-widget_type=\"read-more.default\">\n\t\t\t\t<div class=\"elementor-widget-container\">\n\t\t\t\t\t<\/div><\/div><\/div><\/div><\/div><\/section><\/div> <a href=\"https:\/\/unsa-paris.fr\/savp\/2024\/04\/18\/les-agents-publics-ne-doivent-pas-etre-une-cible\/#more-2393\" class=\"more-link elementor-more-link\"><span aria-label=\"Poursuivre la lecture Les agents publics ne doivent pas \u00eatre une cible !\">Poursuivre la lecture<\/span><\/a>","protected":false},"excerpt":{"rendered":"<p>L\u2019UNSA Fonction Publique d\u00e9nonce les propos de Stanislas Gu\u00e9rini, dans les m\u00e9dias, sur sa future loi. Au lendemain de l\u2019ouverture d\u2019une concertation sur un nouveau projet de loi Fonction Publique, &hellip; <a href=\"https:\/\/unsa-paris.fr\/savp\/2024\/04\/18\/les-agents-publics-ne-doivent-pas-etre-une-cible\/\" class=\"more-link\">Continuer la lecture<span class=\"screen-reader-text\"> de &laquo;&nbsp;Les agents publics ne doivent pas \u00eatre une cible !&nbsp;&raquo;<\/span><\/a><\/p>\n","protected":false},"author":1,"featured_media":0,"comment_status":"open","ping_status":"open","sticky":false,"template":"","format":"standard","meta":{"footnotes":""},"categories":[9,1],"tags":[],"class_list":["post-2393","post","type-post","status-publish","format-standard","hentry","category-communique","category-non-classe"],"yoast_head":"<!-- This site is optimized with the Yoast SEO plugin v27.4 - https:\/\/yoast.com\/product\/yoast-seo-wordpress\/ -->\n<title>Les agents publics ne doivent pas \u00eatre une cible ! - Syndicat Autonome UNSA<\/title>\n<meta name=\"robots\" content=\"index, follow, max-snippet:-1, max-image-preview:large, max-video-preview:-1\" \/>\n<link rel=\"canonical\" href=\"https:\/\/unsa-paris.fr\/savp\/2024\/04\/18\/les-agents-publics-ne-doivent-pas-etre-une-cible\/\" \/>\n<meta property=\"og:locale\" content=\"fr_FR\" \/>\n<meta property=\"og:type\" content=\"article\" \/>\n<meta property=\"og:title\" content=\"Les agents publics ne doivent pas \u00eatre une cible ! - Syndicat Autonome UNSA\" \/>\n<meta property=\"og:description\" content=\"L\u2019UNSA Fonction Publique d\u00e9nonce les propos de Stanislas Gu\u00e9rini, dans les m\u00e9dias, sur sa future loi. Au lendemain de l\u2019ouverture d\u2019une concertation sur un nouveau projet de loi Fonction Publique, &hellip; Continuer la lecture de &laquo;&nbsp;Les agents publics ne doivent pas \u00eatre une cible !&nbsp;&raquo;\" \/>\n<meta property=\"og:url\" content=\"https:\/\/unsa-paris.fr\/savp\/2024\/04\/18\/les-agents-publics-ne-doivent-pas-etre-une-cible\/\" \/>\n<meta property=\"og:site_name\" content=\"Syndicat Autonome UNSA\" \/>\n<meta property=\"article:published_time\" content=\"2024-04-18T14:31:37+00:00\" \/>\n<meta property=\"article:modified_time\" content=\"2024-04-18T14:39:59+00:00\" \/>\n<meta name=\"author\" content=\"militant\" \/>\n<meta name=\"twitter:card\" content=\"summary_large_image\" \/>\n<meta name=\"twitter:label1\" content=\"\u00c9crit par\" \/>\n\t<meta name=\"twitter:data1\" content=\"militant\" \/>\n\t<meta name=\"twitter:label2\" content=\"Dur\u00e9e de lecture estim\u00e9e\" \/>\n\t<meta name=\"twitter:data2\" content=\"2 minutes\" \/>\n<script type=\"application\/ld+json\" class=\"yoast-schema-graph\">{\"@context\":\"https:\\\/\\\/schema.org\",\"@graph\":[{\"@type\":\"Article\",\"@id\":\"https:\\\/\\\/unsa-paris.fr\\\/savp\\\/2024\\\/04\\\/18\\\/les-agents-publics-ne-doivent-pas-etre-une-cible\\\/#article\",\"isPartOf\":{\"@id\":\"https:\\\/\\\/unsa-paris.fr\\\/savp\\\/2024\\\/04\\\/18\\\/les-agents-publics-ne-doivent-pas-etre-une-cible\\\/\"},\"author\":{\"name\":\"militant\",\"@id\":\"https:\\\/\\\/unsa-paris.fr\\\/savp\\\/#\\\/schema\\\/person\\\/656755f73ac5921fc7e2e35124af2ae1\"},\"headline\":\"Les agents publics ne doivent pas \u00eatre une cible !\",\"datePublished\":\"2024-04-18T14:31:37+00:00\",\"dateModified\":\"2024-04-18T14:39:59+00:00\",\"mainEntityOfPage\":{\"@id\":\"https:\\\/\\\/unsa-paris.fr\\\/savp\\\/2024\\\/04\\\/18\\\/les-agents-publics-ne-doivent-pas-etre-une-cible\\\/\"},\"wordCount\":268,\"commentCount\":0,\"publisher\":{\"@id\":\"https:\\\/\\\/unsa-paris.fr\\\/savp\\\/#organization\"},\"articleSection\":[\"Communique\",\"non-classe\"],\"inLanguage\":\"fr-FR\",\"potentialAction\":[{\"@type\":\"CommentAction\",\"name\":\"Comment\",\"target\":[\"https:\\\/\\\/unsa-paris.fr\\\/savp\\\/2024\\\/04\\\/18\\\/les-agents-publics-ne-doivent-pas-etre-une-cible\\\/#respond\"]}]},{\"@type\":\"WebPage\",\"@id\":\"https:\\\/\\\/unsa-paris.fr\\\/savp\\\/2024\\\/04\\\/18\\\/les-agents-publics-ne-doivent-pas-etre-une-cible\\\/\",\"url\":\"https:\\\/\\\/unsa-paris.fr\\\/savp\\\/2024\\\/04\\\/18\\\/les-agents-publics-ne-doivent-pas-etre-une-cible\\\/\",\"name\":\"Les agents publics ne doivent pas \u00eatre une cible ! - Syndicat Autonome UNSA\",\"isPartOf\":{\"@id\":\"https:\\\/\\\/unsa-paris.fr\\\/savp\\\/#website\"},\"datePublished\":\"2024-04-18T14:31:37+00:00\",\"dateModified\":\"2024-04-18T14:39:59+00:00\",\"breadcrumb\":{\"@id\":\"https:\\\/\\\/unsa-paris.fr\\\/savp\\\/2024\\\/04\\\/18\\\/les-agents-publics-ne-doivent-pas-etre-une-cible\\\/#breadcrumb\"},\"inLanguage\":\"fr-FR\",\"potentialAction\":[{\"@type\":\"ReadAction\",\"target\":[\"https:\\\/\\\/unsa-paris.fr\\\/savp\\\/2024\\\/04\\\/18\\\/les-agents-publics-ne-doivent-pas-etre-une-cible\\\/\"]}]},{\"@type\":\"BreadcrumbList\",\"@id\":\"https:\\\/\\\/unsa-paris.fr\\\/savp\\\/2024\\\/04\\\/18\\\/les-agents-publics-ne-doivent-pas-etre-une-cible\\\/#breadcrumb\",\"itemListElement\":[{\"@type\":\"ListItem\",\"position\":1,\"name\":\"Accueil\",\"item\":\"https:\\\/\\\/unsa-paris.fr\\\/savp\\\/\"},{\"@type\":\"ListItem\",\"position\":2,\"name\":\"Les agents publics ne doivent pas \u00eatre une cible !\"}]},{\"@type\":\"WebSite\",\"@id\":\"https:\\\/\\\/unsa-paris.fr\\\/savp\\\/#website\",\"url\":\"https:\\\/\\\/unsa-paris.fr\\\/savp\\\/\",\"name\":\"Syndicat Autonome UNSA\",\"description\":\"Section des secr\u00e9taires administratifs et des techniciens sup\u00e9rieurs\",\"publisher\":{\"@id\":\"https:\\\/\\\/unsa-paris.fr\\\/savp\\\/#organization\"},\"potentialAction\":[{\"@type\":\"SearchAction\",\"target\":{\"@type\":\"EntryPoint\",\"urlTemplate\":\"https:\\\/\\\/unsa-paris.fr\\\/savp\\\/?s={search_term_string}\"},\"query-input\":{\"@type\":\"PropertyValueSpecification\",\"valueRequired\":true,\"valueName\":\"search_term_string\"}}],\"inLanguage\":\"fr-FR\"},{\"@type\":\"Organization\",\"@id\":\"https:\\\/\\\/unsa-paris.fr\\\/savp\\\/#organization\",\"name\":\"UNSA PARIS fili\u00e8re administrative\",\"url\":\"https:\\\/\\\/unsa-paris.fr\\\/savp\\\/\",\"logo\":{\"@type\":\"ImageObject\",\"inLanguage\":\"fr-FR\",\"@id\":\"https:\\\/\\\/unsa-paris.fr\\\/savp\\\/#\\\/schema\\\/logo\\\/image\\\/\",\"url\":\"https:\\\/\\\/unsa-paris.fr\\\/savp\\\/wp-content\\\/uploads\\\/2020\\\/10\\\/Logo_UNSA-V6.png\",\"contentUrl\":\"https:\\\/\\\/unsa-paris.fr\\\/savp\\\/wp-content\\\/uploads\\\/2020\\\/10\\\/Logo_UNSA-V6.png\",\"width\":986,\"height\":962,\"caption\":\"UNSA PARIS fili\u00e8re administrative\"},\"image\":{\"@id\":\"https:\\\/\\\/unsa-paris.fr\\\/savp\\\/#\\\/schema\\\/logo\\\/image\\\/\"}},{\"@type\":\"Person\",\"@id\":\"https:\\\/\\\/unsa-paris.fr\\\/savp\\\/#\\\/schema\\\/person\\\/656755f73ac5921fc7e2e35124af2ae1\",\"name\":\"militant\",\"image\":{\"@type\":\"ImageObject\",\"inLanguage\":\"fr-FR\",\"@id\":\"https:\\\/\\\/secure.gravatar.com\\\/avatar\\\/bafae66946efbf2980171a895ec279139a1dde2c6d953819f7e7270d582b48d2?s=96&d=mm&r=g\",\"url\":\"https:\\\/\\\/secure.gravatar.com\\\/avatar\\\/bafae66946efbf2980171a895ec279139a1dde2c6d953819f7e7270d582b48d2?s=96&d=mm&r=g\",\"contentUrl\":\"https:\\\/\\\/secure.gravatar.com\\\/avatar\\\/bafae66946efbf2980171a895ec279139a1dde2c6d953819f7e7270d582b48d2?s=96&d=mm&r=g\",\"caption\":\"militant\"},\"url\":\"https:\\\/\\\/unsa-paris.fr\\\/savp\\\/author\\\/militant\\\/\"}]}<\/script>\n<!-- \/ Yoast SEO plugin. -->","yoast_head_json":{"title":"Les agents publics ne doivent pas \u00eatre une cible ! - Syndicat Autonome UNSA","robots":{"index":"index","follow":"follow","max-snippet":"max-snippet:-1","max-image-preview":"max-image-preview:large","max-video-preview":"max-video-preview:-1"},"canonical":"https:\/\/unsa-paris.fr\/savp\/2024\/04\/18\/les-agents-publics-ne-doivent-pas-etre-une-cible\/","og_locale":"fr_FR","og_type":"article","og_title":"Les agents publics ne doivent pas \u00eatre une cible ! - Syndicat Autonome UNSA","og_description":"L\u2019UNSA Fonction Publique d\u00e9nonce les propos de Stanislas Gu\u00e9rini, dans les m\u00e9dias, sur sa future loi. Au lendemain de l\u2019ouverture d\u2019une concertation sur un nouveau projet de loi Fonction Publique, &hellip; Continuer la lecture de &laquo;&nbsp;Les agents publics ne doivent pas \u00eatre une cible !&nbsp;&raquo;","og_url":"https:\/\/unsa-paris.fr\/savp\/2024\/04\/18\/les-agents-publics-ne-doivent-pas-etre-une-cible\/","og_site_name":"Syndicat Autonome UNSA","article_published_time":"2024-04-18T14:31:37+00:00","article_modified_time":"2024-04-18T14:39:59+00:00","author":"militant","twitter_card":"summary_large_image","twitter_misc":{"\u00c9crit par":"militant","Dur\u00e9e de lecture estim\u00e9e":"2 minutes"},"schema":{"@context":"https:\/\/schema.org","@graph":[{"@type":"Article","@id":"https:\/\/unsa-paris.fr\/savp\/2024\/04\/18\/les-agents-publics-ne-doivent-pas-etre-une-cible\/#article","isPartOf":{"@id":"https:\/\/unsa-paris.fr\/savp\/2024\/04\/18\/les-agents-publics-ne-doivent-pas-etre-une-cible\/"},"author":{"name":"militant","@id":"https:\/\/unsa-paris.fr\/savp\/#\/schema\/person\/656755f73ac5921fc7e2e35124af2ae1"},"headline":"Les agents publics ne doivent pas \u00eatre une cible !","datePublished":"2024-04-18T14:31:37+00:00","dateModified":"2024-04-18T14:39:59+00:00","mainEntityOfPage":{"@id":"https:\/\/unsa-paris.fr\/savp\/2024\/04\/18\/les-agents-publics-ne-doivent-pas-etre-une-cible\/"},"wordCount":268,"commentCount":0,"publisher":{"@id":"https:\/\/unsa-paris.fr\/savp\/#organization"},"articleSection":["Communique","non-classe"],"inLanguage":"fr-FR","potentialAction":[{"@type":"CommentAction","name":"Comment","target":["https:\/\/unsa-paris.fr\/savp\/2024\/04\/18\/les-agents-publics-ne-doivent-pas-etre-une-cible\/#respond"]}]},{"@type":"WebPage","@id":"https:\/\/unsa-paris.fr\/savp\/2024\/04\/18\/les-agents-publics-ne-doivent-pas-etre-une-cible\/","url":"https:\/\/unsa-paris.fr\/savp\/2024\/04\/18\/les-agents-publics-ne-doivent-pas-etre-une-cible\/","name":"Les agents publics ne doivent pas \u00eatre une cible ! - Syndicat Autonome UNSA","isPartOf":{"@id":"https:\/\/unsa-paris.fr\/savp\/#website"},"datePublished":"2024-04-18T14:31:37+00:00","dateModified":"2024-04-18T14:39:59+00:00","breadcrumb":{"@id":"https:\/\/unsa-paris.fr\/savp\/2024\/04\/18\/les-agents-publics-ne-doivent-pas-etre-une-cible\/#breadcrumb"},"inLanguage":"fr-FR","potentialAction":[{"@type":"ReadAction","target":["https:\/\/unsa-paris.fr\/savp\/2024\/04\/18\/les-agents-publics-ne-doivent-pas-etre-une-cible\/"]}]},{"@type":"BreadcrumbList","@id":"https:\/\/unsa-paris.fr\/savp\/2024\/04\/18\/les-agents-publics-ne-doivent-pas-etre-une-cible\/#breadcrumb","itemListElement":[{"@type":"ListItem","position":1,"name":"Accueil","item":"https:\/\/unsa-paris.fr\/savp\/"},{"@type":"ListItem","position":2,"name":"Les agents publics ne doivent pas \u00eatre une cible !"}]},{"@type":"WebSite","@id":"https:\/\/unsa-paris.fr\/savp\/#website","url":"https:\/\/unsa-paris.fr\/savp\/","name":"Syndicat Autonome UNSA","description":"Section des secr\u00e9taires administratifs et des techniciens sup\u00e9rieurs","publisher":{"@id":"https:\/\/unsa-paris.fr\/savp\/#organization"},"potentialAction":[{"@type":"SearchAction","target":{"@type":"EntryPoint","urlTemplate":"https:\/\/unsa-paris.fr\/savp\/?s={search_term_string}"},"query-input":{"@type":"PropertyValueSpecification","valueRequired":true,"valueName":"search_term_string"}}],"inLanguage":"fr-FR"},{"@type":"Organization","@id":"https:\/\/unsa-paris.fr\/savp\/#organization","name":"UNSA PARIS fili\u00e8re administrative","url":"https:\/\/unsa-paris.fr\/savp\/","logo":{"@type":"ImageObject","inLanguage":"fr-FR","@id":"https:\/\/unsa-paris.fr\/savp\/#\/schema\/logo\/image\/","url":"https:\/\/unsa-paris.fr\/savp\/wp-content\/uploads\/2020\/10\/Logo_UNSA-V6.png","contentUrl":"https:\/\/unsa-paris.fr\/savp\/wp-content\/uploads\/2020\/10\/Logo_UNSA-V6.png","width":986,"height":962,"caption":"UNSA PARIS fili\u00e8re administrative"},"image":{"@id":"https:\/\/unsa-paris.fr\/savp\/#\/schema\/logo\/image\/"}},{"@type":"Person","@id":"https:\/\/unsa-paris.fr\/savp\/#\/schema\/person\/656755f73ac5921fc7e2e35124af2ae1","name":"militant","image":{"@type":"ImageObject","inLanguage":"fr-FR","@id":"https:\/\/secure.gravatar.com\/avatar\/bafae66946efbf2980171a895ec279139a1dde2c6d953819f7e7270d582b48d2?s=96&d=mm&r=g","url":"https:\/\/secure.gravatar.com\/avatar\/bafae66946efbf2980171a895ec279139a1dde2c6d953819f7e7270d582b48d2?s=96&d=mm&r=g","contentUrl":"https:\/\/secure.gravatar.com\/avatar\/bafae66946efbf2980171a895ec279139a1dde2c6d953819f7e7270d582b48d2?s=96&d=mm&r=g","caption":"militant"},"url":"https:\/\/unsa-paris.fr\/savp\/author\/militant\/"}]}},"_links":{"self":[{"href":"https:\/\/unsa-paris.fr\/savp\/wp-json\/wp\/v2\/posts\/2393","targetHints":{"allow":["GET"]}}],"collection":[{"href":"https:\/\/unsa-paris.fr\/savp\/wp-json\/wp\/v2\/posts"}],"about":[{"href":"https:\/\/unsa-paris.fr\/savp\/wp-json\/wp\/v2\/types\/post"}],"author":[{"embeddable":true,"href":"https:\/\/unsa-paris.fr\/savp\/wp-json\/wp\/v2\/users\/1"}],"replies":[{"embeddable":true,"href":"https:\/\/unsa-paris.fr\/savp\/wp-json\/wp\/v2\/comments?post=2393"}],"version-history":[{"count":4,"href":"https:\/\/unsa-paris.fr\/savp\/wp-json\/wp\/v2\/posts\/2393\/revisions"}],"predecessor-version":[{"id":2397,"href":"https:\/\/unsa-paris.fr\/savp\/wp-json\/wp\/v2\/posts\/2393\/revisions\/2397"}],"wp:attachment":[{"href":"https:\/\/unsa-paris.fr\/savp\/wp-json\/wp\/v2\/media?parent=2393"}],"wp:term":[{"taxonomy":"category","embeddable":true,"href":"https:\/\/unsa-paris.fr\/savp\/wp-json\/wp\/v2\/categories?post=2393"},{"taxonomy":"post_tag","embeddable":true,"href":"https:\/\/unsa-paris.fr\/savp\/wp-json\/wp\/v2\/tags?post=2393"}],"curies":[{"name":"wp","href":"https:\/\/api.w.org\/{rel}","templated":true}]}}