{"id":2343,"date":"2023-11-23T20:25:27","date_gmt":"2023-11-23T19:25:27","guid":{"rendered":"https:\/\/unsa-paris.fr\/savp\/?p=2343"},"modified":"2024-01-21T23:32:10","modified_gmt":"2024-01-21T22:32:10","slug":"cst-central-du-22-novembre-2023-declaration-liminaire","status":"publish","type":"post","link":"https:\/\/unsa-paris.fr\/savp\/2023\/11\/23\/cst-central-du-22-novembre-2023-declaration-liminaire\/","title":{"rendered":"CST Central du 22 novembre 2023 &#8211; D\u00e9claration Liminaire"},"content":{"rendered":"\t\t<div data-elementor-type=\"wp-post\" data-elementor-id=\"2343\" class=\"elementor elementor-2343\">\n\t\t\t\t\t\t<section class=\"elementor-section elementor-top-section elementor-element elementor-element-a06ecff elementor-section-boxed elementor-section-height-default elementor-section-height-default\" data-id=\"a06ecff\" data-element_type=\"section\" data-e-type=\"section\">\n\t\t\t\t\t\t<div class=\"elementor-container elementor-column-gap-default\">\n\t\t\t\t\t<div class=\"elementor-column elementor-col-100 elementor-top-column elementor-element elementor-element-7056e30\" data-id=\"7056e30\" data-element_type=\"column\" data-e-type=\"column\">\n\t\t\t<div class=\"elementor-widget-wrap elementor-element-populated\">\n\t\t\t\t\t\t<section class=\"elementor-section elementor-inner-section elementor-element elementor-element-0fd7ba5 elementor-section-boxed elementor-section-height-default elementor-section-height-default\" data-id=\"0fd7ba5\" data-element_type=\"section\" data-e-type=\"section\">\n\t\t\t\t\t\t<div class=\"elementor-container elementor-column-gap-default\">\n\t\t\t\t\t<div class=\"elementor-column elementor-col-50 elementor-inner-column elementor-element elementor-element-088811a\" data-id=\"088811a\" data-element_type=\"column\" data-e-type=\"column\">\n\t\t\t<div class=\"elementor-widget-wrap elementor-element-populated\">\n\t\t\t\t\t\t<div class=\"elementor-element elementor-element-4c16c69 elementor-widget elementor-widget-text-editor\" data-id=\"4c16c69\" data-element_type=\"widget\" data-e-type=\"widget\" data-widget_type=\"text-editor.default\">\n\t\t\t\t<div class=\"elementor-widget-container\">\n\t\t\t\t\t\t\t\t\t<p><em>La d\u00e9claration en PDF<\/em><\/p>\t\t\t\t\t\t\t\t<\/div>\n\t\t\t\t<\/div>\n\t\t\t\t\t<\/div>\n\t\t<\/div>\n\t\t\t\t<div class=\"elementor-column elementor-col-50 elementor-inner-column elementor-element elementor-element-e53ddf4\" data-id=\"e53ddf4\" data-element_type=\"column\" data-e-type=\"column\">\n\t\t\t<div class=\"elementor-widget-wrap elementor-element-populated\">\n\t\t\t\t\t\t<div class=\"elementor-element elementor-element-10b97fe elementor-view-default elementor-widget elementor-widget-icon\" data-id=\"10b97fe\" data-element_type=\"widget\" data-e-type=\"widget\" data-widget_type=\"icon.default\">\n\t\t\t\t<div class=\"elementor-widget-container\">\n\t\t\t\t\t\t\t<div class=\"elementor-icon-wrapper\">\n\t\t\t<a class=\"elementor-icon\" href=\"https:\/\/unsa-paris.fr\/savp\/wp-content\/uploads\/2024\/01\/2023_11_22_UNSA_declaration_liminaire.pdf\">\n\t\t\t<i aria-hidden=\"true\" class=\"fas fa-file-pdf\"><\/i>\t\t\t<\/a>\n\t\t<\/div>\n\t\t\t\t\t\t<\/div>\n\t\t\t\t<\/div>\n\t\t\t\t\t<\/div>\n\t\t<\/div>\n\t\t\t\t\t<\/div>\n\t\t<\/section>\n\t\t\t\t<div class=\"elementor-element elementor-element-e8c9e7f elementor-widget elementor-widget-text-editor\" data-id=\"e8c9e7f\" data-element_type=\"widget\" data-e-type=\"widget\" data-widget_type=\"text-editor.default\">\n\t\t\t\t<div class=\"elementor-widget-container\">\n\t\t\t\t\t\t\t\t\t<p><span style=\"color: #000000;\">Madame la Pr\u00e9sidente, Mesdames, Messieurs,<\/span><\/p>\n<p><span style=\"color: #000000;\">L\u2019UNSA interviendra de fa\u00e7on courte sur diff\u00e9rents points de l\u2019ordre du jour pour pr\u00e9senter et d\u00e9velopper sa position et expliquer son vote.<\/span><\/p>\n<p><span style=\"color: #000000;\">Cependant en compl\u00e9ment du strict libell\u00e9 de cet ordre du jour, l\u2019UNSA souhaite attirer l\u2019attention sur des sujets qui ont fait l\u2019objet de signalements nombreux de la part de ses repr\u00e9sentants. Certains ont d\u2019ailleurs \u00e9t\u00e9 \u00e9voqu\u00e9s lors de l\u2019audience bilat\u00e9rale que vous avez bien voulue nous accorder le 9 novembre.<\/span><\/p>\n<p>\u00a0<\/p>\n<p>\u00a0<\/p>\t\t\t\t\t\t\t\t<\/div>\n\t\t\t\t<\/div>\n\t\t\t\t<div class=\"elementor-element elementor-element-07ea9a8 elementor-widget elementor-widget-read-more\" data-id=\"07ea9a8\" data-element_type=\"widget\" data-e-type=\"widget\" data-widget_type=\"read-more.default\">\n\t\t\t\t<div class=\"elementor-widget-container\">\n\t\t\t\t\t<\/div><\/div><\/div><\/div><\/div><\/section><\/div> <a href=\"https:\/\/unsa-paris.fr\/savp\/2023\/11\/23\/cst-central-du-22-novembre-2023-declaration-liminaire\/#more-2343\" class=\"more-link elementor-more-link\"><span aria-label=\"Poursuivre la lecture CST Central du 22 novembre 2023 &#8211; D\u00e9claration Liminaire\">Poursuivre la lecture<\/span><\/a>","protected":false},"excerpt":{"rendered":"<p>La d\u00e9claration en PDF Madame la Pr\u00e9sidente, Mesdames, Messieurs, L\u2019UNSA interviendra de fa\u00e7on courte sur diff\u00e9rents points de l\u2019ordre du jour pour pr\u00e9senter et d\u00e9velopper sa position et expliquer son &hellip; <a href=\"https:\/\/unsa-paris.fr\/savp\/2023\/11\/23\/cst-central-du-22-novembre-2023-declaration-liminaire\/\" class=\"more-link\">Continuer la lecture<span class=\"screen-reader-text\"> de &laquo;&nbsp;CST Central du 22 novembre 2023 &#8211; D\u00e9claration Liminaire&nbsp;&raquo;<\/span><\/a><\/p>\n","protected":false},"author":1,"featured_media":0,"comment_status":"open","ping_status":"open","sticky":false,"template":"","format":"standard","meta":{"footnotes":""},"categories":[12,25,1],"tags":[],"class_list":["post-2343","post","type-post","status-publish","format-standard","hentry","category-dialogue-social","category-instances","category-non-classe"],"yoast_head":"<!-- This site is optimized with the Yoast SEO plugin v27.4 - https:\/\/yoast.com\/product\/yoast-seo-wordpress\/ -->\n<title>CST Central du 22 novembre 2023 - D\u00e9claration Liminaire - Syndicat Autonome UNSA<\/title>\n<meta name=\"robots\" content=\"index, follow, max-snippet:-1, max-image-preview:large, max-video-preview:-1\" \/>\n<link rel=\"canonical\" href=\"https:\/\/unsa-paris.fr\/savp\/2023\/11\/23\/cst-central-du-22-novembre-2023-declaration-liminaire\/\" \/>\n<meta property=\"og:locale\" content=\"fr_FR\" \/>\n<meta property=\"og:type\" content=\"article\" \/>\n<meta property=\"og:title\" content=\"CST Central du 22 novembre 2023 - D\u00e9claration Liminaire - Syndicat Autonome UNSA\" \/>\n<meta property=\"og:description\" content=\"La d\u00e9claration en PDF Madame la Pr\u00e9sidente, Mesdames, Messieurs, L\u2019UNSA interviendra de fa\u00e7on courte sur diff\u00e9rents points de l\u2019ordre du jour pour pr\u00e9senter et d\u00e9velopper sa position et expliquer son &hellip; Continuer la lecture de &laquo;&nbsp;CST Central du 22 novembre 2023 &#8211; D\u00e9claration Liminaire&nbsp;&raquo;\" \/>\n<meta property=\"og:url\" content=\"https:\/\/unsa-paris.fr\/savp\/2023\/11\/23\/cst-central-du-22-novembre-2023-declaration-liminaire\/\" \/>\n<meta property=\"og:site_name\" content=\"Syndicat Autonome UNSA\" \/>\n<meta property=\"article:published_time\" content=\"2023-11-23T19:25:27+00:00\" \/>\n<meta property=\"article:modified_time\" content=\"2024-01-21T22:32:10+00:00\" \/>\n<meta name=\"author\" content=\"militant\" \/>\n<meta name=\"twitter:card\" content=\"summary_large_image\" \/>\n<meta name=\"twitter:label1\" content=\"\u00c9crit par\" \/>\n\t<meta name=\"twitter:data1\" content=\"militant\" \/>\n\t<meta name=\"twitter:label2\" content=\"Dur\u00e9e de lecture estim\u00e9e\" \/>\n\t<meta name=\"twitter:data2\" content=\"4 minutes\" \/>\n<script type=\"application\/ld+json\" class=\"yoast-schema-graph\">{\"@context\":\"https:\\\/\\\/schema.org\",\"@graph\":[{\"@type\":\"Article\",\"@id\":\"https:\\\/\\\/unsa-paris.fr\\\/savp\\\/2023\\\/11\\\/23\\\/cst-central-du-22-novembre-2023-declaration-liminaire\\\/#article\",\"isPartOf\":{\"@id\":\"https:\\\/\\\/unsa-paris.fr\\\/savp\\\/2023\\\/11\\\/23\\\/cst-central-du-22-novembre-2023-declaration-liminaire\\\/\"},\"author\":{\"name\":\"militant\",\"@id\":\"https:\\\/\\\/unsa-paris.fr\\\/savp\\\/#\\\/schema\\\/person\\\/656755f73ac5921fc7e2e35124af2ae1\"},\"headline\":\"CST Central du 22 novembre 2023 &#8211; D\u00e9claration Liminaire\",\"datePublished\":\"2023-11-23T19:25:27+00:00\",\"dateModified\":\"2024-01-21T22:32:10+00:00\",\"mainEntityOfPage\":{\"@id\":\"https:\\\/\\\/unsa-paris.fr\\\/savp\\\/2023\\\/11\\\/23\\\/cst-central-du-22-novembre-2023-declaration-liminaire\\\/\"},\"wordCount\":855,\"commentCount\":0,\"publisher\":{\"@id\":\"https:\\\/\\\/unsa-paris.fr\\\/savp\\\/#organization\"},\"articleSection\":[\"Dialogue social\",\"Instances\",\"non-classe\"],\"inLanguage\":\"fr-FR\",\"potentialAction\":[{\"@type\":\"CommentAction\",\"name\":\"Comment\",\"target\":[\"https:\\\/\\\/unsa-paris.fr\\\/savp\\\/2023\\\/11\\\/23\\\/cst-central-du-22-novembre-2023-declaration-liminaire\\\/#respond\"]}]},{\"@type\":\"WebPage\",\"@id\":\"https:\\\/\\\/unsa-paris.fr\\\/savp\\\/2023\\\/11\\\/23\\\/cst-central-du-22-novembre-2023-declaration-liminaire\\\/\",\"url\":\"https:\\\/\\\/unsa-paris.fr\\\/savp\\\/2023\\\/11\\\/23\\\/cst-central-du-22-novembre-2023-declaration-liminaire\\\/\",\"name\":\"CST Central du 22 novembre 2023 - D\u00e9claration Liminaire - Syndicat Autonome UNSA\",\"isPartOf\":{\"@id\":\"https:\\\/\\\/unsa-paris.fr\\\/savp\\\/#website\"},\"datePublished\":\"2023-11-23T19:25:27+00:00\",\"dateModified\":\"2024-01-21T22:32:10+00:00\",\"breadcrumb\":{\"@id\":\"https:\\\/\\\/unsa-paris.fr\\\/savp\\\/2023\\\/11\\\/23\\\/cst-central-du-22-novembre-2023-declaration-liminaire\\\/#breadcrumb\"},\"inLanguage\":\"fr-FR\",\"potentialAction\":[{\"@type\":\"ReadAction\",\"target\":[\"https:\\\/\\\/unsa-paris.fr\\\/savp\\\/2023\\\/11\\\/23\\\/cst-central-du-22-novembre-2023-declaration-liminaire\\\/\"]}]},{\"@type\":\"BreadcrumbList\",\"@id\":\"https:\\\/\\\/unsa-paris.fr\\\/savp\\\/2023\\\/11\\\/23\\\/cst-central-du-22-novembre-2023-declaration-liminaire\\\/#breadcrumb\",\"itemListElement\":[{\"@type\":\"ListItem\",\"position\":1,\"name\":\"Accueil\",\"item\":\"https:\\\/\\\/unsa-paris.fr\\\/savp\\\/\"},{\"@type\":\"ListItem\",\"position\":2,\"name\":\"CST Central du 22 novembre 2023 &#8211; D\u00e9claration Liminaire\"}]},{\"@type\":\"WebSite\",\"@id\":\"https:\\\/\\\/unsa-paris.fr\\\/savp\\\/#website\",\"url\":\"https:\\\/\\\/unsa-paris.fr\\\/savp\\\/\",\"name\":\"Syndicat Autonome UNSA\",\"description\":\"Section des secr\u00e9taires administratifs et des techniciens sup\u00e9rieurs\",\"publisher\":{\"@id\":\"https:\\\/\\\/unsa-paris.fr\\\/savp\\\/#organization\"},\"potentialAction\":[{\"@type\":\"SearchAction\",\"target\":{\"@type\":\"EntryPoint\",\"urlTemplate\":\"https:\\\/\\\/unsa-paris.fr\\\/savp\\\/?s={search_term_string}\"},\"query-input\":{\"@type\":\"PropertyValueSpecification\",\"valueRequired\":true,\"valueName\":\"search_term_string\"}}],\"inLanguage\":\"fr-FR\"},{\"@type\":\"Organization\",\"@id\":\"https:\\\/\\\/unsa-paris.fr\\\/savp\\\/#organization\",\"name\":\"UNSA PARIS fili\u00e8re administrative\",\"url\":\"https:\\\/\\\/unsa-paris.fr\\\/savp\\\/\",\"logo\":{\"@type\":\"ImageObject\",\"inLanguage\":\"fr-FR\",\"@id\":\"https:\\\/\\\/unsa-paris.fr\\\/savp\\\/#\\\/schema\\\/logo\\\/image\\\/\",\"url\":\"https:\\\/\\\/unsa-paris.fr\\\/savp\\\/wp-content\\\/uploads\\\/2020\\\/10\\\/Logo_UNSA-V6.png\",\"contentUrl\":\"https:\\\/\\\/unsa-paris.fr\\\/savp\\\/wp-content\\\/uploads\\\/2020\\\/10\\\/Logo_UNSA-V6.png\",\"width\":986,\"height\":962,\"caption\":\"UNSA PARIS fili\u00e8re administrative\"},\"image\":{\"@id\":\"https:\\\/\\\/unsa-paris.fr\\\/savp\\\/#\\\/schema\\\/logo\\\/image\\\/\"}},{\"@type\":\"Person\",\"@id\":\"https:\\\/\\\/unsa-paris.fr\\\/savp\\\/#\\\/schema\\\/person\\\/656755f73ac5921fc7e2e35124af2ae1\",\"name\":\"militant\",\"image\":{\"@type\":\"ImageObject\",\"inLanguage\":\"fr-FR\",\"@id\":\"https:\\\/\\\/secure.gravatar.com\\\/avatar\\\/bafae66946efbf2980171a895ec279139a1dde2c6d953819f7e7270d582b48d2?s=96&d=mm&r=g\",\"url\":\"https:\\\/\\\/secure.gravatar.com\\\/avatar\\\/bafae66946efbf2980171a895ec279139a1dde2c6d953819f7e7270d582b48d2?s=96&d=mm&r=g\",\"contentUrl\":\"https:\\\/\\\/secure.gravatar.com\\\/avatar\\\/bafae66946efbf2980171a895ec279139a1dde2c6d953819f7e7270d582b48d2?s=96&d=mm&r=g\",\"caption\":\"militant\"},\"url\":\"https:\\\/\\\/unsa-paris.fr\\\/savp\\\/author\\\/militant\\\/\"}]}<\/script>\n<!-- \/ Yoast SEO plugin. -->","yoast_head_json":{"title":"CST Central du 22 novembre 2023 - D\u00e9claration Liminaire - Syndicat Autonome UNSA","robots":{"index":"index","follow":"follow","max-snippet":"max-snippet:-1","max-image-preview":"max-image-preview:large","max-video-preview":"max-video-preview:-1"},"canonical":"https:\/\/unsa-paris.fr\/savp\/2023\/11\/23\/cst-central-du-22-novembre-2023-declaration-liminaire\/","og_locale":"fr_FR","og_type":"article","og_title":"CST Central du 22 novembre 2023 - D\u00e9claration Liminaire - Syndicat Autonome UNSA","og_description":"La d\u00e9claration en PDF Madame la Pr\u00e9sidente, Mesdames, Messieurs, L\u2019UNSA interviendra de fa\u00e7on courte sur diff\u00e9rents points de l\u2019ordre du jour pour pr\u00e9senter et d\u00e9velopper sa position et expliquer son &hellip; Continuer la lecture de &laquo;&nbsp;CST Central du 22 novembre 2023 &#8211; D\u00e9claration Liminaire&nbsp;&raquo;","og_url":"https:\/\/unsa-paris.fr\/savp\/2023\/11\/23\/cst-central-du-22-novembre-2023-declaration-liminaire\/","og_site_name":"Syndicat Autonome UNSA","article_published_time":"2023-11-23T19:25:27+00:00","article_modified_time":"2024-01-21T22:32:10+00:00","author":"militant","twitter_card":"summary_large_image","twitter_misc":{"\u00c9crit par":"militant","Dur\u00e9e de lecture estim\u00e9e":"4 minutes"},"schema":{"@context":"https:\/\/schema.org","@graph":[{"@type":"Article","@id":"https:\/\/unsa-paris.fr\/savp\/2023\/11\/23\/cst-central-du-22-novembre-2023-declaration-liminaire\/#article","isPartOf":{"@id":"https:\/\/unsa-paris.fr\/savp\/2023\/11\/23\/cst-central-du-22-novembre-2023-declaration-liminaire\/"},"author":{"name":"militant","@id":"https:\/\/unsa-paris.fr\/savp\/#\/schema\/person\/656755f73ac5921fc7e2e35124af2ae1"},"headline":"CST Central du 22 novembre 2023 &#8211; D\u00e9claration Liminaire","datePublished":"2023-11-23T19:25:27+00:00","dateModified":"2024-01-21T22:32:10+00:00","mainEntityOfPage":{"@id":"https:\/\/unsa-paris.fr\/savp\/2023\/11\/23\/cst-central-du-22-novembre-2023-declaration-liminaire\/"},"wordCount":855,"commentCount":0,"publisher":{"@id":"https:\/\/unsa-paris.fr\/savp\/#organization"},"articleSection":["Dialogue social","Instances","non-classe"],"inLanguage":"fr-FR","potentialAction":[{"@type":"CommentAction","name":"Comment","target":["https:\/\/unsa-paris.fr\/savp\/2023\/11\/23\/cst-central-du-22-novembre-2023-declaration-liminaire\/#respond"]}]},{"@type":"WebPage","@id":"https:\/\/unsa-paris.fr\/savp\/2023\/11\/23\/cst-central-du-22-novembre-2023-declaration-liminaire\/","url":"https:\/\/unsa-paris.fr\/savp\/2023\/11\/23\/cst-central-du-22-novembre-2023-declaration-liminaire\/","name":"CST Central du 22 novembre 2023 - D\u00e9claration Liminaire - Syndicat Autonome UNSA","isPartOf":{"@id":"https:\/\/unsa-paris.fr\/savp\/#website"},"datePublished":"2023-11-23T19:25:27+00:00","dateModified":"2024-01-21T22:32:10+00:00","breadcrumb":{"@id":"https:\/\/unsa-paris.fr\/savp\/2023\/11\/23\/cst-central-du-22-novembre-2023-declaration-liminaire\/#breadcrumb"},"inLanguage":"fr-FR","potentialAction":[{"@type":"ReadAction","target":["https:\/\/unsa-paris.fr\/savp\/2023\/11\/23\/cst-central-du-22-novembre-2023-declaration-liminaire\/"]}]},{"@type":"BreadcrumbList","@id":"https:\/\/unsa-paris.fr\/savp\/2023\/11\/23\/cst-central-du-22-novembre-2023-declaration-liminaire\/#breadcrumb","itemListElement":[{"@type":"ListItem","position":1,"name":"Accueil","item":"https:\/\/unsa-paris.fr\/savp\/"},{"@type":"ListItem","position":2,"name":"CST Central du 22 novembre 2023 &#8211; D\u00e9claration Liminaire"}]},{"@type":"WebSite","@id":"https:\/\/unsa-paris.fr\/savp\/#website","url":"https:\/\/unsa-paris.fr\/savp\/","name":"Syndicat Autonome UNSA","description":"Section des secr\u00e9taires administratifs et des techniciens sup\u00e9rieurs","publisher":{"@id":"https:\/\/unsa-paris.fr\/savp\/#organization"},"potentialAction":[{"@type":"SearchAction","target":{"@type":"EntryPoint","urlTemplate":"https:\/\/unsa-paris.fr\/savp\/?s={search_term_string}"},"query-input":{"@type":"PropertyValueSpecification","valueRequired":true,"valueName":"search_term_string"}}],"inLanguage":"fr-FR"},{"@type":"Organization","@id":"https:\/\/unsa-paris.fr\/savp\/#organization","name":"UNSA PARIS fili\u00e8re administrative","url":"https:\/\/unsa-paris.fr\/savp\/","logo":{"@type":"ImageObject","inLanguage":"fr-FR","@id":"https:\/\/unsa-paris.fr\/savp\/#\/schema\/logo\/image\/","url":"https:\/\/unsa-paris.fr\/savp\/wp-content\/uploads\/2020\/10\/Logo_UNSA-V6.png","contentUrl":"https:\/\/unsa-paris.fr\/savp\/wp-content\/uploads\/2020\/10\/Logo_UNSA-V6.png","width":986,"height":962,"caption":"UNSA PARIS fili\u00e8re administrative"},"image":{"@id":"https:\/\/unsa-paris.fr\/savp\/#\/schema\/logo\/image\/"}},{"@type":"Person","@id":"https:\/\/unsa-paris.fr\/savp\/#\/schema\/person\/656755f73ac5921fc7e2e35124af2ae1","name":"militant","image":{"@type":"ImageObject","inLanguage":"fr-FR","@id":"https:\/\/secure.gravatar.com\/avatar\/bafae66946efbf2980171a895ec279139a1dde2c6d953819f7e7270d582b48d2?s=96&d=mm&r=g","url":"https:\/\/secure.gravatar.com\/avatar\/bafae66946efbf2980171a895ec279139a1dde2c6d953819f7e7270d582b48d2?s=96&d=mm&r=g","contentUrl":"https:\/\/secure.gravatar.com\/avatar\/bafae66946efbf2980171a895ec279139a1dde2c6d953819f7e7270d582b48d2?s=96&d=mm&r=g","caption":"militant"},"url":"https:\/\/unsa-paris.fr\/savp\/author\/militant\/"}]}},"_links":{"self":[{"href":"https:\/\/unsa-paris.fr\/savp\/wp-json\/wp\/v2\/posts\/2343","targetHints":{"allow":["GET"]}}],"collection":[{"href":"https:\/\/unsa-paris.fr\/savp\/wp-json\/wp\/v2\/posts"}],"about":[{"href":"https:\/\/unsa-paris.fr\/savp\/wp-json\/wp\/v2\/types\/post"}],"author":[{"embeddable":true,"href":"https:\/\/unsa-paris.fr\/savp\/wp-json\/wp\/v2\/users\/1"}],"replies":[{"embeddable":true,"href":"https:\/\/unsa-paris.fr\/savp\/wp-json\/wp\/v2\/comments?post=2343"}],"version-history":[{"count":5,"href":"https:\/\/unsa-paris.fr\/savp\/wp-json\/wp\/v2\/posts\/2343\/revisions"}],"predecessor-version":[{"id":2349,"href":"https:\/\/unsa-paris.fr\/savp\/wp-json\/wp\/v2\/posts\/2343\/revisions\/2349"}],"wp:attachment":[{"href":"https:\/\/unsa-paris.fr\/savp\/wp-json\/wp\/v2\/media?parent=2343"}],"wp:term":[{"taxonomy":"category","embeddable":true,"href":"https:\/\/unsa-paris.fr\/savp\/wp-json\/wp\/v2\/categories?post=2343"},{"taxonomy":"post_tag","embeddable":true,"href":"https:\/\/unsa-paris.fr\/savp\/wp-json\/wp\/v2\/tags?post=2343"}],"curies":[{"name":"wp","href":"https:\/\/api.w.org\/{rel}","templated":true}]}}