{"id":2300,"date":"2024-01-18T19:49:39","date_gmt":"2024-01-18T18:49:39","guid":{"rendered":"https:\/\/unsa-paris.fr\/savp\/?p=2300"},"modified":"2024-01-21T00:51:07","modified_gmt":"2024-01-20T23:51:07","slug":"aspp-et-la-pause-dejeuner-le-compte-ny-est-pas","status":"publish","type":"post","link":"https:\/\/unsa-paris.fr\/savp\/2024\/01\/18\/aspp-et-la-pause-dejeuner-le-compte-ny-est-pas\/","title":{"rendered":"ASPP et la pause d\u00e9jeuner : le compte n\u2019y est pas !"},"content":{"rendered":"\t\t<div data-elementor-type=\"wp-post\" data-elementor-id=\"2300\" class=\"elementor elementor-2300\">\n\t\t\t\t\t\t<section class=\"elementor-section elementor-top-section elementor-element elementor-element-29f4daf elementor-section-boxed elementor-section-height-default elementor-section-height-default\" data-id=\"29f4daf\" data-element_type=\"section\" data-e-type=\"section\">\n\t\t\t\t\t\t<div class=\"elementor-container elementor-column-gap-default\">\n\t\t\t\t\t<div class=\"elementor-column elementor-col-100 elementor-top-column elementor-element elementor-element-8bf554f\" data-id=\"8bf554f\" data-element_type=\"column\" data-e-type=\"column\">\n\t\t\t<div class=\"elementor-widget-wrap elementor-element-populated\">\n\t\t\t\t\t\t<div class=\"elementor-element elementor-element-d69f87f elementor-widget elementor-widget-text-editor\" data-id=\"d69f87f\" data-element_type=\"widget\" data-e-type=\"widget\" data-widget_type=\"text-editor.default\">\n\t\t\t\t<div class=\"elementor-widget-container\">\n\t\t\t\t\t\t\t\t\t<p><span style=\"color: #000000;\">La pause d\u00e9jeuner, c\u2019est la grande pause de la journ\u00e9e de travail. Pour ce faire, les restaurants de l\u2019ASPP, l&rsquo;Association d&rsquo;Action Sociale en faveur des Personnels de la Ville de Paris, offrent en g\u00e9n\u00e9ral des lieux agr\u00e9ables pour se restaurer, bien que certains puissent manquer de places assises. De plus, les Croq\u2019pouces viennent enrichir l\u2019offre de restauration.<\/span><\/p>\t\t\t\t\t\t\t\t<\/div>\n\t\t\t\t<\/div>\n\t\t\t\t<div class=\"elementor-element elementor-element-cff3f62 elementor-widget elementor-widget-read-more\" data-id=\"cff3f62\" data-element_type=\"widget\" data-e-type=\"widget\" data-widget_type=\"read-more.default\">\n\t\t\t\t<div class=\"elementor-widget-container\">\n\t\t\t\t\t<\/div><\/div><\/div><\/div><\/div><\/section><\/div> <a href=\"https:\/\/unsa-paris.fr\/savp\/2024\/01\/18\/aspp-et-la-pause-dejeuner-le-compte-ny-est-pas\/#more-2300\" class=\"more-link elementor-more-link\"><span aria-label=\"Poursuivre la lecture ASPP et la pause d\u00e9jeuner : le compte n\u2019y est pas !\">Poursuivre la lecture<\/span><\/a>","protected":false},"excerpt":{"rendered":"<p>La pause d\u00e9jeuner, c\u2019est la grande pause de la journ\u00e9e de travail. Pour ce faire, les restaurants de l\u2019ASPP, l&rsquo;Association d&rsquo;Action Sociale en faveur des Personnels de la Ville de &hellip; <a href=\"https:\/\/unsa-paris.fr\/savp\/2024\/01\/18\/aspp-et-la-pause-dejeuner-le-compte-ny-est-pas\/\" class=\"more-link\">Continuer la lecture<span class=\"screen-reader-text\"> de &laquo;&nbsp;ASPP et la pause d\u00e9jeuner : le compte n\u2019y est pas !&nbsp;&raquo;<\/span><\/a><\/p>\n","protected":false},"author":1,"featured_media":0,"comment_status":"open","ping_status":"open","sticky":false,"template":"","format":"standard","meta":{"footnotes":""},"categories":[9,1],"tags":[],"class_list":["post-2300","post","type-post","status-publish","format-standard","hentry","category-communique","category-non-classe"],"yoast_head":"<!-- This site is optimized with the Yoast SEO plugin v27.4 - https:\/\/yoast.com\/product\/yoast-seo-wordpress\/ -->\n<title>ASPP et la pause d\u00e9jeuner : le compte n\u2019y est pas ! - Syndicat Autonome UNSA<\/title>\n<meta name=\"robots\" content=\"index, follow, max-snippet:-1, max-image-preview:large, max-video-preview:-1\" \/>\n<link rel=\"canonical\" href=\"https:\/\/unsa-paris.fr\/savp\/2024\/01\/18\/aspp-et-la-pause-dejeuner-le-compte-ny-est-pas\/\" \/>\n<meta property=\"og:locale\" content=\"fr_FR\" \/>\n<meta property=\"og:type\" content=\"article\" \/>\n<meta property=\"og:title\" content=\"ASPP et la pause d\u00e9jeuner : le compte n\u2019y est pas ! - Syndicat Autonome UNSA\" \/>\n<meta property=\"og:description\" content=\"La pause d\u00e9jeuner, c\u2019est la grande pause de la journ\u00e9e de travail. Pour ce faire, les restaurants de l\u2019ASPP, l&rsquo;Association d&rsquo;Action Sociale en faveur des Personnels de la Ville de &hellip; Continuer la lecture de &laquo;&nbsp;ASPP et la pause d\u00e9jeuner : le compte n\u2019y est pas !&nbsp;&raquo;\" \/>\n<meta property=\"og:url\" content=\"https:\/\/unsa-paris.fr\/savp\/2024\/01\/18\/aspp-et-la-pause-dejeuner-le-compte-ny-est-pas\/\" \/>\n<meta property=\"og:site_name\" content=\"Syndicat Autonome UNSA\" \/>\n<meta property=\"article:published_time\" content=\"2024-01-18T18:49:39+00:00\" \/>\n<meta property=\"article:modified_time\" content=\"2024-01-20T23:51:07+00:00\" \/>\n<meta name=\"author\" content=\"militant\" \/>\n<meta name=\"twitter:card\" content=\"summary_large_image\" \/>\n<meta name=\"twitter:label1\" content=\"\u00c9crit par\" \/>\n\t<meta name=\"twitter:data1\" content=\"militant\" \/>\n\t<meta name=\"twitter:label2\" content=\"Dur\u00e9e de lecture estim\u00e9e\" \/>\n\t<meta name=\"twitter:data2\" content=\"4 minutes\" \/>\n<script type=\"application\/ld+json\" class=\"yoast-schema-graph\">{\"@context\":\"https:\\\/\\\/schema.org\",\"@graph\":[{\"@type\":\"Article\",\"@id\":\"https:\\\/\\\/unsa-paris.fr\\\/savp\\\/2024\\\/01\\\/18\\\/aspp-et-la-pause-dejeuner-le-compte-ny-est-pas\\\/#article\",\"isPartOf\":{\"@id\":\"https:\\\/\\\/unsa-paris.fr\\\/savp\\\/2024\\\/01\\\/18\\\/aspp-et-la-pause-dejeuner-le-compte-ny-est-pas\\\/\"},\"author\":{\"name\":\"militant\",\"@id\":\"https:\\\/\\\/unsa-paris.fr\\\/savp\\\/#\\\/schema\\\/person\\\/656755f73ac5921fc7e2e35124af2ae1\"},\"headline\":\"ASPP et la pause d\u00e9jeuner : le compte n\u2019y est pas !\",\"datePublished\":\"2024-01-18T18:49:39+00:00\",\"dateModified\":\"2024-01-20T23:51:07+00:00\",\"mainEntityOfPage\":{\"@id\":\"https:\\\/\\\/unsa-paris.fr\\\/savp\\\/2024\\\/01\\\/18\\\/aspp-et-la-pause-dejeuner-le-compte-ny-est-pas\\\/\"},\"wordCount\":735,\"commentCount\":0,\"publisher\":{\"@id\":\"https:\\\/\\\/unsa-paris.fr\\\/savp\\\/#organization\"},\"articleSection\":[\"Communique\",\"non-classe\"],\"inLanguage\":\"fr-FR\",\"potentialAction\":[{\"@type\":\"CommentAction\",\"name\":\"Comment\",\"target\":[\"https:\\\/\\\/unsa-paris.fr\\\/savp\\\/2024\\\/01\\\/18\\\/aspp-et-la-pause-dejeuner-le-compte-ny-est-pas\\\/#respond\"]}]},{\"@type\":\"WebPage\",\"@id\":\"https:\\\/\\\/unsa-paris.fr\\\/savp\\\/2024\\\/01\\\/18\\\/aspp-et-la-pause-dejeuner-le-compte-ny-est-pas\\\/\",\"url\":\"https:\\\/\\\/unsa-paris.fr\\\/savp\\\/2024\\\/01\\\/18\\\/aspp-et-la-pause-dejeuner-le-compte-ny-est-pas\\\/\",\"name\":\"ASPP et la pause d\u00e9jeuner : le compte n\u2019y est pas ! - Syndicat Autonome UNSA\",\"isPartOf\":{\"@id\":\"https:\\\/\\\/unsa-paris.fr\\\/savp\\\/#website\"},\"datePublished\":\"2024-01-18T18:49:39+00:00\",\"dateModified\":\"2024-01-20T23:51:07+00:00\",\"breadcrumb\":{\"@id\":\"https:\\\/\\\/unsa-paris.fr\\\/savp\\\/2024\\\/01\\\/18\\\/aspp-et-la-pause-dejeuner-le-compte-ny-est-pas\\\/#breadcrumb\"},\"inLanguage\":\"fr-FR\",\"potentialAction\":[{\"@type\":\"ReadAction\",\"target\":[\"https:\\\/\\\/unsa-paris.fr\\\/savp\\\/2024\\\/01\\\/18\\\/aspp-et-la-pause-dejeuner-le-compte-ny-est-pas\\\/\"]}]},{\"@type\":\"BreadcrumbList\",\"@id\":\"https:\\\/\\\/unsa-paris.fr\\\/savp\\\/2024\\\/01\\\/18\\\/aspp-et-la-pause-dejeuner-le-compte-ny-est-pas\\\/#breadcrumb\",\"itemListElement\":[{\"@type\":\"ListItem\",\"position\":1,\"name\":\"Accueil\",\"item\":\"https:\\\/\\\/unsa-paris.fr\\\/savp\\\/\"},{\"@type\":\"ListItem\",\"position\":2,\"name\":\"ASPP et la pause d\u00e9jeuner : le compte n\u2019y est pas !\"}]},{\"@type\":\"WebSite\",\"@id\":\"https:\\\/\\\/unsa-paris.fr\\\/savp\\\/#website\",\"url\":\"https:\\\/\\\/unsa-paris.fr\\\/savp\\\/\",\"name\":\"Syndicat Autonome UNSA\",\"description\":\"Section des secr\u00e9taires administratifs et des techniciens sup\u00e9rieurs\",\"publisher\":{\"@id\":\"https:\\\/\\\/unsa-paris.fr\\\/savp\\\/#organization\"},\"potentialAction\":[{\"@type\":\"SearchAction\",\"target\":{\"@type\":\"EntryPoint\",\"urlTemplate\":\"https:\\\/\\\/unsa-paris.fr\\\/savp\\\/?s={search_term_string}\"},\"query-input\":{\"@type\":\"PropertyValueSpecification\",\"valueRequired\":true,\"valueName\":\"search_term_string\"}}],\"inLanguage\":\"fr-FR\"},{\"@type\":\"Organization\",\"@id\":\"https:\\\/\\\/unsa-paris.fr\\\/savp\\\/#organization\",\"name\":\"UNSA PARIS fili\u00e8re administrative\",\"url\":\"https:\\\/\\\/unsa-paris.fr\\\/savp\\\/\",\"logo\":{\"@type\":\"ImageObject\",\"inLanguage\":\"fr-FR\",\"@id\":\"https:\\\/\\\/unsa-paris.fr\\\/savp\\\/#\\\/schema\\\/logo\\\/image\\\/\",\"url\":\"https:\\\/\\\/unsa-paris.fr\\\/savp\\\/wp-content\\\/uploads\\\/2020\\\/10\\\/Logo_UNSA-V6.png\",\"contentUrl\":\"https:\\\/\\\/unsa-paris.fr\\\/savp\\\/wp-content\\\/uploads\\\/2020\\\/10\\\/Logo_UNSA-V6.png\",\"width\":986,\"height\":962,\"caption\":\"UNSA PARIS fili\u00e8re administrative\"},\"image\":{\"@id\":\"https:\\\/\\\/unsa-paris.fr\\\/savp\\\/#\\\/schema\\\/logo\\\/image\\\/\"}},{\"@type\":\"Person\",\"@id\":\"https:\\\/\\\/unsa-paris.fr\\\/savp\\\/#\\\/schema\\\/person\\\/656755f73ac5921fc7e2e35124af2ae1\",\"name\":\"militant\",\"image\":{\"@type\":\"ImageObject\",\"inLanguage\":\"fr-FR\",\"@id\":\"https:\\\/\\\/secure.gravatar.com\\\/avatar\\\/bafae66946efbf2980171a895ec279139a1dde2c6d953819f7e7270d582b48d2?s=96&d=mm&r=g\",\"url\":\"https:\\\/\\\/secure.gravatar.com\\\/avatar\\\/bafae66946efbf2980171a895ec279139a1dde2c6d953819f7e7270d582b48d2?s=96&d=mm&r=g\",\"contentUrl\":\"https:\\\/\\\/secure.gravatar.com\\\/avatar\\\/bafae66946efbf2980171a895ec279139a1dde2c6d953819f7e7270d582b48d2?s=96&d=mm&r=g\",\"caption\":\"militant\"},\"url\":\"https:\\\/\\\/unsa-paris.fr\\\/savp\\\/author\\\/militant\\\/\"}]}<\/script>\n<!-- \/ Yoast SEO plugin. -->","yoast_head_json":{"title":"ASPP et la pause d\u00e9jeuner : le compte n\u2019y est pas ! - Syndicat Autonome UNSA","robots":{"index":"index","follow":"follow","max-snippet":"max-snippet:-1","max-image-preview":"max-image-preview:large","max-video-preview":"max-video-preview:-1"},"canonical":"https:\/\/unsa-paris.fr\/savp\/2024\/01\/18\/aspp-et-la-pause-dejeuner-le-compte-ny-est-pas\/","og_locale":"fr_FR","og_type":"article","og_title":"ASPP et la pause d\u00e9jeuner : le compte n\u2019y est pas ! - Syndicat Autonome UNSA","og_description":"La pause d\u00e9jeuner, c\u2019est la grande pause de la journ\u00e9e de travail. Pour ce faire, les restaurants de l\u2019ASPP, l&rsquo;Association d&rsquo;Action Sociale en faveur des Personnels de la Ville de &hellip; Continuer la lecture de &laquo;&nbsp;ASPP et la pause d\u00e9jeuner : le compte n\u2019y est pas !&nbsp;&raquo;","og_url":"https:\/\/unsa-paris.fr\/savp\/2024\/01\/18\/aspp-et-la-pause-dejeuner-le-compte-ny-est-pas\/","og_site_name":"Syndicat Autonome UNSA","article_published_time":"2024-01-18T18:49:39+00:00","article_modified_time":"2024-01-20T23:51:07+00:00","author":"militant","twitter_card":"summary_large_image","twitter_misc":{"\u00c9crit par":"militant","Dur\u00e9e de lecture estim\u00e9e":"4 minutes"},"schema":{"@context":"https:\/\/schema.org","@graph":[{"@type":"Article","@id":"https:\/\/unsa-paris.fr\/savp\/2024\/01\/18\/aspp-et-la-pause-dejeuner-le-compte-ny-est-pas\/#article","isPartOf":{"@id":"https:\/\/unsa-paris.fr\/savp\/2024\/01\/18\/aspp-et-la-pause-dejeuner-le-compte-ny-est-pas\/"},"author":{"name":"militant","@id":"https:\/\/unsa-paris.fr\/savp\/#\/schema\/person\/656755f73ac5921fc7e2e35124af2ae1"},"headline":"ASPP et la pause d\u00e9jeuner : le compte n\u2019y est pas !","datePublished":"2024-01-18T18:49:39+00:00","dateModified":"2024-01-20T23:51:07+00:00","mainEntityOfPage":{"@id":"https:\/\/unsa-paris.fr\/savp\/2024\/01\/18\/aspp-et-la-pause-dejeuner-le-compte-ny-est-pas\/"},"wordCount":735,"commentCount":0,"publisher":{"@id":"https:\/\/unsa-paris.fr\/savp\/#organization"},"articleSection":["Communique","non-classe"],"inLanguage":"fr-FR","potentialAction":[{"@type":"CommentAction","name":"Comment","target":["https:\/\/unsa-paris.fr\/savp\/2024\/01\/18\/aspp-et-la-pause-dejeuner-le-compte-ny-est-pas\/#respond"]}]},{"@type":"WebPage","@id":"https:\/\/unsa-paris.fr\/savp\/2024\/01\/18\/aspp-et-la-pause-dejeuner-le-compte-ny-est-pas\/","url":"https:\/\/unsa-paris.fr\/savp\/2024\/01\/18\/aspp-et-la-pause-dejeuner-le-compte-ny-est-pas\/","name":"ASPP et la pause d\u00e9jeuner : le compte n\u2019y est pas ! - Syndicat Autonome UNSA","isPartOf":{"@id":"https:\/\/unsa-paris.fr\/savp\/#website"},"datePublished":"2024-01-18T18:49:39+00:00","dateModified":"2024-01-20T23:51:07+00:00","breadcrumb":{"@id":"https:\/\/unsa-paris.fr\/savp\/2024\/01\/18\/aspp-et-la-pause-dejeuner-le-compte-ny-est-pas\/#breadcrumb"},"inLanguage":"fr-FR","potentialAction":[{"@type":"ReadAction","target":["https:\/\/unsa-paris.fr\/savp\/2024\/01\/18\/aspp-et-la-pause-dejeuner-le-compte-ny-est-pas\/"]}]},{"@type":"BreadcrumbList","@id":"https:\/\/unsa-paris.fr\/savp\/2024\/01\/18\/aspp-et-la-pause-dejeuner-le-compte-ny-est-pas\/#breadcrumb","itemListElement":[{"@type":"ListItem","position":1,"name":"Accueil","item":"https:\/\/unsa-paris.fr\/savp\/"},{"@type":"ListItem","position":2,"name":"ASPP et la pause d\u00e9jeuner : le compte n\u2019y est pas !"}]},{"@type":"WebSite","@id":"https:\/\/unsa-paris.fr\/savp\/#website","url":"https:\/\/unsa-paris.fr\/savp\/","name":"Syndicat Autonome UNSA","description":"Section des secr\u00e9taires administratifs et des techniciens sup\u00e9rieurs","publisher":{"@id":"https:\/\/unsa-paris.fr\/savp\/#organization"},"potentialAction":[{"@type":"SearchAction","target":{"@type":"EntryPoint","urlTemplate":"https:\/\/unsa-paris.fr\/savp\/?s={search_term_string}"},"query-input":{"@type":"PropertyValueSpecification","valueRequired":true,"valueName":"search_term_string"}}],"inLanguage":"fr-FR"},{"@type":"Organization","@id":"https:\/\/unsa-paris.fr\/savp\/#organization","name":"UNSA PARIS fili\u00e8re administrative","url":"https:\/\/unsa-paris.fr\/savp\/","logo":{"@type":"ImageObject","inLanguage":"fr-FR","@id":"https:\/\/unsa-paris.fr\/savp\/#\/schema\/logo\/image\/","url":"https:\/\/unsa-paris.fr\/savp\/wp-content\/uploads\/2020\/10\/Logo_UNSA-V6.png","contentUrl":"https:\/\/unsa-paris.fr\/savp\/wp-content\/uploads\/2020\/10\/Logo_UNSA-V6.png","width":986,"height":962,"caption":"UNSA PARIS fili\u00e8re administrative"},"image":{"@id":"https:\/\/unsa-paris.fr\/savp\/#\/schema\/logo\/image\/"}},{"@type":"Person","@id":"https:\/\/unsa-paris.fr\/savp\/#\/schema\/person\/656755f73ac5921fc7e2e35124af2ae1","name":"militant","image":{"@type":"ImageObject","inLanguage":"fr-FR","@id":"https:\/\/secure.gravatar.com\/avatar\/bafae66946efbf2980171a895ec279139a1dde2c6d953819f7e7270d582b48d2?s=96&d=mm&r=g","url":"https:\/\/secure.gravatar.com\/avatar\/bafae66946efbf2980171a895ec279139a1dde2c6d953819f7e7270d582b48d2?s=96&d=mm&r=g","contentUrl":"https:\/\/secure.gravatar.com\/avatar\/bafae66946efbf2980171a895ec279139a1dde2c6d953819f7e7270d582b48d2?s=96&d=mm&r=g","caption":"militant"},"url":"https:\/\/unsa-paris.fr\/savp\/author\/militant\/"}]}},"_links":{"self":[{"href":"https:\/\/unsa-paris.fr\/savp\/wp-json\/wp\/v2\/posts\/2300","targetHints":{"allow":["GET"]}}],"collection":[{"href":"https:\/\/unsa-paris.fr\/savp\/wp-json\/wp\/v2\/posts"}],"about":[{"href":"https:\/\/unsa-paris.fr\/savp\/wp-json\/wp\/v2\/types\/post"}],"author":[{"embeddable":true,"href":"https:\/\/unsa-paris.fr\/savp\/wp-json\/wp\/v2\/users\/1"}],"replies":[{"embeddable":true,"href":"https:\/\/unsa-paris.fr\/savp\/wp-json\/wp\/v2\/comments?post=2300"}],"version-history":[{"count":23,"href":"https:\/\/unsa-paris.fr\/savp\/wp-json\/wp\/v2\/posts\/2300\/revisions"}],"predecessor-version":[{"id":2325,"href":"https:\/\/unsa-paris.fr\/savp\/wp-json\/wp\/v2\/posts\/2300\/revisions\/2325"}],"wp:attachment":[{"href":"https:\/\/unsa-paris.fr\/savp\/wp-json\/wp\/v2\/media?parent=2300"}],"wp:term":[{"taxonomy":"category","embeddable":true,"href":"https:\/\/unsa-paris.fr\/savp\/wp-json\/wp\/v2\/categories?post=2300"},{"taxonomy":"post_tag","embeddable":true,"href":"https:\/\/unsa-paris.fr\/savp\/wp-json\/wp\/v2\/tags?post=2300"}],"curies":[{"name":"wp","href":"https:\/\/api.w.org\/{rel}","templated":true}]}}