{"id":2230,"date":"2023-07-10T10:23:39","date_gmt":"2023-07-10T08:23:39","guid":{"rendered":"https:\/\/unsa-paris.fr\/savp\/?p=2230"},"modified":"2023-07-10T10:23:41","modified_gmt":"2023-07-10T08:23:41","slug":"la-liste-complete-2023-des-sa-de-classe-exceptionnelle-promus-attaches-en-2023","status":"publish","type":"post","link":"https:\/\/unsa-paris.fr\/savp\/2023\/07\/10\/la-liste-complete-2023-des-sa-de-classe-exceptionnelle-promus-attaches-en-2023\/","title":{"rendered":"LA LISTE COMPL\u00c8TE 2023 DES SA DE CLASSE EXCEPTIONNELLE PROMUS ATTACH\u00c9S EN 2023"},"content":{"rendered":"\n<p>L&rsquo;UNSA f\u00e9licite les 34 Secr\u00e9taires Administratifs de classe exceptionnelle promus dans le corps des attach\u00e9s d\u2019administrations parisiennes au titre de l&rsquo;ann\u00e9e 2023 :<\/p>\n\n\n\n<!--more-->\n\n\n\n<p>Par ordre alphab\u00e9tique:<\/p>\n\n\n\n<p>Isabelle AUBRY<\/p>\n\n\n\n<p>St\u00e9phanie BARON<\/p>\n\n\n\n<p>St\u00e9phane BELA<\/p>\n\n\n\n<p>Fabienne BELLARD-BERTRAND<\/p>\n\n\n\n<p>Christine BOUILLON<\/p>\n\n\n\n<p>Ludivine BROUILLAUD<\/p>\n\n\n\n<p>Josiane BRUNOT<\/p>\n\n\n\n<p>Thi-Anh-Dao BUI-RATTIER<\/p>\n\n\n\n<p>Christophe CANDIO<\/p>\n\n\n\n<p>Sophie CETIN<\/p>\n\n\n\n<p>Nadia CHOUAIBI<\/p>\n\n\n\n<p>Magali COURT<\/p>\n\n\n\n<p>Rahmouna ELFADILI<\/p>\n\n\n\n<p>Sylvain FAIVRE-RIOU<\/p>\n\n\n\n<p>Nathalie GLAIS<\/p>\n\n\n\n<p>H\u00e9l\u00e8ne GUILLAIN-PINAULT<\/p>\n\n\n\n<p>Corinne HERVE<\/p>\n\n\n\n<p>Jo\u00ebl JEZEQUEL<\/p>\n\n\n\n<p>Eric KADYLOWICZ<\/p>\n\n\n\n<p>Eric LE GUYADIER<\/p>\n\n\n\n<p>Laurence LE HENAFF<\/p>\n\n\n\n<p>Andr\u00e9 MEUNIER<\/p>\n\n\n\n<p>Aur\u00e9lie NECTOUX<\/p>\n\n\n\n<p>Pascale PICOT<\/p>\n\n\n\n<p>Richard PIN-LECAS<\/p>\n\n\n\n<p>Fabienne POUSSE<\/p>\n\n\n\n<p>Corinne ROBIDET<\/p>\n\n\n\n<p>Emmanuelle ROLLAND<\/p>\n\n\n\n<p>Guillaume ROUVERY<\/p>\n\n\n\n<p>Christelle SCHOTT<\/p>\n\n\n\n<p>Seybani SOUGOU<\/p>\n\n\n\n<p>Sylvie TEYSSEIRE<\/p>\n\n\n\n<p>Pascal TRONQUOY<\/p>\n\n\n\n<p>Fran\u00e7ois VITSE<\/p>\n\n\n\n<p class=\"has-text-align-center has-white-color has-bright-blue-background-color has-text-color has-background has-medium-font-size\"><strong>POUR D\u00c9FENDRE VOS DROITS, ADH\u00c9REZ \u00c0 L&rsquo;UNSA,&nbsp;<\/strong><strong>&nbsp;VOTRE ALLI\u00c9E DU QUOTIDIEN&nbsp;!&nbsp;<\/strong><\/p>\n\n\n\n<p><a href=\"https:\/\/unsa-paris.fr\/savp\/wp-content\/uploads\/2023\/07\/Bulletin_adhesion_2023.pdf\" target=\"_blank\" rel=\"noreferrer noopener\">\u2022\u00a0\u00a0\u00a0\u00a0\u00a0\u00a0\u00a0\u00a0\u00a0\u00a0\u00a0 Formulaire d&rsquo;adh\u00e9sion 2023 Syndicat des Attach\u00e9s et de l&rsquo;encadrement sup\u00e9rieur\u00a0\u00a0 T\u00e9l\u00e9charger<\/a><\/p>\n\n\n\n<p><a href=\"https:\/\/unsa-paris.fr\/savp\/wp-content\/uploads\/2023\/07\/Adhesion_General_2023.pdf\" target=\"_blank\" rel=\"noreferrer noopener\">\u2022\u00a0\u00a0\u00a0\u00a0\u00a0\u00a0\u00a0\u00a0\u00a0\u00a0\u00a0 Formulaire d&rsquo;adh\u00e9sion 2023 Syndicat Autonome\u00a0\u00a0 T\u00e9l\u00e9charger<\/a><\/p>\n","protected":false},"excerpt":{"rendered":"<p>L&rsquo;UNSA f\u00e9licite les 34 Secr\u00e9taires Administratifs de classe exceptionnelle promus dans le corps des attach\u00e9s d\u2019administrations parisiennes au titre de l&rsquo;ann\u00e9e 2023 :<\/p>\n","protected":false},"author":2,"featured_media":0,"comment_status":"open","ping_status":"open","sticky":false,"template":"","format":"standard","meta":{"footnotes":""},"categories":[20],"tags":[],"class_list":["post-2230","post","type-post","status-publish","format-standard","hentry","category-promotion"],"yoast_head":"<!-- This site is optimized with the Yoast SEO plugin v27.4 - https:\/\/yoast.com\/product\/yoast-seo-wordpress\/ -->\n<title>LA LISTE COMPL\u00c8TE 2023 DES SA DE CLASSE EXCEPTIONNELLE PROMUS ATTACH\u00c9S EN 2023 - Syndicat Autonome UNSA<\/title>\n<meta name=\"robots\" content=\"index, follow, max-snippet:-1, max-image-preview:large, max-video-preview:-1\" \/>\n<link rel=\"canonical\" href=\"https:\/\/unsa-paris.fr\/savp\/2023\/07\/10\/la-liste-complete-2023-des-sa-de-classe-exceptionnelle-promus-attaches-en-2023\/\" \/>\n<meta property=\"og:locale\" content=\"fr_FR\" \/>\n<meta property=\"og:type\" content=\"article\" \/>\n<meta property=\"og:title\" content=\"LA LISTE COMPL\u00c8TE 2023 DES SA DE CLASSE EXCEPTIONNELLE PROMUS ATTACH\u00c9S EN 2023 - Syndicat Autonome UNSA\" \/>\n<meta property=\"og:description\" content=\"L&rsquo;UNSA f\u00e9licite les 34 Secr\u00e9taires Administratifs de classe exceptionnelle promus dans le corps des attach\u00e9s d\u2019administrations parisiennes au titre de l&rsquo;ann\u00e9e 2023 :\" \/>\n<meta property=\"og:url\" content=\"https:\/\/unsa-paris.fr\/savp\/2023\/07\/10\/la-liste-complete-2023-des-sa-de-classe-exceptionnelle-promus-attaches-en-2023\/\" \/>\n<meta property=\"og:site_name\" content=\"Syndicat Autonome UNSA\" \/>\n<meta property=\"article:published_time\" content=\"2023-07-10T08:23:39+00:00\" \/>\n<meta property=\"article:modified_time\" content=\"2023-07-10T08:23:41+00:00\" \/>\n<meta name=\"author\" content=\"UNSA SA\" \/>\n<meta name=\"twitter:card\" content=\"summary_large_image\" \/>\n<meta name=\"twitter:label1\" content=\"\u00c9crit par\" \/>\n\t<meta name=\"twitter:data1\" content=\"UNSA SA\" \/>\n\t<meta name=\"twitter:label2\" content=\"Dur\u00e9e de lecture estim\u00e9e\" \/>\n\t<meta name=\"twitter:data2\" content=\"1 minute\" \/>\n<script type=\"application\/ld+json\" class=\"yoast-schema-graph\">{\"@context\":\"https:\\\/\\\/schema.org\",\"@graph\":[{\"@type\":\"Article\",\"@id\":\"https:\\\/\\\/unsa-paris.fr\\\/savp\\\/2023\\\/07\\\/10\\\/la-liste-complete-2023-des-sa-de-classe-exceptionnelle-promus-attaches-en-2023\\\/#article\",\"isPartOf\":{\"@id\":\"https:\\\/\\\/unsa-paris.fr\\\/savp\\\/2023\\\/07\\\/10\\\/la-liste-complete-2023-des-sa-de-classe-exceptionnelle-promus-attaches-en-2023\\\/\"},\"author\":{\"name\":\"UNSA SA\",\"@id\":\"https:\\\/\\\/unsa-paris.fr\\\/savp\\\/#\\\/schema\\\/person\\\/7253f5acb55b402d9149796390e7bdde\"},\"headline\":\"LA LISTE COMPL\u00c8TE 2023 DES SA DE CLASSE EXCEPTIONNELLE PROMUS ATTACH\u00c9S EN 2023\",\"datePublished\":\"2023-07-10T08:23:39+00:00\",\"dateModified\":\"2023-07-10T08:23:41+00:00\",\"mainEntityOfPage\":{\"@id\":\"https:\\\/\\\/unsa-paris.fr\\\/savp\\\/2023\\\/07\\\/10\\\/la-liste-complete-2023-des-sa-de-classe-exceptionnelle-promus-attaches-en-2023\\\/\"},\"wordCount\":165,\"commentCount\":0,\"publisher\":{\"@id\":\"https:\\\/\\\/unsa-paris.fr\\\/savp\\\/#organization\"},\"articleSection\":[\"Promotion\"],\"inLanguage\":\"fr-FR\",\"potentialAction\":[{\"@type\":\"CommentAction\",\"name\":\"Comment\",\"target\":[\"https:\\\/\\\/unsa-paris.fr\\\/savp\\\/2023\\\/07\\\/10\\\/la-liste-complete-2023-des-sa-de-classe-exceptionnelle-promus-attaches-en-2023\\\/#respond\"]}]},{\"@type\":\"WebPage\",\"@id\":\"https:\\\/\\\/unsa-paris.fr\\\/savp\\\/2023\\\/07\\\/10\\\/la-liste-complete-2023-des-sa-de-classe-exceptionnelle-promus-attaches-en-2023\\\/\",\"url\":\"https:\\\/\\\/unsa-paris.fr\\\/savp\\\/2023\\\/07\\\/10\\\/la-liste-complete-2023-des-sa-de-classe-exceptionnelle-promus-attaches-en-2023\\\/\",\"name\":\"LA LISTE COMPL\u00c8TE 2023 DES SA DE CLASSE EXCEPTIONNELLE PROMUS ATTACH\u00c9S EN 2023 - Syndicat Autonome UNSA\",\"isPartOf\":{\"@id\":\"https:\\\/\\\/unsa-paris.fr\\\/savp\\\/#website\"},\"datePublished\":\"2023-07-10T08:23:39+00:00\",\"dateModified\":\"2023-07-10T08:23:41+00:00\",\"breadcrumb\":{\"@id\":\"https:\\\/\\\/unsa-paris.fr\\\/savp\\\/2023\\\/07\\\/10\\\/la-liste-complete-2023-des-sa-de-classe-exceptionnelle-promus-attaches-en-2023\\\/#breadcrumb\"},\"inLanguage\":\"fr-FR\",\"potentialAction\":[{\"@type\":\"ReadAction\",\"target\":[\"https:\\\/\\\/unsa-paris.fr\\\/savp\\\/2023\\\/07\\\/10\\\/la-liste-complete-2023-des-sa-de-classe-exceptionnelle-promus-attaches-en-2023\\\/\"]}]},{\"@type\":\"BreadcrumbList\",\"@id\":\"https:\\\/\\\/unsa-paris.fr\\\/savp\\\/2023\\\/07\\\/10\\\/la-liste-complete-2023-des-sa-de-classe-exceptionnelle-promus-attaches-en-2023\\\/#breadcrumb\",\"itemListElement\":[{\"@type\":\"ListItem\",\"position\":1,\"name\":\"Accueil\",\"item\":\"https:\\\/\\\/unsa-paris.fr\\\/savp\\\/\"},{\"@type\":\"ListItem\",\"position\":2,\"name\":\"LA LISTE COMPL\u00c8TE 2023 DES SA DE CLASSE EXCEPTIONNELLE PROMUS ATTACH\u00c9S EN 2023\"}]},{\"@type\":\"WebSite\",\"@id\":\"https:\\\/\\\/unsa-paris.fr\\\/savp\\\/#website\",\"url\":\"https:\\\/\\\/unsa-paris.fr\\\/savp\\\/\",\"name\":\"Syndicat Autonome UNSA\",\"description\":\"Section des secr\u00e9taires administratifs et des techniciens sup\u00e9rieurs\",\"publisher\":{\"@id\":\"https:\\\/\\\/unsa-paris.fr\\\/savp\\\/#organization\"},\"potentialAction\":[{\"@type\":\"SearchAction\",\"target\":{\"@type\":\"EntryPoint\",\"urlTemplate\":\"https:\\\/\\\/unsa-paris.fr\\\/savp\\\/?s={search_term_string}\"},\"query-input\":{\"@type\":\"PropertyValueSpecification\",\"valueRequired\":true,\"valueName\":\"search_term_string\"}}],\"inLanguage\":\"fr-FR\"},{\"@type\":\"Organization\",\"@id\":\"https:\\\/\\\/unsa-paris.fr\\\/savp\\\/#organization\",\"name\":\"UNSA PARIS fili\u00e8re administrative\",\"url\":\"https:\\\/\\\/unsa-paris.fr\\\/savp\\\/\",\"logo\":{\"@type\":\"ImageObject\",\"inLanguage\":\"fr-FR\",\"@id\":\"https:\\\/\\\/unsa-paris.fr\\\/savp\\\/#\\\/schema\\\/logo\\\/image\\\/\",\"url\":\"https:\\\/\\\/unsa-paris.fr\\\/savp\\\/wp-content\\\/uploads\\\/2020\\\/10\\\/Logo_UNSA-V6.png\",\"contentUrl\":\"https:\\\/\\\/unsa-paris.fr\\\/savp\\\/wp-content\\\/uploads\\\/2020\\\/10\\\/Logo_UNSA-V6.png\",\"width\":986,\"height\":962,\"caption\":\"UNSA PARIS fili\u00e8re administrative\"},\"image\":{\"@id\":\"https:\\\/\\\/unsa-paris.fr\\\/savp\\\/#\\\/schema\\\/logo\\\/image\\\/\"}},{\"@type\":\"Person\",\"@id\":\"https:\\\/\\\/unsa-paris.fr\\\/savp\\\/#\\\/schema\\\/person\\\/7253f5acb55b402d9149796390e7bdde\",\"name\":\"UNSA SA\",\"image\":{\"@type\":\"ImageObject\",\"inLanguage\":\"fr-FR\",\"@id\":\"https:\\\/\\\/secure.gravatar.com\\\/avatar\\\/b78c582c0b7ba9a7147763b6638faa3db8f956662f0faffdc8b57058fad002f4?s=96&d=mm&r=g\",\"url\":\"https:\\\/\\\/secure.gravatar.com\\\/avatar\\\/b78c582c0b7ba9a7147763b6638faa3db8f956662f0faffdc8b57058fad002f4?s=96&d=mm&r=g\",\"contentUrl\":\"https:\\\/\\\/secure.gravatar.com\\\/avatar\\\/b78c582c0b7ba9a7147763b6638faa3db8f956662f0faffdc8b57058fad002f4?s=96&d=mm&r=g\",\"caption\":\"UNSA SA\"},\"sameAs\":[\"http:\\\/\\\/unsa-paris.fr\\\/savp\"],\"url\":\"https:\\\/\\\/unsa-paris.fr\\\/savp\\\/author\\\/fred\\\/\"}]}<\/script>\n<!-- \/ Yoast SEO plugin. -->","yoast_head_json":{"title":"LA LISTE COMPL\u00c8TE 2023 DES SA DE CLASSE EXCEPTIONNELLE PROMUS ATTACH\u00c9S EN 2023 - Syndicat Autonome UNSA","robots":{"index":"index","follow":"follow","max-snippet":"max-snippet:-1","max-image-preview":"max-image-preview:large","max-video-preview":"max-video-preview:-1"},"canonical":"https:\/\/unsa-paris.fr\/savp\/2023\/07\/10\/la-liste-complete-2023-des-sa-de-classe-exceptionnelle-promus-attaches-en-2023\/","og_locale":"fr_FR","og_type":"article","og_title":"LA LISTE COMPL\u00c8TE 2023 DES SA DE CLASSE EXCEPTIONNELLE PROMUS ATTACH\u00c9S EN 2023 - Syndicat Autonome UNSA","og_description":"L&rsquo;UNSA f\u00e9licite les 34 Secr\u00e9taires Administratifs de classe exceptionnelle promus dans le corps des attach\u00e9s d\u2019administrations parisiennes au titre de l&rsquo;ann\u00e9e 2023 :","og_url":"https:\/\/unsa-paris.fr\/savp\/2023\/07\/10\/la-liste-complete-2023-des-sa-de-classe-exceptionnelle-promus-attaches-en-2023\/","og_site_name":"Syndicat Autonome UNSA","article_published_time":"2023-07-10T08:23:39+00:00","article_modified_time":"2023-07-10T08:23:41+00:00","author":"UNSA SA","twitter_card":"summary_large_image","twitter_misc":{"\u00c9crit par":"UNSA SA","Dur\u00e9e de lecture estim\u00e9e":"1 minute"},"schema":{"@context":"https:\/\/schema.org","@graph":[{"@type":"Article","@id":"https:\/\/unsa-paris.fr\/savp\/2023\/07\/10\/la-liste-complete-2023-des-sa-de-classe-exceptionnelle-promus-attaches-en-2023\/#article","isPartOf":{"@id":"https:\/\/unsa-paris.fr\/savp\/2023\/07\/10\/la-liste-complete-2023-des-sa-de-classe-exceptionnelle-promus-attaches-en-2023\/"},"author":{"name":"UNSA SA","@id":"https:\/\/unsa-paris.fr\/savp\/#\/schema\/person\/7253f5acb55b402d9149796390e7bdde"},"headline":"LA LISTE COMPL\u00c8TE 2023 DES SA DE CLASSE EXCEPTIONNELLE PROMUS ATTACH\u00c9S EN 2023","datePublished":"2023-07-10T08:23:39+00:00","dateModified":"2023-07-10T08:23:41+00:00","mainEntityOfPage":{"@id":"https:\/\/unsa-paris.fr\/savp\/2023\/07\/10\/la-liste-complete-2023-des-sa-de-classe-exceptionnelle-promus-attaches-en-2023\/"},"wordCount":165,"commentCount":0,"publisher":{"@id":"https:\/\/unsa-paris.fr\/savp\/#organization"},"articleSection":["Promotion"],"inLanguage":"fr-FR","potentialAction":[{"@type":"CommentAction","name":"Comment","target":["https:\/\/unsa-paris.fr\/savp\/2023\/07\/10\/la-liste-complete-2023-des-sa-de-classe-exceptionnelle-promus-attaches-en-2023\/#respond"]}]},{"@type":"WebPage","@id":"https:\/\/unsa-paris.fr\/savp\/2023\/07\/10\/la-liste-complete-2023-des-sa-de-classe-exceptionnelle-promus-attaches-en-2023\/","url":"https:\/\/unsa-paris.fr\/savp\/2023\/07\/10\/la-liste-complete-2023-des-sa-de-classe-exceptionnelle-promus-attaches-en-2023\/","name":"LA LISTE COMPL\u00c8TE 2023 DES SA DE CLASSE EXCEPTIONNELLE PROMUS ATTACH\u00c9S EN 2023 - Syndicat Autonome UNSA","isPartOf":{"@id":"https:\/\/unsa-paris.fr\/savp\/#website"},"datePublished":"2023-07-10T08:23:39+00:00","dateModified":"2023-07-10T08:23:41+00:00","breadcrumb":{"@id":"https:\/\/unsa-paris.fr\/savp\/2023\/07\/10\/la-liste-complete-2023-des-sa-de-classe-exceptionnelle-promus-attaches-en-2023\/#breadcrumb"},"inLanguage":"fr-FR","potentialAction":[{"@type":"ReadAction","target":["https:\/\/unsa-paris.fr\/savp\/2023\/07\/10\/la-liste-complete-2023-des-sa-de-classe-exceptionnelle-promus-attaches-en-2023\/"]}]},{"@type":"BreadcrumbList","@id":"https:\/\/unsa-paris.fr\/savp\/2023\/07\/10\/la-liste-complete-2023-des-sa-de-classe-exceptionnelle-promus-attaches-en-2023\/#breadcrumb","itemListElement":[{"@type":"ListItem","position":1,"name":"Accueil","item":"https:\/\/unsa-paris.fr\/savp\/"},{"@type":"ListItem","position":2,"name":"LA LISTE COMPL\u00c8TE 2023 DES SA DE CLASSE EXCEPTIONNELLE PROMUS ATTACH\u00c9S EN 2023"}]},{"@type":"WebSite","@id":"https:\/\/unsa-paris.fr\/savp\/#website","url":"https:\/\/unsa-paris.fr\/savp\/","name":"Syndicat Autonome UNSA","description":"Section des secr\u00e9taires administratifs et des techniciens sup\u00e9rieurs","publisher":{"@id":"https:\/\/unsa-paris.fr\/savp\/#organization"},"potentialAction":[{"@type":"SearchAction","target":{"@type":"EntryPoint","urlTemplate":"https:\/\/unsa-paris.fr\/savp\/?s={search_term_string}"},"query-input":{"@type":"PropertyValueSpecification","valueRequired":true,"valueName":"search_term_string"}}],"inLanguage":"fr-FR"},{"@type":"Organization","@id":"https:\/\/unsa-paris.fr\/savp\/#organization","name":"UNSA PARIS fili\u00e8re administrative","url":"https:\/\/unsa-paris.fr\/savp\/","logo":{"@type":"ImageObject","inLanguage":"fr-FR","@id":"https:\/\/unsa-paris.fr\/savp\/#\/schema\/logo\/image\/","url":"https:\/\/unsa-paris.fr\/savp\/wp-content\/uploads\/2020\/10\/Logo_UNSA-V6.png","contentUrl":"https:\/\/unsa-paris.fr\/savp\/wp-content\/uploads\/2020\/10\/Logo_UNSA-V6.png","width":986,"height":962,"caption":"UNSA PARIS fili\u00e8re administrative"},"image":{"@id":"https:\/\/unsa-paris.fr\/savp\/#\/schema\/logo\/image\/"}},{"@type":"Person","@id":"https:\/\/unsa-paris.fr\/savp\/#\/schema\/person\/7253f5acb55b402d9149796390e7bdde","name":"UNSA SA","image":{"@type":"ImageObject","inLanguage":"fr-FR","@id":"https:\/\/secure.gravatar.com\/avatar\/b78c582c0b7ba9a7147763b6638faa3db8f956662f0faffdc8b57058fad002f4?s=96&d=mm&r=g","url":"https:\/\/secure.gravatar.com\/avatar\/b78c582c0b7ba9a7147763b6638faa3db8f956662f0faffdc8b57058fad002f4?s=96&d=mm&r=g","contentUrl":"https:\/\/secure.gravatar.com\/avatar\/b78c582c0b7ba9a7147763b6638faa3db8f956662f0faffdc8b57058fad002f4?s=96&d=mm&r=g","caption":"UNSA SA"},"sameAs":["http:\/\/unsa-paris.fr\/savp"],"url":"https:\/\/unsa-paris.fr\/savp\/author\/fred\/"}]}},"_links":{"self":[{"href":"https:\/\/unsa-paris.fr\/savp\/wp-json\/wp\/v2\/posts\/2230","targetHints":{"allow":["GET"]}}],"collection":[{"href":"https:\/\/unsa-paris.fr\/savp\/wp-json\/wp\/v2\/posts"}],"about":[{"href":"https:\/\/unsa-paris.fr\/savp\/wp-json\/wp\/v2\/types\/post"}],"author":[{"embeddable":true,"href":"https:\/\/unsa-paris.fr\/savp\/wp-json\/wp\/v2\/users\/2"}],"replies":[{"embeddable":true,"href":"https:\/\/unsa-paris.fr\/savp\/wp-json\/wp\/v2\/comments?post=2230"}],"version-history":[{"count":4,"href":"https:\/\/unsa-paris.fr\/savp\/wp-json\/wp\/v2\/posts\/2230\/revisions"}],"predecessor-version":[{"id":2237,"href":"https:\/\/unsa-paris.fr\/savp\/wp-json\/wp\/v2\/posts\/2230\/revisions\/2237"}],"wp:attachment":[{"href":"https:\/\/unsa-paris.fr\/savp\/wp-json\/wp\/v2\/media?parent=2230"}],"wp:term":[{"taxonomy":"category","embeddable":true,"href":"https:\/\/unsa-paris.fr\/savp\/wp-json\/wp\/v2\/categories?post=2230"},{"taxonomy":"post_tag","embeddable":true,"href":"https:\/\/unsa-paris.fr\/savp\/wp-json\/wp\/v2\/tags?post=2230"}],"curies":[{"name":"wp","href":"https:\/\/api.w.org\/{rel}","templated":true}]}}