{"id":2221,"date":"2023-05-30T15:10:13","date_gmt":"2023-05-30T13:10:13","guid":{"rendered":"https:\/\/unsa-paris.fr\/savp\/?p=2221"},"modified":"2023-05-30T15:10:15","modified_gmt":"2023-05-30T13:10:15","slug":"6-juin-uni-es-pour-gagner-le-retrait-et-le-progres","status":"publish","type":"post","link":"https:\/\/unsa-paris.fr\/savp\/2023\/05\/30\/6-juin-uni-es-pour-gagner-le-retrait-et-le-progres\/","title":{"rendered":"6 JUIN, UNI-ES POUR GAGNER LE RETRAIT ET LE PROGR\u00c8S"},"content":{"rendered":"\n<figure class=\"wp-block-image size-large\"><img fetchpriority=\"high\" decoding=\"async\" width=\"1024\" height=\"655\" src=\"https:\/\/unsa-paris.fr\/savp\/wp-content\/uploads\/2023\/05\/0606-e1685451133375-1024x655.jpg\" alt=\"\" class=\"wp-image-2223\" srcset=\"https:\/\/unsa-paris.fr\/savp\/wp-content\/uploads\/2023\/05\/0606-e1685451133375-1024x655.jpg 1024w, https:\/\/unsa-paris.fr\/savp\/wp-content\/uploads\/2023\/05\/0606-e1685451133375-300x192.jpg 300w, https:\/\/unsa-paris.fr\/savp\/wp-content\/uploads\/2023\/05\/0606-e1685451133375-768x492.jpg 768w, https:\/\/unsa-paris.fr\/savp\/wp-content\/uploads\/2023\/05\/0606-e1685451133375-1200x768.jpg 1200w, https:\/\/unsa-paris.fr\/savp\/wp-content\/uploads\/2023\/05\/0606-e1685451133375.jpg 1250w\" sizes=\"(max-width: 709px) 85vw, (max-width: 909px) 67vw, (max-width: 1362px) 62vw, 840px\" \/><\/figure>\n\n\n\n<p>Paris, le 30 mai 2023<\/p>\n\n\n\n<p class=\"has-text-align-center has-bright-blue-color has-text-color\" style=\"font-size:26px\"><strong>RETRAITES, SALAIRES,  <br> M\u00caME COL\u00c8RE <\/strong> <\/p>\n\n\n\n<p>Malgr\u00e9 les tentatives gouvernementales de \u00ab\u00a0passer \u00e0 autre chose\u00a0\u00bb, de \u00ab\u00a0laisser la r\u00e9forme des retraites derri\u00e8re soi\u00a0\u00bb,&nbsp;de \u00ab\u00a0faire \u0153uvre de p\u00e9dagogie\u00a0\u00bb, la grande majorit\u00e9 des fran\u00e7ais n&rsquo;a pas chang\u00e9 d&rsquo;avis sur la r\u00e9forme des retraites: Nous avons bien compris et c&rsquo;est toujours non!<\/p>\n\n\n\n<!--more-->\n\n\n\n<p>Les discussions autour du projet de loi de r\u00e9forme des retraites, aussi bien \u00e0 l&rsquo;Assembl\u00e9e Nationale qu&rsquo;au S\u00e9nat, ont \u00e9t\u00e9 escamot\u00e9es par le gouvernement, le projet n&rsquo;a d\u00fb son salut qu&rsquo;\u00e0 l&rsquo;article 49-3 et une d\u00e9cision contest\u00e9e du conseil constitutionnel.<\/p>\n\n\n\n<p>Les d\u00e9put\u00e9s pourraient enfin avoir l&rsquo;occasion de s&rsquo;exprimer pour ou contre la r\u00e9forme des retraites le 8 juin, lors du vote d&rsquo;une loi d&rsquo;abrogation pr\u00e9sent\u00e9e par le groupe LIOT, mais une fois encore, il est possible qu&rsquo;une \u00e9ni\u00e8me argutie juridique les prive de ce droit.<\/p>\n\n\n\n<p>Pour l&rsquo;UNSA, il sera important, le 6 juin, de montrer que nous sommes toujours mobilis\u00e9s contre cette loi de r\u00e9forme des retraites et que nous n&rsquo;en oublions pas pour autant l&rsquo;inflation et le pouvoir d&rsquo;achat en berne des salari\u00e9s fran\u00e7ais, notamment des fonctionnaires, et que nous r\u00e9clamons une hausse rapide du point d&rsquo;indice.<\/p>\n\n\n\n<p>C&rsquo;est donc pour le retrait du projet et plus de justice sociale, que nous serons en gr\u00e8ve et en manifestation intersyndicale.<\/p>\n\n\n\n<p class=\"has-text-align-center has-white-color has-bright-red-background-color has-text-color has-background\" style=\"font-size:24px\"><strong>MARDI 6 JUIN, \u00c0 PARTIR DE 14H<br>DES INVALIDES \u00c0 LA PLACE D&rsquo;ITALI<\/strong>E<\/p>\n\n\n\n<p>D\u00e9claration intersyndicale du 15 mai 2023<\/p>\n\n\n\n<p><strong>Ensemble pour obtenir le retrait et pour la justice sociale !<\/strong><\/p>\n\n\n\n<p>A la veille de r\u00e9unions bilat\u00e9rales organis\u00e9es par la Premi\u00e8re ministre avec les organisations syndicales, l\u2019intersyndicale, unie et d\u00e9termin\u00e9e, r\u00e9affirme son opposition \u00e0 la r\u00e9forme des retraites. L\u2019intersyndicale, toujours massivement soutenue par les travailleurs-euses, la jeunesse et une tr\u00e8s large majorit\u00e9 de la population, r\u00e9affirme son rejet de ce recul social et appelle le 6 juin, \u00e0 une journ\u00e9e de gr\u00e8ves et de manifestations sur l\u2019ensemble du territoire.<\/p>\n\n\n\n<p>L\u2019intersyndicale soutient la proposition de loi supprimant l\u2019\u00e2ge l\u00e9gal et l\u2019allongement de la dur\u00e9e de cotisation. Le 8 juin, l\u2019Assembl\u00e9e nationale pourra, pour la premi\u00e8re fois, se prononcer par un vote portant sur la r\u00e9forme des retraites. L\u2019intersyndicale appelle solennellement les d\u00e9put\u00e9.es \u00e0 la responsabilit\u00e9 en votant favorablement ce texte. Ils respecteront ainsi la volont\u00e9 de la population massivement exprim\u00e9e depuis janvier.<\/p>\n\n\n\n<p>L\u2019intersyndicale r\u00e9affirme que c\u2019est une question de justice sociale. Cette r\u00e9forme des retraites est injuste et brutale tout comme l\u2019est par exemple la d\u00e9gressivit\u00e9 des allocations ch\u00f4mage, la conditionnalit\u00e9 d\u2019acc\u00e8s au RSA ou des bourses \u00e9tudiantes. A l\u2019inverse, pour l\u2019intersyndicale, l\u2019enjeu du pouvoir d\u2019achat est central. Elle porte notamment la n\u00e9cessaire augmentation des salaires, des retraites et pensions, des minimas sociaux et des bourses d\u2019\u00e9tudes.<\/p>\n\n\n\n<p>Nous continuerons \u00e0 travailler ensemble pour plus de justice sociale.<\/p>\n\n\n\n<p>Dans le cadre de la pr\u00e9paration de la grande journ\u00e9e de mobilisation, l\u2019intersyndicale se<br>r\u00e9unira de nouveau le mardi 30 mai.<br>Notre premier combat est le retrait de la r\u00e9forme des retraites.<br>Toutes et tous mobilis\u00e9.es le 6 juin !<\/p>\n\n\n\n<p><strong><a href=\"https:\/\/unsa-paris.fr\/savp\/wp-content\/uploads\/2023\/05\/2023_05_15_Declaration_intersyndicale.pdf\" target=\"_blank\" rel=\"noreferrer noopener\">\u2022 2023_05_15 D\u00e9claration Intersyndicale Retraites T\u00e9l\u00e9charger<\/a><\/strong><\/p>\n\n\n\n<figure class=\"wp-block-image size-full\"><img decoding=\"async\" width=\"749\" height=\"392\" src=\"https:\/\/unsa-paris.fr\/savp\/wp-content\/uploads\/2023\/05\/unsa_signature.png\" alt=\"\" class=\"wp-image-2224\" srcset=\"https:\/\/unsa-paris.fr\/savp\/wp-content\/uploads\/2023\/05\/unsa_signature.png 749w, https:\/\/unsa-paris.fr\/savp\/wp-content\/uploads\/2023\/05\/unsa_signature-300x157.png 300w\" sizes=\"(max-width: 709px) 85vw, (max-width: 909px) 67vw, (max-width: 984px) 61vw, (max-width: 1362px) 45vw, 600px\" \/><\/figure>\n","protected":false},"excerpt":{"rendered":"<p>Paris, le 30 mai 2023 RETRAITES, SALAIRES, M\u00caME COL\u00c8RE Malgr\u00e9 les tentatives gouvernementales de \u00ab\u00a0passer \u00e0 autre chose\u00a0\u00bb, de \u00ab\u00a0laisser la r\u00e9forme des retraites derri\u00e8re soi\u00a0\u00bb,&nbsp;de \u00ab\u00a0faire \u0153uvre de p\u00e9dagogie\u00a0\u00bb, &hellip; <a href=\"https:\/\/unsa-paris.fr\/savp\/2023\/05\/30\/6-juin-uni-es-pour-gagner-le-retrait-et-le-progres\/\" class=\"more-link\">Continuer la lecture<span class=\"screen-reader-text\"> de &laquo;&nbsp;6 JUIN, UNI-ES POUR GAGNER LE RETRAIT ET LE PROGR\u00c8S&nbsp;&raquo;<\/span><\/a><\/p>\n","protected":false},"author":2,"featured_media":0,"comment_status":"open","ping_status":"open","sticky":false,"template":"","format":"standard","meta":{"footnotes":""},"categories":[7,9,23],"tags":[],"class_list":["post-2221","post","type-post","status-publish","format-standard","hentry","category-actualite","category-communique","category-retraites"],"yoast_head":"<!-- This site is optimized with the Yoast SEO plugin v27.5 - https:\/\/yoast.com\/product\/yoast-seo-wordpress\/ -->\n<title>6 JUIN, UNI-ES POUR GAGNER LE RETRAIT ET LE PROGR\u00c8S - Syndicat Autonome UNSA<\/title>\n<meta name=\"robots\" content=\"index, follow, max-snippet:-1, max-image-preview:large, max-video-preview:-1\" \/>\n<link rel=\"canonical\" href=\"https:\/\/unsa-paris.fr\/savp\/2023\/05\/30\/6-juin-uni-es-pour-gagner-le-retrait-et-le-progres\/\" \/>\n<meta property=\"og:locale\" content=\"fr_FR\" \/>\n<meta property=\"og:type\" content=\"article\" \/>\n<meta property=\"og:title\" content=\"6 JUIN, UNI-ES POUR GAGNER LE RETRAIT ET LE PROGR\u00c8S - Syndicat Autonome UNSA\" \/>\n<meta property=\"og:description\" content=\"Paris, le 30 mai 2023 RETRAITES, SALAIRES, M\u00caME COL\u00c8RE Malgr\u00e9 les tentatives gouvernementales de \u00ab\u00a0passer \u00e0 autre chose\u00a0\u00bb, de \u00ab\u00a0laisser la r\u00e9forme des retraites derri\u00e8re soi\u00a0\u00bb,&nbsp;de \u00ab\u00a0faire \u0153uvre de p\u00e9dagogie\u00a0\u00bb, &hellip; Continuer la lecture de &laquo;&nbsp;6 JUIN, UNI-ES POUR GAGNER LE RETRAIT ET LE PROGR\u00c8S&nbsp;&raquo;\" \/>\n<meta property=\"og:url\" content=\"https:\/\/unsa-paris.fr\/savp\/2023\/05\/30\/6-juin-uni-es-pour-gagner-le-retrait-et-le-progres\/\" \/>\n<meta property=\"og:site_name\" content=\"Syndicat Autonome UNSA\" \/>\n<meta property=\"article:published_time\" content=\"2023-05-30T13:10:13+00:00\" \/>\n<meta property=\"article:modified_time\" content=\"2023-05-30T13:10:15+00:00\" \/>\n<meta property=\"og:image\" content=\"https:\/\/unsa-paris.fr\/savp\/wp-content\/uploads\/2023\/05\/0606-e1685451133375-1024x655.jpg\" \/>\n<meta name=\"author\" content=\"UNSA SA\" \/>\n<meta name=\"twitter:card\" content=\"summary_large_image\" \/>\n<meta name=\"twitter:label1\" content=\"\u00c9crit par\" \/>\n\t<meta name=\"twitter:data1\" content=\"UNSA SA\" \/>\n\t<meta name=\"twitter:label2\" content=\"Dur\u00e9e de lecture estim\u00e9e\" \/>\n\t<meta name=\"twitter:data2\" content=\"3 minutes\" \/>\n<script type=\"application\/ld+json\" class=\"yoast-schema-graph\">{\"@context\":\"https:\\\/\\\/schema.org\",\"@graph\":[{\"@type\":\"Article\",\"@id\":\"https:\\\/\\\/unsa-paris.fr\\\/savp\\\/2023\\\/05\\\/30\\\/6-juin-uni-es-pour-gagner-le-retrait-et-le-progres\\\/#article\",\"isPartOf\":{\"@id\":\"https:\\\/\\\/unsa-paris.fr\\\/savp\\\/2023\\\/05\\\/30\\\/6-juin-uni-es-pour-gagner-le-retrait-et-le-progres\\\/\"},\"author\":{\"name\":\"UNSA SA\",\"@id\":\"https:\\\/\\\/unsa-paris.fr\\\/savp\\\/#\\\/schema\\\/person\\\/7253f5acb55b402d9149796390e7bdde\"},\"headline\":\"6 JUIN, UNI-ES POUR GAGNER LE RETRAIT ET LE PROGR\u00c8S\",\"datePublished\":\"2023-05-30T13:10:13+00:00\",\"dateModified\":\"2023-05-30T13:10:15+00:00\",\"mainEntityOfPage\":{\"@id\":\"https:\\\/\\\/unsa-paris.fr\\\/savp\\\/2023\\\/05\\\/30\\\/6-juin-uni-es-pour-gagner-le-retrait-et-le-progres\\\/\"},\"wordCount\":576,\"commentCount\":0,\"publisher\":{\"@id\":\"https:\\\/\\\/unsa-paris.fr\\\/savp\\\/#organization\"},\"image\":{\"@id\":\"https:\\\/\\\/unsa-paris.fr\\\/savp\\\/2023\\\/05\\\/30\\\/6-juin-uni-es-pour-gagner-le-retrait-et-le-progres\\\/#primaryimage\"},\"thumbnailUrl\":\"https:\\\/\\\/unsa-paris.fr\\\/savp\\\/wp-content\\\/uploads\\\/2023\\\/05\\\/0606-e1685451133375-1024x655.jpg\",\"articleSection\":[\"Actualite\",\"Communique\",\"Retraites\"],\"inLanguage\":\"fr-FR\",\"potentialAction\":[{\"@type\":\"CommentAction\",\"name\":\"Comment\",\"target\":[\"https:\\\/\\\/unsa-paris.fr\\\/savp\\\/2023\\\/05\\\/30\\\/6-juin-uni-es-pour-gagner-le-retrait-et-le-progres\\\/#respond\"]}]},{\"@type\":\"WebPage\",\"@id\":\"https:\\\/\\\/unsa-paris.fr\\\/savp\\\/2023\\\/05\\\/30\\\/6-juin-uni-es-pour-gagner-le-retrait-et-le-progres\\\/\",\"url\":\"https:\\\/\\\/unsa-paris.fr\\\/savp\\\/2023\\\/05\\\/30\\\/6-juin-uni-es-pour-gagner-le-retrait-et-le-progres\\\/\",\"name\":\"6 JUIN, UNI-ES POUR GAGNER LE RETRAIT ET LE PROGR\u00c8S - Syndicat Autonome UNSA\",\"isPartOf\":{\"@id\":\"https:\\\/\\\/unsa-paris.fr\\\/savp\\\/#website\"},\"primaryImageOfPage\":{\"@id\":\"https:\\\/\\\/unsa-paris.fr\\\/savp\\\/2023\\\/05\\\/30\\\/6-juin-uni-es-pour-gagner-le-retrait-et-le-progres\\\/#primaryimage\"},\"image\":{\"@id\":\"https:\\\/\\\/unsa-paris.fr\\\/savp\\\/2023\\\/05\\\/30\\\/6-juin-uni-es-pour-gagner-le-retrait-et-le-progres\\\/#primaryimage\"},\"thumbnailUrl\":\"https:\\\/\\\/unsa-paris.fr\\\/savp\\\/wp-content\\\/uploads\\\/2023\\\/05\\\/0606-e1685451133375-1024x655.jpg\",\"datePublished\":\"2023-05-30T13:10:13+00:00\",\"dateModified\":\"2023-05-30T13:10:15+00:00\",\"breadcrumb\":{\"@id\":\"https:\\\/\\\/unsa-paris.fr\\\/savp\\\/2023\\\/05\\\/30\\\/6-juin-uni-es-pour-gagner-le-retrait-et-le-progres\\\/#breadcrumb\"},\"inLanguage\":\"fr-FR\",\"potentialAction\":[{\"@type\":\"ReadAction\",\"target\":[\"https:\\\/\\\/unsa-paris.fr\\\/savp\\\/2023\\\/05\\\/30\\\/6-juin-uni-es-pour-gagner-le-retrait-et-le-progres\\\/\"]}]},{\"@type\":\"ImageObject\",\"inLanguage\":\"fr-FR\",\"@id\":\"https:\\\/\\\/unsa-paris.fr\\\/savp\\\/2023\\\/05\\\/30\\\/6-juin-uni-es-pour-gagner-le-retrait-et-le-progres\\\/#primaryimage\",\"url\":\"https:\\\/\\\/unsa-paris.fr\\\/savp\\\/wp-content\\\/uploads\\\/2023\\\/05\\\/0606-e1685451133375.jpg\",\"contentUrl\":\"https:\\\/\\\/unsa-paris.fr\\\/savp\\\/wp-content\\\/uploads\\\/2023\\\/05\\\/0606-e1685451133375.jpg\",\"width\":1250,\"height\":800},{\"@type\":\"BreadcrumbList\",\"@id\":\"https:\\\/\\\/unsa-paris.fr\\\/savp\\\/2023\\\/05\\\/30\\\/6-juin-uni-es-pour-gagner-le-retrait-et-le-progres\\\/#breadcrumb\",\"itemListElement\":[{\"@type\":\"ListItem\",\"position\":1,\"name\":\"Accueil\",\"item\":\"https:\\\/\\\/unsa-paris.fr\\\/savp\\\/\"},{\"@type\":\"ListItem\",\"position\":2,\"name\":\"6 JUIN, UNI-ES POUR GAGNER LE RETRAIT ET LE PROGR\u00c8S\"}]},{\"@type\":\"WebSite\",\"@id\":\"https:\\\/\\\/unsa-paris.fr\\\/savp\\\/#website\",\"url\":\"https:\\\/\\\/unsa-paris.fr\\\/savp\\\/\",\"name\":\"Syndicat Autonome UNSA\",\"description\":\"Section des secr\u00e9taires administratifs et des techniciens sup\u00e9rieurs\",\"publisher\":{\"@id\":\"https:\\\/\\\/unsa-paris.fr\\\/savp\\\/#organization\"},\"potentialAction\":[{\"@type\":\"SearchAction\",\"target\":{\"@type\":\"EntryPoint\",\"urlTemplate\":\"https:\\\/\\\/unsa-paris.fr\\\/savp\\\/?s={search_term_string}\"},\"query-input\":{\"@type\":\"PropertyValueSpecification\",\"valueRequired\":true,\"valueName\":\"search_term_string\"}}],\"inLanguage\":\"fr-FR\"},{\"@type\":\"Organization\",\"@id\":\"https:\\\/\\\/unsa-paris.fr\\\/savp\\\/#organization\",\"name\":\"UNSA PARIS fili\u00e8re administrative\",\"url\":\"https:\\\/\\\/unsa-paris.fr\\\/savp\\\/\",\"logo\":{\"@type\":\"ImageObject\",\"inLanguage\":\"fr-FR\",\"@id\":\"https:\\\/\\\/unsa-paris.fr\\\/savp\\\/#\\\/schema\\\/logo\\\/image\\\/\",\"url\":\"https:\\\/\\\/unsa-paris.fr\\\/savp\\\/wp-content\\\/uploads\\\/2020\\\/10\\\/Logo_UNSA-V6.png\",\"contentUrl\":\"https:\\\/\\\/unsa-paris.fr\\\/savp\\\/wp-content\\\/uploads\\\/2020\\\/10\\\/Logo_UNSA-V6.png\",\"width\":986,\"height\":962,\"caption\":\"UNSA PARIS fili\u00e8re administrative\"},\"image\":{\"@id\":\"https:\\\/\\\/unsa-paris.fr\\\/savp\\\/#\\\/schema\\\/logo\\\/image\\\/\"}},{\"@type\":\"Person\",\"@id\":\"https:\\\/\\\/unsa-paris.fr\\\/savp\\\/#\\\/schema\\\/person\\\/7253f5acb55b402d9149796390e7bdde\",\"name\":\"UNSA SA\",\"image\":{\"@type\":\"ImageObject\",\"inLanguage\":\"fr-FR\",\"@id\":\"https:\\\/\\\/secure.gravatar.com\\\/avatar\\\/b78c582c0b7ba9a7147763b6638faa3db8f956662f0faffdc8b57058fad002f4?s=96&d=mm&r=g\",\"url\":\"https:\\\/\\\/secure.gravatar.com\\\/avatar\\\/b78c582c0b7ba9a7147763b6638faa3db8f956662f0faffdc8b57058fad002f4?s=96&d=mm&r=g\",\"contentUrl\":\"https:\\\/\\\/secure.gravatar.com\\\/avatar\\\/b78c582c0b7ba9a7147763b6638faa3db8f956662f0faffdc8b57058fad002f4?s=96&d=mm&r=g\",\"caption\":\"UNSA SA\"},\"sameAs\":[\"http:\\\/\\\/unsa-paris.fr\\\/savp\"],\"url\":\"https:\\\/\\\/unsa-paris.fr\\\/savp\\\/author\\\/fred\\\/\"}]}<\/script>\n<!-- \/ Yoast SEO plugin. -->","yoast_head_json":{"title":"6 JUIN, UNI-ES POUR GAGNER LE RETRAIT ET LE PROGR\u00c8S - Syndicat Autonome UNSA","robots":{"index":"index","follow":"follow","max-snippet":"max-snippet:-1","max-image-preview":"max-image-preview:large","max-video-preview":"max-video-preview:-1"},"canonical":"https:\/\/unsa-paris.fr\/savp\/2023\/05\/30\/6-juin-uni-es-pour-gagner-le-retrait-et-le-progres\/","og_locale":"fr_FR","og_type":"article","og_title":"6 JUIN, UNI-ES POUR GAGNER LE RETRAIT ET LE PROGR\u00c8S - Syndicat Autonome UNSA","og_description":"Paris, le 30 mai 2023 RETRAITES, SALAIRES, M\u00caME COL\u00c8RE Malgr\u00e9 les tentatives gouvernementales de \u00ab\u00a0passer \u00e0 autre chose\u00a0\u00bb, de \u00ab\u00a0laisser la r\u00e9forme des retraites derri\u00e8re soi\u00a0\u00bb,&nbsp;de \u00ab\u00a0faire \u0153uvre de p\u00e9dagogie\u00a0\u00bb, &hellip; Continuer la lecture de &laquo;&nbsp;6 JUIN, UNI-ES POUR GAGNER LE RETRAIT ET LE PROGR\u00c8S&nbsp;&raquo;","og_url":"https:\/\/unsa-paris.fr\/savp\/2023\/05\/30\/6-juin-uni-es-pour-gagner-le-retrait-et-le-progres\/","og_site_name":"Syndicat Autonome UNSA","article_published_time":"2023-05-30T13:10:13+00:00","article_modified_time":"2023-05-30T13:10:15+00:00","og_image":[{"url":"https:\/\/unsa-paris.fr\/savp\/wp-content\/uploads\/2023\/05\/0606-e1685451133375-1024x655.jpg","type":"","width":"","height":""}],"author":"UNSA SA","twitter_card":"summary_large_image","twitter_misc":{"\u00c9crit par":"UNSA SA","Dur\u00e9e de lecture estim\u00e9e":"3 minutes"},"schema":{"@context":"https:\/\/schema.org","@graph":[{"@type":"Article","@id":"https:\/\/unsa-paris.fr\/savp\/2023\/05\/30\/6-juin-uni-es-pour-gagner-le-retrait-et-le-progres\/#article","isPartOf":{"@id":"https:\/\/unsa-paris.fr\/savp\/2023\/05\/30\/6-juin-uni-es-pour-gagner-le-retrait-et-le-progres\/"},"author":{"name":"UNSA SA","@id":"https:\/\/unsa-paris.fr\/savp\/#\/schema\/person\/7253f5acb55b402d9149796390e7bdde"},"headline":"6 JUIN, UNI-ES POUR GAGNER LE RETRAIT ET LE PROGR\u00c8S","datePublished":"2023-05-30T13:10:13+00:00","dateModified":"2023-05-30T13:10:15+00:00","mainEntityOfPage":{"@id":"https:\/\/unsa-paris.fr\/savp\/2023\/05\/30\/6-juin-uni-es-pour-gagner-le-retrait-et-le-progres\/"},"wordCount":576,"commentCount":0,"publisher":{"@id":"https:\/\/unsa-paris.fr\/savp\/#organization"},"image":{"@id":"https:\/\/unsa-paris.fr\/savp\/2023\/05\/30\/6-juin-uni-es-pour-gagner-le-retrait-et-le-progres\/#primaryimage"},"thumbnailUrl":"https:\/\/unsa-paris.fr\/savp\/wp-content\/uploads\/2023\/05\/0606-e1685451133375-1024x655.jpg","articleSection":["Actualite","Communique","Retraites"],"inLanguage":"fr-FR","potentialAction":[{"@type":"CommentAction","name":"Comment","target":["https:\/\/unsa-paris.fr\/savp\/2023\/05\/30\/6-juin-uni-es-pour-gagner-le-retrait-et-le-progres\/#respond"]}]},{"@type":"WebPage","@id":"https:\/\/unsa-paris.fr\/savp\/2023\/05\/30\/6-juin-uni-es-pour-gagner-le-retrait-et-le-progres\/","url":"https:\/\/unsa-paris.fr\/savp\/2023\/05\/30\/6-juin-uni-es-pour-gagner-le-retrait-et-le-progres\/","name":"6 JUIN, UNI-ES POUR GAGNER LE RETRAIT ET LE PROGR\u00c8S - Syndicat Autonome UNSA","isPartOf":{"@id":"https:\/\/unsa-paris.fr\/savp\/#website"},"primaryImageOfPage":{"@id":"https:\/\/unsa-paris.fr\/savp\/2023\/05\/30\/6-juin-uni-es-pour-gagner-le-retrait-et-le-progres\/#primaryimage"},"image":{"@id":"https:\/\/unsa-paris.fr\/savp\/2023\/05\/30\/6-juin-uni-es-pour-gagner-le-retrait-et-le-progres\/#primaryimage"},"thumbnailUrl":"https:\/\/unsa-paris.fr\/savp\/wp-content\/uploads\/2023\/05\/0606-e1685451133375-1024x655.jpg","datePublished":"2023-05-30T13:10:13+00:00","dateModified":"2023-05-30T13:10:15+00:00","breadcrumb":{"@id":"https:\/\/unsa-paris.fr\/savp\/2023\/05\/30\/6-juin-uni-es-pour-gagner-le-retrait-et-le-progres\/#breadcrumb"},"inLanguage":"fr-FR","potentialAction":[{"@type":"ReadAction","target":["https:\/\/unsa-paris.fr\/savp\/2023\/05\/30\/6-juin-uni-es-pour-gagner-le-retrait-et-le-progres\/"]}]},{"@type":"ImageObject","inLanguage":"fr-FR","@id":"https:\/\/unsa-paris.fr\/savp\/2023\/05\/30\/6-juin-uni-es-pour-gagner-le-retrait-et-le-progres\/#primaryimage","url":"https:\/\/unsa-paris.fr\/savp\/wp-content\/uploads\/2023\/05\/0606-e1685451133375.jpg","contentUrl":"https:\/\/unsa-paris.fr\/savp\/wp-content\/uploads\/2023\/05\/0606-e1685451133375.jpg","width":1250,"height":800},{"@type":"BreadcrumbList","@id":"https:\/\/unsa-paris.fr\/savp\/2023\/05\/30\/6-juin-uni-es-pour-gagner-le-retrait-et-le-progres\/#breadcrumb","itemListElement":[{"@type":"ListItem","position":1,"name":"Accueil","item":"https:\/\/unsa-paris.fr\/savp\/"},{"@type":"ListItem","position":2,"name":"6 JUIN, UNI-ES POUR GAGNER LE RETRAIT ET LE PROGR\u00c8S"}]},{"@type":"WebSite","@id":"https:\/\/unsa-paris.fr\/savp\/#website","url":"https:\/\/unsa-paris.fr\/savp\/","name":"Syndicat Autonome UNSA","description":"Section des secr\u00e9taires administratifs et des techniciens sup\u00e9rieurs","publisher":{"@id":"https:\/\/unsa-paris.fr\/savp\/#organization"},"potentialAction":[{"@type":"SearchAction","target":{"@type":"EntryPoint","urlTemplate":"https:\/\/unsa-paris.fr\/savp\/?s={search_term_string}"},"query-input":{"@type":"PropertyValueSpecification","valueRequired":true,"valueName":"search_term_string"}}],"inLanguage":"fr-FR"},{"@type":"Organization","@id":"https:\/\/unsa-paris.fr\/savp\/#organization","name":"UNSA PARIS fili\u00e8re administrative","url":"https:\/\/unsa-paris.fr\/savp\/","logo":{"@type":"ImageObject","inLanguage":"fr-FR","@id":"https:\/\/unsa-paris.fr\/savp\/#\/schema\/logo\/image\/","url":"https:\/\/unsa-paris.fr\/savp\/wp-content\/uploads\/2020\/10\/Logo_UNSA-V6.png","contentUrl":"https:\/\/unsa-paris.fr\/savp\/wp-content\/uploads\/2020\/10\/Logo_UNSA-V6.png","width":986,"height":962,"caption":"UNSA PARIS fili\u00e8re administrative"},"image":{"@id":"https:\/\/unsa-paris.fr\/savp\/#\/schema\/logo\/image\/"}},{"@type":"Person","@id":"https:\/\/unsa-paris.fr\/savp\/#\/schema\/person\/7253f5acb55b402d9149796390e7bdde","name":"UNSA SA","image":{"@type":"ImageObject","inLanguage":"fr-FR","@id":"https:\/\/secure.gravatar.com\/avatar\/b78c582c0b7ba9a7147763b6638faa3db8f956662f0faffdc8b57058fad002f4?s=96&d=mm&r=g","url":"https:\/\/secure.gravatar.com\/avatar\/b78c582c0b7ba9a7147763b6638faa3db8f956662f0faffdc8b57058fad002f4?s=96&d=mm&r=g","contentUrl":"https:\/\/secure.gravatar.com\/avatar\/b78c582c0b7ba9a7147763b6638faa3db8f956662f0faffdc8b57058fad002f4?s=96&d=mm&r=g","caption":"UNSA SA"},"sameAs":["http:\/\/unsa-paris.fr\/savp"],"url":"https:\/\/unsa-paris.fr\/savp\/author\/fred\/"}]}},"_links":{"self":[{"href":"https:\/\/unsa-paris.fr\/savp\/wp-json\/wp\/v2\/posts\/2221","targetHints":{"allow":["GET"]}}],"collection":[{"href":"https:\/\/unsa-paris.fr\/savp\/wp-json\/wp\/v2\/posts"}],"about":[{"href":"https:\/\/unsa-paris.fr\/savp\/wp-json\/wp\/v2\/types\/post"}],"author":[{"embeddable":true,"href":"https:\/\/unsa-paris.fr\/savp\/wp-json\/wp\/v2\/users\/2"}],"replies":[{"embeddable":true,"href":"https:\/\/unsa-paris.fr\/savp\/wp-json\/wp\/v2\/comments?post=2221"}],"version-history":[{"count":3,"href":"https:\/\/unsa-paris.fr\/savp\/wp-json\/wp\/v2\/posts\/2221\/revisions"}],"predecessor-version":[{"id":2229,"href":"https:\/\/unsa-paris.fr\/savp\/wp-json\/wp\/v2\/posts\/2221\/revisions\/2229"}],"wp:attachment":[{"href":"https:\/\/unsa-paris.fr\/savp\/wp-json\/wp\/v2\/media?parent=2221"}],"wp:term":[{"taxonomy":"category","embeddable":true,"href":"https:\/\/unsa-paris.fr\/savp\/wp-json\/wp\/v2\/categories?post=2221"},{"taxonomy":"post_tag","embeddable":true,"href":"https:\/\/unsa-paris.fr\/savp\/wp-json\/wp\/v2\/tags?post=2221"}],"curies":[{"name":"wp","href":"https:\/\/api.w.org\/{rel}","templated":true}]}}