{"id":2219,"date":"2023-05-25T14:01:57","date_gmt":"2023-05-25T12:01:57","guid":{"rendered":"https:\/\/unsa-paris.fr\/savp\/?p=2219"},"modified":"2023-05-25T14:01:59","modified_gmt":"2023-05-25T12:01:59","slug":"grilles-indiciaires-de-la-categorie-b-au-1er-mai-2023","status":"publish","type":"post","link":"https:\/\/unsa-paris.fr\/savp\/2023\/05\/25\/grilles-indiciaires-de-la-categorie-b-au-1er-mai-2023\/","title":{"rendered":"Grilles indiciaires de la cat\u00e9gorie B au 1er mai 2023"},"content":{"rendered":"\n<p><strong>La hausse du minimum de traitement de huit points d&rsquo;indice au 1er mai 2023 concerne le 1er grade de la cat\u00e9gorie B. L&rsquo;UNSA Fonction Publique revendique une am\u00e9lioration des grilles, ainsi qu&rsquo;une augmentation du point d&rsquo;indice.<\/strong><\/p>\n\n\n\n<p>Le minimum de traitement de la fonction publique est augment\u00e9 d&rsquo;un point d&rsquo;indice, passant de l&rsquo;indice brut major\u00e9 353 \u00e0 361, soit de 1 712,06 \u00e0 1 750,86 euros bruts mensuels. La valeur mensuelle du point d&rsquo;indice est fix\u00e9 \u00e0 4,85003 \u20ac depuis le 1<sup>er<\/sup> juillet 2022.<\/p>\n\n\n\n<!--more-->\n\n\n\n<p><strong>Grille B1 au 1<sup>er<\/sup> mai 2023<\/strong><\/p>\n\n\n\n<p>Les deux premiers \u00e9chelons sont concern\u00e9s par la hausse du minimum de traitement.<\/p>\n\n\n\n<figure class=\"wp-block-table\"><table><tbody><tr><td>\u00c9chelon<\/td><td>Indice major\u00e9<\/td><td>Dur\u00e9e en ann\u00e9es<\/td><td><strong>Traitement mensuel brut en euros<\/strong><\/td><\/tr><tr><td>13<\/td><td>503<\/td><td>&nbsp;<\/td><td><strong>2 439,57<\/strong><\/td><\/tr><tr><td>12<\/td><td>477<\/td><td>4<\/td><td><strong>2 313,46<\/strong><\/td><\/tr><tr><td>11<\/td><td>457<\/td><td>3<\/td><td><strong>2 216,46<\/strong><\/td><\/tr><tr><td>10<\/td><td>441<\/td><td>3<\/td><td><strong>2 138,86<\/strong><\/td><\/tr><tr><td>9<\/td><td>431<\/td><td>3<\/td><td><strong>2 090,36<\/strong><\/td><\/tr><tr><td>8<\/td><td>415<\/td><td>3<\/td><td><strong>2 012,76<\/strong><\/td><\/tr><tr><td>7<\/td><td>396<\/td><td>2<\/td><td><strong>1 920,61<\/strong><\/td><\/tr><tr><td>6<\/td><td>381<\/td><td>2<\/td><td><strong>1 847,86<\/strong><\/td><\/tr><tr><td>5<\/td><td>369<\/td><td>2<\/td><td><strong>1 789,66<\/strong><\/td><\/tr><tr><td>4<\/td><td>363<\/td><td>1<\/td><td><strong>1 760,56<\/strong><\/td><\/tr><tr><td>3<\/td><td>361<\/td><td>1<\/td><td><strong>1 750,86<\/strong><\/td><\/tr><tr><td>2<\/td><td>361<\/td><td>1<\/td><td><strong>1 750,86<\/strong><\/td><\/tr><tr><td>1<\/td><td>361<\/td><td>1<\/td><td><strong>1 750,86<\/strong><\/td><\/tr><\/tbody><\/table><\/figure>\n\n\n\n<p><strong>Grille B2 au 1<sup>er<\/sup> mai 2023<\/strong><\/p>\n\n\n\n<figure class=\"wp-block-table\"><table><tbody><tr><td>\u00c9chelon<\/td><td>Indice major\u00e9<\/td><td>Dur\u00e9e en ann\u00e9es<\/td><td><strong>Traitement mensuel brut en euros<\/strong><\/td><\/tr><tr><td>12<\/td><td>534<\/td><td>&nbsp;<\/td><td><strong>2 589,92<\/strong><\/td><\/tr><tr><td>11<\/td><td>504<\/td><td>4<\/td><td><strong>2 444,42<\/strong><\/td><\/tr><tr><td>10<\/td><td>480<\/td><td>3<\/td><td><strong>2 328,01<\/strong><\/td><\/tr><tr><td>9<\/td><td>461<\/td><td>3<\/td><td><strong>2 235,86<\/strong><\/td><\/tr><tr><td>8<\/td><td>452<\/td><td>3<\/td><td><strong>2 192,21<\/strong><\/td><\/tr><tr><td>7<\/td><td>436<\/td><td>3<\/td><td><strong>2 114,61<\/strong><\/td><\/tr><tr><td>6<\/td><td>416<\/td><td>2<\/td><td><strong>2 017,61<\/strong><\/td><\/tr><tr><td>5<\/td><td>401<\/td><td>2<\/td><td><strong>1 944,86<\/strong><\/td><\/tr><tr><td>4<\/td><td>390<\/td><td>2<\/td><td><strong>1 891,51<\/strong><\/td><\/tr><tr><td>3<\/td><td>379<\/td><td>2<\/td><td><strong>1 838,16<\/strong><\/td><\/tr><tr><td>2<\/td><td>369<\/td><td>1<\/td><td><strong>1 789,66<\/strong><\/td><\/tr><tr><td>1<\/td><td>363<\/td><td>1<\/td><td><strong>1 760,56<\/strong><\/td><\/tr><\/tbody><\/table><\/figure>\n\n\n\n<p><strong>Grille B3 au 1<sup>er<\/sup> mai 2023<\/strong><\/p>\n\n\n\n<figure class=\"wp-block-table\"><table><tbody><tr><td>\u00c9chelon<\/td><td>Indice major\u00e9<\/td><td>Dur\u00e9e en ann\u00e9es<\/td><td><strong>Traitement mensuel brut en euros<\/strong><\/td><\/tr><tr><td>11<\/td><td>587<\/td><td>&nbsp;<\/td><td><strong>2 846,97<\/strong><\/td><\/tr><tr><td>10<\/td><td>569<\/td><td>3<\/td><td><strong>2 759,67<\/strong><\/td><\/tr><tr><td>9<\/td><td>551<\/td><td>3<\/td><td><strong>2 672,37<\/strong><\/td><\/tr><tr><td>8<\/td><td>534<\/td><td>3<\/td><td><strong>2 589,92<\/strong><\/td><\/tr><tr><td>7<\/td><td>508<\/td><td>3<\/td><td><strong>2 463,82<\/strong><\/td><\/tr><tr><td>6<\/td><td>484<\/td><td>3<\/td><td><strong>2 347,41<\/strong><\/td><\/tr><tr><td>5<\/td><td>465<\/td><td>2<\/td><td><strong>2 255,26<\/strong><\/td><\/tr><tr><td>4<\/td><td>441<\/td><td>2<\/td><td><strong>2 138,86<\/strong><\/td><\/tr><tr><td>3<\/td><td>419<\/td><td>2<\/td><td><strong>2 032,16<\/strong><\/td><\/tr><tr><td>2<\/td><td>404<\/td><td>2<\/td><td><strong>1 959,41<\/strong><\/td><\/tr><tr><td>1<\/td><td>392<\/td><td>1<\/td><td><strong>1 901,21<\/strong><\/td><\/tr><\/tbody><\/table><\/figure>\n\n\n\n<figure class=\"wp-block-image size-full\"><img fetchpriority=\"high\" decoding=\"async\" width=\"926\" height=\"222\" src=\"https:\/\/unsa-paris.fr\/savp\/wp-content\/uploads\/2023\/01\/site.png\" alt=\"\" class=\"wp-image-1976\" srcset=\"https:\/\/unsa-paris.fr\/savp\/wp-content\/uploads\/2023\/01\/site.png 926w, https:\/\/unsa-paris.fr\/savp\/wp-content\/uploads\/2023\/01\/site-300x72.png 300w, https:\/\/unsa-paris.fr\/savp\/wp-content\/uploads\/2023\/01\/site-768x184.png 768w\" sizes=\"(max-width: 709px) 85vw, (max-width: 909px) 67vw, (max-width: 1362px) 62vw, 840px\" \/><\/figure>\n","protected":false},"excerpt":{"rendered":"<p>La hausse du minimum de traitement de huit points d&rsquo;indice au 1er mai 2023 concerne le 1er grade de la cat\u00e9gorie B. L&rsquo;UNSA Fonction Publique revendique une am\u00e9lioration des grilles, &hellip; <a href=\"https:\/\/unsa-paris.fr\/savp\/2023\/05\/25\/grilles-indiciaires-de-la-categorie-b-au-1er-mai-2023\/\" class=\"more-link\">Continuer la lecture<span class=\"screen-reader-text\"> de &laquo;&nbsp;Grilles indiciaires de la cat\u00e9gorie B au 1er mai 2023&nbsp;&raquo;<\/span><\/a><\/p>\n","protected":false},"author":2,"featured_media":0,"comment_status":"open","ping_status":"open","sticky":false,"template":"","format":"standard","meta":{"footnotes":""},"categories":[14],"tags":[],"class_list":["post-2219","post","type-post","status-publish","format-standard","hentry","category-remuneration"],"yoast_head":"<!-- This site is optimized with the Yoast SEO plugin v27.4 - https:\/\/yoast.com\/product\/yoast-seo-wordpress\/ -->\n<title>Grilles indiciaires de la cat\u00e9gorie B au 1er mai 2023 - Syndicat Autonome UNSA<\/title>\n<meta name=\"robots\" content=\"index, follow, max-snippet:-1, max-image-preview:large, max-video-preview:-1\" \/>\n<link rel=\"canonical\" href=\"https:\/\/unsa-paris.fr\/savp\/2023\/05\/25\/grilles-indiciaires-de-la-categorie-b-au-1er-mai-2023\/\" \/>\n<meta property=\"og:locale\" content=\"fr_FR\" \/>\n<meta property=\"og:type\" content=\"article\" \/>\n<meta property=\"og:title\" content=\"Grilles indiciaires de la cat\u00e9gorie B au 1er mai 2023 - Syndicat Autonome UNSA\" \/>\n<meta property=\"og:description\" content=\"La hausse du minimum de traitement de huit points d&rsquo;indice au 1er mai 2023 concerne le 1er grade de la cat\u00e9gorie B. L&rsquo;UNSA Fonction Publique revendique une am\u00e9lioration des grilles, &hellip; Continuer la lecture de &laquo;&nbsp;Grilles indiciaires de la cat\u00e9gorie B au 1er mai 2023&nbsp;&raquo;\" \/>\n<meta property=\"og:url\" content=\"https:\/\/unsa-paris.fr\/savp\/2023\/05\/25\/grilles-indiciaires-de-la-categorie-b-au-1er-mai-2023\/\" \/>\n<meta property=\"og:site_name\" content=\"Syndicat Autonome UNSA\" \/>\n<meta property=\"article:published_time\" content=\"2023-05-25T12:01:57+00:00\" \/>\n<meta property=\"article:modified_time\" content=\"2023-05-25T12:01:59+00:00\" \/>\n<meta property=\"og:image\" content=\"https:\/\/unsa-paris.fr\/savp\/wp-content\/uploads\/2023\/01\/site.png\" \/>\n<meta name=\"author\" content=\"UNSA SA\" \/>\n<meta name=\"twitter:card\" content=\"summary_large_image\" \/>\n<meta name=\"twitter:label1\" content=\"\u00c9crit par\" \/>\n\t<meta name=\"twitter:data1\" content=\"UNSA SA\" \/>\n\t<meta name=\"twitter:label2\" content=\"Dur\u00e9e de lecture estim\u00e9e\" \/>\n\t<meta name=\"twitter:data2\" content=\"2 minutes\" \/>\n<script type=\"application\/ld+json\" class=\"yoast-schema-graph\">{\"@context\":\"https:\\\/\\\/schema.org\",\"@graph\":[{\"@type\":\"Article\",\"@id\":\"https:\\\/\\\/unsa-paris.fr\\\/savp\\\/2023\\\/05\\\/25\\\/grilles-indiciaires-de-la-categorie-b-au-1er-mai-2023\\\/#article\",\"isPartOf\":{\"@id\":\"https:\\\/\\\/unsa-paris.fr\\\/savp\\\/2023\\\/05\\\/25\\\/grilles-indiciaires-de-la-categorie-b-au-1er-mai-2023\\\/\"},\"author\":{\"name\":\"UNSA SA\",\"@id\":\"https:\\\/\\\/unsa-paris.fr\\\/savp\\\/#\\\/schema\\\/person\\\/7253f5acb55b402d9149796390e7bdde\"},\"headline\":\"Grilles indiciaires de la cat\u00e9gorie B au 1er mai 2023\",\"datePublished\":\"2023-05-25T12:01:57+00:00\",\"dateModified\":\"2023-05-25T12:01:59+00:00\",\"mainEntityOfPage\":{\"@id\":\"https:\\\/\\\/unsa-paris.fr\\\/savp\\\/2023\\\/05\\\/25\\\/grilles-indiciaires-de-la-categorie-b-au-1er-mai-2023\\\/\"},\"wordCount\":161,\"commentCount\":0,\"publisher\":{\"@id\":\"https:\\\/\\\/unsa-paris.fr\\\/savp\\\/#organization\"},\"image\":{\"@id\":\"https:\\\/\\\/unsa-paris.fr\\\/savp\\\/2023\\\/05\\\/25\\\/grilles-indiciaires-de-la-categorie-b-au-1er-mai-2023\\\/#primaryimage\"},\"thumbnailUrl\":\"https:\\\/\\\/unsa-paris.fr\\\/savp\\\/wp-content\\\/uploads\\\/2023\\\/01\\\/site.png\",\"articleSection\":[\"R\u00e9mun\u00e9ration\"],\"inLanguage\":\"fr-FR\",\"potentialAction\":[{\"@type\":\"CommentAction\",\"name\":\"Comment\",\"target\":[\"https:\\\/\\\/unsa-paris.fr\\\/savp\\\/2023\\\/05\\\/25\\\/grilles-indiciaires-de-la-categorie-b-au-1er-mai-2023\\\/#respond\"]}]},{\"@type\":\"WebPage\",\"@id\":\"https:\\\/\\\/unsa-paris.fr\\\/savp\\\/2023\\\/05\\\/25\\\/grilles-indiciaires-de-la-categorie-b-au-1er-mai-2023\\\/\",\"url\":\"https:\\\/\\\/unsa-paris.fr\\\/savp\\\/2023\\\/05\\\/25\\\/grilles-indiciaires-de-la-categorie-b-au-1er-mai-2023\\\/\",\"name\":\"Grilles indiciaires de la cat\u00e9gorie B au 1er mai 2023 - Syndicat Autonome UNSA\",\"isPartOf\":{\"@id\":\"https:\\\/\\\/unsa-paris.fr\\\/savp\\\/#website\"},\"primaryImageOfPage\":{\"@id\":\"https:\\\/\\\/unsa-paris.fr\\\/savp\\\/2023\\\/05\\\/25\\\/grilles-indiciaires-de-la-categorie-b-au-1er-mai-2023\\\/#primaryimage\"},\"image\":{\"@id\":\"https:\\\/\\\/unsa-paris.fr\\\/savp\\\/2023\\\/05\\\/25\\\/grilles-indiciaires-de-la-categorie-b-au-1er-mai-2023\\\/#primaryimage\"},\"thumbnailUrl\":\"https:\\\/\\\/unsa-paris.fr\\\/savp\\\/wp-content\\\/uploads\\\/2023\\\/01\\\/site.png\",\"datePublished\":\"2023-05-25T12:01:57+00:00\",\"dateModified\":\"2023-05-25T12:01:59+00:00\",\"breadcrumb\":{\"@id\":\"https:\\\/\\\/unsa-paris.fr\\\/savp\\\/2023\\\/05\\\/25\\\/grilles-indiciaires-de-la-categorie-b-au-1er-mai-2023\\\/#breadcrumb\"},\"inLanguage\":\"fr-FR\",\"potentialAction\":[{\"@type\":\"ReadAction\",\"target\":[\"https:\\\/\\\/unsa-paris.fr\\\/savp\\\/2023\\\/05\\\/25\\\/grilles-indiciaires-de-la-categorie-b-au-1er-mai-2023\\\/\"]}]},{\"@type\":\"ImageObject\",\"inLanguage\":\"fr-FR\",\"@id\":\"https:\\\/\\\/unsa-paris.fr\\\/savp\\\/2023\\\/05\\\/25\\\/grilles-indiciaires-de-la-categorie-b-au-1er-mai-2023\\\/#primaryimage\",\"url\":\"https:\\\/\\\/unsa-paris.fr\\\/savp\\\/wp-content\\\/uploads\\\/2023\\\/01\\\/site.png\",\"contentUrl\":\"https:\\\/\\\/unsa-paris.fr\\\/savp\\\/wp-content\\\/uploads\\\/2023\\\/01\\\/site.png\",\"width\":926,\"height\":222},{\"@type\":\"BreadcrumbList\",\"@id\":\"https:\\\/\\\/unsa-paris.fr\\\/savp\\\/2023\\\/05\\\/25\\\/grilles-indiciaires-de-la-categorie-b-au-1er-mai-2023\\\/#breadcrumb\",\"itemListElement\":[{\"@type\":\"ListItem\",\"position\":1,\"name\":\"Accueil\",\"item\":\"https:\\\/\\\/unsa-paris.fr\\\/savp\\\/\"},{\"@type\":\"ListItem\",\"position\":2,\"name\":\"Grilles indiciaires de la cat\u00e9gorie B au 1er mai 2023\"}]},{\"@type\":\"WebSite\",\"@id\":\"https:\\\/\\\/unsa-paris.fr\\\/savp\\\/#website\",\"url\":\"https:\\\/\\\/unsa-paris.fr\\\/savp\\\/\",\"name\":\"Syndicat Autonome UNSA\",\"description\":\"Section des secr\u00e9taires administratifs et des techniciens sup\u00e9rieurs\",\"publisher\":{\"@id\":\"https:\\\/\\\/unsa-paris.fr\\\/savp\\\/#organization\"},\"potentialAction\":[{\"@type\":\"SearchAction\",\"target\":{\"@type\":\"EntryPoint\",\"urlTemplate\":\"https:\\\/\\\/unsa-paris.fr\\\/savp\\\/?s={search_term_string}\"},\"query-input\":{\"@type\":\"PropertyValueSpecification\",\"valueRequired\":true,\"valueName\":\"search_term_string\"}}],\"inLanguage\":\"fr-FR\"},{\"@type\":\"Organization\",\"@id\":\"https:\\\/\\\/unsa-paris.fr\\\/savp\\\/#organization\",\"name\":\"UNSA PARIS fili\u00e8re administrative\",\"url\":\"https:\\\/\\\/unsa-paris.fr\\\/savp\\\/\",\"logo\":{\"@type\":\"ImageObject\",\"inLanguage\":\"fr-FR\",\"@id\":\"https:\\\/\\\/unsa-paris.fr\\\/savp\\\/#\\\/schema\\\/logo\\\/image\\\/\",\"url\":\"https:\\\/\\\/unsa-paris.fr\\\/savp\\\/wp-content\\\/uploads\\\/2020\\\/10\\\/Logo_UNSA-V6.png\",\"contentUrl\":\"https:\\\/\\\/unsa-paris.fr\\\/savp\\\/wp-content\\\/uploads\\\/2020\\\/10\\\/Logo_UNSA-V6.png\",\"width\":986,\"height\":962,\"caption\":\"UNSA PARIS fili\u00e8re administrative\"},\"image\":{\"@id\":\"https:\\\/\\\/unsa-paris.fr\\\/savp\\\/#\\\/schema\\\/logo\\\/image\\\/\"}},{\"@type\":\"Person\",\"@id\":\"https:\\\/\\\/unsa-paris.fr\\\/savp\\\/#\\\/schema\\\/person\\\/7253f5acb55b402d9149796390e7bdde\",\"name\":\"UNSA SA\",\"image\":{\"@type\":\"ImageObject\",\"inLanguage\":\"fr-FR\",\"@id\":\"https:\\\/\\\/secure.gravatar.com\\\/avatar\\\/b78c582c0b7ba9a7147763b6638faa3db8f956662f0faffdc8b57058fad002f4?s=96&d=mm&r=g\",\"url\":\"https:\\\/\\\/secure.gravatar.com\\\/avatar\\\/b78c582c0b7ba9a7147763b6638faa3db8f956662f0faffdc8b57058fad002f4?s=96&d=mm&r=g\",\"contentUrl\":\"https:\\\/\\\/secure.gravatar.com\\\/avatar\\\/b78c582c0b7ba9a7147763b6638faa3db8f956662f0faffdc8b57058fad002f4?s=96&d=mm&r=g\",\"caption\":\"UNSA SA\"},\"sameAs\":[\"http:\\\/\\\/unsa-paris.fr\\\/savp\"],\"url\":\"https:\\\/\\\/unsa-paris.fr\\\/savp\\\/author\\\/fred\\\/\"}]}<\/script>\n<!-- \/ Yoast SEO plugin. -->","yoast_head_json":{"title":"Grilles indiciaires de la cat\u00e9gorie B au 1er mai 2023 - Syndicat Autonome UNSA","robots":{"index":"index","follow":"follow","max-snippet":"max-snippet:-1","max-image-preview":"max-image-preview:large","max-video-preview":"max-video-preview:-1"},"canonical":"https:\/\/unsa-paris.fr\/savp\/2023\/05\/25\/grilles-indiciaires-de-la-categorie-b-au-1er-mai-2023\/","og_locale":"fr_FR","og_type":"article","og_title":"Grilles indiciaires de la cat\u00e9gorie B au 1er mai 2023 - Syndicat Autonome UNSA","og_description":"La hausse du minimum de traitement de huit points d&rsquo;indice au 1er mai 2023 concerne le 1er grade de la cat\u00e9gorie B. L&rsquo;UNSA Fonction Publique revendique une am\u00e9lioration des grilles, &hellip; Continuer la lecture de &laquo;&nbsp;Grilles indiciaires de la cat\u00e9gorie B au 1er mai 2023&nbsp;&raquo;","og_url":"https:\/\/unsa-paris.fr\/savp\/2023\/05\/25\/grilles-indiciaires-de-la-categorie-b-au-1er-mai-2023\/","og_site_name":"Syndicat Autonome UNSA","article_published_time":"2023-05-25T12:01:57+00:00","article_modified_time":"2023-05-25T12:01:59+00:00","og_image":[{"url":"https:\/\/unsa-paris.fr\/savp\/wp-content\/uploads\/2023\/01\/site.png","type":"","width":"","height":""}],"author":"UNSA SA","twitter_card":"summary_large_image","twitter_misc":{"\u00c9crit par":"UNSA SA","Dur\u00e9e de lecture estim\u00e9e":"2 minutes"},"schema":{"@context":"https:\/\/schema.org","@graph":[{"@type":"Article","@id":"https:\/\/unsa-paris.fr\/savp\/2023\/05\/25\/grilles-indiciaires-de-la-categorie-b-au-1er-mai-2023\/#article","isPartOf":{"@id":"https:\/\/unsa-paris.fr\/savp\/2023\/05\/25\/grilles-indiciaires-de-la-categorie-b-au-1er-mai-2023\/"},"author":{"name":"UNSA SA","@id":"https:\/\/unsa-paris.fr\/savp\/#\/schema\/person\/7253f5acb55b402d9149796390e7bdde"},"headline":"Grilles indiciaires de la cat\u00e9gorie B au 1er mai 2023","datePublished":"2023-05-25T12:01:57+00:00","dateModified":"2023-05-25T12:01:59+00:00","mainEntityOfPage":{"@id":"https:\/\/unsa-paris.fr\/savp\/2023\/05\/25\/grilles-indiciaires-de-la-categorie-b-au-1er-mai-2023\/"},"wordCount":161,"commentCount":0,"publisher":{"@id":"https:\/\/unsa-paris.fr\/savp\/#organization"},"image":{"@id":"https:\/\/unsa-paris.fr\/savp\/2023\/05\/25\/grilles-indiciaires-de-la-categorie-b-au-1er-mai-2023\/#primaryimage"},"thumbnailUrl":"https:\/\/unsa-paris.fr\/savp\/wp-content\/uploads\/2023\/01\/site.png","articleSection":["R\u00e9mun\u00e9ration"],"inLanguage":"fr-FR","potentialAction":[{"@type":"CommentAction","name":"Comment","target":["https:\/\/unsa-paris.fr\/savp\/2023\/05\/25\/grilles-indiciaires-de-la-categorie-b-au-1er-mai-2023\/#respond"]}]},{"@type":"WebPage","@id":"https:\/\/unsa-paris.fr\/savp\/2023\/05\/25\/grilles-indiciaires-de-la-categorie-b-au-1er-mai-2023\/","url":"https:\/\/unsa-paris.fr\/savp\/2023\/05\/25\/grilles-indiciaires-de-la-categorie-b-au-1er-mai-2023\/","name":"Grilles indiciaires de la cat\u00e9gorie B au 1er mai 2023 - Syndicat Autonome UNSA","isPartOf":{"@id":"https:\/\/unsa-paris.fr\/savp\/#website"},"primaryImageOfPage":{"@id":"https:\/\/unsa-paris.fr\/savp\/2023\/05\/25\/grilles-indiciaires-de-la-categorie-b-au-1er-mai-2023\/#primaryimage"},"image":{"@id":"https:\/\/unsa-paris.fr\/savp\/2023\/05\/25\/grilles-indiciaires-de-la-categorie-b-au-1er-mai-2023\/#primaryimage"},"thumbnailUrl":"https:\/\/unsa-paris.fr\/savp\/wp-content\/uploads\/2023\/01\/site.png","datePublished":"2023-05-25T12:01:57+00:00","dateModified":"2023-05-25T12:01:59+00:00","breadcrumb":{"@id":"https:\/\/unsa-paris.fr\/savp\/2023\/05\/25\/grilles-indiciaires-de-la-categorie-b-au-1er-mai-2023\/#breadcrumb"},"inLanguage":"fr-FR","potentialAction":[{"@type":"ReadAction","target":["https:\/\/unsa-paris.fr\/savp\/2023\/05\/25\/grilles-indiciaires-de-la-categorie-b-au-1er-mai-2023\/"]}]},{"@type":"ImageObject","inLanguage":"fr-FR","@id":"https:\/\/unsa-paris.fr\/savp\/2023\/05\/25\/grilles-indiciaires-de-la-categorie-b-au-1er-mai-2023\/#primaryimage","url":"https:\/\/unsa-paris.fr\/savp\/wp-content\/uploads\/2023\/01\/site.png","contentUrl":"https:\/\/unsa-paris.fr\/savp\/wp-content\/uploads\/2023\/01\/site.png","width":926,"height":222},{"@type":"BreadcrumbList","@id":"https:\/\/unsa-paris.fr\/savp\/2023\/05\/25\/grilles-indiciaires-de-la-categorie-b-au-1er-mai-2023\/#breadcrumb","itemListElement":[{"@type":"ListItem","position":1,"name":"Accueil","item":"https:\/\/unsa-paris.fr\/savp\/"},{"@type":"ListItem","position":2,"name":"Grilles indiciaires de la cat\u00e9gorie B au 1er mai 2023"}]},{"@type":"WebSite","@id":"https:\/\/unsa-paris.fr\/savp\/#website","url":"https:\/\/unsa-paris.fr\/savp\/","name":"Syndicat Autonome UNSA","description":"Section des secr\u00e9taires administratifs et des techniciens sup\u00e9rieurs","publisher":{"@id":"https:\/\/unsa-paris.fr\/savp\/#organization"},"potentialAction":[{"@type":"SearchAction","target":{"@type":"EntryPoint","urlTemplate":"https:\/\/unsa-paris.fr\/savp\/?s={search_term_string}"},"query-input":{"@type":"PropertyValueSpecification","valueRequired":true,"valueName":"search_term_string"}}],"inLanguage":"fr-FR"},{"@type":"Organization","@id":"https:\/\/unsa-paris.fr\/savp\/#organization","name":"UNSA PARIS fili\u00e8re administrative","url":"https:\/\/unsa-paris.fr\/savp\/","logo":{"@type":"ImageObject","inLanguage":"fr-FR","@id":"https:\/\/unsa-paris.fr\/savp\/#\/schema\/logo\/image\/","url":"https:\/\/unsa-paris.fr\/savp\/wp-content\/uploads\/2020\/10\/Logo_UNSA-V6.png","contentUrl":"https:\/\/unsa-paris.fr\/savp\/wp-content\/uploads\/2020\/10\/Logo_UNSA-V6.png","width":986,"height":962,"caption":"UNSA PARIS fili\u00e8re administrative"},"image":{"@id":"https:\/\/unsa-paris.fr\/savp\/#\/schema\/logo\/image\/"}},{"@type":"Person","@id":"https:\/\/unsa-paris.fr\/savp\/#\/schema\/person\/7253f5acb55b402d9149796390e7bdde","name":"UNSA SA","image":{"@type":"ImageObject","inLanguage":"fr-FR","@id":"https:\/\/secure.gravatar.com\/avatar\/b78c582c0b7ba9a7147763b6638faa3db8f956662f0faffdc8b57058fad002f4?s=96&d=mm&r=g","url":"https:\/\/secure.gravatar.com\/avatar\/b78c582c0b7ba9a7147763b6638faa3db8f956662f0faffdc8b57058fad002f4?s=96&d=mm&r=g","contentUrl":"https:\/\/secure.gravatar.com\/avatar\/b78c582c0b7ba9a7147763b6638faa3db8f956662f0faffdc8b57058fad002f4?s=96&d=mm&r=g","caption":"UNSA SA"},"sameAs":["http:\/\/unsa-paris.fr\/savp"],"url":"https:\/\/unsa-paris.fr\/savp\/author\/fred\/"}]}},"_links":{"self":[{"href":"https:\/\/unsa-paris.fr\/savp\/wp-json\/wp\/v2\/posts\/2219","targetHints":{"allow":["GET"]}}],"collection":[{"href":"https:\/\/unsa-paris.fr\/savp\/wp-json\/wp\/v2\/posts"}],"about":[{"href":"https:\/\/unsa-paris.fr\/savp\/wp-json\/wp\/v2\/types\/post"}],"author":[{"embeddable":true,"href":"https:\/\/unsa-paris.fr\/savp\/wp-json\/wp\/v2\/users\/2"}],"replies":[{"embeddable":true,"href":"https:\/\/unsa-paris.fr\/savp\/wp-json\/wp\/v2\/comments?post=2219"}],"version-history":[{"count":2,"href":"https:\/\/unsa-paris.fr\/savp\/wp-json\/wp\/v2\/posts\/2219\/revisions"}],"predecessor-version":[{"id":2222,"href":"https:\/\/unsa-paris.fr\/savp\/wp-json\/wp\/v2\/posts\/2219\/revisions\/2222"}],"wp:attachment":[{"href":"https:\/\/unsa-paris.fr\/savp\/wp-json\/wp\/v2\/media?parent=2219"}],"wp:term":[{"taxonomy":"category","embeddable":true,"href":"https:\/\/unsa-paris.fr\/savp\/wp-json\/wp\/v2\/categories?post=2219"},{"taxonomy":"post_tag","embeddable":true,"href":"https:\/\/unsa-paris.fr\/savp\/wp-json\/wp\/v2\/tags?post=2219"}],"curies":[{"name":"wp","href":"https:\/\/api.w.org\/{rel}","templated":true}]}}