{"id":2207,"date":"2023-04-12T10:57:16","date_gmt":"2023-04-12T08:57:16","guid":{"rendered":"https:\/\/unsa-paris.fr\/savp\/?p=2207"},"modified":"2023-04-12T10:57:18","modified_gmt":"2023-04-12T08:57:18","slug":"tous-dans-la-rue-le-13-avril-contre-la-reforme-des-retraites","status":"publish","type":"post","link":"https:\/\/unsa-paris.fr\/savp\/2023\/04\/12\/tous-dans-la-rue-le-13-avril-contre-la-reforme-des-retraites\/","title":{"rendered":"TOUS DANS LA RUE LE 13 AVRIL CONTRE LA R\u00c9FORME DES RETRAITES"},"content":{"rendered":"\n<figure class=\"wp-block-image size-large\"><img fetchpriority=\"high\" decoding=\"async\" width=\"1024\" height=\"341\" src=\"https:\/\/unsa-paris.fr\/savp\/wp-content\/uploads\/2023\/04\/unsa-13.04-1024x341.png\" alt=\"\" class=\"wp-image-2208\" srcset=\"https:\/\/unsa-paris.fr\/savp\/wp-content\/uploads\/2023\/04\/unsa-13.04-1024x341.png 1024w, https:\/\/unsa-paris.fr\/savp\/wp-content\/uploads\/2023\/04\/unsa-13.04-300x100.png 300w, https:\/\/unsa-paris.fr\/savp\/wp-content\/uploads\/2023\/04\/unsa-13.04-768x256.png 768w, https:\/\/unsa-paris.fr\/savp\/wp-content\/uploads\/2023\/04\/unsa-13.04-1536x512.png 1536w, https:\/\/unsa-paris.fr\/savp\/wp-content\/uploads\/2023\/04\/unsa-13.04-2048x683.png 2048w, https:\/\/unsa-paris.fr\/savp\/wp-content\/uploads\/2023\/04\/unsa-13.04-1200x400.png 1200w\" sizes=\"(max-width: 709px) 85vw, (max-width: 909px) 67vw, (max-width: 1362px) 62vw, 840px\" \/><\/figure>\n\n\n\n<p class=\"has-text-align-center has-bright-red-color has-text-color\" style=\"font-size:24px\"><strong>REJOIGNEZ-NOUS DANS LA RUE<\/strong><\/p>\n\n\n\n<p class=\"has-text-align-center has-bright-red-color has-text-color\" style=\"font-size:24px\"> <strong>JEUDI 13 AVRIL \u00c0 PARTIR DE 14 H <\/strong><\/p>\n\n\n\n<p class=\"has-text-align-center has-bright-red-color has-text-color\" style=\"font-size:24px\"><strong>DE LA PLACE DE L&rsquo;OP\u00c9RA \u00c0 LA PLACE DE LA BASTILLE<\/strong><\/p>\n\n\n\n<!--more-->\n\n\n\n<p class=\"has-text-align-center has-bright-blue-color has-text-color has-medium-font-size\"><strong>TOUJOURS NOMBREUSES ET NOMBREUX, D\u00c9TERMIN\u00c9.E.S \u00c0 GAGNER LE RETRAIT<\/strong><\/p>\n\n\n\n<p>Face au d\u00e9ni pr\u00e9sidentiel et gouvernemental quant \u00e0 la r\u00e9alit\u00e9 de la contestation de la r\u00e9forme des retraites, face au m\u00e9pris affich\u00e9 envers les organisations syndicales et les millions de citoyens qui ont manifest\u00e9 contre le projet de loi et refusent toujours la r\u00e9forme des retraites, il est n\u00e9cessaire de rester mobilis\u00e9. Car, contrairement \u00e0 ce que l&rsquo;on veut nous faire croire en passant rapidement \u00e0 d&rsquo;autres sujets, <strong>le projet de loi de r\u00e9forme des retraites n&rsquo;a pas encore fini son parcours.<\/strong><\/p>\n\n\n\n<p>Malgr\u00e9 l&rsquo;adoption par l&rsquo;interm\u00e9diaire de l&rsquo;article 49-3 de la constitution et le rejet de la motion de censure transpartisane du groupe LIOT, le projet de loi doit encore passer devant le conseil constitutionnel.&nbsp;<\/p>\n\n\n\n<p>Le 14 avril, le Conseil constitutionnel doit rendre deux d\u00e9cisions tr\u00e8s attendues :<\/p>\n\n\n\n<ul class=\"wp-block-list\">\n<li>L\u2019une sur la constitutionnalit\u00e9 du projet de loi adopt\u00e9 au Parlement apr\u00e8s un recours au 49.3 le 16&nbsp;mars, ce qui pourrait renvoyer le projet de loi \u00e0 l&rsquo;assembl\u00e9 Nationale.<\/li>\n\n\n\n<li>L\u2019autre sur la recevabilit\u00e9 de la demande de r\u00e9f\u00e9rendum d\u2019initiative partag\u00e9e (RIP) lanc\u00e9e par la gauche.<\/li>\n<\/ul>\n\n\n\n<p>Si la demande d\u2019un RIP est valid\u00e9e, une campagne de neuf mois s\u2019ouvrira alors pour recueillir plus de 4,8\u00a0millions de signatures citoyennes, premi\u00e8re condition en vue d\u2019ouvrir la voie \u00e0 l\u2019organisation d\u2019un r\u00e9f\u00e9rendum. Pour maintenir la pression sur l\u2019ex\u00e9cutif et pour montrer notre d\u00e9termination au Conseil Constitutionnel, l\u2019intersyndicale appelle \u00e0 une nouvelle journ\u00e9e d\u2019actions et de gr\u00e8ves le jeudi 13 avril<\/p>\n\n\n\n<figure class=\"wp-block-image size-full is-resized\"><img decoding=\"async\" src=\"https:\/\/unsa-paris.fr\/savp\/wp-content\/uploads\/2023\/02\/unsa_contact.png\" alt=\"\" class=\"wp-image-2057\" width=\"630\" height=\"104\" srcset=\"https:\/\/unsa-paris.fr\/savp\/wp-content\/uploads\/2023\/02\/unsa_contact.png 787w, https:\/\/unsa-paris.fr\/savp\/wp-content\/uploads\/2023\/02\/unsa_contact-300x50.png 300w, https:\/\/unsa-paris.fr\/savp\/wp-content\/uploads\/2023\/02\/unsa_contact-768x127.png 768w\" sizes=\"(max-width: 709px) 85vw, (max-width: 909px) 67vw, (max-width: 984px) 61vw, (max-width: 1362px) 45vw, 600px\" \/><\/figure>\n\n\n\n<figure class=\"wp-block-image size-full\"><img decoding=\"async\" width=\"889\" height=\"332\" src=\"https:\/\/unsa-paris.fr\/savp\/wp-content\/uploads\/2023\/02\/unsavdp.png\" alt=\"\" class=\"wp-image-2051\" srcset=\"https:\/\/unsa-paris.fr\/savp\/wp-content\/uploads\/2023\/02\/unsavdp.png 889w, https:\/\/unsa-paris.fr\/savp\/wp-content\/uploads\/2023\/02\/unsavdp-300x112.png 300w, https:\/\/unsa-paris.fr\/savp\/wp-content\/uploads\/2023\/02\/unsavdp-768x287.png 768w\" sizes=\"(max-width: 709px) 85vw, (max-width: 909px) 67vw, (max-width: 1362px) 62vw, 840px\" \/><\/figure>\n","protected":false},"excerpt":{"rendered":"<p>REJOIGNEZ-NOUS DANS LA RUE JEUDI 13 AVRIL \u00c0 PARTIR DE 14 H DE LA PLACE DE L&rsquo;OP\u00c9RA \u00c0 LA PLACE DE LA BASTILLE<\/p>\n","protected":false},"author":2,"featured_media":0,"comment_status":"open","ping_status":"open","sticky":false,"template":"","format":"standard","meta":{"footnotes":""},"categories":[7,9,23],"tags":[],"class_list":["post-2207","post","type-post","status-publish","format-standard","hentry","category-actualite","category-communique","category-retraites"],"yoast_head":"<!-- This site is optimized with the Yoast SEO plugin v27.5 - https:\/\/yoast.com\/product\/yoast-seo-wordpress\/ -->\n<title>TOUS DANS LA RUE LE 13 AVRIL CONTRE LA R\u00c9FORME DES RETRAITES - Syndicat Autonome UNSA<\/title>\n<meta name=\"robots\" content=\"index, follow, max-snippet:-1, max-image-preview:large, max-video-preview:-1\" \/>\n<link rel=\"canonical\" href=\"https:\/\/unsa-paris.fr\/savp\/2023\/04\/12\/tous-dans-la-rue-le-13-avril-contre-la-reforme-des-retraites\/\" \/>\n<meta property=\"og:locale\" content=\"fr_FR\" \/>\n<meta property=\"og:type\" content=\"article\" \/>\n<meta property=\"og:title\" content=\"TOUS DANS LA RUE LE 13 AVRIL CONTRE LA R\u00c9FORME DES RETRAITES - Syndicat Autonome UNSA\" \/>\n<meta property=\"og:description\" content=\"REJOIGNEZ-NOUS DANS LA RUE JEUDI 13 AVRIL \u00c0 PARTIR DE 14 H DE LA PLACE DE L&rsquo;OP\u00c9RA \u00c0 LA PLACE DE LA BASTILLE\" \/>\n<meta property=\"og:url\" content=\"https:\/\/unsa-paris.fr\/savp\/2023\/04\/12\/tous-dans-la-rue-le-13-avril-contre-la-reforme-des-retraites\/\" \/>\n<meta property=\"og:site_name\" content=\"Syndicat Autonome UNSA\" \/>\n<meta property=\"article:published_time\" content=\"2023-04-12T08:57:16+00:00\" \/>\n<meta property=\"article:modified_time\" content=\"2023-04-12T08:57:18+00:00\" \/>\n<meta property=\"og:image\" content=\"https:\/\/unsa-paris.fr\/savp\/wp-content\/uploads\/2023\/04\/unsa-13.04-1024x341.png\" \/>\n<meta name=\"author\" content=\"UNSA SA\" \/>\n<meta name=\"twitter:card\" content=\"summary_large_image\" \/>\n<meta name=\"twitter:label1\" content=\"\u00c9crit par\" \/>\n\t<meta name=\"twitter:data1\" content=\"UNSA SA\" \/>\n\t<meta name=\"twitter:label2\" content=\"Dur\u00e9e de lecture estim\u00e9e\" \/>\n\t<meta name=\"twitter:data2\" content=\"2 minutes\" \/>\n<script type=\"application\/ld+json\" class=\"yoast-schema-graph\">{\"@context\":\"https:\\\/\\\/schema.org\",\"@graph\":[{\"@type\":\"Article\",\"@id\":\"https:\\\/\\\/unsa-paris.fr\\\/savp\\\/2023\\\/04\\\/12\\\/tous-dans-la-rue-le-13-avril-contre-la-reforme-des-retraites\\\/#article\",\"isPartOf\":{\"@id\":\"https:\\\/\\\/unsa-paris.fr\\\/savp\\\/2023\\\/04\\\/12\\\/tous-dans-la-rue-le-13-avril-contre-la-reforme-des-retraites\\\/\"},\"author\":{\"name\":\"UNSA SA\",\"@id\":\"https:\\\/\\\/unsa-paris.fr\\\/savp\\\/#\\\/schema\\\/person\\\/7253f5acb55b402d9149796390e7bdde\"},\"headline\":\"TOUS DANS LA RUE LE 13 AVRIL CONTRE LA R\u00c9FORME DES RETRAITES\",\"datePublished\":\"2023-04-12T08:57:16+00:00\",\"dateModified\":\"2023-04-12T08:57:18+00:00\",\"mainEntityOfPage\":{\"@id\":\"https:\\\/\\\/unsa-paris.fr\\\/savp\\\/2023\\\/04\\\/12\\\/tous-dans-la-rue-le-13-avril-contre-la-reforme-des-retraites\\\/\"},\"wordCount\":312,\"commentCount\":0,\"publisher\":{\"@id\":\"https:\\\/\\\/unsa-paris.fr\\\/savp\\\/#organization\"},\"image\":{\"@id\":\"https:\\\/\\\/unsa-paris.fr\\\/savp\\\/2023\\\/04\\\/12\\\/tous-dans-la-rue-le-13-avril-contre-la-reforme-des-retraites\\\/#primaryimage\"},\"thumbnailUrl\":\"https:\\\/\\\/unsa-paris.fr\\\/savp\\\/wp-content\\\/uploads\\\/2023\\\/04\\\/unsa-13.04-1024x341.png\",\"articleSection\":[\"Actualite\",\"Communique\",\"Retraites\"],\"inLanguage\":\"fr-FR\",\"potentialAction\":[{\"@type\":\"CommentAction\",\"name\":\"Comment\",\"target\":[\"https:\\\/\\\/unsa-paris.fr\\\/savp\\\/2023\\\/04\\\/12\\\/tous-dans-la-rue-le-13-avril-contre-la-reforme-des-retraites\\\/#respond\"]}]},{\"@type\":\"WebPage\",\"@id\":\"https:\\\/\\\/unsa-paris.fr\\\/savp\\\/2023\\\/04\\\/12\\\/tous-dans-la-rue-le-13-avril-contre-la-reforme-des-retraites\\\/\",\"url\":\"https:\\\/\\\/unsa-paris.fr\\\/savp\\\/2023\\\/04\\\/12\\\/tous-dans-la-rue-le-13-avril-contre-la-reforme-des-retraites\\\/\",\"name\":\"TOUS DANS LA RUE LE 13 AVRIL CONTRE LA R\u00c9FORME DES RETRAITES - Syndicat Autonome UNSA\",\"isPartOf\":{\"@id\":\"https:\\\/\\\/unsa-paris.fr\\\/savp\\\/#website\"},\"primaryImageOfPage\":{\"@id\":\"https:\\\/\\\/unsa-paris.fr\\\/savp\\\/2023\\\/04\\\/12\\\/tous-dans-la-rue-le-13-avril-contre-la-reforme-des-retraites\\\/#primaryimage\"},\"image\":{\"@id\":\"https:\\\/\\\/unsa-paris.fr\\\/savp\\\/2023\\\/04\\\/12\\\/tous-dans-la-rue-le-13-avril-contre-la-reforme-des-retraites\\\/#primaryimage\"},\"thumbnailUrl\":\"https:\\\/\\\/unsa-paris.fr\\\/savp\\\/wp-content\\\/uploads\\\/2023\\\/04\\\/unsa-13.04-1024x341.png\",\"datePublished\":\"2023-04-12T08:57:16+00:00\",\"dateModified\":\"2023-04-12T08:57:18+00:00\",\"breadcrumb\":{\"@id\":\"https:\\\/\\\/unsa-paris.fr\\\/savp\\\/2023\\\/04\\\/12\\\/tous-dans-la-rue-le-13-avril-contre-la-reforme-des-retraites\\\/#breadcrumb\"},\"inLanguage\":\"fr-FR\",\"potentialAction\":[{\"@type\":\"ReadAction\",\"target\":[\"https:\\\/\\\/unsa-paris.fr\\\/savp\\\/2023\\\/04\\\/12\\\/tous-dans-la-rue-le-13-avril-contre-la-reforme-des-retraites\\\/\"]}]},{\"@type\":\"ImageObject\",\"inLanguage\":\"fr-FR\",\"@id\":\"https:\\\/\\\/unsa-paris.fr\\\/savp\\\/2023\\\/04\\\/12\\\/tous-dans-la-rue-le-13-avril-contre-la-reforme-des-retraites\\\/#primaryimage\",\"url\":\"https:\\\/\\\/unsa-paris.fr\\\/savp\\\/wp-content\\\/uploads\\\/2023\\\/04\\\/unsa-13.04.png\",\"contentUrl\":\"https:\\\/\\\/unsa-paris.fr\\\/savp\\\/wp-content\\\/uploads\\\/2023\\\/04\\\/unsa-13.04.png\",\"width\":3071,\"height\":1024},{\"@type\":\"BreadcrumbList\",\"@id\":\"https:\\\/\\\/unsa-paris.fr\\\/savp\\\/2023\\\/04\\\/12\\\/tous-dans-la-rue-le-13-avril-contre-la-reforme-des-retraites\\\/#breadcrumb\",\"itemListElement\":[{\"@type\":\"ListItem\",\"position\":1,\"name\":\"Accueil\",\"item\":\"https:\\\/\\\/unsa-paris.fr\\\/savp\\\/\"},{\"@type\":\"ListItem\",\"position\":2,\"name\":\"TOUS DANS LA RUE LE 13 AVRIL CONTRE LA R\u00c9FORME DES RETRAITES\"}]},{\"@type\":\"WebSite\",\"@id\":\"https:\\\/\\\/unsa-paris.fr\\\/savp\\\/#website\",\"url\":\"https:\\\/\\\/unsa-paris.fr\\\/savp\\\/\",\"name\":\"Syndicat Autonome UNSA\",\"description\":\"Section des secr\u00e9taires administratifs et des techniciens sup\u00e9rieurs\",\"publisher\":{\"@id\":\"https:\\\/\\\/unsa-paris.fr\\\/savp\\\/#organization\"},\"potentialAction\":[{\"@type\":\"SearchAction\",\"target\":{\"@type\":\"EntryPoint\",\"urlTemplate\":\"https:\\\/\\\/unsa-paris.fr\\\/savp\\\/?s={search_term_string}\"},\"query-input\":{\"@type\":\"PropertyValueSpecification\",\"valueRequired\":true,\"valueName\":\"search_term_string\"}}],\"inLanguage\":\"fr-FR\"},{\"@type\":\"Organization\",\"@id\":\"https:\\\/\\\/unsa-paris.fr\\\/savp\\\/#organization\",\"name\":\"UNSA PARIS fili\u00e8re administrative\",\"url\":\"https:\\\/\\\/unsa-paris.fr\\\/savp\\\/\",\"logo\":{\"@type\":\"ImageObject\",\"inLanguage\":\"fr-FR\",\"@id\":\"https:\\\/\\\/unsa-paris.fr\\\/savp\\\/#\\\/schema\\\/logo\\\/image\\\/\",\"url\":\"https:\\\/\\\/unsa-paris.fr\\\/savp\\\/wp-content\\\/uploads\\\/2020\\\/10\\\/Logo_UNSA-V6.png\",\"contentUrl\":\"https:\\\/\\\/unsa-paris.fr\\\/savp\\\/wp-content\\\/uploads\\\/2020\\\/10\\\/Logo_UNSA-V6.png\",\"width\":986,\"height\":962,\"caption\":\"UNSA PARIS fili\u00e8re administrative\"},\"image\":{\"@id\":\"https:\\\/\\\/unsa-paris.fr\\\/savp\\\/#\\\/schema\\\/logo\\\/image\\\/\"}},{\"@type\":\"Person\",\"@id\":\"https:\\\/\\\/unsa-paris.fr\\\/savp\\\/#\\\/schema\\\/person\\\/7253f5acb55b402d9149796390e7bdde\",\"name\":\"UNSA SA\",\"image\":{\"@type\":\"ImageObject\",\"inLanguage\":\"fr-FR\",\"@id\":\"https:\\\/\\\/secure.gravatar.com\\\/avatar\\\/b78c582c0b7ba9a7147763b6638faa3db8f956662f0faffdc8b57058fad002f4?s=96&d=mm&r=g\",\"url\":\"https:\\\/\\\/secure.gravatar.com\\\/avatar\\\/b78c582c0b7ba9a7147763b6638faa3db8f956662f0faffdc8b57058fad002f4?s=96&d=mm&r=g\",\"contentUrl\":\"https:\\\/\\\/secure.gravatar.com\\\/avatar\\\/b78c582c0b7ba9a7147763b6638faa3db8f956662f0faffdc8b57058fad002f4?s=96&d=mm&r=g\",\"caption\":\"UNSA SA\"},\"sameAs\":[\"http:\\\/\\\/unsa-paris.fr\\\/savp\"],\"url\":\"https:\\\/\\\/unsa-paris.fr\\\/savp\\\/author\\\/fred\\\/\"}]}<\/script>\n<!-- \/ Yoast SEO plugin. -->","yoast_head_json":{"title":"TOUS DANS LA RUE LE 13 AVRIL CONTRE LA R\u00c9FORME DES RETRAITES - Syndicat Autonome UNSA","robots":{"index":"index","follow":"follow","max-snippet":"max-snippet:-1","max-image-preview":"max-image-preview:large","max-video-preview":"max-video-preview:-1"},"canonical":"https:\/\/unsa-paris.fr\/savp\/2023\/04\/12\/tous-dans-la-rue-le-13-avril-contre-la-reforme-des-retraites\/","og_locale":"fr_FR","og_type":"article","og_title":"TOUS DANS LA RUE LE 13 AVRIL CONTRE LA R\u00c9FORME DES RETRAITES - Syndicat Autonome UNSA","og_description":"REJOIGNEZ-NOUS DANS LA RUE JEUDI 13 AVRIL \u00c0 PARTIR DE 14 H DE LA PLACE DE L&rsquo;OP\u00c9RA \u00c0 LA PLACE DE LA BASTILLE","og_url":"https:\/\/unsa-paris.fr\/savp\/2023\/04\/12\/tous-dans-la-rue-le-13-avril-contre-la-reforme-des-retraites\/","og_site_name":"Syndicat Autonome UNSA","article_published_time":"2023-04-12T08:57:16+00:00","article_modified_time":"2023-04-12T08:57:18+00:00","og_image":[{"url":"https:\/\/unsa-paris.fr\/savp\/wp-content\/uploads\/2023\/04\/unsa-13.04-1024x341.png","type":"","width":"","height":""}],"author":"UNSA SA","twitter_card":"summary_large_image","twitter_misc":{"\u00c9crit par":"UNSA SA","Dur\u00e9e de lecture estim\u00e9e":"2 minutes"},"schema":{"@context":"https:\/\/schema.org","@graph":[{"@type":"Article","@id":"https:\/\/unsa-paris.fr\/savp\/2023\/04\/12\/tous-dans-la-rue-le-13-avril-contre-la-reforme-des-retraites\/#article","isPartOf":{"@id":"https:\/\/unsa-paris.fr\/savp\/2023\/04\/12\/tous-dans-la-rue-le-13-avril-contre-la-reforme-des-retraites\/"},"author":{"name":"UNSA SA","@id":"https:\/\/unsa-paris.fr\/savp\/#\/schema\/person\/7253f5acb55b402d9149796390e7bdde"},"headline":"TOUS DANS LA RUE LE 13 AVRIL CONTRE LA R\u00c9FORME DES RETRAITES","datePublished":"2023-04-12T08:57:16+00:00","dateModified":"2023-04-12T08:57:18+00:00","mainEntityOfPage":{"@id":"https:\/\/unsa-paris.fr\/savp\/2023\/04\/12\/tous-dans-la-rue-le-13-avril-contre-la-reforme-des-retraites\/"},"wordCount":312,"commentCount":0,"publisher":{"@id":"https:\/\/unsa-paris.fr\/savp\/#organization"},"image":{"@id":"https:\/\/unsa-paris.fr\/savp\/2023\/04\/12\/tous-dans-la-rue-le-13-avril-contre-la-reforme-des-retraites\/#primaryimage"},"thumbnailUrl":"https:\/\/unsa-paris.fr\/savp\/wp-content\/uploads\/2023\/04\/unsa-13.04-1024x341.png","articleSection":["Actualite","Communique","Retraites"],"inLanguage":"fr-FR","potentialAction":[{"@type":"CommentAction","name":"Comment","target":["https:\/\/unsa-paris.fr\/savp\/2023\/04\/12\/tous-dans-la-rue-le-13-avril-contre-la-reforme-des-retraites\/#respond"]}]},{"@type":"WebPage","@id":"https:\/\/unsa-paris.fr\/savp\/2023\/04\/12\/tous-dans-la-rue-le-13-avril-contre-la-reforme-des-retraites\/","url":"https:\/\/unsa-paris.fr\/savp\/2023\/04\/12\/tous-dans-la-rue-le-13-avril-contre-la-reforme-des-retraites\/","name":"TOUS DANS LA RUE LE 13 AVRIL CONTRE LA R\u00c9FORME DES RETRAITES - Syndicat Autonome UNSA","isPartOf":{"@id":"https:\/\/unsa-paris.fr\/savp\/#website"},"primaryImageOfPage":{"@id":"https:\/\/unsa-paris.fr\/savp\/2023\/04\/12\/tous-dans-la-rue-le-13-avril-contre-la-reforme-des-retraites\/#primaryimage"},"image":{"@id":"https:\/\/unsa-paris.fr\/savp\/2023\/04\/12\/tous-dans-la-rue-le-13-avril-contre-la-reforme-des-retraites\/#primaryimage"},"thumbnailUrl":"https:\/\/unsa-paris.fr\/savp\/wp-content\/uploads\/2023\/04\/unsa-13.04-1024x341.png","datePublished":"2023-04-12T08:57:16+00:00","dateModified":"2023-04-12T08:57:18+00:00","breadcrumb":{"@id":"https:\/\/unsa-paris.fr\/savp\/2023\/04\/12\/tous-dans-la-rue-le-13-avril-contre-la-reforme-des-retraites\/#breadcrumb"},"inLanguage":"fr-FR","potentialAction":[{"@type":"ReadAction","target":["https:\/\/unsa-paris.fr\/savp\/2023\/04\/12\/tous-dans-la-rue-le-13-avril-contre-la-reforme-des-retraites\/"]}]},{"@type":"ImageObject","inLanguage":"fr-FR","@id":"https:\/\/unsa-paris.fr\/savp\/2023\/04\/12\/tous-dans-la-rue-le-13-avril-contre-la-reforme-des-retraites\/#primaryimage","url":"https:\/\/unsa-paris.fr\/savp\/wp-content\/uploads\/2023\/04\/unsa-13.04.png","contentUrl":"https:\/\/unsa-paris.fr\/savp\/wp-content\/uploads\/2023\/04\/unsa-13.04.png","width":3071,"height":1024},{"@type":"BreadcrumbList","@id":"https:\/\/unsa-paris.fr\/savp\/2023\/04\/12\/tous-dans-la-rue-le-13-avril-contre-la-reforme-des-retraites\/#breadcrumb","itemListElement":[{"@type":"ListItem","position":1,"name":"Accueil","item":"https:\/\/unsa-paris.fr\/savp\/"},{"@type":"ListItem","position":2,"name":"TOUS DANS LA RUE LE 13 AVRIL CONTRE LA R\u00c9FORME DES RETRAITES"}]},{"@type":"WebSite","@id":"https:\/\/unsa-paris.fr\/savp\/#website","url":"https:\/\/unsa-paris.fr\/savp\/","name":"Syndicat Autonome UNSA","description":"Section des secr\u00e9taires administratifs et des techniciens sup\u00e9rieurs","publisher":{"@id":"https:\/\/unsa-paris.fr\/savp\/#organization"},"potentialAction":[{"@type":"SearchAction","target":{"@type":"EntryPoint","urlTemplate":"https:\/\/unsa-paris.fr\/savp\/?s={search_term_string}"},"query-input":{"@type":"PropertyValueSpecification","valueRequired":true,"valueName":"search_term_string"}}],"inLanguage":"fr-FR"},{"@type":"Organization","@id":"https:\/\/unsa-paris.fr\/savp\/#organization","name":"UNSA PARIS fili\u00e8re administrative","url":"https:\/\/unsa-paris.fr\/savp\/","logo":{"@type":"ImageObject","inLanguage":"fr-FR","@id":"https:\/\/unsa-paris.fr\/savp\/#\/schema\/logo\/image\/","url":"https:\/\/unsa-paris.fr\/savp\/wp-content\/uploads\/2020\/10\/Logo_UNSA-V6.png","contentUrl":"https:\/\/unsa-paris.fr\/savp\/wp-content\/uploads\/2020\/10\/Logo_UNSA-V6.png","width":986,"height":962,"caption":"UNSA PARIS fili\u00e8re administrative"},"image":{"@id":"https:\/\/unsa-paris.fr\/savp\/#\/schema\/logo\/image\/"}},{"@type":"Person","@id":"https:\/\/unsa-paris.fr\/savp\/#\/schema\/person\/7253f5acb55b402d9149796390e7bdde","name":"UNSA SA","image":{"@type":"ImageObject","inLanguage":"fr-FR","@id":"https:\/\/secure.gravatar.com\/avatar\/b78c582c0b7ba9a7147763b6638faa3db8f956662f0faffdc8b57058fad002f4?s=96&d=mm&r=g","url":"https:\/\/secure.gravatar.com\/avatar\/b78c582c0b7ba9a7147763b6638faa3db8f956662f0faffdc8b57058fad002f4?s=96&d=mm&r=g","contentUrl":"https:\/\/secure.gravatar.com\/avatar\/b78c582c0b7ba9a7147763b6638faa3db8f956662f0faffdc8b57058fad002f4?s=96&d=mm&r=g","caption":"UNSA SA"},"sameAs":["http:\/\/unsa-paris.fr\/savp"],"url":"https:\/\/unsa-paris.fr\/savp\/author\/fred\/"}]}},"_links":{"self":[{"href":"https:\/\/unsa-paris.fr\/savp\/wp-json\/wp\/v2\/posts\/2207","targetHints":{"allow":["GET"]}}],"collection":[{"href":"https:\/\/unsa-paris.fr\/savp\/wp-json\/wp\/v2\/posts"}],"about":[{"href":"https:\/\/unsa-paris.fr\/savp\/wp-json\/wp\/v2\/types\/post"}],"author":[{"embeddable":true,"href":"https:\/\/unsa-paris.fr\/savp\/wp-json\/wp\/v2\/users\/2"}],"replies":[{"embeddable":true,"href":"https:\/\/unsa-paris.fr\/savp\/wp-json\/wp\/v2\/comments?post=2207"}],"version-history":[{"count":2,"href":"https:\/\/unsa-paris.fr\/savp\/wp-json\/wp\/v2\/posts\/2207\/revisions"}],"predecessor-version":[{"id":2211,"href":"https:\/\/unsa-paris.fr\/savp\/wp-json\/wp\/v2\/posts\/2207\/revisions\/2211"}],"wp:attachment":[{"href":"https:\/\/unsa-paris.fr\/savp\/wp-json\/wp\/v2\/media?parent=2207"}],"wp:term":[{"taxonomy":"category","embeddable":true,"href":"https:\/\/unsa-paris.fr\/savp\/wp-json\/wp\/v2\/categories?post=2207"},{"taxonomy":"post_tag","embeddable":true,"href":"https:\/\/unsa-paris.fr\/savp\/wp-json\/wp\/v2\/tags?post=2207"}],"curies":[{"name":"wp","href":"https:\/\/api.w.org\/{rel}","templated":true}]}}