{"id":2180,"date":"2023-04-03T11:26:09","date_gmt":"2023-04-03T09:26:09","guid":{"rendered":"https:\/\/unsa-paris.fr\/savp\/?p=2180"},"modified":"2023-04-03T11:31:29","modified_gmt":"2023-04-03T09:31:29","slug":"secretaires-administratifs-des-administrations-parisiennes-3","status":"publish","type":"post","link":"https:\/\/unsa-paris.fr\/savp\/2023\/04\/03\/secretaires-administratifs-des-administrations-parisiennes-3\/","title":{"rendered":"SECR\u00c9TAIRES ADMINISTRATIFS DES ADMINISTRATIONS PARISIENNES"},"content":{"rendered":"\n<p class=\"has-text-align-center has-bright-blue-color has-text-color has-medium-font-size\">REUNION D&rsquo;INFORMATION SYNDICALE (<strong>SKYPE<\/strong>) <br>\u00c0 DESTINATION DES SECRETAIRES ADMINISTRATIFS ET DES TECHNICIENS SUP\u00c9RIEURS DES ADMINISTRATIONS PARISIENNES <br>MARDI 4 AVRIL 2023 <br>14H00 &#8211; 17H00<\/p>\n\n\n\n<!--more-->\n\n\n\n<p><strong>ORDRE DU JOUR:<\/strong><\/p>\n\n\n\n<ul class=\"wp-block-list\">\n<li>POINT SUR LA REFORME DES RETRAITES<\/li>\n\n\n\n<li>POINT SUR LES PROMOTIONS DE CORPS<\/li>\n\n\n\n<li>QUESTIONS DIVERSES<\/li>\n<\/ul>\n\n\n\n<p>En suivant le lien ci-dessous<\/p>\n\n\n\n<p class=\"has-bright-blue-color has-text-color has-medium-font-size\"><a href=\"https:\/\/meeting.apps.paris.fr\/meet\/dominique.mguellati\/BCT3SRZH\" target=\"_blank\" rel=\"noreferrer noopener\">Participer \u00e0 une R\u00e9union Skype<\/a><\/p>\n\n\n\n<p>Vous n\u2019arrivez pas \u00e0 rejoindre cette r\u00e9union ? <a href=\"https:\/\/meeting.apps.paris.fr\/meet\/dominique.mguellati\/BCT3SRZH?sl=1\">Essayer l\u2019app web Skype<\/a><\/p>\n\n\n\n<p>Participer par t\u00e9l\u00e9phone<\/p>\n\n\n\n<p><a href=\"tel:Pont%20de%20conference%20Skype%20Mairie%20de%20Paris%20:%20+33%201%2044%2076%2065%2065%20(*)\">Pont de conference Skype Mairie de Paris : +33 1 44 76 65 65 (*) (tel:+33144766565)<\/a> &nbsp;&nbsp;&nbsp;&nbsp;&nbsp;&nbsp;&nbsp;&nbsp;&nbsp;&nbsp;&nbsp;&nbsp;&nbsp;&nbsp;&nbsp;&nbsp; Fran\u00e7ais (France) &nbsp;&nbsp;&nbsp;<\/p>\n\n\n\n<p><a href=\"https:\/\/meeting.apps.paris.fr\/dialin\">Rechercher un num\u00e9ro local<\/a><\/p>\n\n\n\n<p>ID de conf\u00e9rence&nbsp;: 90586716<\/p>\n\n\n\n<p><a href=\"https:\/\/meeting.apps.paris.fr\/dialin\">Vous avez oubli\u00e9 votre code confidentiel de connexion ? |Aide<\/a> &nbsp;&nbsp;&nbsp;&nbsp;<\/p>\n\n\n\n<p>(*) Co\u00fbt d&rsquo;un appel local<\/p>\n\n\n\n<p class=\"has-text-align-center has-bright-red-color has-text-color\"><strong>POUR D\u00c9FENDRE VOS DROITS, ADH\u00c9REZ \u00c0 L&rsquo;UNSA,<\/strong><\/p>\n\n\n\n<p class=\"has-text-align-center has-bright-red-color has-text-color\"><strong>VOTRE ALLI\u00c9E DU QUOTIDIEN&nbsp;!<\/strong><\/p>\n\n\n\n<p><a href=\"https:\/\/intraparis.unsa.mdp\/UNSA\/servlet\/plugins\/document\/resource?id=11158&amp;nocache&amp;id_attribute=127\" target=\"_blank\" rel=\"noreferrer noopener\">Formulaire d&rsquo;adh\u00e9sion 2023\u00a0 \u00a0T\u00e9l\u00e9charger<\/a><\/p>\n\n\n<div class=\"wp-block-image\">\n<figure class=\"aligncenter size-large\"><img fetchpriority=\"high\" decoding=\"async\" width=\"1024\" height=\"341\" src=\"https:\/\/unsa-paris.fr\/savp\/wp-content\/uploads\/2023\/04\/0604-1024x341.png\" alt=\"\" class=\"wp-image-2184\" srcset=\"https:\/\/unsa-paris.fr\/savp\/wp-content\/uploads\/2023\/04\/0604-1024x341.png 1024w, https:\/\/unsa-paris.fr\/savp\/wp-content\/uploads\/2023\/04\/0604-300x100.png 300w, https:\/\/unsa-paris.fr\/savp\/wp-content\/uploads\/2023\/04\/0604-768x256.png 768w, https:\/\/unsa-paris.fr\/savp\/wp-content\/uploads\/2023\/04\/0604-1200x400.png 1200w, https:\/\/unsa-paris.fr\/savp\/wp-content\/uploads\/2023\/04\/0604.png 1500w\" sizes=\"(max-width: 709px) 85vw, (max-width: 909px) 67vw, (max-width: 1362px) 62vw, 840px\" \/><\/figure>\n<\/div>","protected":false},"excerpt":{"rendered":"<p>REUNION D&rsquo;INFORMATION SYNDICALE (SKYPE) \u00c0 DESTINATION DES SECRETAIRES ADMINISTRATIFS ET DES TECHNICIENS SUP\u00c9RIEURS DES ADMINISTRATIONS PARISIENNES MARDI 4 AVRIL 2023 14H00 &#8211; 17H00<\/p>\n","protected":false},"author":2,"featured_media":0,"comment_status":"open","ping_status":"open","sticky":false,"template":"","format":"standard","meta":{"footnotes":""},"categories":[16,17],"tags":[],"class_list":["post-2180","post","type-post","status-publish","format-standard","hentry","category-reunion","category-skype"],"yoast_head":"<!-- This site is optimized with the Yoast SEO plugin v27.4 - https:\/\/yoast.com\/product\/yoast-seo-wordpress\/ -->\n<title>SECR\u00c9TAIRES ADMINISTRATIFS DES ADMINISTRATIONS PARISIENNES - Syndicat Autonome UNSA<\/title>\n<meta name=\"robots\" content=\"index, follow, max-snippet:-1, max-image-preview:large, max-video-preview:-1\" \/>\n<link rel=\"canonical\" href=\"https:\/\/unsa-paris.fr\/savp\/2023\/04\/03\/secretaires-administratifs-des-administrations-parisiennes-3\/\" \/>\n<meta property=\"og:locale\" content=\"fr_FR\" \/>\n<meta property=\"og:type\" content=\"article\" \/>\n<meta property=\"og:title\" content=\"SECR\u00c9TAIRES ADMINISTRATIFS DES ADMINISTRATIONS PARISIENNES - Syndicat Autonome UNSA\" \/>\n<meta property=\"og:description\" content=\"REUNION D&rsquo;INFORMATION SYNDICALE (SKYPE) \u00c0 DESTINATION DES SECRETAIRES ADMINISTRATIFS ET DES TECHNICIENS SUP\u00c9RIEURS DES ADMINISTRATIONS PARISIENNES MARDI 4 AVRIL 2023 14H00 &#8211; 17H00\" \/>\n<meta property=\"og:url\" content=\"https:\/\/unsa-paris.fr\/savp\/2023\/04\/03\/secretaires-administratifs-des-administrations-parisiennes-3\/\" \/>\n<meta property=\"og:site_name\" content=\"Syndicat Autonome UNSA\" \/>\n<meta property=\"article:published_time\" content=\"2023-04-03T09:26:09+00:00\" \/>\n<meta property=\"article:modified_time\" content=\"2023-04-03T09:31:29+00:00\" \/>\n<meta property=\"og:image\" content=\"https:\/\/unsa-paris.fr\/savp\/wp-content\/uploads\/2023\/04\/0604-1024x341.png\" \/>\n<meta name=\"author\" content=\"UNSA SA\" \/>\n<meta name=\"twitter:card\" content=\"summary_large_image\" \/>\n<meta name=\"twitter:label1\" content=\"\u00c9crit par\" \/>\n\t<meta name=\"twitter:data1\" content=\"UNSA SA\" \/>\n\t<meta name=\"twitter:label2\" content=\"Dur\u00e9e de lecture estim\u00e9e\" \/>\n\t<meta name=\"twitter:data2\" content=\"1 minute\" \/>\n<script type=\"application\/ld+json\" class=\"yoast-schema-graph\">{\"@context\":\"https:\\\/\\\/schema.org\",\"@graph\":[{\"@type\":\"Article\",\"@id\":\"https:\\\/\\\/unsa-paris.fr\\\/savp\\\/2023\\\/04\\\/03\\\/secretaires-administratifs-des-administrations-parisiennes-3\\\/#article\",\"isPartOf\":{\"@id\":\"https:\\\/\\\/unsa-paris.fr\\\/savp\\\/2023\\\/04\\\/03\\\/secretaires-administratifs-des-administrations-parisiennes-3\\\/\"},\"author\":{\"name\":\"UNSA SA\",\"@id\":\"https:\\\/\\\/unsa-paris.fr\\\/savp\\\/#\\\/schema\\\/person\\\/7253f5acb55b402d9149796390e7bdde\"},\"headline\":\"SECR\u00c9TAIRES ADMINISTRATIFS DES ADMINISTRATIONS PARISIENNES\",\"datePublished\":\"2023-04-03T09:26:09+00:00\",\"dateModified\":\"2023-04-03T09:31:29+00:00\",\"mainEntityOfPage\":{\"@id\":\"https:\\\/\\\/unsa-paris.fr\\\/savp\\\/2023\\\/04\\\/03\\\/secretaires-administratifs-des-administrations-parisiennes-3\\\/\"},\"wordCount\":154,\"commentCount\":0,\"publisher\":{\"@id\":\"https:\\\/\\\/unsa-paris.fr\\\/savp\\\/#organization\"},\"image\":{\"@id\":\"https:\\\/\\\/unsa-paris.fr\\\/savp\\\/2023\\\/04\\\/03\\\/secretaires-administratifs-des-administrations-parisiennes-3\\\/#primaryimage\"},\"thumbnailUrl\":\"https:\\\/\\\/unsa-paris.fr\\\/savp\\\/wp-content\\\/uploads\\\/2023\\\/04\\\/0604-1024x341.png\",\"articleSection\":[\"R\u00e9union\",\"Skype\"],\"inLanguage\":\"fr-FR\",\"potentialAction\":[{\"@type\":\"CommentAction\",\"name\":\"Comment\",\"target\":[\"https:\\\/\\\/unsa-paris.fr\\\/savp\\\/2023\\\/04\\\/03\\\/secretaires-administratifs-des-administrations-parisiennes-3\\\/#respond\"]}]},{\"@type\":\"WebPage\",\"@id\":\"https:\\\/\\\/unsa-paris.fr\\\/savp\\\/2023\\\/04\\\/03\\\/secretaires-administratifs-des-administrations-parisiennes-3\\\/\",\"url\":\"https:\\\/\\\/unsa-paris.fr\\\/savp\\\/2023\\\/04\\\/03\\\/secretaires-administratifs-des-administrations-parisiennes-3\\\/\",\"name\":\"SECR\u00c9TAIRES ADMINISTRATIFS DES ADMINISTRATIONS PARISIENNES - Syndicat Autonome UNSA\",\"isPartOf\":{\"@id\":\"https:\\\/\\\/unsa-paris.fr\\\/savp\\\/#website\"},\"primaryImageOfPage\":{\"@id\":\"https:\\\/\\\/unsa-paris.fr\\\/savp\\\/2023\\\/04\\\/03\\\/secretaires-administratifs-des-administrations-parisiennes-3\\\/#primaryimage\"},\"image\":{\"@id\":\"https:\\\/\\\/unsa-paris.fr\\\/savp\\\/2023\\\/04\\\/03\\\/secretaires-administratifs-des-administrations-parisiennes-3\\\/#primaryimage\"},\"thumbnailUrl\":\"https:\\\/\\\/unsa-paris.fr\\\/savp\\\/wp-content\\\/uploads\\\/2023\\\/04\\\/0604-1024x341.png\",\"datePublished\":\"2023-04-03T09:26:09+00:00\",\"dateModified\":\"2023-04-03T09:31:29+00:00\",\"breadcrumb\":{\"@id\":\"https:\\\/\\\/unsa-paris.fr\\\/savp\\\/2023\\\/04\\\/03\\\/secretaires-administratifs-des-administrations-parisiennes-3\\\/#breadcrumb\"},\"inLanguage\":\"fr-FR\",\"potentialAction\":[{\"@type\":\"ReadAction\",\"target\":[\"https:\\\/\\\/unsa-paris.fr\\\/savp\\\/2023\\\/04\\\/03\\\/secretaires-administratifs-des-administrations-parisiennes-3\\\/\"]}]},{\"@type\":\"ImageObject\",\"inLanguage\":\"fr-FR\",\"@id\":\"https:\\\/\\\/unsa-paris.fr\\\/savp\\\/2023\\\/04\\\/03\\\/secretaires-administratifs-des-administrations-parisiennes-3\\\/#primaryimage\",\"url\":\"https:\\\/\\\/unsa-paris.fr\\\/savp\\\/wp-content\\\/uploads\\\/2023\\\/04\\\/0604.png\",\"contentUrl\":\"https:\\\/\\\/unsa-paris.fr\\\/savp\\\/wp-content\\\/uploads\\\/2023\\\/04\\\/0604.png\",\"width\":1500,\"height\":500},{\"@type\":\"BreadcrumbList\",\"@id\":\"https:\\\/\\\/unsa-paris.fr\\\/savp\\\/2023\\\/04\\\/03\\\/secretaires-administratifs-des-administrations-parisiennes-3\\\/#breadcrumb\",\"itemListElement\":[{\"@type\":\"ListItem\",\"position\":1,\"name\":\"Accueil\",\"item\":\"https:\\\/\\\/unsa-paris.fr\\\/savp\\\/\"},{\"@type\":\"ListItem\",\"position\":2,\"name\":\"SECR\u00c9TAIRES ADMINISTRATIFS DES ADMINISTRATIONS PARISIENNES\"}]},{\"@type\":\"WebSite\",\"@id\":\"https:\\\/\\\/unsa-paris.fr\\\/savp\\\/#website\",\"url\":\"https:\\\/\\\/unsa-paris.fr\\\/savp\\\/\",\"name\":\"Syndicat Autonome UNSA\",\"description\":\"Section des secr\u00e9taires administratifs et des techniciens sup\u00e9rieurs\",\"publisher\":{\"@id\":\"https:\\\/\\\/unsa-paris.fr\\\/savp\\\/#organization\"},\"potentialAction\":[{\"@type\":\"SearchAction\",\"target\":{\"@type\":\"EntryPoint\",\"urlTemplate\":\"https:\\\/\\\/unsa-paris.fr\\\/savp\\\/?s={search_term_string}\"},\"query-input\":{\"@type\":\"PropertyValueSpecification\",\"valueRequired\":true,\"valueName\":\"search_term_string\"}}],\"inLanguage\":\"fr-FR\"},{\"@type\":\"Organization\",\"@id\":\"https:\\\/\\\/unsa-paris.fr\\\/savp\\\/#organization\",\"name\":\"UNSA PARIS fili\u00e8re administrative\",\"url\":\"https:\\\/\\\/unsa-paris.fr\\\/savp\\\/\",\"logo\":{\"@type\":\"ImageObject\",\"inLanguage\":\"fr-FR\",\"@id\":\"https:\\\/\\\/unsa-paris.fr\\\/savp\\\/#\\\/schema\\\/logo\\\/image\\\/\",\"url\":\"https:\\\/\\\/unsa-paris.fr\\\/savp\\\/wp-content\\\/uploads\\\/2020\\\/10\\\/Logo_UNSA-V6.png\",\"contentUrl\":\"https:\\\/\\\/unsa-paris.fr\\\/savp\\\/wp-content\\\/uploads\\\/2020\\\/10\\\/Logo_UNSA-V6.png\",\"width\":986,\"height\":962,\"caption\":\"UNSA PARIS fili\u00e8re administrative\"},\"image\":{\"@id\":\"https:\\\/\\\/unsa-paris.fr\\\/savp\\\/#\\\/schema\\\/logo\\\/image\\\/\"}},{\"@type\":\"Person\",\"@id\":\"https:\\\/\\\/unsa-paris.fr\\\/savp\\\/#\\\/schema\\\/person\\\/7253f5acb55b402d9149796390e7bdde\",\"name\":\"UNSA SA\",\"image\":{\"@type\":\"ImageObject\",\"inLanguage\":\"fr-FR\",\"@id\":\"https:\\\/\\\/secure.gravatar.com\\\/avatar\\\/b78c582c0b7ba9a7147763b6638faa3db8f956662f0faffdc8b57058fad002f4?s=96&d=mm&r=g\",\"url\":\"https:\\\/\\\/secure.gravatar.com\\\/avatar\\\/b78c582c0b7ba9a7147763b6638faa3db8f956662f0faffdc8b57058fad002f4?s=96&d=mm&r=g\",\"contentUrl\":\"https:\\\/\\\/secure.gravatar.com\\\/avatar\\\/b78c582c0b7ba9a7147763b6638faa3db8f956662f0faffdc8b57058fad002f4?s=96&d=mm&r=g\",\"caption\":\"UNSA SA\"},\"sameAs\":[\"http:\\\/\\\/unsa-paris.fr\\\/savp\"],\"url\":\"https:\\\/\\\/unsa-paris.fr\\\/savp\\\/author\\\/fred\\\/\"}]}<\/script>\n<!-- \/ Yoast SEO plugin. -->","yoast_head_json":{"title":"SECR\u00c9TAIRES ADMINISTRATIFS DES ADMINISTRATIONS PARISIENNES - Syndicat Autonome UNSA","robots":{"index":"index","follow":"follow","max-snippet":"max-snippet:-1","max-image-preview":"max-image-preview:large","max-video-preview":"max-video-preview:-1"},"canonical":"https:\/\/unsa-paris.fr\/savp\/2023\/04\/03\/secretaires-administratifs-des-administrations-parisiennes-3\/","og_locale":"fr_FR","og_type":"article","og_title":"SECR\u00c9TAIRES ADMINISTRATIFS DES ADMINISTRATIONS PARISIENNES - Syndicat Autonome UNSA","og_description":"REUNION D&rsquo;INFORMATION SYNDICALE (SKYPE) \u00c0 DESTINATION DES SECRETAIRES ADMINISTRATIFS ET DES TECHNICIENS SUP\u00c9RIEURS DES ADMINISTRATIONS PARISIENNES MARDI 4 AVRIL 2023 14H00 &#8211; 17H00","og_url":"https:\/\/unsa-paris.fr\/savp\/2023\/04\/03\/secretaires-administratifs-des-administrations-parisiennes-3\/","og_site_name":"Syndicat Autonome UNSA","article_published_time":"2023-04-03T09:26:09+00:00","article_modified_time":"2023-04-03T09:31:29+00:00","og_image":[{"url":"https:\/\/unsa-paris.fr\/savp\/wp-content\/uploads\/2023\/04\/0604-1024x341.png","type":"","width":"","height":""}],"author":"UNSA SA","twitter_card":"summary_large_image","twitter_misc":{"\u00c9crit par":"UNSA SA","Dur\u00e9e de lecture estim\u00e9e":"1 minute"},"schema":{"@context":"https:\/\/schema.org","@graph":[{"@type":"Article","@id":"https:\/\/unsa-paris.fr\/savp\/2023\/04\/03\/secretaires-administratifs-des-administrations-parisiennes-3\/#article","isPartOf":{"@id":"https:\/\/unsa-paris.fr\/savp\/2023\/04\/03\/secretaires-administratifs-des-administrations-parisiennes-3\/"},"author":{"name":"UNSA SA","@id":"https:\/\/unsa-paris.fr\/savp\/#\/schema\/person\/7253f5acb55b402d9149796390e7bdde"},"headline":"SECR\u00c9TAIRES ADMINISTRATIFS DES ADMINISTRATIONS PARISIENNES","datePublished":"2023-04-03T09:26:09+00:00","dateModified":"2023-04-03T09:31:29+00:00","mainEntityOfPage":{"@id":"https:\/\/unsa-paris.fr\/savp\/2023\/04\/03\/secretaires-administratifs-des-administrations-parisiennes-3\/"},"wordCount":154,"commentCount":0,"publisher":{"@id":"https:\/\/unsa-paris.fr\/savp\/#organization"},"image":{"@id":"https:\/\/unsa-paris.fr\/savp\/2023\/04\/03\/secretaires-administratifs-des-administrations-parisiennes-3\/#primaryimage"},"thumbnailUrl":"https:\/\/unsa-paris.fr\/savp\/wp-content\/uploads\/2023\/04\/0604-1024x341.png","articleSection":["R\u00e9union","Skype"],"inLanguage":"fr-FR","potentialAction":[{"@type":"CommentAction","name":"Comment","target":["https:\/\/unsa-paris.fr\/savp\/2023\/04\/03\/secretaires-administratifs-des-administrations-parisiennes-3\/#respond"]}]},{"@type":"WebPage","@id":"https:\/\/unsa-paris.fr\/savp\/2023\/04\/03\/secretaires-administratifs-des-administrations-parisiennes-3\/","url":"https:\/\/unsa-paris.fr\/savp\/2023\/04\/03\/secretaires-administratifs-des-administrations-parisiennes-3\/","name":"SECR\u00c9TAIRES ADMINISTRATIFS DES ADMINISTRATIONS PARISIENNES - Syndicat Autonome UNSA","isPartOf":{"@id":"https:\/\/unsa-paris.fr\/savp\/#website"},"primaryImageOfPage":{"@id":"https:\/\/unsa-paris.fr\/savp\/2023\/04\/03\/secretaires-administratifs-des-administrations-parisiennes-3\/#primaryimage"},"image":{"@id":"https:\/\/unsa-paris.fr\/savp\/2023\/04\/03\/secretaires-administratifs-des-administrations-parisiennes-3\/#primaryimage"},"thumbnailUrl":"https:\/\/unsa-paris.fr\/savp\/wp-content\/uploads\/2023\/04\/0604-1024x341.png","datePublished":"2023-04-03T09:26:09+00:00","dateModified":"2023-04-03T09:31:29+00:00","breadcrumb":{"@id":"https:\/\/unsa-paris.fr\/savp\/2023\/04\/03\/secretaires-administratifs-des-administrations-parisiennes-3\/#breadcrumb"},"inLanguage":"fr-FR","potentialAction":[{"@type":"ReadAction","target":["https:\/\/unsa-paris.fr\/savp\/2023\/04\/03\/secretaires-administratifs-des-administrations-parisiennes-3\/"]}]},{"@type":"ImageObject","inLanguage":"fr-FR","@id":"https:\/\/unsa-paris.fr\/savp\/2023\/04\/03\/secretaires-administratifs-des-administrations-parisiennes-3\/#primaryimage","url":"https:\/\/unsa-paris.fr\/savp\/wp-content\/uploads\/2023\/04\/0604.png","contentUrl":"https:\/\/unsa-paris.fr\/savp\/wp-content\/uploads\/2023\/04\/0604.png","width":1500,"height":500},{"@type":"BreadcrumbList","@id":"https:\/\/unsa-paris.fr\/savp\/2023\/04\/03\/secretaires-administratifs-des-administrations-parisiennes-3\/#breadcrumb","itemListElement":[{"@type":"ListItem","position":1,"name":"Accueil","item":"https:\/\/unsa-paris.fr\/savp\/"},{"@type":"ListItem","position":2,"name":"SECR\u00c9TAIRES ADMINISTRATIFS DES ADMINISTRATIONS PARISIENNES"}]},{"@type":"WebSite","@id":"https:\/\/unsa-paris.fr\/savp\/#website","url":"https:\/\/unsa-paris.fr\/savp\/","name":"Syndicat Autonome UNSA","description":"Section des secr\u00e9taires administratifs et des techniciens sup\u00e9rieurs","publisher":{"@id":"https:\/\/unsa-paris.fr\/savp\/#organization"},"potentialAction":[{"@type":"SearchAction","target":{"@type":"EntryPoint","urlTemplate":"https:\/\/unsa-paris.fr\/savp\/?s={search_term_string}"},"query-input":{"@type":"PropertyValueSpecification","valueRequired":true,"valueName":"search_term_string"}}],"inLanguage":"fr-FR"},{"@type":"Organization","@id":"https:\/\/unsa-paris.fr\/savp\/#organization","name":"UNSA PARIS fili\u00e8re administrative","url":"https:\/\/unsa-paris.fr\/savp\/","logo":{"@type":"ImageObject","inLanguage":"fr-FR","@id":"https:\/\/unsa-paris.fr\/savp\/#\/schema\/logo\/image\/","url":"https:\/\/unsa-paris.fr\/savp\/wp-content\/uploads\/2020\/10\/Logo_UNSA-V6.png","contentUrl":"https:\/\/unsa-paris.fr\/savp\/wp-content\/uploads\/2020\/10\/Logo_UNSA-V6.png","width":986,"height":962,"caption":"UNSA PARIS fili\u00e8re administrative"},"image":{"@id":"https:\/\/unsa-paris.fr\/savp\/#\/schema\/logo\/image\/"}},{"@type":"Person","@id":"https:\/\/unsa-paris.fr\/savp\/#\/schema\/person\/7253f5acb55b402d9149796390e7bdde","name":"UNSA SA","image":{"@type":"ImageObject","inLanguage":"fr-FR","@id":"https:\/\/secure.gravatar.com\/avatar\/b78c582c0b7ba9a7147763b6638faa3db8f956662f0faffdc8b57058fad002f4?s=96&d=mm&r=g","url":"https:\/\/secure.gravatar.com\/avatar\/b78c582c0b7ba9a7147763b6638faa3db8f956662f0faffdc8b57058fad002f4?s=96&d=mm&r=g","contentUrl":"https:\/\/secure.gravatar.com\/avatar\/b78c582c0b7ba9a7147763b6638faa3db8f956662f0faffdc8b57058fad002f4?s=96&d=mm&r=g","caption":"UNSA SA"},"sameAs":["http:\/\/unsa-paris.fr\/savp"],"url":"https:\/\/unsa-paris.fr\/savp\/author\/fred\/"}]}},"_links":{"self":[{"href":"https:\/\/unsa-paris.fr\/savp\/wp-json\/wp\/v2\/posts\/2180","targetHints":{"allow":["GET"]}}],"collection":[{"href":"https:\/\/unsa-paris.fr\/savp\/wp-json\/wp\/v2\/posts"}],"about":[{"href":"https:\/\/unsa-paris.fr\/savp\/wp-json\/wp\/v2\/types\/post"}],"author":[{"embeddable":true,"href":"https:\/\/unsa-paris.fr\/savp\/wp-json\/wp\/v2\/users\/2"}],"replies":[{"embeddable":true,"href":"https:\/\/unsa-paris.fr\/savp\/wp-json\/wp\/v2\/comments?post=2180"}],"version-history":[{"count":7,"href":"https:\/\/unsa-paris.fr\/savp\/wp-json\/wp\/v2\/posts\/2180\/revisions"}],"predecessor-version":[{"id":2190,"href":"https:\/\/unsa-paris.fr\/savp\/wp-json\/wp\/v2\/posts\/2180\/revisions\/2190"}],"wp:attachment":[{"href":"https:\/\/unsa-paris.fr\/savp\/wp-json\/wp\/v2\/media?parent=2180"}],"wp:term":[{"taxonomy":"category","embeddable":true,"href":"https:\/\/unsa-paris.fr\/savp\/wp-json\/wp\/v2\/categories?post=2180"},{"taxonomy":"post_tag","embeddable":true,"href":"https:\/\/unsa-paris.fr\/savp\/wp-json\/wp\/v2\/tags?post=2180"}],"curies":[{"name":"wp","href":"https:\/\/api.w.org\/{rel}","templated":true}]}}