{"id":2138,"date":"2023-03-14T10:37:42","date_gmt":"2023-03-14T09:37:42","guid":{"rendered":"https:\/\/unsa-paris.fr\/savp\/?p=2138"},"modified":"2023-03-14T10:37:48","modified_gmt":"2023-03-14T09:37:48","slug":"15-mars-on-continue-pour-gagner","status":"publish","type":"post","link":"https:\/\/unsa-paris.fr\/savp\/2023\/03\/14\/15-mars-on-continue-pour-gagner\/","title":{"rendered":"15 mars on continue pour gagner"},"content":{"rendered":"\n<figure class=\"wp-block-image size-large\"><img fetchpriority=\"high\" decoding=\"async\" width=\"1024\" height=\"573\" src=\"https:\/\/unsa-paris.fr\/savp\/wp-content\/uploads\/2023\/03\/manif_15_03-1024x573.jpg\" alt=\"\" class=\"wp-image-2150\" srcset=\"https:\/\/unsa-paris.fr\/savp\/wp-content\/uploads\/2023\/03\/manif_15_03-1024x573.jpg 1024w, https:\/\/unsa-paris.fr\/savp\/wp-content\/uploads\/2023\/03\/manif_15_03-300x168.jpg 300w, https:\/\/unsa-paris.fr\/savp\/wp-content\/uploads\/2023\/03\/manif_15_03-768x430.jpg 768w, https:\/\/unsa-paris.fr\/savp\/wp-content\/uploads\/2023\/03\/manif_15_03-1536x859.jpg 1536w, https:\/\/unsa-paris.fr\/savp\/wp-content\/uploads\/2023\/03\/manif_15_03-1200x671.jpg 1200w, https:\/\/unsa-paris.fr\/savp\/wp-content\/uploads\/2023\/03\/manif_15_03.jpg 1830w\" sizes=\"(max-width: 709px) 85vw, (max-width: 909px) 67vw, (max-width: 1362px) 62vw, 840px\" \/><\/figure>\n\n\n\n<p class=\"has-text-align-center has-white-color has-bright-red-background-color has-text-color has-background has-medium-font-size\"><strong>EN CETTE SEMAINE D\u00c9CISIVE POUR L&rsquo;AVENIR DU PROJET DE LOI SUR LES RETRAITES, <br>VENEZ DIRE UNE NOUVELLE FOIS VOTRE OPPOSITION MERCREDI 15 MARS, \u00c0 PARTIR DE 14H, DES  INVALIDES \u00c0 LA PLACE D&rsquo;ITALIE<\/strong><\/p>\n\n\n\n<!--more-->\n\n\n\n<p>Apr\u00e8s le courrier de r\u00e9ponse du pr\u00e9sident de la r\u00e9publique aux organisations syndicales, refusant de les recevoir et balayant d\u2019un revers de manche toute possibilit\u00e9 de prise en compte de leurs revendications (voir en pi\u00e8ce jointe), le S\u00e9nat a vot\u00e9 le projet de loi dimanche, par la proc\u00e9dure de vote bloqu\u00e9.<\/p>\n\n\n\n<p>Ainsi, ni \u00e0 l\u2019assembl\u00e9e nationale, ni au s\u00e9nat le projet de r\u00e9forme n\u2019aura pu \u00eatre discut\u00e9 dans son ensemble.<\/p>\n\n\n\n<p>Mercredi 15 mars, la Commission Mixte Paritaire doit se r\u00e9unir pour trouver un point d\u2019accord et proposer une r\u00e9daction commune au projet de loi. Suite \u00e0 cette r\u00e9union, si un accord est trouv\u00e9, les deux chambres devront voter le texte dans les m\u00eames termes jeudi 16 mars.<\/p>\n\n\n\n<p class=\"has-bright-blue-color has-text-color\"><strong>\u00c0 ce jour, si la majorit\u00e9 au S\u00e9nat ne fait aucun doute, rien n\u2019est s\u00fbr concernant l\u2019Assembl\u00e9e Nationale, ou le vote pourrait se jouer \u00e0 une voix pr\u00e8s.<\/strong><\/p>\n\n\n\n<p>Cette incertitude pourrait pousser le gouvernement \u00e0 utiliser l\u2019article 49-3 de la constitution, qui permet au gouvernement de faire adopter un projet de loi sans passer par un vote de l\u2019Assembl\u00e9e.<\/p>\n\n\n\n<p>\u00c0 la vision de cette tambouille politique, qui fait clairement appara\u00eetre un d\u00e9bat fort peu d\u00e9mocratique, et laisse de c\u00f4t\u00e9 les principaux int\u00e9ress\u00e9s, <\/p>\n\n\n\n<p class=\"has-bright-blue-color has-text-color\"><strong>les organisations syndicales ont demand\u00e9 une \u00ab&nbsp;consultation citoyenne&nbsp;\u00bb sur le sujet des retraites pour sortir de cette crise sociale v\u00e9cue comme un d\u00e9ni de d\u00e9mocratie par les 94% de salari\u00e9s oppos\u00e9s \u00e0 cette r\u00e9forme.<\/strong><\/p>\n\n\n\n<p class=\"has-bright-blue-color has-text-color\"><strong>Seul un r\u00e9f\u00e9rendum pourra rendre compte de la position des citoyens \u00e0 l&rsquo;\u00e9gard de ce projet de loi<\/strong><\/p>\n\n\n\n<p class=\"has-bright-red-color has-text-color has-medium-font-size\"><strong>Pour l&rsquo;UNSA, la r\u00e9forme des retraites c&rsquo;est toujours NON et nous continuerons \u00e0 le faire savoir<\/strong><\/p>\n\n\n\n<p><strong>.        <a href=\"https:\/\/intraparis.unsa.mdp\/UNSA\/servlet\/plugins\/document\/resource?id=11245&amp;nocache&amp;id_attribute=127\" target=\"_blank\" rel=\"noreferrer noopener\">2023_03_09 Lettre du pr\u00e9sident de la R\u00e9publique \u00e0 l&rsquo;Intersyndicale\u00a0 \u00a0T\u00e9l\u00e9charger<\/a><\/strong><\/p>\n\n\n\n<p class=\"has-white-color has-bright-blue-background-color has-text-color has-background has-medium-font-size\"><strong>Rendez-vous mercredi 15 mars \u00e0 partir de 13h30, place des Invalides, sous les ballons UNSA.<\/strong> <strong>Le cort\u00e8ge empruntera le Boulevard des Invalides, le Boulevard Montparnasse, le Boulevard de Port-Royal, l&rsquo;Avenue des Gobelins, pour terminer place d&rsquo;Italie.<\/strong><\/p>\n\n\n\n<p><strong><em>\u00ab\u00a0Nous savons qu&rsquo;ils mentent. Ils savent qu&rsquo;ils mentent. Ils savent que nous savons qu&rsquo;ils mentent. Nous savons qu&rsquo;ils savent que nous savons qu&rsquo;ils mentent. Et, pourtant, ils persistent \u00e0 mentir.\u00a0\u00bb<\/em><\/strong> <em><strong>Alexandre Soljenitsyne<\/strong><\/em><\/p>\n\n\n\n<figure class=\"wp-block-image size-full\"><img decoding=\"async\" width=\"889\" height=\"332\" src=\"https:\/\/unsa-paris.fr\/savp\/wp-content\/uploads\/2023\/02\/unsavdp.png\" alt=\"\" class=\"wp-image-2051\" srcset=\"https:\/\/unsa-paris.fr\/savp\/wp-content\/uploads\/2023\/02\/unsavdp.png 889w, https:\/\/unsa-paris.fr\/savp\/wp-content\/uploads\/2023\/02\/unsavdp-300x112.png 300w, https:\/\/unsa-paris.fr\/savp\/wp-content\/uploads\/2023\/02\/unsavdp-768x287.png 768w\" sizes=\"(max-width: 709px) 85vw, (max-width: 909px) 67vw, (max-width: 1362px) 62vw, 840px\" \/><\/figure>\n","protected":false},"excerpt":{"rendered":"<p>EN CETTE SEMAINE D\u00c9CISIVE POUR L&rsquo;AVENIR DU PROJET DE LOI SUR LES RETRAITES, VENEZ DIRE UNE NOUVELLE FOIS VOTRE OPPOSITION MERCREDI 15 MARS, \u00c0 PARTIR DE 14H, DES INVALIDES \u00c0 &hellip; <a href=\"https:\/\/unsa-paris.fr\/savp\/2023\/03\/14\/15-mars-on-continue-pour-gagner\/\" class=\"more-link\">Continuer la lecture<span class=\"screen-reader-text\"> de &laquo;&nbsp;15 mars on continue pour gagner&nbsp;&raquo;<\/span><\/a><\/p>\n","protected":false},"author":2,"featured_media":0,"comment_status":"open","ping_status":"open","sticky":false,"template":"","format":"standard","meta":{"footnotes":""},"categories":[7,9,23],"tags":[],"class_list":["post-2138","post","type-post","status-publish","format-standard","hentry","category-actualite","category-communique","category-retraites"],"yoast_head":"<!-- This site is optimized with the Yoast SEO plugin v27.5 - https:\/\/yoast.com\/product\/yoast-seo-wordpress\/ -->\n<title>15 mars on continue pour gagner - Syndicat Autonome UNSA<\/title>\n<meta name=\"robots\" content=\"index, follow, max-snippet:-1, max-image-preview:large, max-video-preview:-1\" \/>\n<link rel=\"canonical\" href=\"https:\/\/unsa-paris.fr\/savp\/2023\/03\/14\/15-mars-on-continue-pour-gagner\/\" \/>\n<meta property=\"og:locale\" content=\"fr_FR\" \/>\n<meta property=\"og:type\" content=\"article\" \/>\n<meta property=\"og:title\" content=\"15 mars on continue pour gagner - Syndicat Autonome UNSA\" \/>\n<meta property=\"og:description\" content=\"EN CETTE SEMAINE D\u00c9CISIVE POUR L&rsquo;AVENIR DU PROJET DE LOI SUR LES RETRAITES, VENEZ DIRE UNE NOUVELLE FOIS VOTRE OPPOSITION MERCREDI 15 MARS, \u00c0 PARTIR DE 14H, DES INVALIDES \u00c0 &hellip; Continuer la lecture de &laquo;&nbsp;15 mars on continue pour gagner&nbsp;&raquo;\" \/>\n<meta property=\"og:url\" content=\"https:\/\/unsa-paris.fr\/savp\/2023\/03\/14\/15-mars-on-continue-pour-gagner\/\" \/>\n<meta property=\"og:site_name\" content=\"Syndicat Autonome UNSA\" \/>\n<meta property=\"article:published_time\" content=\"2023-03-14T09:37:42+00:00\" \/>\n<meta property=\"article:modified_time\" content=\"2023-03-14T09:37:48+00:00\" \/>\n<meta property=\"og:image\" content=\"https:\/\/unsa-paris.fr\/savp\/wp-content\/uploads\/2023\/03\/manif_15_03-1024x573.jpg\" \/>\n<meta name=\"author\" content=\"UNSA SA\" \/>\n<meta name=\"twitter:card\" content=\"summary_large_image\" \/>\n<meta name=\"twitter:label1\" content=\"\u00c9crit par\" \/>\n\t<meta name=\"twitter:data1\" content=\"UNSA SA\" \/>\n\t<meta name=\"twitter:label2\" content=\"Dur\u00e9e de lecture estim\u00e9e\" \/>\n\t<meta name=\"twitter:data2\" content=\"3 minutes\" \/>\n<script type=\"application\/ld+json\" class=\"yoast-schema-graph\">{\"@context\":\"https:\\\/\\\/schema.org\",\"@graph\":[{\"@type\":\"Article\",\"@id\":\"https:\\\/\\\/unsa-paris.fr\\\/savp\\\/2023\\\/03\\\/14\\\/15-mars-on-continue-pour-gagner\\\/#article\",\"isPartOf\":{\"@id\":\"https:\\\/\\\/unsa-paris.fr\\\/savp\\\/2023\\\/03\\\/14\\\/15-mars-on-continue-pour-gagner\\\/\"},\"author\":{\"name\":\"UNSA SA\",\"@id\":\"https:\\\/\\\/unsa-paris.fr\\\/savp\\\/#\\\/schema\\\/person\\\/7253f5acb55b402d9149796390e7bdde\"},\"headline\":\"15 mars on continue pour gagner\",\"datePublished\":\"2023-03-14T09:37:42+00:00\",\"dateModified\":\"2023-03-14T09:37:48+00:00\",\"mainEntityOfPage\":{\"@id\":\"https:\\\/\\\/unsa-paris.fr\\\/savp\\\/2023\\\/03\\\/14\\\/15-mars-on-continue-pour-gagner\\\/\"},\"wordCount\":426,\"commentCount\":0,\"publisher\":{\"@id\":\"https:\\\/\\\/unsa-paris.fr\\\/savp\\\/#organization\"},\"image\":{\"@id\":\"https:\\\/\\\/unsa-paris.fr\\\/savp\\\/2023\\\/03\\\/14\\\/15-mars-on-continue-pour-gagner\\\/#primaryimage\"},\"thumbnailUrl\":\"https:\\\/\\\/unsa-paris.fr\\\/savp\\\/wp-content\\\/uploads\\\/2023\\\/03\\\/manif_15_03-1024x573.jpg\",\"articleSection\":[\"Actualite\",\"Communique\",\"Retraites\"],\"inLanguage\":\"fr-FR\",\"potentialAction\":[{\"@type\":\"CommentAction\",\"name\":\"Comment\",\"target\":[\"https:\\\/\\\/unsa-paris.fr\\\/savp\\\/2023\\\/03\\\/14\\\/15-mars-on-continue-pour-gagner\\\/#respond\"]}]},{\"@type\":\"WebPage\",\"@id\":\"https:\\\/\\\/unsa-paris.fr\\\/savp\\\/2023\\\/03\\\/14\\\/15-mars-on-continue-pour-gagner\\\/\",\"url\":\"https:\\\/\\\/unsa-paris.fr\\\/savp\\\/2023\\\/03\\\/14\\\/15-mars-on-continue-pour-gagner\\\/\",\"name\":\"15 mars on continue pour gagner - Syndicat Autonome UNSA\",\"isPartOf\":{\"@id\":\"https:\\\/\\\/unsa-paris.fr\\\/savp\\\/#website\"},\"primaryImageOfPage\":{\"@id\":\"https:\\\/\\\/unsa-paris.fr\\\/savp\\\/2023\\\/03\\\/14\\\/15-mars-on-continue-pour-gagner\\\/#primaryimage\"},\"image\":{\"@id\":\"https:\\\/\\\/unsa-paris.fr\\\/savp\\\/2023\\\/03\\\/14\\\/15-mars-on-continue-pour-gagner\\\/#primaryimage\"},\"thumbnailUrl\":\"https:\\\/\\\/unsa-paris.fr\\\/savp\\\/wp-content\\\/uploads\\\/2023\\\/03\\\/manif_15_03-1024x573.jpg\",\"datePublished\":\"2023-03-14T09:37:42+00:00\",\"dateModified\":\"2023-03-14T09:37:48+00:00\",\"breadcrumb\":{\"@id\":\"https:\\\/\\\/unsa-paris.fr\\\/savp\\\/2023\\\/03\\\/14\\\/15-mars-on-continue-pour-gagner\\\/#breadcrumb\"},\"inLanguage\":\"fr-FR\",\"potentialAction\":[{\"@type\":\"ReadAction\",\"target\":[\"https:\\\/\\\/unsa-paris.fr\\\/savp\\\/2023\\\/03\\\/14\\\/15-mars-on-continue-pour-gagner\\\/\"]}]},{\"@type\":\"ImageObject\",\"inLanguage\":\"fr-FR\",\"@id\":\"https:\\\/\\\/unsa-paris.fr\\\/savp\\\/2023\\\/03\\\/14\\\/15-mars-on-continue-pour-gagner\\\/#primaryimage\",\"url\":\"https:\\\/\\\/unsa-paris.fr\\\/savp\\\/wp-content\\\/uploads\\\/2023\\\/03\\\/manif_15_03.jpg\",\"contentUrl\":\"https:\\\/\\\/unsa-paris.fr\\\/savp\\\/wp-content\\\/uploads\\\/2023\\\/03\\\/manif_15_03.jpg\",\"width\":1830,\"height\":1024},{\"@type\":\"BreadcrumbList\",\"@id\":\"https:\\\/\\\/unsa-paris.fr\\\/savp\\\/2023\\\/03\\\/14\\\/15-mars-on-continue-pour-gagner\\\/#breadcrumb\",\"itemListElement\":[{\"@type\":\"ListItem\",\"position\":1,\"name\":\"Accueil\",\"item\":\"https:\\\/\\\/unsa-paris.fr\\\/savp\\\/\"},{\"@type\":\"ListItem\",\"position\":2,\"name\":\"15 mars on continue pour gagner\"}]},{\"@type\":\"WebSite\",\"@id\":\"https:\\\/\\\/unsa-paris.fr\\\/savp\\\/#website\",\"url\":\"https:\\\/\\\/unsa-paris.fr\\\/savp\\\/\",\"name\":\"Syndicat Autonome UNSA\",\"description\":\"Section des secr\u00e9taires administratifs et des techniciens sup\u00e9rieurs\",\"publisher\":{\"@id\":\"https:\\\/\\\/unsa-paris.fr\\\/savp\\\/#organization\"},\"potentialAction\":[{\"@type\":\"SearchAction\",\"target\":{\"@type\":\"EntryPoint\",\"urlTemplate\":\"https:\\\/\\\/unsa-paris.fr\\\/savp\\\/?s={search_term_string}\"},\"query-input\":{\"@type\":\"PropertyValueSpecification\",\"valueRequired\":true,\"valueName\":\"search_term_string\"}}],\"inLanguage\":\"fr-FR\"},{\"@type\":\"Organization\",\"@id\":\"https:\\\/\\\/unsa-paris.fr\\\/savp\\\/#organization\",\"name\":\"UNSA PARIS fili\u00e8re administrative\",\"url\":\"https:\\\/\\\/unsa-paris.fr\\\/savp\\\/\",\"logo\":{\"@type\":\"ImageObject\",\"inLanguage\":\"fr-FR\",\"@id\":\"https:\\\/\\\/unsa-paris.fr\\\/savp\\\/#\\\/schema\\\/logo\\\/image\\\/\",\"url\":\"https:\\\/\\\/unsa-paris.fr\\\/savp\\\/wp-content\\\/uploads\\\/2020\\\/10\\\/Logo_UNSA-V6.png\",\"contentUrl\":\"https:\\\/\\\/unsa-paris.fr\\\/savp\\\/wp-content\\\/uploads\\\/2020\\\/10\\\/Logo_UNSA-V6.png\",\"width\":986,\"height\":962,\"caption\":\"UNSA PARIS fili\u00e8re administrative\"},\"image\":{\"@id\":\"https:\\\/\\\/unsa-paris.fr\\\/savp\\\/#\\\/schema\\\/logo\\\/image\\\/\"}},{\"@type\":\"Person\",\"@id\":\"https:\\\/\\\/unsa-paris.fr\\\/savp\\\/#\\\/schema\\\/person\\\/7253f5acb55b402d9149796390e7bdde\",\"name\":\"UNSA SA\",\"image\":{\"@type\":\"ImageObject\",\"inLanguage\":\"fr-FR\",\"@id\":\"https:\\\/\\\/secure.gravatar.com\\\/avatar\\\/b78c582c0b7ba9a7147763b6638faa3db8f956662f0faffdc8b57058fad002f4?s=96&d=mm&r=g\",\"url\":\"https:\\\/\\\/secure.gravatar.com\\\/avatar\\\/b78c582c0b7ba9a7147763b6638faa3db8f956662f0faffdc8b57058fad002f4?s=96&d=mm&r=g\",\"contentUrl\":\"https:\\\/\\\/secure.gravatar.com\\\/avatar\\\/b78c582c0b7ba9a7147763b6638faa3db8f956662f0faffdc8b57058fad002f4?s=96&d=mm&r=g\",\"caption\":\"UNSA SA\"},\"sameAs\":[\"http:\\\/\\\/unsa-paris.fr\\\/savp\"],\"url\":\"https:\\\/\\\/unsa-paris.fr\\\/savp\\\/author\\\/fred\\\/\"}]}<\/script>\n<!-- \/ Yoast SEO plugin. -->","yoast_head_json":{"title":"15 mars on continue pour gagner - Syndicat Autonome UNSA","robots":{"index":"index","follow":"follow","max-snippet":"max-snippet:-1","max-image-preview":"max-image-preview:large","max-video-preview":"max-video-preview:-1"},"canonical":"https:\/\/unsa-paris.fr\/savp\/2023\/03\/14\/15-mars-on-continue-pour-gagner\/","og_locale":"fr_FR","og_type":"article","og_title":"15 mars on continue pour gagner - Syndicat Autonome UNSA","og_description":"EN CETTE SEMAINE D\u00c9CISIVE POUR L&rsquo;AVENIR DU PROJET DE LOI SUR LES RETRAITES, VENEZ DIRE UNE NOUVELLE FOIS VOTRE OPPOSITION MERCREDI 15 MARS, \u00c0 PARTIR DE 14H, DES INVALIDES \u00c0 &hellip; Continuer la lecture de &laquo;&nbsp;15 mars on continue pour gagner&nbsp;&raquo;","og_url":"https:\/\/unsa-paris.fr\/savp\/2023\/03\/14\/15-mars-on-continue-pour-gagner\/","og_site_name":"Syndicat Autonome UNSA","article_published_time":"2023-03-14T09:37:42+00:00","article_modified_time":"2023-03-14T09:37:48+00:00","og_image":[{"url":"https:\/\/unsa-paris.fr\/savp\/wp-content\/uploads\/2023\/03\/manif_15_03-1024x573.jpg","type":"","width":"","height":""}],"author":"UNSA SA","twitter_card":"summary_large_image","twitter_misc":{"\u00c9crit par":"UNSA SA","Dur\u00e9e de lecture estim\u00e9e":"3 minutes"},"schema":{"@context":"https:\/\/schema.org","@graph":[{"@type":"Article","@id":"https:\/\/unsa-paris.fr\/savp\/2023\/03\/14\/15-mars-on-continue-pour-gagner\/#article","isPartOf":{"@id":"https:\/\/unsa-paris.fr\/savp\/2023\/03\/14\/15-mars-on-continue-pour-gagner\/"},"author":{"name":"UNSA SA","@id":"https:\/\/unsa-paris.fr\/savp\/#\/schema\/person\/7253f5acb55b402d9149796390e7bdde"},"headline":"15 mars on continue pour gagner","datePublished":"2023-03-14T09:37:42+00:00","dateModified":"2023-03-14T09:37:48+00:00","mainEntityOfPage":{"@id":"https:\/\/unsa-paris.fr\/savp\/2023\/03\/14\/15-mars-on-continue-pour-gagner\/"},"wordCount":426,"commentCount":0,"publisher":{"@id":"https:\/\/unsa-paris.fr\/savp\/#organization"},"image":{"@id":"https:\/\/unsa-paris.fr\/savp\/2023\/03\/14\/15-mars-on-continue-pour-gagner\/#primaryimage"},"thumbnailUrl":"https:\/\/unsa-paris.fr\/savp\/wp-content\/uploads\/2023\/03\/manif_15_03-1024x573.jpg","articleSection":["Actualite","Communique","Retraites"],"inLanguage":"fr-FR","potentialAction":[{"@type":"CommentAction","name":"Comment","target":["https:\/\/unsa-paris.fr\/savp\/2023\/03\/14\/15-mars-on-continue-pour-gagner\/#respond"]}]},{"@type":"WebPage","@id":"https:\/\/unsa-paris.fr\/savp\/2023\/03\/14\/15-mars-on-continue-pour-gagner\/","url":"https:\/\/unsa-paris.fr\/savp\/2023\/03\/14\/15-mars-on-continue-pour-gagner\/","name":"15 mars on continue pour gagner - Syndicat Autonome UNSA","isPartOf":{"@id":"https:\/\/unsa-paris.fr\/savp\/#website"},"primaryImageOfPage":{"@id":"https:\/\/unsa-paris.fr\/savp\/2023\/03\/14\/15-mars-on-continue-pour-gagner\/#primaryimage"},"image":{"@id":"https:\/\/unsa-paris.fr\/savp\/2023\/03\/14\/15-mars-on-continue-pour-gagner\/#primaryimage"},"thumbnailUrl":"https:\/\/unsa-paris.fr\/savp\/wp-content\/uploads\/2023\/03\/manif_15_03-1024x573.jpg","datePublished":"2023-03-14T09:37:42+00:00","dateModified":"2023-03-14T09:37:48+00:00","breadcrumb":{"@id":"https:\/\/unsa-paris.fr\/savp\/2023\/03\/14\/15-mars-on-continue-pour-gagner\/#breadcrumb"},"inLanguage":"fr-FR","potentialAction":[{"@type":"ReadAction","target":["https:\/\/unsa-paris.fr\/savp\/2023\/03\/14\/15-mars-on-continue-pour-gagner\/"]}]},{"@type":"ImageObject","inLanguage":"fr-FR","@id":"https:\/\/unsa-paris.fr\/savp\/2023\/03\/14\/15-mars-on-continue-pour-gagner\/#primaryimage","url":"https:\/\/unsa-paris.fr\/savp\/wp-content\/uploads\/2023\/03\/manif_15_03.jpg","contentUrl":"https:\/\/unsa-paris.fr\/savp\/wp-content\/uploads\/2023\/03\/manif_15_03.jpg","width":1830,"height":1024},{"@type":"BreadcrumbList","@id":"https:\/\/unsa-paris.fr\/savp\/2023\/03\/14\/15-mars-on-continue-pour-gagner\/#breadcrumb","itemListElement":[{"@type":"ListItem","position":1,"name":"Accueil","item":"https:\/\/unsa-paris.fr\/savp\/"},{"@type":"ListItem","position":2,"name":"15 mars on continue pour gagner"}]},{"@type":"WebSite","@id":"https:\/\/unsa-paris.fr\/savp\/#website","url":"https:\/\/unsa-paris.fr\/savp\/","name":"Syndicat Autonome UNSA","description":"Section des secr\u00e9taires administratifs et des techniciens sup\u00e9rieurs","publisher":{"@id":"https:\/\/unsa-paris.fr\/savp\/#organization"},"potentialAction":[{"@type":"SearchAction","target":{"@type":"EntryPoint","urlTemplate":"https:\/\/unsa-paris.fr\/savp\/?s={search_term_string}"},"query-input":{"@type":"PropertyValueSpecification","valueRequired":true,"valueName":"search_term_string"}}],"inLanguage":"fr-FR"},{"@type":"Organization","@id":"https:\/\/unsa-paris.fr\/savp\/#organization","name":"UNSA PARIS fili\u00e8re administrative","url":"https:\/\/unsa-paris.fr\/savp\/","logo":{"@type":"ImageObject","inLanguage":"fr-FR","@id":"https:\/\/unsa-paris.fr\/savp\/#\/schema\/logo\/image\/","url":"https:\/\/unsa-paris.fr\/savp\/wp-content\/uploads\/2020\/10\/Logo_UNSA-V6.png","contentUrl":"https:\/\/unsa-paris.fr\/savp\/wp-content\/uploads\/2020\/10\/Logo_UNSA-V6.png","width":986,"height":962,"caption":"UNSA PARIS fili\u00e8re administrative"},"image":{"@id":"https:\/\/unsa-paris.fr\/savp\/#\/schema\/logo\/image\/"}},{"@type":"Person","@id":"https:\/\/unsa-paris.fr\/savp\/#\/schema\/person\/7253f5acb55b402d9149796390e7bdde","name":"UNSA SA","image":{"@type":"ImageObject","inLanguage":"fr-FR","@id":"https:\/\/secure.gravatar.com\/avatar\/b78c582c0b7ba9a7147763b6638faa3db8f956662f0faffdc8b57058fad002f4?s=96&d=mm&r=g","url":"https:\/\/secure.gravatar.com\/avatar\/b78c582c0b7ba9a7147763b6638faa3db8f956662f0faffdc8b57058fad002f4?s=96&d=mm&r=g","contentUrl":"https:\/\/secure.gravatar.com\/avatar\/b78c582c0b7ba9a7147763b6638faa3db8f956662f0faffdc8b57058fad002f4?s=96&d=mm&r=g","caption":"UNSA SA"},"sameAs":["http:\/\/unsa-paris.fr\/savp"],"url":"https:\/\/unsa-paris.fr\/savp\/author\/fred\/"}]}},"_links":{"self":[{"href":"https:\/\/unsa-paris.fr\/savp\/wp-json\/wp\/v2\/posts\/2138","targetHints":{"allow":["GET"]}}],"collection":[{"href":"https:\/\/unsa-paris.fr\/savp\/wp-json\/wp\/v2\/posts"}],"about":[{"href":"https:\/\/unsa-paris.fr\/savp\/wp-json\/wp\/v2\/types\/post"}],"author":[{"embeddable":true,"href":"https:\/\/unsa-paris.fr\/savp\/wp-json\/wp\/v2\/users\/2"}],"replies":[{"embeddable":true,"href":"https:\/\/unsa-paris.fr\/savp\/wp-json\/wp\/v2\/comments?post=2138"}],"version-history":[{"count":6,"href":"https:\/\/unsa-paris.fr\/savp\/wp-json\/wp\/v2\/posts\/2138\/revisions"}],"predecessor-version":[{"id":2156,"href":"https:\/\/unsa-paris.fr\/savp\/wp-json\/wp\/v2\/posts\/2138\/revisions\/2156"}],"wp:attachment":[{"href":"https:\/\/unsa-paris.fr\/savp\/wp-json\/wp\/v2\/media?parent=2138"}],"wp:term":[{"taxonomy":"category","embeddable":true,"href":"https:\/\/unsa-paris.fr\/savp\/wp-json\/wp\/v2\/categories?post=2138"},{"taxonomy":"post_tag","embeddable":true,"href":"https:\/\/unsa-paris.fr\/savp\/wp-json\/wp\/v2\/tags?post=2138"}],"curies":[{"name":"wp","href":"https:\/\/api.w.org\/{rel}","templated":true}]}}