{"id":2128,"date":"2023-03-06T09:37:38","date_gmt":"2023-03-06T08:37:38","guid":{"rendered":"https:\/\/unsa-paris.fr\/savp\/?p=2128"},"modified":"2023-03-06T09:44:13","modified_gmt":"2023-03-06T08:44:13","slug":"le-7-mars-mettons-la-france-a-larret","status":"publish","type":"post","link":"https:\/\/unsa-paris.fr\/savp\/2023\/03\/06\/le-7-mars-mettons-la-france-a-larret\/","title":{"rendered":"LE 7 MARS, METTONS LA FRANCE \u00c0 L&rsquo;ARR\u00caT"},"content":{"rendered":"\n<figure class=\"wp-block-image size-large\"><img fetchpriority=\"high\" decoding=\"async\" width=\"1024\" height=\"312\" src=\"https:\/\/unsa-paris.fr\/savp\/wp-content\/uploads\/2023\/03\/07_03-1024x312.png\" alt=\"\" class=\"wp-image-2127\" srcset=\"https:\/\/unsa-paris.fr\/savp\/wp-content\/uploads\/2023\/03\/07_03-1024x312.png 1024w, https:\/\/unsa-paris.fr\/savp\/wp-content\/uploads\/2023\/03\/07_03-300x92.png 300w, https:\/\/unsa-paris.fr\/savp\/wp-content\/uploads\/2023\/03\/07_03-768x234.png 768w, https:\/\/unsa-paris.fr\/savp\/wp-content\/uploads\/2023\/03\/07_03.png 1118w\" sizes=\"(max-width: 709px) 85vw, (max-width: 909px) 67vw, (max-width: 1362px) 62vw, 840px\" \/><\/figure>\n\n\n\n<p>Le gouvernement veut reculer la retraite \u00e0 64 ans et augmenter \u00e0 43 ans le nombre d\u2019ann\u00e9es pour une retraite enti\u00e8re.<\/p>\n\n\n\n<p>Le gouvernement reste sourd aux millions de manifestants. 9 salari\u00e9s sur 10 et 7 Fran\u00e7ais sur 10 s\u2019opposent a cette r\u00e9forme. Alors on durcit le ton.<\/p>\n\n\n\n<p class=\"has-text-align-center has-white-color has-bright-blue-background-color has-text-color has-background has-medium-font-size\"><strong>LE 7 MARS, METTONS LA FRANCE \u00c0 L&rsquo;ARR\u00caT<\/strong><\/p>\n\n\n\n<!--more-->\n\n\n\n<p class=\"has-bright-blue-color has-text-color\"><strong>1. Une r\u00e9forme injustifi\u00e9e<\/strong><\/p>\n\n\n\n<p>Le d\u00e9ficit ne met pas en p\u00e9ril le syst\u00e8me de retraite. Il peut se r\u00e9sorber dans le temps. Travailler 2 ans de plus n\u2019est pas l\u2019unique solution. Le gouvernement a refus\u00e9 d\u2019examiner nos propositions.<\/p>\n\n\n\n<p class=\"has-bright-blue-color has-text-color\"><strong>2. Une r\u00e9forme punitive et in\u00e9galitaire<\/strong><\/p>\n\n\n\n<p>Les femmes aux carri\u00e8res incompl\u00e8tes, les salari\u00e9\u00b7es qui ont commenc\u00e9 \u00e0 travailler t\u00f4t, les salari\u00e9\u00b7es qui accumulent les emplois pr\u00e9caires, les salari\u00e9\u00b7es qui ont un emploi p\u00e9nible sont les premiers p\u00e9nalis\u00e9\u00b7es par la r\u00e9forme.<\/p>\n\n\n\n<p class=\"has-bright-blue-color has-text-color\"><strong>3. Une r\u00e9forme qui interdira \u00e0 plus de salari\u00e9.e.s de profiter de leur retraite<\/strong><\/p>\n\n\n\n<p>Aujourd\u2019hui d\u00e9j\u00e0 :<\/p>\n\n\n\n<p>\u2022 1 salari\u00e9\u00b7e parmi les plus pr\u00e9caires sur 4 meurt avant de b\u00e9n\u00e9ficier de sa retraite,<\/p>\n\n\n\n<p>\u2022 plus de 100 000 salari\u00e9\u00b7es arrivent en retraite en invalidit\u00e9. <\/p>\n\n\n\n<p>Nous faire travailler 2 ans de plus c\u2019est aggraver cette situation.<\/p>\n\n\n\n<p class=\"has-text-align-center has-white-color has-bright-blue-background-color has-text-color has-background has-medium-font-size\"><strong>Pour toutes ces raisons, faites gr\u00e8ve et venez manifester le 7 mars avec l&rsquo;intersyndicale: De S\u00e8vres-Babylone \u00e0 la Place d&rsquo;Italie<\/strong><\/p>\n\n\n\n<p class=\"has-bright-blue-color has-text-color\">La manifestation empruntera le Boulevard Raspail, le Boulevard du Montparnasse, le Boulevard de Port-Royal et l&rsquo;avenue des Gobelins. Rendez-vous \u00e0 partir de 13h30 sous les ballons de l&rsquo;UNSA \u00e0 l&rsquo;angle du Boulevard Raspail et de la rue du Cherche-midi en t\u00eate de cort\u00e8ge.<\/p>\n\n\n<div class=\"wp-block-image\">\n<figure class=\"aligncenter size-full\"><img decoding=\"async\" width=\"889\" height=\"332\" src=\"https:\/\/unsa-paris.fr\/savp\/wp-content\/uploads\/2023\/02\/unsavdp.png\" alt=\"\" class=\"wp-image-2051\" srcset=\"https:\/\/unsa-paris.fr\/savp\/wp-content\/uploads\/2023\/02\/unsavdp.png 889w, https:\/\/unsa-paris.fr\/savp\/wp-content\/uploads\/2023\/02\/unsavdp-300x112.png 300w, https:\/\/unsa-paris.fr\/savp\/wp-content\/uploads\/2023\/02\/unsavdp-768x287.png 768w\" sizes=\"(max-width: 709px) 85vw, (max-width: 909px) 67vw, (max-width: 1362px) 62vw, 840px\" \/><\/figure>\n<\/div>\n\n\n<figure class=\"wp-block-image size-full\"><img decoding=\"async\" width=\"787\" height=\"130\" src=\"https:\/\/unsa-paris.fr\/savp\/wp-content\/uploads\/2023\/02\/unsa_contact.png\" alt=\"\" class=\"wp-image-2057\" srcset=\"https:\/\/unsa-paris.fr\/savp\/wp-content\/uploads\/2023\/02\/unsa_contact.png 787w, https:\/\/unsa-paris.fr\/savp\/wp-content\/uploads\/2023\/02\/unsa_contact-300x50.png 300w, https:\/\/unsa-paris.fr\/savp\/wp-content\/uploads\/2023\/02\/unsa_contact-768x127.png 768w\" sizes=\"(max-width: 709px) 85vw, (max-width: 909px) 67vw, (max-width: 984px) 61vw, (max-width: 1362px) 45vw, 600px\" \/><\/figure>\n","protected":false},"excerpt":{"rendered":"<p>Le gouvernement veut reculer la retraite \u00e0 64 ans et augmenter \u00e0 43 ans le nombre d\u2019ann\u00e9es pour une retraite enti\u00e8re. Le gouvernement reste sourd aux millions de manifestants. 9 &hellip; <a href=\"https:\/\/unsa-paris.fr\/savp\/2023\/03\/06\/le-7-mars-mettons-la-france-a-larret\/\" class=\"more-link\">Continuer la lecture<span class=\"screen-reader-text\"> de &laquo;&nbsp;LE 7 MARS, METTONS LA FRANCE \u00c0 L&rsquo;ARR\u00caT&nbsp;&raquo;<\/span><\/a><\/p>\n","protected":false},"author":2,"featured_media":0,"comment_status":"open","ping_status":"open","sticky":false,"template":"","format":"standard","meta":{"footnotes":""},"categories":[7,9,23],"tags":[],"class_list":["post-2128","post","type-post","status-publish","format-standard","hentry","category-actualite","category-communique","category-retraites"],"yoast_head":"<!-- This site is optimized with the Yoast SEO plugin v27.4 - https:\/\/yoast.com\/product\/yoast-seo-wordpress\/ -->\n<title>LE 7 MARS, METTONS LA FRANCE \u00c0 L&#039;ARR\u00caT - Syndicat Autonome UNSA<\/title>\n<meta name=\"robots\" content=\"index, follow, max-snippet:-1, max-image-preview:large, max-video-preview:-1\" \/>\n<link rel=\"canonical\" href=\"https:\/\/unsa-paris.fr\/savp\/2023\/03\/06\/le-7-mars-mettons-la-france-a-larret\/\" \/>\n<meta property=\"og:locale\" content=\"fr_FR\" \/>\n<meta property=\"og:type\" content=\"article\" \/>\n<meta property=\"og:title\" content=\"LE 7 MARS, METTONS LA FRANCE \u00c0 L&#039;ARR\u00caT - Syndicat Autonome UNSA\" \/>\n<meta property=\"og:description\" content=\"Le gouvernement veut reculer la retraite \u00e0 64 ans et augmenter \u00e0 43 ans le nombre d\u2019ann\u00e9es pour une retraite enti\u00e8re. Le gouvernement reste sourd aux millions de manifestants. 9 &hellip; Continuer la lecture de &laquo;&nbsp;LE 7 MARS, METTONS LA FRANCE \u00c0 L&rsquo;ARR\u00caT&nbsp;&raquo;\" \/>\n<meta property=\"og:url\" content=\"https:\/\/unsa-paris.fr\/savp\/2023\/03\/06\/le-7-mars-mettons-la-france-a-larret\/\" \/>\n<meta property=\"og:site_name\" content=\"Syndicat Autonome UNSA\" \/>\n<meta property=\"article:published_time\" content=\"2023-03-06T08:37:38+00:00\" \/>\n<meta property=\"article:modified_time\" content=\"2023-03-06T08:44:13+00:00\" \/>\n<meta property=\"og:image\" content=\"https:\/\/unsa-paris.fr\/savp\/wp-content\/uploads\/2023\/03\/07_03-1024x312.png\" \/>\n<meta name=\"author\" content=\"UNSA SA\" \/>\n<meta name=\"twitter:card\" content=\"summary_large_image\" \/>\n<meta name=\"twitter:label1\" content=\"\u00c9crit par\" \/>\n\t<meta name=\"twitter:data1\" content=\"UNSA SA\" \/>\n\t<meta name=\"twitter:label2\" content=\"Dur\u00e9e de lecture estim\u00e9e\" \/>\n\t<meta name=\"twitter:data2\" content=\"2 minutes\" \/>\n<script type=\"application\/ld+json\" class=\"yoast-schema-graph\">{\"@context\":\"https:\\\/\\\/schema.org\",\"@graph\":[{\"@type\":\"Article\",\"@id\":\"https:\\\/\\\/unsa-paris.fr\\\/savp\\\/2023\\\/03\\\/06\\\/le-7-mars-mettons-la-france-a-larret\\\/#article\",\"isPartOf\":{\"@id\":\"https:\\\/\\\/unsa-paris.fr\\\/savp\\\/2023\\\/03\\\/06\\\/le-7-mars-mettons-la-france-a-larret\\\/\"},\"author\":{\"name\":\"UNSA SA\",\"@id\":\"https:\\\/\\\/unsa-paris.fr\\\/savp\\\/#\\\/schema\\\/person\\\/7253f5acb55b402d9149796390e7bdde\"},\"headline\":\"LE 7 MARS, METTONS LA FRANCE \u00c0 L&rsquo;ARR\u00caT\",\"datePublished\":\"2023-03-06T08:37:38+00:00\",\"dateModified\":\"2023-03-06T08:44:13+00:00\",\"mainEntityOfPage\":{\"@id\":\"https:\\\/\\\/unsa-paris.fr\\\/savp\\\/2023\\\/03\\\/06\\\/le-7-mars-mettons-la-france-a-larret\\\/\"},\"wordCount\":282,\"commentCount\":0,\"publisher\":{\"@id\":\"https:\\\/\\\/unsa-paris.fr\\\/savp\\\/#organization\"},\"image\":{\"@id\":\"https:\\\/\\\/unsa-paris.fr\\\/savp\\\/2023\\\/03\\\/06\\\/le-7-mars-mettons-la-france-a-larret\\\/#primaryimage\"},\"thumbnailUrl\":\"https:\\\/\\\/unsa-paris.fr\\\/savp\\\/wp-content\\\/uploads\\\/2023\\\/03\\\/07_03-1024x312.png\",\"articleSection\":[\"Actualite\",\"Communique\",\"Retraites\"],\"inLanguage\":\"fr-FR\",\"potentialAction\":[{\"@type\":\"CommentAction\",\"name\":\"Comment\",\"target\":[\"https:\\\/\\\/unsa-paris.fr\\\/savp\\\/2023\\\/03\\\/06\\\/le-7-mars-mettons-la-france-a-larret\\\/#respond\"]}]},{\"@type\":\"WebPage\",\"@id\":\"https:\\\/\\\/unsa-paris.fr\\\/savp\\\/2023\\\/03\\\/06\\\/le-7-mars-mettons-la-france-a-larret\\\/\",\"url\":\"https:\\\/\\\/unsa-paris.fr\\\/savp\\\/2023\\\/03\\\/06\\\/le-7-mars-mettons-la-france-a-larret\\\/\",\"name\":\"LE 7 MARS, METTONS LA FRANCE \u00c0 L'ARR\u00caT - Syndicat Autonome UNSA\",\"isPartOf\":{\"@id\":\"https:\\\/\\\/unsa-paris.fr\\\/savp\\\/#website\"},\"primaryImageOfPage\":{\"@id\":\"https:\\\/\\\/unsa-paris.fr\\\/savp\\\/2023\\\/03\\\/06\\\/le-7-mars-mettons-la-france-a-larret\\\/#primaryimage\"},\"image\":{\"@id\":\"https:\\\/\\\/unsa-paris.fr\\\/savp\\\/2023\\\/03\\\/06\\\/le-7-mars-mettons-la-france-a-larret\\\/#primaryimage\"},\"thumbnailUrl\":\"https:\\\/\\\/unsa-paris.fr\\\/savp\\\/wp-content\\\/uploads\\\/2023\\\/03\\\/07_03-1024x312.png\",\"datePublished\":\"2023-03-06T08:37:38+00:00\",\"dateModified\":\"2023-03-06T08:44:13+00:00\",\"breadcrumb\":{\"@id\":\"https:\\\/\\\/unsa-paris.fr\\\/savp\\\/2023\\\/03\\\/06\\\/le-7-mars-mettons-la-france-a-larret\\\/#breadcrumb\"},\"inLanguage\":\"fr-FR\",\"potentialAction\":[{\"@type\":\"ReadAction\",\"target\":[\"https:\\\/\\\/unsa-paris.fr\\\/savp\\\/2023\\\/03\\\/06\\\/le-7-mars-mettons-la-france-a-larret\\\/\"]}]},{\"@type\":\"ImageObject\",\"inLanguage\":\"fr-FR\",\"@id\":\"https:\\\/\\\/unsa-paris.fr\\\/savp\\\/2023\\\/03\\\/06\\\/le-7-mars-mettons-la-france-a-larret\\\/#primaryimage\",\"url\":\"https:\\\/\\\/unsa-paris.fr\\\/savp\\\/wp-content\\\/uploads\\\/2023\\\/03\\\/07_03.png\",\"contentUrl\":\"https:\\\/\\\/unsa-paris.fr\\\/savp\\\/wp-content\\\/uploads\\\/2023\\\/03\\\/07_03.png\",\"width\":1118,\"height\":341},{\"@type\":\"BreadcrumbList\",\"@id\":\"https:\\\/\\\/unsa-paris.fr\\\/savp\\\/2023\\\/03\\\/06\\\/le-7-mars-mettons-la-france-a-larret\\\/#breadcrumb\",\"itemListElement\":[{\"@type\":\"ListItem\",\"position\":1,\"name\":\"Accueil\",\"item\":\"https:\\\/\\\/unsa-paris.fr\\\/savp\\\/\"},{\"@type\":\"ListItem\",\"position\":2,\"name\":\"LE 7 MARS, METTONS LA FRANCE \u00c0 L&#8217;ARR\u00caT\"}]},{\"@type\":\"WebSite\",\"@id\":\"https:\\\/\\\/unsa-paris.fr\\\/savp\\\/#website\",\"url\":\"https:\\\/\\\/unsa-paris.fr\\\/savp\\\/\",\"name\":\"Syndicat Autonome UNSA\",\"description\":\"Section des secr\u00e9taires administratifs et des techniciens sup\u00e9rieurs\",\"publisher\":{\"@id\":\"https:\\\/\\\/unsa-paris.fr\\\/savp\\\/#organization\"},\"potentialAction\":[{\"@type\":\"SearchAction\",\"target\":{\"@type\":\"EntryPoint\",\"urlTemplate\":\"https:\\\/\\\/unsa-paris.fr\\\/savp\\\/?s={search_term_string}\"},\"query-input\":{\"@type\":\"PropertyValueSpecification\",\"valueRequired\":true,\"valueName\":\"search_term_string\"}}],\"inLanguage\":\"fr-FR\"},{\"@type\":\"Organization\",\"@id\":\"https:\\\/\\\/unsa-paris.fr\\\/savp\\\/#organization\",\"name\":\"UNSA PARIS fili\u00e8re administrative\",\"url\":\"https:\\\/\\\/unsa-paris.fr\\\/savp\\\/\",\"logo\":{\"@type\":\"ImageObject\",\"inLanguage\":\"fr-FR\",\"@id\":\"https:\\\/\\\/unsa-paris.fr\\\/savp\\\/#\\\/schema\\\/logo\\\/image\\\/\",\"url\":\"https:\\\/\\\/unsa-paris.fr\\\/savp\\\/wp-content\\\/uploads\\\/2020\\\/10\\\/Logo_UNSA-V6.png\",\"contentUrl\":\"https:\\\/\\\/unsa-paris.fr\\\/savp\\\/wp-content\\\/uploads\\\/2020\\\/10\\\/Logo_UNSA-V6.png\",\"width\":986,\"height\":962,\"caption\":\"UNSA PARIS fili\u00e8re administrative\"},\"image\":{\"@id\":\"https:\\\/\\\/unsa-paris.fr\\\/savp\\\/#\\\/schema\\\/logo\\\/image\\\/\"}},{\"@type\":\"Person\",\"@id\":\"https:\\\/\\\/unsa-paris.fr\\\/savp\\\/#\\\/schema\\\/person\\\/7253f5acb55b402d9149796390e7bdde\",\"name\":\"UNSA SA\",\"image\":{\"@type\":\"ImageObject\",\"inLanguage\":\"fr-FR\",\"@id\":\"https:\\\/\\\/secure.gravatar.com\\\/avatar\\\/b78c582c0b7ba9a7147763b6638faa3db8f956662f0faffdc8b57058fad002f4?s=96&d=mm&r=g\",\"url\":\"https:\\\/\\\/secure.gravatar.com\\\/avatar\\\/b78c582c0b7ba9a7147763b6638faa3db8f956662f0faffdc8b57058fad002f4?s=96&d=mm&r=g\",\"contentUrl\":\"https:\\\/\\\/secure.gravatar.com\\\/avatar\\\/b78c582c0b7ba9a7147763b6638faa3db8f956662f0faffdc8b57058fad002f4?s=96&d=mm&r=g\",\"caption\":\"UNSA SA\"},\"sameAs\":[\"http:\\\/\\\/unsa-paris.fr\\\/savp\"],\"url\":\"https:\\\/\\\/unsa-paris.fr\\\/savp\\\/author\\\/fred\\\/\"}]}<\/script>\n<!-- \/ Yoast SEO plugin. -->","yoast_head_json":{"title":"LE 7 MARS, METTONS LA FRANCE \u00c0 L'ARR\u00caT - Syndicat Autonome UNSA","robots":{"index":"index","follow":"follow","max-snippet":"max-snippet:-1","max-image-preview":"max-image-preview:large","max-video-preview":"max-video-preview:-1"},"canonical":"https:\/\/unsa-paris.fr\/savp\/2023\/03\/06\/le-7-mars-mettons-la-france-a-larret\/","og_locale":"fr_FR","og_type":"article","og_title":"LE 7 MARS, METTONS LA FRANCE \u00c0 L'ARR\u00caT - Syndicat Autonome UNSA","og_description":"Le gouvernement veut reculer la retraite \u00e0 64 ans et augmenter \u00e0 43 ans le nombre d\u2019ann\u00e9es pour une retraite enti\u00e8re. Le gouvernement reste sourd aux millions de manifestants. 9 &hellip; Continuer la lecture de &laquo;&nbsp;LE 7 MARS, METTONS LA FRANCE \u00c0 L&rsquo;ARR\u00caT&nbsp;&raquo;","og_url":"https:\/\/unsa-paris.fr\/savp\/2023\/03\/06\/le-7-mars-mettons-la-france-a-larret\/","og_site_name":"Syndicat Autonome UNSA","article_published_time":"2023-03-06T08:37:38+00:00","article_modified_time":"2023-03-06T08:44:13+00:00","og_image":[{"url":"https:\/\/unsa-paris.fr\/savp\/wp-content\/uploads\/2023\/03\/07_03-1024x312.png","type":"","width":"","height":""}],"author":"UNSA SA","twitter_card":"summary_large_image","twitter_misc":{"\u00c9crit par":"UNSA SA","Dur\u00e9e de lecture estim\u00e9e":"2 minutes"},"schema":{"@context":"https:\/\/schema.org","@graph":[{"@type":"Article","@id":"https:\/\/unsa-paris.fr\/savp\/2023\/03\/06\/le-7-mars-mettons-la-france-a-larret\/#article","isPartOf":{"@id":"https:\/\/unsa-paris.fr\/savp\/2023\/03\/06\/le-7-mars-mettons-la-france-a-larret\/"},"author":{"name":"UNSA SA","@id":"https:\/\/unsa-paris.fr\/savp\/#\/schema\/person\/7253f5acb55b402d9149796390e7bdde"},"headline":"LE 7 MARS, METTONS LA FRANCE \u00c0 L&rsquo;ARR\u00caT","datePublished":"2023-03-06T08:37:38+00:00","dateModified":"2023-03-06T08:44:13+00:00","mainEntityOfPage":{"@id":"https:\/\/unsa-paris.fr\/savp\/2023\/03\/06\/le-7-mars-mettons-la-france-a-larret\/"},"wordCount":282,"commentCount":0,"publisher":{"@id":"https:\/\/unsa-paris.fr\/savp\/#organization"},"image":{"@id":"https:\/\/unsa-paris.fr\/savp\/2023\/03\/06\/le-7-mars-mettons-la-france-a-larret\/#primaryimage"},"thumbnailUrl":"https:\/\/unsa-paris.fr\/savp\/wp-content\/uploads\/2023\/03\/07_03-1024x312.png","articleSection":["Actualite","Communique","Retraites"],"inLanguage":"fr-FR","potentialAction":[{"@type":"CommentAction","name":"Comment","target":["https:\/\/unsa-paris.fr\/savp\/2023\/03\/06\/le-7-mars-mettons-la-france-a-larret\/#respond"]}]},{"@type":"WebPage","@id":"https:\/\/unsa-paris.fr\/savp\/2023\/03\/06\/le-7-mars-mettons-la-france-a-larret\/","url":"https:\/\/unsa-paris.fr\/savp\/2023\/03\/06\/le-7-mars-mettons-la-france-a-larret\/","name":"LE 7 MARS, METTONS LA FRANCE \u00c0 L'ARR\u00caT - Syndicat Autonome UNSA","isPartOf":{"@id":"https:\/\/unsa-paris.fr\/savp\/#website"},"primaryImageOfPage":{"@id":"https:\/\/unsa-paris.fr\/savp\/2023\/03\/06\/le-7-mars-mettons-la-france-a-larret\/#primaryimage"},"image":{"@id":"https:\/\/unsa-paris.fr\/savp\/2023\/03\/06\/le-7-mars-mettons-la-france-a-larret\/#primaryimage"},"thumbnailUrl":"https:\/\/unsa-paris.fr\/savp\/wp-content\/uploads\/2023\/03\/07_03-1024x312.png","datePublished":"2023-03-06T08:37:38+00:00","dateModified":"2023-03-06T08:44:13+00:00","breadcrumb":{"@id":"https:\/\/unsa-paris.fr\/savp\/2023\/03\/06\/le-7-mars-mettons-la-france-a-larret\/#breadcrumb"},"inLanguage":"fr-FR","potentialAction":[{"@type":"ReadAction","target":["https:\/\/unsa-paris.fr\/savp\/2023\/03\/06\/le-7-mars-mettons-la-france-a-larret\/"]}]},{"@type":"ImageObject","inLanguage":"fr-FR","@id":"https:\/\/unsa-paris.fr\/savp\/2023\/03\/06\/le-7-mars-mettons-la-france-a-larret\/#primaryimage","url":"https:\/\/unsa-paris.fr\/savp\/wp-content\/uploads\/2023\/03\/07_03.png","contentUrl":"https:\/\/unsa-paris.fr\/savp\/wp-content\/uploads\/2023\/03\/07_03.png","width":1118,"height":341},{"@type":"BreadcrumbList","@id":"https:\/\/unsa-paris.fr\/savp\/2023\/03\/06\/le-7-mars-mettons-la-france-a-larret\/#breadcrumb","itemListElement":[{"@type":"ListItem","position":1,"name":"Accueil","item":"https:\/\/unsa-paris.fr\/savp\/"},{"@type":"ListItem","position":2,"name":"LE 7 MARS, METTONS LA FRANCE \u00c0 L&#8217;ARR\u00caT"}]},{"@type":"WebSite","@id":"https:\/\/unsa-paris.fr\/savp\/#website","url":"https:\/\/unsa-paris.fr\/savp\/","name":"Syndicat Autonome UNSA","description":"Section des secr\u00e9taires administratifs et des techniciens sup\u00e9rieurs","publisher":{"@id":"https:\/\/unsa-paris.fr\/savp\/#organization"},"potentialAction":[{"@type":"SearchAction","target":{"@type":"EntryPoint","urlTemplate":"https:\/\/unsa-paris.fr\/savp\/?s={search_term_string}"},"query-input":{"@type":"PropertyValueSpecification","valueRequired":true,"valueName":"search_term_string"}}],"inLanguage":"fr-FR"},{"@type":"Organization","@id":"https:\/\/unsa-paris.fr\/savp\/#organization","name":"UNSA PARIS fili\u00e8re administrative","url":"https:\/\/unsa-paris.fr\/savp\/","logo":{"@type":"ImageObject","inLanguage":"fr-FR","@id":"https:\/\/unsa-paris.fr\/savp\/#\/schema\/logo\/image\/","url":"https:\/\/unsa-paris.fr\/savp\/wp-content\/uploads\/2020\/10\/Logo_UNSA-V6.png","contentUrl":"https:\/\/unsa-paris.fr\/savp\/wp-content\/uploads\/2020\/10\/Logo_UNSA-V6.png","width":986,"height":962,"caption":"UNSA PARIS fili\u00e8re administrative"},"image":{"@id":"https:\/\/unsa-paris.fr\/savp\/#\/schema\/logo\/image\/"}},{"@type":"Person","@id":"https:\/\/unsa-paris.fr\/savp\/#\/schema\/person\/7253f5acb55b402d9149796390e7bdde","name":"UNSA SA","image":{"@type":"ImageObject","inLanguage":"fr-FR","@id":"https:\/\/secure.gravatar.com\/avatar\/b78c582c0b7ba9a7147763b6638faa3db8f956662f0faffdc8b57058fad002f4?s=96&d=mm&r=g","url":"https:\/\/secure.gravatar.com\/avatar\/b78c582c0b7ba9a7147763b6638faa3db8f956662f0faffdc8b57058fad002f4?s=96&d=mm&r=g","contentUrl":"https:\/\/secure.gravatar.com\/avatar\/b78c582c0b7ba9a7147763b6638faa3db8f956662f0faffdc8b57058fad002f4?s=96&d=mm&r=g","caption":"UNSA SA"},"sameAs":["http:\/\/unsa-paris.fr\/savp"],"url":"https:\/\/unsa-paris.fr\/savp\/author\/fred\/"}]}},"_links":{"self":[{"href":"https:\/\/unsa-paris.fr\/savp\/wp-json\/wp\/v2\/posts\/2128","targetHints":{"allow":["GET"]}}],"collection":[{"href":"https:\/\/unsa-paris.fr\/savp\/wp-json\/wp\/v2\/posts"}],"about":[{"href":"https:\/\/unsa-paris.fr\/savp\/wp-json\/wp\/v2\/types\/post"}],"author":[{"embeddable":true,"href":"https:\/\/unsa-paris.fr\/savp\/wp-json\/wp\/v2\/users\/2"}],"replies":[{"embeddable":true,"href":"https:\/\/unsa-paris.fr\/savp\/wp-json\/wp\/v2\/comments?post=2128"}],"version-history":[{"count":7,"href":"https:\/\/unsa-paris.fr\/savp\/wp-json\/wp\/v2\/posts\/2128\/revisions"}],"predecessor-version":[{"id":2136,"href":"https:\/\/unsa-paris.fr\/savp\/wp-json\/wp\/v2\/posts\/2128\/revisions\/2136"}],"wp:attachment":[{"href":"https:\/\/unsa-paris.fr\/savp\/wp-json\/wp\/v2\/media?parent=2128"}],"wp:term":[{"taxonomy":"category","embeddable":true,"href":"https:\/\/unsa-paris.fr\/savp\/wp-json\/wp\/v2\/categories?post=2128"},{"taxonomy":"post_tag","embeddable":true,"href":"https:\/\/unsa-paris.fr\/savp\/wp-json\/wp\/v2\/tags?post=2128"}],"curies":[{"name":"wp","href":"https:\/\/api.w.org\/{rel}","templated":true}]}}