{"id":2126,"date":"2023-03-10T15:29:36","date_gmt":"2023-03-10T14:29:36","guid":{"rendered":"https:\/\/unsa-paris.fr\/savp\/?p=2126"},"modified":"2023-03-10T15:31:16","modified_gmt":"2023-03-10T14:31:16","slug":"manifestation-samedi-11-mars-a-partir-de-14h-de-la-republique-a-la-nation","status":"publish","type":"post","link":"https:\/\/unsa-paris.fr\/savp\/2023\/03\/10\/manifestation-samedi-11-mars-a-partir-de-14h-de-la-republique-a-la-nation\/","title":{"rendered":"MANIFESTATION SAMEDI 11 MARS  \u00c0 PARTIR DE 14H  DE LA R\u00c9PUBLIQUE \u00c0 LA NATION"},"content":{"rendered":"\n<figure class=\"wp-block-image size-full\"><img fetchpriority=\"high\" decoding=\"async\" width=\"399\" height=\"353\" src=\"https:\/\/unsa-paris.fr\/savp\/wp-content\/uploads\/2023\/03\/UNSA11_03-2.jpg\" alt=\"\" class=\"wp-image-2140\" srcset=\"https:\/\/unsa-paris.fr\/savp\/wp-content\/uploads\/2023\/03\/UNSA11_03-2.jpg 399w, https:\/\/unsa-paris.fr\/savp\/wp-content\/uploads\/2023\/03\/UNSA11_03-2-300x265.jpg 300w\" sizes=\"(max-width: 399px) 85vw, 399px\" \/><\/figure>\n\n\n\n<p><\/p>\n\n\n\n<p class=\"has-text-align-center has-white-color has-bright-red-background-color has-text-color has-background\" style=\"font-size:24px\"><strong>MANIFESTATION SAMEDI 11 MARS<\/strong> <strong>\u00c0 PARTIR DE 14H<\/strong> <strong>DE LA R\u00c9PUBLIQUE \u00c0 LA NATION<\/strong><\/p>\n\n\n\n<!--more-->\n\n\n\n<p>Alors que la journ\u00e9e de gr\u00e8ve et de manifestation du mardi 7 mars a rassembl\u00e9 plus de 3 millions de personnes \u00e0 travers le pays pour dire non au projet de r\u00e9forme des retraites, le gouvernement semble de plus en plus f\u00e9brile: Cacophonie minist\u00e9rielle, erreurs et contradictions, tout semble indiquer que cette r\u00e9forme pr\u00e9tendument \u00ab\u00a0\u00e9galitaire\u00a0\u00bb bat de l&rsquo;aile au fur et \u00e0 mesure que les mensonges apparaissent au grand jour. <\/p>\n\n\n\n<p>Alors que 94% des salari\u00e9s sont oppos\u00e9s au projet de loi, que penser d&rsquo;un pouvoir qui pr\u00e9tend que sa porte est toujours ouverte \u00e0 la n\u00e9gociation, sans modifier son projet et sans prendre en compte les propositions des organisations syndicales?C&rsquo;est le moment de montrer que notre d\u00e9termination est intacte en manifestant en masse:<\/p>\n\n\n\n<p class=\"has-blush-light-purple-gradient-background has-background\"><strong>Rendez-vous samedi 11 mars \u00e0 partir de 13h30, place de la R\u00e9publique, sous les ballons UNSA.<\/strong> <strong>Le cort\u00e8ge empruntera le Boulevard du Temple, le Boulevard des Filles du Calvaire, le Boulevard Beaumarchais, la place de la Bastille, la Rue de Lyon, le Boulevard Diderot pour terminer place de la Nation<\/strong><\/p>\n\n\n\n<p class=\"has-bright-blue-color has-text-color\"><strong><em>\u00ab\u00a0Nous savons qu&rsquo;ils mentent. Ils savent qu&rsquo;ils mentent. Ils savent que nous savons qu&rsquo;ils mentent. Nous savons qu&rsquo;ils savent que nous savons qu&rsquo;ils mentent. Et, pourtant, ils persistent \u00e0 mentir.\u00a0\u00bb<\/em><\/strong> <strong><em>Alexandre Soljenitsyne<\/em><\/strong><\/p>\n\n\n\n<figure class=\"wp-block-image size-full\"><img decoding=\"async\" width=\"889\" height=\"332\" src=\"https:\/\/unsa-paris.fr\/savp\/wp-content\/uploads\/2023\/02\/unsavdp.png\" alt=\"\" class=\"wp-image-2051\" srcset=\"https:\/\/unsa-paris.fr\/savp\/wp-content\/uploads\/2023\/02\/unsavdp.png 889w, https:\/\/unsa-paris.fr\/savp\/wp-content\/uploads\/2023\/02\/unsavdp-300x112.png 300w, https:\/\/unsa-paris.fr\/savp\/wp-content\/uploads\/2023\/02\/unsavdp-768x287.png 768w\" sizes=\"(max-width: 709px) 85vw, (max-width: 909px) 67vw, (max-width: 1362px) 62vw, 840px\" \/><\/figure>\n\n\n\n<p><\/p>\n\n\n\n<figure class=\"wp-block-image size-full\"><img decoding=\"async\" width=\"787\" height=\"130\" src=\"https:\/\/unsa-paris.fr\/savp\/wp-content\/uploads\/2023\/02\/unsa_contact.png\" alt=\"\" class=\"wp-image-2057\" srcset=\"https:\/\/unsa-paris.fr\/savp\/wp-content\/uploads\/2023\/02\/unsa_contact.png 787w, https:\/\/unsa-paris.fr\/savp\/wp-content\/uploads\/2023\/02\/unsa_contact-300x50.png 300w, https:\/\/unsa-paris.fr\/savp\/wp-content\/uploads\/2023\/02\/unsa_contact-768x127.png 768w\" sizes=\"(max-width: 709px) 85vw, (max-width: 909px) 67vw, (max-width: 984px) 61vw, (max-width: 1362px) 45vw, 600px\" \/><\/figure>\n","protected":false},"excerpt":{"rendered":"<p>MANIFESTATION SAMEDI 11 MARS \u00c0 PARTIR DE 14H DE LA R\u00c9PUBLIQUE \u00c0 LA NATION<\/p>\n","protected":false},"author":2,"featured_media":0,"comment_status":"open","ping_status":"open","sticky":false,"template":"","format":"standard","meta":{"footnotes":""},"categories":[7,9,23],"tags":[],"class_list":["post-2126","post","type-post","status-publish","format-standard","hentry","category-actualite","category-communique","category-retraites"],"yoast_head":"<!-- This site is optimized with the Yoast SEO plugin v27.4 - https:\/\/yoast.com\/product\/yoast-seo-wordpress\/ -->\n<title>MANIFESTATION SAMEDI 11 MARS \u00c0 PARTIR DE 14H DE LA R\u00c9PUBLIQUE \u00c0 LA NATION - Syndicat Autonome UNSA<\/title>\n<meta name=\"robots\" content=\"index, follow, max-snippet:-1, max-image-preview:large, max-video-preview:-1\" \/>\n<link rel=\"canonical\" href=\"https:\/\/unsa-paris.fr\/savp\/2023\/03\/10\/manifestation-samedi-11-mars-a-partir-de-14h-de-la-republique-a-la-nation\/\" \/>\n<meta property=\"og:locale\" content=\"fr_FR\" \/>\n<meta property=\"og:type\" content=\"article\" \/>\n<meta property=\"og:title\" content=\"MANIFESTATION SAMEDI 11 MARS \u00c0 PARTIR DE 14H DE LA R\u00c9PUBLIQUE \u00c0 LA NATION - Syndicat Autonome UNSA\" \/>\n<meta property=\"og:description\" content=\"MANIFESTATION SAMEDI 11 MARS \u00c0 PARTIR DE 14H DE LA R\u00c9PUBLIQUE \u00c0 LA NATION\" \/>\n<meta property=\"og:url\" content=\"https:\/\/unsa-paris.fr\/savp\/2023\/03\/10\/manifestation-samedi-11-mars-a-partir-de-14h-de-la-republique-a-la-nation\/\" \/>\n<meta property=\"og:site_name\" content=\"Syndicat Autonome UNSA\" \/>\n<meta property=\"article:published_time\" content=\"2023-03-10T14:29:36+00:00\" \/>\n<meta property=\"article:modified_time\" content=\"2023-03-10T14:31:16+00:00\" \/>\n<meta property=\"og:image\" content=\"https:\/\/unsa-paris.fr\/savp\/wp-content\/uploads\/2023\/03\/UNSA11_03-2.jpg\" \/>\n<meta name=\"author\" content=\"UNSA SA\" \/>\n<meta name=\"twitter:card\" content=\"summary_large_image\" \/>\n<meta name=\"twitter:label1\" content=\"\u00c9crit par\" \/>\n\t<meta name=\"twitter:data1\" content=\"UNSA SA\" \/>\n\t<meta name=\"twitter:label2\" content=\"Dur\u00e9e de lecture estim\u00e9e\" \/>\n\t<meta name=\"twitter:data2\" content=\"2 minutes\" \/>\n<script type=\"application\/ld+json\" class=\"yoast-schema-graph\">{\"@context\":\"https:\\\/\\\/schema.org\",\"@graph\":[{\"@type\":\"Article\",\"@id\":\"https:\\\/\\\/unsa-paris.fr\\\/savp\\\/2023\\\/03\\\/10\\\/manifestation-samedi-11-mars-a-partir-de-14h-de-la-republique-a-la-nation\\\/#article\",\"isPartOf\":{\"@id\":\"https:\\\/\\\/unsa-paris.fr\\\/savp\\\/2023\\\/03\\\/10\\\/manifestation-samedi-11-mars-a-partir-de-14h-de-la-republique-a-la-nation\\\/\"},\"author\":{\"name\":\"UNSA SA\",\"@id\":\"https:\\\/\\\/unsa-paris.fr\\\/savp\\\/#\\\/schema\\\/person\\\/7253f5acb55b402d9149796390e7bdde\"},\"headline\":\"MANIFESTATION SAMEDI 11 MARS \u00c0 PARTIR DE 14H DE LA R\u00c9PUBLIQUE \u00c0 LA NATION\",\"datePublished\":\"2023-03-10T14:29:36+00:00\",\"dateModified\":\"2023-03-10T14:31:16+00:00\",\"mainEntityOfPage\":{\"@id\":\"https:\\\/\\\/unsa-paris.fr\\\/savp\\\/2023\\\/03\\\/10\\\/manifestation-samedi-11-mars-a-partir-de-14h-de-la-republique-a-la-nation\\\/\"},\"wordCount\":243,\"commentCount\":0,\"publisher\":{\"@id\":\"https:\\\/\\\/unsa-paris.fr\\\/savp\\\/#organization\"},\"image\":{\"@id\":\"https:\\\/\\\/unsa-paris.fr\\\/savp\\\/2023\\\/03\\\/10\\\/manifestation-samedi-11-mars-a-partir-de-14h-de-la-republique-a-la-nation\\\/#primaryimage\"},\"thumbnailUrl\":\"https:\\\/\\\/unsa-paris.fr\\\/savp\\\/wp-content\\\/uploads\\\/2023\\\/03\\\/UNSA11_03-2.jpg\",\"articleSection\":[\"Actualite\",\"Communique\",\"Retraites\"],\"inLanguage\":\"fr-FR\",\"potentialAction\":[{\"@type\":\"CommentAction\",\"name\":\"Comment\",\"target\":[\"https:\\\/\\\/unsa-paris.fr\\\/savp\\\/2023\\\/03\\\/10\\\/manifestation-samedi-11-mars-a-partir-de-14h-de-la-republique-a-la-nation\\\/#respond\"]}]},{\"@type\":\"WebPage\",\"@id\":\"https:\\\/\\\/unsa-paris.fr\\\/savp\\\/2023\\\/03\\\/10\\\/manifestation-samedi-11-mars-a-partir-de-14h-de-la-republique-a-la-nation\\\/\",\"url\":\"https:\\\/\\\/unsa-paris.fr\\\/savp\\\/2023\\\/03\\\/10\\\/manifestation-samedi-11-mars-a-partir-de-14h-de-la-republique-a-la-nation\\\/\",\"name\":\"MANIFESTATION SAMEDI 11 MARS \u00c0 PARTIR DE 14H DE LA R\u00c9PUBLIQUE \u00c0 LA NATION - Syndicat Autonome UNSA\",\"isPartOf\":{\"@id\":\"https:\\\/\\\/unsa-paris.fr\\\/savp\\\/#website\"},\"primaryImageOfPage\":{\"@id\":\"https:\\\/\\\/unsa-paris.fr\\\/savp\\\/2023\\\/03\\\/10\\\/manifestation-samedi-11-mars-a-partir-de-14h-de-la-republique-a-la-nation\\\/#primaryimage\"},\"image\":{\"@id\":\"https:\\\/\\\/unsa-paris.fr\\\/savp\\\/2023\\\/03\\\/10\\\/manifestation-samedi-11-mars-a-partir-de-14h-de-la-republique-a-la-nation\\\/#primaryimage\"},\"thumbnailUrl\":\"https:\\\/\\\/unsa-paris.fr\\\/savp\\\/wp-content\\\/uploads\\\/2023\\\/03\\\/UNSA11_03-2.jpg\",\"datePublished\":\"2023-03-10T14:29:36+00:00\",\"dateModified\":\"2023-03-10T14:31:16+00:00\",\"breadcrumb\":{\"@id\":\"https:\\\/\\\/unsa-paris.fr\\\/savp\\\/2023\\\/03\\\/10\\\/manifestation-samedi-11-mars-a-partir-de-14h-de-la-republique-a-la-nation\\\/#breadcrumb\"},\"inLanguage\":\"fr-FR\",\"potentialAction\":[{\"@type\":\"ReadAction\",\"target\":[\"https:\\\/\\\/unsa-paris.fr\\\/savp\\\/2023\\\/03\\\/10\\\/manifestation-samedi-11-mars-a-partir-de-14h-de-la-republique-a-la-nation\\\/\"]}]},{\"@type\":\"ImageObject\",\"inLanguage\":\"fr-FR\",\"@id\":\"https:\\\/\\\/unsa-paris.fr\\\/savp\\\/2023\\\/03\\\/10\\\/manifestation-samedi-11-mars-a-partir-de-14h-de-la-republique-a-la-nation\\\/#primaryimage\",\"url\":\"https:\\\/\\\/unsa-paris.fr\\\/savp\\\/wp-content\\\/uploads\\\/2023\\\/03\\\/UNSA11_03-2.jpg\",\"contentUrl\":\"https:\\\/\\\/unsa-paris.fr\\\/savp\\\/wp-content\\\/uploads\\\/2023\\\/03\\\/UNSA11_03-2.jpg\",\"width\":399,\"height\":353},{\"@type\":\"BreadcrumbList\",\"@id\":\"https:\\\/\\\/unsa-paris.fr\\\/savp\\\/2023\\\/03\\\/10\\\/manifestation-samedi-11-mars-a-partir-de-14h-de-la-republique-a-la-nation\\\/#breadcrumb\",\"itemListElement\":[{\"@type\":\"ListItem\",\"position\":1,\"name\":\"Accueil\",\"item\":\"https:\\\/\\\/unsa-paris.fr\\\/savp\\\/\"},{\"@type\":\"ListItem\",\"position\":2,\"name\":\"MANIFESTATION SAMEDI 11 MARS \u00c0 PARTIR DE 14H DE LA R\u00c9PUBLIQUE \u00c0 LA NATION\"}]},{\"@type\":\"WebSite\",\"@id\":\"https:\\\/\\\/unsa-paris.fr\\\/savp\\\/#website\",\"url\":\"https:\\\/\\\/unsa-paris.fr\\\/savp\\\/\",\"name\":\"Syndicat Autonome UNSA\",\"description\":\"Section des secr\u00e9taires administratifs et des techniciens sup\u00e9rieurs\",\"publisher\":{\"@id\":\"https:\\\/\\\/unsa-paris.fr\\\/savp\\\/#organization\"},\"potentialAction\":[{\"@type\":\"SearchAction\",\"target\":{\"@type\":\"EntryPoint\",\"urlTemplate\":\"https:\\\/\\\/unsa-paris.fr\\\/savp\\\/?s={search_term_string}\"},\"query-input\":{\"@type\":\"PropertyValueSpecification\",\"valueRequired\":true,\"valueName\":\"search_term_string\"}}],\"inLanguage\":\"fr-FR\"},{\"@type\":\"Organization\",\"@id\":\"https:\\\/\\\/unsa-paris.fr\\\/savp\\\/#organization\",\"name\":\"UNSA PARIS fili\u00e8re administrative\",\"url\":\"https:\\\/\\\/unsa-paris.fr\\\/savp\\\/\",\"logo\":{\"@type\":\"ImageObject\",\"inLanguage\":\"fr-FR\",\"@id\":\"https:\\\/\\\/unsa-paris.fr\\\/savp\\\/#\\\/schema\\\/logo\\\/image\\\/\",\"url\":\"https:\\\/\\\/unsa-paris.fr\\\/savp\\\/wp-content\\\/uploads\\\/2020\\\/10\\\/Logo_UNSA-V6.png\",\"contentUrl\":\"https:\\\/\\\/unsa-paris.fr\\\/savp\\\/wp-content\\\/uploads\\\/2020\\\/10\\\/Logo_UNSA-V6.png\",\"width\":986,\"height\":962,\"caption\":\"UNSA PARIS fili\u00e8re administrative\"},\"image\":{\"@id\":\"https:\\\/\\\/unsa-paris.fr\\\/savp\\\/#\\\/schema\\\/logo\\\/image\\\/\"}},{\"@type\":\"Person\",\"@id\":\"https:\\\/\\\/unsa-paris.fr\\\/savp\\\/#\\\/schema\\\/person\\\/7253f5acb55b402d9149796390e7bdde\",\"name\":\"UNSA SA\",\"image\":{\"@type\":\"ImageObject\",\"inLanguage\":\"fr-FR\",\"@id\":\"https:\\\/\\\/secure.gravatar.com\\\/avatar\\\/b78c582c0b7ba9a7147763b6638faa3db8f956662f0faffdc8b57058fad002f4?s=96&d=mm&r=g\",\"url\":\"https:\\\/\\\/secure.gravatar.com\\\/avatar\\\/b78c582c0b7ba9a7147763b6638faa3db8f956662f0faffdc8b57058fad002f4?s=96&d=mm&r=g\",\"contentUrl\":\"https:\\\/\\\/secure.gravatar.com\\\/avatar\\\/b78c582c0b7ba9a7147763b6638faa3db8f956662f0faffdc8b57058fad002f4?s=96&d=mm&r=g\",\"caption\":\"UNSA SA\"},\"sameAs\":[\"http:\\\/\\\/unsa-paris.fr\\\/savp\"],\"url\":\"https:\\\/\\\/unsa-paris.fr\\\/savp\\\/author\\\/fred\\\/\"}]}<\/script>\n<!-- \/ Yoast SEO plugin. -->","yoast_head_json":{"title":"MANIFESTATION SAMEDI 11 MARS \u00c0 PARTIR DE 14H DE LA R\u00c9PUBLIQUE \u00c0 LA NATION - Syndicat Autonome UNSA","robots":{"index":"index","follow":"follow","max-snippet":"max-snippet:-1","max-image-preview":"max-image-preview:large","max-video-preview":"max-video-preview:-1"},"canonical":"https:\/\/unsa-paris.fr\/savp\/2023\/03\/10\/manifestation-samedi-11-mars-a-partir-de-14h-de-la-republique-a-la-nation\/","og_locale":"fr_FR","og_type":"article","og_title":"MANIFESTATION SAMEDI 11 MARS \u00c0 PARTIR DE 14H DE LA R\u00c9PUBLIQUE \u00c0 LA NATION - Syndicat Autonome UNSA","og_description":"MANIFESTATION SAMEDI 11 MARS \u00c0 PARTIR DE 14H DE LA R\u00c9PUBLIQUE \u00c0 LA NATION","og_url":"https:\/\/unsa-paris.fr\/savp\/2023\/03\/10\/manifestation-samedi-11-mars-a-partir-de-14h-de-la-republique-a-la-nation\/","og_site_name":"Syndicat Autonome UNSA","article_published_time":"2023-03-10T14:29:36+00:00","article_modified_time":"2023-03-10T14:31:16+00:00","og_image":[{"url":"https:\/\/unsa-paris.fr\/savp\/wp-content\/uploads\/2023\/03\/UNSA11_03-2.jpg","type":"","width":"","height":""}],"author":"UNSA SA","twitter_card":"summary_large_image","twitter_misc":{"\u00c9crit par":"UNSA SA","Dur\u00e9e de lecture estim\u00e9e":"2 minutes"},"schema":{"@context":"https:\/\/schema.org","@graph":[{"@type":"Article","@id":"https:\/\/unsa-paris.fr\/savp\/2023\/03\/10\/manifestation-samedi-11-mars-a-partir-de-14h-de-la-republique-a-la-nation\/#article","isPartOf":{"@id":"https:\/\/unsa-paris.fr\/savp\/2023\/03\/10\/manifestation-samedi-11-mars-a-partir-de-14h-de-la-republique-a-la-nation\/"},"author":{"name":"UNSA SA","@id":"https:\/\/unsa-paris.fr\/savp\/#\/schema\/person\/7253f5acb55b402d9149796390e7bdde"},"headline":"MANIFESTATION SAMEDI 11 MARS \u00c0 PARTIR DE 14H DE LA R\u00c9PUBLIQUE \u00c0 LA NATION","datePublished":"2023-03-10T14:29:36+00:00","dateModified":"2023-03-10T14:31:16+00:00","mainEntityOfPage":{"@id":"https:\/\/unsa-paris.fr\/savp\/2023\/03\/10\/manifestation-samedi-11-mars-a-partir-de-14h-de-la-republique-a-la-nation\/"},"wordCount":243,"commentCount":0,"publisher":{"@id":"https:\/\/unsa-paris.fr\/savp\/#organization"},"image":{"@id":"https:\/\/unsa-paris.fr\/savp\/2023\/03\/10\/manifestation-samedi-11-mars-a-partir-de-14h-de-la-republique-a-la-nation\/#primaryimage"},"thumbnailUrl":"https:\/\/unsa-paris.fr\/savp\/wp-content\/uploads\/2023\/03\/UNSA11_03-2.jpg","articleSection":["Actualite","Communique","Retraites"],"inLanguage":"fr-FR","potentialAction":[{"@type":"CommentAction","name":"Comment","target":["https:\/\/unsa-paris.fr\/savp\/2023\/03\/10\/manifestation-samedi-11-mars-a-partir-de-14h-de-la-republique-a-la-nation\/#respond"]}]},{"@type":"WebPage","@id":"https:\/\/unsa-paris.fr\/savp\/2023\/03\/10\/manifestation-samedi-11-mars-a-partir-de-14h-de-la-republique-a-la-nation\/","url":"https:\/\/unsa-paris.fr\/savp\/2023\/03\/10\/manifestation-samedi-11-mars-a-partir-de-14h-de-la-republique-a-la-nation\/","name":"MANIFESTATION SAMEDI 11 MARS \u00c0 PARTIR DE 14H DE LA R\u00c9PUBLIQUE \u00c0 LA NATION - Syndicat Autonome UNSA","isPartOf":{"@id":"https:\/\/unsa-paris.fr\/savp\/#website"},"primaryImageOfPage":{"@id":"https:\/\/unsa-paris.fr\/savp\/2023\/03\/10\/manifestation-samedi-11-mars-a-partir-de-14h-de-la-republique-a-la-nation\/#primaryimage"},"image":{"@id":"https:\/\/unsa-paris.fr\/savp\/2023\/03\/10\/manifestation-samedi-11-mars-a-partir-de-14h-de-la-republique-a-la-nation\/#primaryimage"},"thumbnailUrl":"https:\/\/unsa-paris.fr\/savp\/wp-content\/uploads\/2023\/03\/UNSA11_03-2.jpg","datePublished":"2023-03-10T14:29:36+00:00","dateModified":"2023-03-10T14:31:16+00:00","breadcrumb":{"@id":"https:\/\/unsa-paris.fr\/savp\/2023\/03\/10\/manifestation-samedi-11-mars-a-partir-de-14h-de-la-republique-a-la-nation\/#breadcrumb"},"inLanguage":"fr-FR","potentialAction":[{"@type":"ReadAction","target":["https:\/\/unsa-paris.fr\/savp\/2023\/03\/10\/manifestation-samedi-11-mars-a-partir-de-14h-de-la-republique-a-la-nation\/"]}]},{"@type":"ImageObject","inLanguage":"fr-FR","@id":"https:\/\/unsa-paris.fr\/savp\/2023\/03\/10\/manifestation-samedi-11-mars-a-partir-de-14h-de-la-republique-a-la-nation\/#primaryimage","url":"https:\/\/unsa-paris.fr\/savp\/wp-content\/uploads\/2023\/03\/UNSA11_03-2.jpg","contentUrl":"https:\/\/unsa-paris.fr\/savp\/wp-content\/uploads\/2023\/03\/UNSA11_03-2.jpg","width":399,"height":353},{"@type":"BreadcrumbList","@id":"https:\/\/unsa-paris.fr\/savp\/2023\/03\/10\/manifestation-samedi-11-mars-a-partir-de-14h-de-la-republique-a-la-nation\/#breadcrumb","itemListElement":[{"@type":"ListItem","position":1,"name":"Accueil","item":"https:\/\/unsa-paris.fr\/savp\/"},{"@type":"ListItem","position":2,"name":"MANIFESTATION SAMEDI 11 MARS \u00c0 PARTIR DE 14H DE LA R\u00c9PUBLIQUE \u00c0 LA NATION"}]},{"@type":"WebSite","@id":"https:\/\/unsa-paris.fr\/savp\/#website","url":"https:\/\/unsa-paris.fr\/savp\/","name":"Syndicat Autonome UNSA","description":"Section des secr\u00e9taires administratifs et des techniciens sup\u00e9rieurs","publisher":{"@id":"https:\/\/unsa-paris.fr\/savp\/#organization"},"potentialAction":[{"@type":"SearchAction","target":{"@type":"EntryPoint","urlTemplate":"https:\/\/unsa-paris.fr\/savp\/?s={search_term_string}"},"query-input":{"@type":"PropertyValueSpecification","valueRequired":true,"valueName":"search_term_string"}}],"inLanguage":"fr-FR"},{"@type":"Organization","@id":"https:\/\/unsa-paris.fr\/savp\/#organization","name":"UNSA PARIS fili\u00e8re administrative","url":"https:\/\/unsa-paris.fr\/savp\/","logo":{"@type":"ImageObject","inLanguage":"fr-FR","@id":"https:\/\/unsa-paris.fr\/savp\/#\/schema\/logo\/image\/","url":"https:\/\/unsa-paris.fr\/savp\/wp-content\/uploads\/2020\/10\/Logo_UNSA-V6.png","contentUrl":"https:\/\/unsa-paris.fr\/savp\/wp-content\/uploads\/2020\/10\/Logo_UNSA-V6.png","width":986,"height":962,"caption":"UNSA PARIS fili\u00e8re administrative"},"image":{"@id":"https:\/\/unsa-paris.fr\/savp\/#\/schema\/logo\/image\/"}},{"@type":"Person","@id":"https:\/\/unsa-paris.fr\/savp\/#\/schema\/person\/7253f5acb55b402d9149796390e7bdde","name":"UNSA SA","image":{"@type":"ImageObject","inLanguage":"fr-FR","@id":"https:\/\/secure.gravatar.com\/avatar\/b78c582c0b7ba9a7147763b6638faa3db8f956662f0faffdc8b57058fad002f4?s=96&d=mm&r=g","url":"https:\/\/secure.gravatar.com\/avatar\/b78c582c0b7ba9a7147763b6638faa3db8f956662f0faffdc8b57058fad002f4?s=96&d=mm&r=g","contentUrl":"https:\/\/secure.gravatar.com\/avatar\/b78c582c0b7ba9a7147763b6638faa3db8f956662f0faffdc8b57058fad002f4?s=96&d=mm&r=g","caption":"UNSA SA"},"sameAs":["http:\/\/unsa-paris.fr\/savp"],"url":"https:\/\/unsa-paris.fr\/savp\/author\/fred\/"}]}},"_links":{"self":[{"href":"https:\/\/unsa-paris.fr\/savp\/wp-json\/wp\/v2\/posts\/2126","targetHints":{"allow":["GET"]}}],"collection":[{"href":"https:\/\/unsa-paris.fr\/savp\/wp-json\/wp\/v2\/posts"}],"about":[{"href":"https:\/\/unsa-paris.fr\/savp\/wp-json\/wp\/v2\/types\/post"}],"author":[{"embeddable":true,"href":"https:\/\/unsa-paris.fr\/savp\/wp-json\/wp\/v2\/users\/2"}],"replies":[{"embeddable":true,"href":"https:\/\/unsa-paris.fr\/savp\/wp-json\/wp\/v2\/comments?post=2126"}],"version-history":[{"count":7,"href":"https:\/\/unsa-paris.fr\/savp\/wp-json\/wp\/v2\/posts\/2126\/revisions"}],"predecessor-version":[{"id":2147,"href":"https:\/\/unsa-paris.fr\/savp\/wp-json\/wp\/v2\/posts\/2126\/revisions\/2147"}],"wp:attachment":[{"href":"https:\/\/unsa-paris.fr\/savp\/wp-json\/wp\/v2\/media?parent=2126"}],"wp:term":[{"taxonomy":"category","embeddable":true,"href":"https:\/\/unsa-paris.fr\/savp\/wp-json\/wp\/v2\/categories?post=2126"},{"taxonomy":"post_tag","embeddable":true,"href":"https:\/\/unsa-paris.fr\/savp\/wp-json\/wp\/v2\/tags?post=2126"}],"curies":[{"name":"wp","href":"https:\/\/api.w.org\/{rel}","templated":true}]}}