{"id":2098,"date":"2023-02-22T15:42:27","date_gmt":"2023-02-22T14:42:27","guid":{"rendered":"https:\/\/unsa-paris.fr\/savp\/?p=2098"},"modified":"2023-02-22T15:42:29","modified_gmt":"2023-02-22T14:42:29","slug":"ensemble-le-7-mars-mettons-la-france-a-larret","status":"publish","type":"post","link":"https:\/\/unsa-paris.fr\/savp\/2023\/02\/22\/ensemble-le-7-mars-mettons-la-france-a-larret\/","title":{"rendered":"ENSEMBLE, LE 7 MARS, METTONS LA FRANCE \u00c0 L&rsquo;ARR\u00caT !"},"content":{"rendered":"\n<p class=\"has-text-align-center has-bright-red-color has-text-color\" style=\"font-size:22px\"><strong>LE DIFFICILE CHEMIN DU PROJET DE LOI DE R\u00c9FORME DES RETRAITES<\/strong><\/p>\n\n\n\n<p>Le gouvernement a choisi la proc\u00e9dure li\u00e9e \u00e0 l\u2019article 47-1 concernant les projets de loi de financement de la s\u00e9curit\u00e9 sociale pour faire passer la r\u00e9forme des retraites.<\/p>\n\n\n\n<!--more-->\n\n\n\n<p>Cet article de la constitution pr\u00e9voit que si l\u2019Assembl\u00e9e Nationale ne s\u2019est pas prononc\u00e9e en premi\u00e8re lecture dans le d\u00e9lai de 20 jours, le S\u00e9nat doive statuer dans un d\u00e9lai de 15 jours maximum, puis ensuite que le texte soit soumis \u00e0 la discussion de la commission mixte paritaire (CMP) compos\u00e9e de 7 d\u00e9put\u00e9s et 7 s\u00e9nateurs, afin de permettre aux deux chambres d\u2019arr\u00eater une vision commune sur le texte de loi propos\u00e9.<\/p>\n\n\n\n<p>Quoi qu\u2019il arrive le texte devra ensuite \u00eatre vot\u00e9 favorablement par les deux chambres en moins de 50 jours, soit avant le 26 mars pour que la loi soit valid\u00e9e.<\/p>\n\n\n\n<p><strong>Si la commission mixte paritaire ne trouve pas d\u2019accord ou que cet accord est modifi\u00e9 ou rejet\u00e9 par l\u2019une des deux chambres, le texte de loi pourra \u00eatre adopt\u00e9 par ordonnance (sans vote) d\u00e8s le 27 mars, ce qui n\u2019est pas arriv\u00e9 depuis 1982 pour une r\u00e9forme des retraites&nbsp;<\/strong><\/p>\n\n\n\n<p class=\"has-bright-blue-color has-text-color has-medium-font-size\"><strong>O\u00f9 en est-on&nbsp;?<\/strong><\/p>\n\n\n\n<p>L\u2019examen du projet de loi s\u2019est achev\u00e9 vendredi 17 f\u00e9vrier \u00e0 l\u2019Assembl\u00e9e nationale, apr\u00e8s vingt jours de d\u00e9bat tumultueux qui n\u2019ont pas permis d\u2019aller au bout du projet de loi, suite au d\u00e9p\u00f4t de nombreux amendements de la part du groupe \u00ab&nbsp;La France Insoumise&nbsp;\u00bb.<\/p>\n\n\n\n<p>Ainsi, aucune discussion n\u2019a pu avoir lieu sur l\u2019article 7 qui concerne le recul de l\u2019\u00e2ge l\u00e9gal de d\u00e9part de 62 \u00e0 64 ans, qui est l\u2019article central du projet, notre organisation syndicale ne peut que le regretter. Du 28 f\u00e9vrier au 12 mars, le texte va \u00eatre examin\u00e9 par le S\u00e9nat qui peut encore le modifier et l\u2019amender avant le passage en commission mixte.<\/p>\n\n\n\n<p class=\"has-bright-blue-color has-text-color has-medium-font-size\"><strong>Il reste du temps avant l\u2019adoption de ce texte de loi qui peut et doit \u00eatre modifi\u00e9.<\/strong> <strong>Faisons \u00e0 nouveau entendre notre voix le 7 mars et les jours suivants, contre ce projet de r\u00e9forme injuste et brutal.<\/strong><\/p>\n\n\n\n<figure class=\"wp-block-image size-large\"><img fetchpriority=\"high\" decoding=\"async\" width=\"724\" height=\"1024\" src=\"https:\/\/unsa-paris.fr\/savp\/wp-content\/uploads\/2023\/02\/07_03-724x1024.jpg\" alt=\"\" class=\"wp-image-2103\" srcset=\"https:\/\/unsa-paris.fr\/savp\/wp-content\/uploads\/2023\/02\/07_03-724x1024.jpg 724w, https:\/\/unsa-paris.fr\/savp\/wp-content\/uploads\/2023\/02\/07_03-212x300.jpg 212w, https:\/\/unsa-paris.fr\/savp\/wp-content\/uploads\/2023\/02\/07_03-768x1086.jpg 768w, https:\/\/unsa-paris.fr\/savp\/wp-content\/uploads\/2023\/02\/07_03-1086x1536.jpg 1086w, https:\/\/unsa-paris.fr\/savp\/wp-content\/uploads\/2023\/02\/07_03-1200x1697.jpg 1200w, https:\/\/unsa-paris.fr\/savp\/wp-content\/uploads\/2023\/02\/07_03.jpg 1241w\" sizes=\"(max-width: 709px) 85vw, (max-width: 909px) 67vw, (max-width: 984px) 61vw, (max-width: 1362px) 45vw, 600px\" \/><\/figure>\n\n\n\n<p class=\"has-text-align-left has-dark-gray-color has-text-color\" style=\"font-size:22px\"><\/p>\n\n\n\n<figure class=\"wp-block-image size-full\"><img decoding=\"async\" width=\"889\" height=\"332\" src=\"https:\/\/unsa-paris.fr\/savp\/wp-content\/uploads\/2023\/02\/unsavdp.png\" alt=\"\" class=\"wp-image-2051\" srcset=\"https:\/\/unsa-paris.fr\/savp\/wp-content\/uploads\/2023\/02\/unsavdp.png 889w, https:\/\/unsa-paris.fr\/savp\/wp-content\/uploads\/2023\/02\/unsavdp-300x112.png 300w, https:\/\/unsa-paris.fr\/savp\/wp-content\/uploads\/2023\/02\/unsavdp-768x287.png 768w\" sizes=\"(max-width: 709px) 85vw, (max-width: 909px) 67vw, (max-width: 1362px) 62vw, 840px\" \/><\/figure>\n","protected":false},"excerpt":{"rendered":"<p>LE DIFFICILE CHEMIN DU PROJET DE LOI DE R\u00c9FORME DES RETRAITES Le gouvernement a choisi la proc\u00e9dure li\u00e9e \u00e0 l\u2019article 47-1 concernant les projets de loi de financement de la &hellip; <a href=\"https:\/\/unsa-paris.fr\/savp\/2023\/02\/22\/ensemble-le-7-mars-mettons-la-france-a-larret\/\" class=\"more-link\">Continuer la lecture<span class=\"screen-reader-text\"> de &laquo;&nbsp;ENSEMBLE, LE 7 MARS, METTONS LA FRANCE \u00c0 L&rsquo;ARR\u00caT !&nbsp;&raquo;<\/span><\/a><\/p>\n","protected":false},"author":2,"featured_media":0,"comment_status":"open","ping_status":"open","sticky":false,"template":"","format":"standard","meta":{"footnotes":""},"categories":[7,9,23],"tags":[],"class_list":["post-2098","post","type-post","status-publish","format-standard","hentry","category-actualite","category-communique","category-retraites"],"yoast_head":"<!-- This site is optimized with the Yoast SEO plugin v27.4 - https:\/\/yoast.com\/product\/yoast-seo-wordpress\/ -->\n<title>ENSEMBLE, LE 7 MARS, METTONS LA FRANCE \u00c0 L&#039;ARR\u00caT ! - Syndicat Autonome UNSA<\/title>\n<meta name=\"robots\" content=\"index, follow, max-snippet:-1, max-image-preview:large, max-video-preview:-1\" \/>\n<link rel=\"canonical\" href=\"https:\/\/unsa-paris.fr\/savp\/2023\/02\/22\/ensemble-le-7-mars-mettons-la-france-a-larret\/\" \/>\n<meta property=\"og:locale\" content=\"fr_FR\" \/>\n<meta property=\"og:type\" content=\"article\" \/>\n<meta property=\"og:title\" content=\"ENSEMBLE, LE 7 MARS, METTONS LA FRANCE \u00c0 L&#039;ARR\u00caT ! - Syndicat Autonome UNSA\" \/>\n<meta property=\"og:description\" content=\"LE DIFFICILE CHEMIN DU PROJET DE LOI DE R\u00c9FORME DES RETRAITES Le gouvernement a choisi la proc\u00e9dure li\u00e9e \u00e0 l\u2019article 47-1 concernant les projets de loi de financement de la &hellip; Continuer la lecture de &laquo;&nbsp;ENSEMBLE, LE 7 MARS, METTONS LA FRANCE \u00c0 L&rsquo;ARR\u00caT !&nbsp;&raquo;\" \/>\n<meta property=\"og:url\" content=\"https:\/\/unsa-paris.fr\/savp\/2023\/02\/22\/ensemble-le-7-mars-mettons-la-france-a-larret\/\" \/>\n<meta property=\"og:site_name\" content=\"Syndicat Autonome UNSA\" \/>\n<meta property=\"article:published_time\" content=\"2023-02-22T14:42:27+00:00\" \/>\n<meta property=\"article:modified_time\" content=\"2023-02-22T14:42:29+00:00\" \/>\n<meta property=\"og:image\" content=\"https:\/\/unsa-paris.fr\/savp\/wp-content\/uploads\/2023\/02\/07_03-724x1024.jpg\" \/>\n<meta name=\"author\" content=\"UNSA SA\" \/>\n<meta name=\"twitter:card\" content=\"summary_large_image\" \/>\n<meta name=\"twitter:label1\" content=\"\u00c9crit par\" \/>\n\t<meta name=\"twitter:data1\" content=\"UNSA SA\" \/>\n\t<meta name=\"twitter:label2\" content=\"Dur\u00e9e de lecture estim\u00e9e\" \/>\n\t<meta name=\"twitter:data2\" content=\"3 minutes\" \/>\n<script type=\"application\/ld+json\" class=\"yoast-schema-graph\">{\"@context\":\"https:\\\/\\\/schema.org\",\"@graph\":[{\"@type\":\"Article\",\"@id\":\"https:\\\/\\\/unsa-paris.fr\\\/savp\\\/2023\\\/02\\\/22\\\/ensemble-le-7-mars-mettons-la-france-a-larret\\\/#article\",\"isPartOf\":{\"@id\":\"https:\\\/\\\/unsa-paris.fr\\\/savp\\\/2023\\\/02\\\/22\\\/ensemble-le-7-mars-mettons-la-france-a-larret\\\/\"},\"author\":{\"name\":\"UNSA SA\",\"@id\":\"https:\\\/\\\/unsa-paris.fr\\\/savp\\\/#\\\/schema\\\/person\\\/7253f5acb55b402d9149796390e7bdde\"},\"headline\":\"ENSEMBLE, LE 7 MARS, METTONS LA FRANCE \u00c0 L&rsquo;ARR\u00caT !\",\"datePublished\":\"2023-02-22T14:42:27+00:00\",\"dateModified\":\"2023-02-22T14:42:29+00:00\",\"mainEntityOfPage\":{\"@id\":\"https:\\\/\\\/unsa-paris.fr\\\/savp\\\/2023\\\/02\\\/22\\\/ensemble-le-7-mars-mettons-la-france-a-larret\\\/\"},\"wordCount\":384,\"commentCount\":0,\"publisher\":{\"@id\":\"https:\\\/\\\/unsa-paris.fr\\\/savp\\\/#organization\"},\"image\":{\"@id\":\"https:\\\/\\\/unsa-paris.fr\\\/savp\\\/2023\\\/02\\\/22\\\/ensemble-le-7-mars-mettons-la-france-a-larret\\\/#primaryimage\"},\"thumbnailUrl\":\"https:\\\/\\\/unsa-paris.fr\\\/savp\\\/wp-content\\\/uploads\\\/2023\\\/02\\\/07_03-724x1024.jpg\",\"articleSection\":[\"Actualite\",\"Communique\",\"Retraites\"],\"inLanguage\":\"fr-FR\",\"potentialAction\":[{\"@type\":\"CommentAction\",\"name\":\"Comment\",\"target\":[\"https:\\\/\\\/unsa-paris.fr\\\/savp\\\/2023\\\/02\\\/22\\\/ensemble-le-7-mars-mettons-la-france-a-larret\\\/#respond\"]}]},{\"@type\":\"WebPage\",\"@id\":\"https:\\\/\\\/unsa-paris.fr\\\/savp\\\/2023\\\/02\\\/22\\\/ensemble-le-7-mars-mettons-la-france-a-larret\\\/\",\"url\":\"https:\\\/\\\/unsa-paris.fr\\\/savp\\\/2023\\\/02\\\/22\\\/ensemble-le-7-mars-mettons-la-france-a-larret\\\/\",\"name\":\"ENSEMBLE, LE 7 MARS, METTONS LA FRANCE \u00c0 L'ARR\u00caT ! - Syndicat Autonome UNSA\",\"isPartOf\":{\"@id\":\"https:\\\/\\\/unsa-paris.fr\\\/savp\\\/#website\"},\"primaryImageOfPage\":{\"@id\":\"https:\\\/\\\/unsa-paris.fr\\\/savp\\\/2023\\\/02\\\/22\\\/ensemble-le-7-mars-mettons-la-france-a-larret\\\/#primaryimage\"},\"image\":{\"@id\":\"https:\\\/\\\/unsa-paris.fr\\\/savp\\\/2023\\\/02\\\/22\\\/ensemble-le-7-mars-mettons-la-france-a-larret\\\/#primaryimage\"},\"thumbnailUrl\":\"https:\\\/\\\/unsa-paris.fr\\\/savp\\\/wp-content\\\/uploads\\\/2023\\\/02\\\/07_03-724x1024.jpg\",\"datePublished\":\"2023-02-22T14:42:27+00:00\",\"dateModified\":\"2023-02-22T14:42:29+00:00\",\"breadcrumb\":{\"@id\":\"https:\\\/\\\/unsa-paris.fr\\\/savp\\\/2023\\\/02\\\/22\\\/ensemble-le-7-mars-mettons-la-france-a-larret\\\/#breadcrumb\"},\"inLanguage\":\"fr-FR\",\"potentialAction\":[{\"@type\":\"ReadAction\",\"target\":[\"https:\\\/\\\/unsa-paris.fr\\\/savp\\\/2023\\\/02\\\/22\\\/ensemble-le-7-mars-mettons-la-france-a-larret\\\/\"]}]},{\"@type\":\"ImageObject\",\"inLanguage\":\"fr-FR\",\"@id\":\"https:\\\/\\\/unsa-paris.fr\\\/savp\\\/2023\\\/02\\\/22\\\/ensemble-le-7-mars-mettons-la-france-a-larret\\\/#primaryimage\",\"url\":\"https:\\\/\\\/unsa-paris.fr\\\/savp\\\/wp-content\\\/uploads\\\/2023\\\/02\\\/07_03.jpg\",\"contentUrl\":\"https:\\\/\\\/unsa-paris.fr\\\/savp\\\/wp-content\\\/uploads\\\/2023\\\/02\\\/07_03.jpg\",\"width\":1241,\"height\":1755},{\"@type\":\"BreadcrumbList\",\"@id\":\"https:\\\/\\\/unsa-paris.fr\\\/savp\\\/2023\\\/02\\\/22\\\/ensemble-le-7-mars-mettons-la-france-a-larret\\\/#breadcrumb\",\"itemListElement\":[{\"@type\":\"ListItem\",\"position\":1,\"name\":\"Accueil\",\"item\":\"https:\\\/\\\/unsa-paris.fr\\\/savp\\\/\"},{\"@type\":\"ListItem\",\"position\":2,\"name\":\"ENSEMBLE, LE 7 MARS, METTONS LA FRANCE \u00c0 L&#8217;ARR\u00caT !\"}]},{\"@type\":\"WebSite\",\"@id\":\"https:\\\/\\\/unsa-paris.fr\\\/savp\\\/#website\",\"url\":\"https:\\\/\\\/unsa-paris.fr\\\/savp\\\/\",\"name\":\"Syndicat Autonome UNSA\",\"description\":\"Section des secr\u00e9taires administratifs et des techniciens sup\u00e9rieurs\",\"publisher\":{\"@id\":\"https:\\\/\\\/unsa-paris.fr\\\/savp\\\/#organization\"},\"potentialAction\":[{\"@type\":\"SearchAction\",\"target\":{\"@type\":\"EntryPoint\",\"urlTemplate\":\"https:\\\/\\\/unsa-paris.fr\\\/savp\\\/?s={search_term_string}\"},\"query-input\":{\"@type\":\"PropertyValueSpecification\",\"valueRequired\":true,\"valueName\":\"search_term_string\"}}],\"inLanguage\":\"fr-FR\"},{\"@type\":\"Organization\",\"@id\":\"https:\\\/\\\/unsa-paris.fr\\\/savp\\\/#organization\",\"name\":\"UNSA PARIS fili\u00e8re administrative\",\"url\":\"https:\\\/\\\/unsa-paris.fr\\\/savp\\\/\",\"logo\":{\"@type\":\"ImageObject\",\"inLanguage\":\"fr-FR\",\"@id\":\"https:\\\/\\\/unsa-paris.fr\\\/savp\\\/#\\\/schema\\\/logo\\\/image\\\/\",\"url\":\"https:\\\/\\\/unsa-paris.fr\\\/savp\\\/wp-content\\\/uploads\\\/2020\\\/10\\\/Logo_UNSA-V6.png\",\"contentUrl\":\"https:\\\/\\\/unsa-paris.fr\\\/savp\\\/wp-content\\\/uploads\\\/2020\\\/10\\\/Logo_UNSA-V6.png\",\"width\":986,\"height\":962,\"caption\":\"UNSA PARIS fili\u00e8re administrative\"},\"image\":{\"@id\":\"https:\\\/\\\/unsa-paris.fr\\\/savp\\\/#\\\/schema\\\/logo\\\/image\\\/\"}},{\"@type\":\"Person\",\"@id\":\"https:\\\/\\\/unsa-paris.fr\\\/savp\\\/#\\\/schema\\\/person\\\/7253f5acb55b402d9149796390e7bdde\",\"name\":\"UNSA SA\",\"image\":{\"@type\":\"ImageObject\",\"inLanguage\":\"fr-FR\",\"@id\":\"https:\\\/\\\/secure.gravatar.com\\\/avatar\\\/b78c582c0b7ba9a7147763b6638faa3db8f956662f0faffdc8b57058fad002f4?s=96&d=mm&r=g\",\"url\":\"https:\\\/\\\/secure.gravatar.com\\\/avatar\\\/b78c582c0b7ba9a7147763b6638faa3db8f956662f0faffdc8b57058fad002f4?s=96&d=mm&r=g\",\"contentUrl\":\"https:\\\/\\\/secure.gravatar.com\\\/avatar\\\/b78c582c0b7ba9a7147763b6638faa3db8f956662f0faffdc8b57058fad002f4?s=96&d=mm&r=g\",\"caption\":\"UNSA SA\"},\"sameAs\":[\"http:\\\/\\\/unsa-paris.fr\\\/savp\"],\"url\":\"https:\\\/\\\/unsa-paris.fr\\\/savp\\\/author\\\/fred\\\/\"}]}<\/script>\n<!-- \/ Yoast SEO plugin. -->","yoast_head_json":{"title":"ENSEMBLE, LE 7 MARS, METTONS LA FRANCE \u00c0 L'ARR\u00caT ! - Syndicat Autonome UNSA","robots":{"index":"index","follow":"follow","max-snippet":"max-snippet:-1","max-image-preview":"max-image-preview:large","max-video-preview":"max-video-preview:-1"},"canonical":"https:\/\/unsa-paris.fr\/savp\/2023\/02\/22\/ensemble-le-7-mars-mettons-la-france-a-larret\/","og_locale":"fr_FR","og_type":"article","og_title":"ENSEMBLE, LE 7 MARS, METTONS LA FRANCE \u00c0 L'ARR\u00caT ! - Syndicat Autonome UNSA","og_description":"LE DIFFICILE CHEMIN DU PROJET DE LOI DE R\u00c9FORME DES RETRAITES Le gouvernement a choisi la proc\u00e9dure li\u00e9e \u00e0 l\u2019article 47-1 concernant les projets de loi de financement de la &hellip; Continuer la lecture de &laquo;&nbsp;ENSEMBLE, LE 7 MARS, METTONS LA FRANCE \u00c0 L&rsquo;ARR\u00caT !&nbsp;&raquo;","og_url":"https:\/\/unsa-paris.fr\/savp\/2023\/02\/22\/ensemble-le-7-mars-mettons-la-france-a-larret\/","og_site_name":"Syndicat Autonome UNSA","article_published_time":"2023-02-22T14:42:27+00:00","article_modified_time":"2023-02-22T14:42:29+00:00","og_image":[{"url":"https:\/\/unsa-paris.fr\/savp\/wp-content\/uploads\/2023\/02\/07_03-724x1024.jpg","type":"","width":"","height":""}],"author":"UNSA SA","twitter_card":"summary_large_image","twitter_misc":{"\u00c9crit par":"UNSA SA","Dur\u00e9e de lecture estim\u00e9e":"3 minutes"},"schema":{"@context":"https:\/\/schema.org","@graph":[{"@type":"Article","@id":"https:\/\/unsa-paris.fr\/savp\/2023\/02\/22\/ensemble-le-7-mars-mettons-la-france-a-larret\/#article","isPartOf":{"@id":"https:\/\/unsa-paris.fr\/savp\/2023\/02\/22\/ensemble-le-7-mars-mettons-la-france-a-larret\/"},"author":{"name":"UNSA SA","@id":"https:\/\/unsa-paris.fr\/savp\/#\/schema\/person\/7253f5acb55b402d9149796390e7bdde"},"headline":"ENSEMBLE, LE 7 MARS, METTONS LA FRANCE \u00c0 L&rsquo;ARR\u00caT !","datePublished":"2023-02-22T14:42:27+00:00","dateModified":"2023-02-22T14:42:29+00:00","mainEntityOfPage":{"@id":"https:\/\/unsa-paris.fr\/savp\/2023\/02\/22\/ensemble-le-7-mars-mettons-la-france-a-larret\/"},"wordCount":384,"commentCount":0,"publisher":{"@id":"https:\/\/unsa-paris.fr\/savp\/#organization"},"image":{"@id":"https:\/\/unsa-paris.fr\/savp\/2023\/02\/22\/ensemble-le-7-mars-mettons-la-france-a-larret\/#primaryimage"},"thumbnailUrl":"https:\/\/unsa-paris.fr\/savp\/wp-content\/uploads\/2023\/02\/07_03-724x1024.jpg","articleSection":["Actualite","Communique","Retraites"],"inLanguage":"fr-FR","potentialAction":[{"@type":"CommentAction","name":"Comment","target":["https:\/\/unsa-paris.fr\/savp\/2023\/02\/22\/ensemble-le-7-mars-mettons-la-france-a-larret\/#respond"]}]},{"@type":"WebPage","@id":"https:\/\/unsa-paris.fr\/savp\/2023\/02\/22\/ensemble-le-7-mars-mettons-la-france-a-larret\/","url":"https:\/\/unsa-paris.fr\/savp\/2023\/02\/22\/ensemble-le-7-mars-mettons-la-france-a-larret\/","name":"ENSEMBLE, LE 7 MARS, METTONS LA FRANCE \u00c0 L'ARR\u00caT ! - Syndicat Autonome UNSA","isPartOf":{"@id":"https:\/\/unsa-paris.fr\/savp\/#website"},"primaryImageOfPage":{"@id":"https:\/\/unsa-paris.fr\/savp\/2023\/02\/22\/ensemble-le-7-mars-mettons-la-france-a-larret\/#primaryimage"},"image":{"@id":"https:\/\/unsa-paris.fr\/savp\/2023\/02\/22\/ensemble-le-7-mars-mettons-la-france-a-larret\/#primaryimage"},"thumbnailUrl":"https:\/\/unsa-paris.fr\/savp\/wp-content\/uploads\/2023\/02\/07_03-724x1024.jpg","datePublished":"2023-02-22T14:42:27+00:00","dateModified":"2023-02-22T14:42:29+00:00","breadcrumb":{"@id":"https:\/\/unsa-paris.fr\/savp\/2023\/02\/22\/ensemble-le-7-mars-mettons-la-france-a-larret\/#breadcrumb"},"inLanguage":"fr-FR","potentialAction":[{"@type":"ReadAction","target":["https:\/\/unsa-paris.fr\/savp\/2023\/02\/22\/ensemble-le-7-mars-mettons-la-france-a-larret\/"]}]},{"@type":"ImageObject","inLanguage":"fr-FR","@id":"https:\/\/unsa-paris.fr\/savp\/2023\/02\/22\/ensemble-le-7-mars-mettons-la-france-a-larret\/#primaryimage","url":"https:\/\/unsa-paris.fr\/savp\/wp-content\/uploads\/2023\/02\/07_03.jpg","contentUrl":"https:\/\/unsa-paris.fr\/savp\/wp-content\/uploads\/2023\/02\/07_03.jpg","width":1241,"height":1755},{"@type":"BreadcrumbList","@id":"https:\/\/unsa-paris.fr\/savp\/2023\/02\/22\/ensemble-le-7-mars-mettons-la-france-a-larret\/#breadcrumb","itemListElement":[{"@type":"ListItem","position":1,"name":"Accueil","item":"https:\/\/unsa-paris.fr\/savp\/"},{"@type":"ListItem","position":2,"name":"ENSEMBLE, LE 7 MARS, METTONS LA FRANCE \u00c0 L&#8217;ARR\u00caT !"}]},{"@type":"WebSite","@id":"https:\/\/unsa-paris.fr\/savp\/#website","url":"https:\/\/unsa-paris.fr\/savp\/","name":"Syndicat Autonome UNSA","description":"Section des secr\u00e9taires administratifs et des techniciens sup\u00e9rieurs","publisher":{"@id":"https:\/\/unsa-paris.fr\/savp\/#organization"},"potentialAction":[{"@type":"SearchAction","target":{"@type":"EntryPoint","urlTemplate":"https:\/\/unsa-paris.fr\/savp\/?s={search_term_string}"},"query-input":{"@type":"PropertyValueSpecification","valueRequired":true,"valueName":"search_term_string"}}],"inLanguage":"fr-FR"},{"@type":"Organization","@id":"https:\/\/unsa-paris.fr\/savp\/#organization","name":"UNSA PARIS fili\u00e8re administrative","url":"https:\/\/unsa-paris.fr\/savp\/","logo":{"@type":"ImageObject","inLanguage":"fr-FR","@id":"https:\/\/unsa-paris.fr\/savp\/#\/schema\/logo\/image\/","url":"https:\/\/unsa-paris.fr\/savp\/wp-content\/uploads\/2020\/10\/Logo_UNSA-V6.png","contentUrl":"https:\/\/unsa-paris.fr\/savp\/wp-content\/uploads\/2020\/10\/Logo_UNSA-V6.png","width":986,"height":962,"caption":"UNSA PARIS fili\u00e8re administrative"},"image":{"@id":"https:\/\/unsa-paris.fr\/savp\/#\/schema\/logo\/image\/"}},{"@type":"Person","@id":"https:\/\/unsa-paris.fr\/savp\/#\/schema\/person\/7253f5acb55b402d9149796390e7bdde","name":"UNSA SA","image":{"@type":"ImageObject","inLanguage":"fr-FR","@id":"https:\/\/secure.gravatar.com\/avatar\/b78c582c0b7ba9a7147763b6638faa3db8f956662f0faffdc8b57058fad002f4?s=96&d=mm&r=g","url":"https:\/\/secure.gravatar.com\/avatar\/b78c582c0b7ba9a7147763b6638faa3db8f956662f0faffdc8b57058fad002f4?s=96&d=mm&r=g","contentUrl":"https:\/\/secure.gravatar.com\/avatar\/b78c582c0b7ba9a7147763b6638faa3db8f956662f0faffdc8b57058fad002f4?s=96&d=mm&r=g","caption":"UNSA SA"},"sameAs":["http:\/\/unsa-paris.fr\/savp"],"url":"https:\/\/unsa-paris.fr\/savp\/author\/fred\/"}]}},"_links":{"self":[{"href":"https:\/\/unsa-paris.fr\/savp\/wp-json\/wp\/v2\/posts\/2098","targetHints":{"allow":["GET"]}}],"collection":[{"href":"https:\/\/unsa-paris.fr\/savp\/wp-json\/wp\/v2\/posts"}],"about":[{"href":"https:\/\/unsa-paris.fr\/savp\/wp-json\/wp\/v2\/types\/post"}],"author":[{"embeddable":true,"href":"https:\/\/unsa-paris.fr\/savp\/wp-json\/wp\/v2\/users\/2"}],"replies":[{"embeddable":true,"href":"https:\/\/unsa-paris.fr\/savp\/wp-json\/wp\/v2\/comments?post=2098"}],"version-history":[{"count":4,"href":"https:\/\/unsa-paris.fr\/savp\/wp-json\/wp\/v2\/posts\/2098\/revisions"}],"predecessor-version":[{"id":2104,"href":"https:\/\/unsa-paris.fr\/savp\/wp-json\/wp\/v2\/posts\/2098\/revisions\/2104"}],"wp:attachment":[{"href":"https:\/\/unsa-paris.fr\/savp\/wp-json\/wp\/v2\/media?parent=2098"}],"wp:term":[{"taxonomy":"category","embeddable":true,"href":"https:\/\/unsa-paris.fr\/savp\/wp-json\/wp\/v2\/categories?post=2098"},{"taxonomy":"post_tag","embeddable":true,"href":"https:\/\/unsa-paris.fr\/savp\/wp-json\/wp\/v2\/tags?post=2098"}],"curies":[{"name":"wp","href":"https:\/\/api.w.org\/{rel}","templated":true}]}}