{"id":1998,"date":"2023-02-03T11:32:54","date_gmt":"2023-02-03T10:32:54","guid":{"rendered":"https:\/\/unsa-paris.fr\/savp\/?p=1998"},"modified":"2023-02-03T11:39:45","modified_gmt":"2023-02-03T10:39:45","slug":"secretaires-administratifs-des-administrations-parisiennes-2","status":"publish","type":"post","link":"https:\/\/unsa-paris.fr\/savp\/2023\/02\/03\/secretaires-administratifs-des-administrations-parisiennes-2\/","title":{"rendered":"Secr\u00e9taires Administratifs des Administrations Parisiennes\u00a0:"},"content":{"rendered":"\t\t<div data-elementor-type=\"wp-post\" data-elementor-id=\"1998\" class=\"elementor elementor-1998\">\n\t\t\t\t\t\t<section class=\"elementor-section elementor-top-section elementor-element elementor-element-5ed0dfc elementor-section-boxed elementor-section-height-default elementor-section-height-default\" data-id=\"5ed0dfc\" data-element_type=\"section\" data-e-type=\"section\">\n\t\t\t\t\t\t<div class=\"elementor-container elementor-column-gap-default\">\n\t\t\t\t\t<div class=\"elementor-column elementor-col-100 elementor-top-column elementor-element elementor-element-3b052c4\" data-id=\"3b052c4\" data-element_type=\"column\" data-e-type=\"column\">\n\t\t\t<div class=\"elementor-widget-wrap elementor-element-populated\">\n\t\t\t\t\t\t<div class=\"elementor-element elementor-element-3e3540d elementor-widget elementor-widget-heading\" data-id=\"3e3540d\" data-element_type=\"widget\" data-e-type=\"widget\" data-widget_type=\"heading.default\">\n\t\t\t\t<div class=\"elementor-widget-container\">\n\t\t\t\t\t<h2 class=\"elementor-heading-title elementor-size-default\">VOS CARRIERES DOIVENT \u00caTRE REVALORISEES<\/h2>\t\t\t\t<\/div>\n\t\t\t\t<\/div>\n\t\t\t\t<div class=\"elementor-element elementor-element-1eed308 elementor-widget elementor-widget-text-editor\" data-id=\"1eed308\" data-element_type=\"widget\" data-e-type=\"widget\" data-widget_type=\"text-editor.default\">\n\t\t\t\t<div class=\"elementor-widget-container\">\n\t\t\t\t\t\t\t\t\t<p><span style=\"color: #000000;\">L&rsquo;UNSA a sollicit\u00e9 une audience aupr\u00e8s de la cheffe du bureau des carri\u00e8res administratives, afin d&rsquo;\u00e9voquer les probl\u00e8mes rencontr\u00e9s par les secr\u00e9taires administratifs dans leur parcours de promotion vers le corps des attach\u00e9s.<\/span><\/p>\t\t\t\t\t\t\t\t<\/div>\n\t\t\t\t<\/div>\n\t\t\t\t<div class=\"elementor-element elementor-element-4c75c8b elementor-widget elementor-widget-text-editor\" data-id=\"4c75c8b\" data-element_type=\"widget\" data-e-type=\"widget\" data-widget_type=\"text-editor.default\">\n\t\t\t\t<div class=\"elementor-widget-container\">\n\t\t\t\t\t\t\t\t\t<p><a href=\"https:\/\/unsa-paris.fr\/savp\/wp-content\/uploads\/2023\/02\/2023_01_30-Courrier-UNSA-Baerenzung-SA.pdf\"><span style=\"color: #1a1717;\"><em>Lire le courrier de demande d&rsquo;audience<\/em><\/span><\/a><\/p>\t\t\t\t\t\t\t\t<\/div>\n\t\t\t\t<\/div>\n\t\t\t\t\t<\/div>\n\t\t<\/div>\n\t\t\t\t\t<\/div>\n\t\t<\/section>\n\t\t\t\t<\/div>\n\t\t","protected":false},"excerpt":{"rendered":"<p>VOS CARRIERES DOIVENT \u00caTRE REVALORISEES L&rsquo;UNSA a sollicit\u00e9 une audience aupr\u00e8s de la cheffe du bureau des carri\u00e8res administratives, afin d&rsquo;\u00e9voquer les probl\u00e8mes rencontr\u00e9s par les secr\u00e9taires administratifs dans leur &hellip; <a href=\"https:\/\/unsa-paris.fr\/savp\/2023\/02\/03\/secretaires-administratifs-des-administrations-parisiennes-2\/\" class=\"more-link\">Continuer la lecture<span class=\"screen-reader-text\"> de &laquo;&nbsp;Secr\u00e9taires Administratifs des Administrations Parisiennes\u00a0:&nbsp;&raquo;<\/span><\/a><\/p>\n","protected":false},"author":1,"featured_media":0,"comment_status":"open","ping_status":"open","sticky":false,"template":"","format":"standard","meta":{"footnotes":""},"categories":[1],"tags":[],"class_list":["post-1998","post","type-post","status-publish","format-standard","hentry","category-non-classe"],"yoast_head":"<!-- This site is optimized with the Yoast SEO plugin v27.4 - https:\/\/yoast.com\/product\/yoast-seo-wordpress\/ -->\n<title>Secr\u00e9taires Administratifs des Administrations Parisiennes\u00a0: - Syndicat Autonome UNSA<\/title>\n<meta name=\"robots\" content=\"index, follow, max-snippet:-1, max-image-preview:large, max-video-preview:-1\" \/>\n<link rel=\"canonical\" href=\"https:\/\/unsa-paris.fr\/savp\/2023\/02\/03\/secretaires-administratifs-des-administrations-parisiennes-2\/\" \/>\n<meta property=\"og:locale\" content=\"fr_FR\" \/>\n<meta property=\"og:type\" content=\"article\" \/>\n<meta property=\"og:title\" content=\"Secr\u00e9taires Administratifs des Administrations Parisiennes\u00a0: - Syndicat Autonome UNSA\" \/>\n<meta property=\"og:description\" content=\"VOS CARRIERES DOIVENT \u00caTRE REVALORISEES L&rsquo;UNSA a sollicit\u00e9 une audience aupr\u00e8s de la cheffe du bureau des carri\u00e8res administratives, afin d&rsquo;\u00e9voquer les probl\u00e8mes rencontr\u00e9s par les secr\u00e9taires administratifs dans leur &hellip; Continuer la lecture de &laquo;&nbsp;Secr\u00e9taires Administratifs des Administrations Parisiennes\u00a0:&nbsp;&raquo;\" \/>\n<meta property=\"og:url\" content=\"https:\/\/unsa-paris.fr\/savp\/2023\/02\/03\/secretaires-administratifs-des-administrations-parisiennes-2\/\" \/>\n<meta property=\"og:site_name\" content=\"Syndicat Autonome UNSA\" \/>\n<meta property=\"article:published_time\" content=\"2023-02-03T10:32:54+00:00\" \/>\n<meta property=\"article:modified_time\" content=\"2023-02-03T10:39:45+00:00\" \/>\n<meta name=\"author\" content=\"militant\" \/>\n<meta name=\"twitter:card\" content=\"summary_large_image\" \/>\n<meta name=\"twitter:label1\" content=\"\u00c9crit par\" \/>\n\t<meta name=\"twitter:data1\" content=\"militant\" \/>\n\t<meta name=\"twitter:label2\" content=\"Dur\u00e9e de lecture estim\u00e9e\" \/>\n\t<meta name=\"twitter:data2\" content=\"1 minute\" \/>\n<script type=\"application\/ld+json\" class=\"yoast-schema-graph\">{\"@context\":\"https:\\\/\\\/schema.org\",\"@graph\":[{\"@type\":\"Article\",\"@id\":\"https:\\\/\\\/unsa-paris.fr\\\/savp\\\/2023\\\/02\\\/03\\\/secretaires-administratifs-des-administrations-parisiennes-2\\\/#article\",\"isPartOf\":{\"@id\":\"https:\\\/\\\/unsa-paris.fr\\\/savp\\\/2023\\\/02\\\/03\\\/secretaires-administratifs-des-administrations-parisiennes-2\\\/\"},\"author\":{\"name\":\"militant\",\"@id\":\"https:\\\/\\\/unsa-paris.fr\\\/savp\\\/#\\\/schema\\\/person\\\/656755f73ac5921fc7e2e35124af2ae1\"},\"headline\":\"Secr\u00e9taires Administratifs des Administrations Parisiennes\u00a0:\",\"datePublished\":\"2023-02-03T10:32:54+00:00\",\"dateModified\":\"2023-02-03T10:39:45+00:00\",\"mainEntityOfPage\":{\"@id\":\"https:\\\/\\\/unsa-paris.fr\\\/savp\\\/2023\\\/02\\\/03\\\/secretaires-administratifs-des-administrations-parisiennes-2\\\/\"},\"wordCount\":59,\"commentCount\":0,\"publisher\":{\"@id\":\"https:\\\/\\\/unsa-paris.fr\\\/savp\\\/#organization\"},\"articleSection\":[\"non-classe\"],\"inLanguage\":\"fr-FR\",\"potentialAction\":[{\"@type\":\"CommentAction\",\"name\":\"Comment\",\"target\":[\"https:\\\/\\\/unsa-paris.fr\\\/savp\\\/2023\\\/02\\\/03\\\/secretaires-administratifs-des-administrations-parisiennes-2\\\/#respond\"]}]},{\"@type\":\"WebPage\",\"@id\":\"https:\\\/\\\/unsa-paris.fr\\\/savp\\\/2023\\\/02\\\/03\\\/secretaires-administratifs-des-administrations-parisiennes-2\\\/\",\"url\":\"https:\\\/\\\/unsa-paris.fr\\\/savp\\\/2023\\\/02\\\/03\\\/secretaires-administratifs-des-administrations-parisiennes-2\\\/\",\"name\":\"Secr\u00e9taires Administratifs des Administrations Parisiennes\u00a0: - Syndicat Autonome UNSA\",\"isPartOf\":{\"@id\":\"https:\\\/\\\/unsa-paris.fr\\\/savp\\\/#website\"},\"datePublished\":\"2023-02-03T10:32:54+00:00\",\"dateModified\":\"2023-02-03T10:39:45+00:00\",\"breadcrumb\":{\"@id\":\"https:\\\/\\\/unsa-paris.fr\\\/savp\\\/2023\\\/02\\\/03\\\/secretaires-administratifs-des-administrations-parisiennes-2\\\/#breadcrumb\"},\"inLanguage\":\"fr-FR\",\"potentialAction\":[{\"@type\":\"ReadAction\",\"target\":[\"https:\\\/\\\/unsa-paris.fr\\\/savp\\\/2023\\\/02\\\/03\\\/secretaires-administratifs-des-administrations-parisiennes-2\\\/\"]}]},{\"@type\":\"BreadcrumbList\",\"@id\":\"https:\\\/\\\/unsa-paris.fr\\\/savp\\\/2023\\\/02\\\/03\\\/secretaires-administratifs-des-administrations-parisiennes-2\\\/#breadcrumb\",\"itemListElement\":[{\"@type\":\"ListItem\",\"position\":1,\"name\":\"Accueil\",\"item\":\"https:\\\/\\\/unsa-paris.fr\\\/savp\\\/\"},{\"@type\":\"ListItem\",\"position\":2,\"name\":\"Secr\u00e9taires Administratifs des Administrations Parisiennes\u00a0:\"}]},{\"@type\":\"WebSite\",\"@id\":\"https:\\\/\\\/unsa-paris.fr\\\/savp\\\/#website\",\"url\":\"https:\\\/\\\/unsa-paris.fr\\\/savp\\\/\",\"name\":\"Syndicat Autonome UNSA\",\"description\":\"Section des secr\u00e9taires administratifs et des techniciens sup\u00e9rieurs\",\"publisher\":{\"@id\":\"https:\\\/\\\/unsa-paris.fr\\\/savp\\\/#organization\"},\"potentialAction\":[{\"@type\":\"SearchAction\",\"target\":{\"@type\":\"EntryPoint\",\"urlTemplate\":\"https:\\\/\\\/unsa-paris.fr\\\/savp\\\/?s={search_term_string}\"},\"query-input\":{\"@type\":\"PropertyValueSpecification\",\"valueRequired\":true,\"valueName\":\"search_term_string\"}}],\"inLanguage\":\"fr-FR\"},{\"@type\":\"Organization\",\"@id\":\"https:\\\/\\\/unsa-paris.fr\\\/savp\\\/#organization\",\"name\":\"UNSA PARIS fili\u00e8re administrative\",\"url\":\"https:\\\/\\\/unsa-paris.fr\\\/savp\\\/\",\"logo\":{\"@type\":\"ImageObject\",\"inLanguage\":\"fr-FR\",\"@id\":\"https:\\\/\\\/unsa-paris.fr\\\/savp\\\/#\\\/schema\\\/logo\\\/image\\\/\",\"url\":\"https:\\\/\\\/unsa-paris.fr\\\/savp\\\/wp-content\\\/uploads\\\/2020\\\/10\\\/Logo_UNSA-V6.png\",\"contentUrl\":\"https:\\\/\\\/unsa-paris.fr\\\/savp\\\/wp-content\\\/uploads\\\/2020\\\/10\\\/Logo_UNSA-V6.png\",\"width\":986,\"height\":962,\"caption\":\"UNSA PARIS fili\u00e8re administrative\"},\"image\":{\"@id\":\"https:\\\/\\\/unsa-paris.fr\\\/savp\\\/#\\\/schema\\\/logo\\\/image\\\/\"}},{\"@type\":\"Person\",\"@id\":\"https:\\\/\\\/unsa-paris.fr\\\/savp\\\/#\\\/schema\\\/person\\\/656755f73ac5921fc7e2e35124af2ae1\",\"name\":\"militant\",\"image\":{\"@type\":\"ImageObject\",\"inLanguage\":\"fr-FR\",\"@id\":\"https:\\\/\\\/secure.gravatar.com\\\/avatar\\\/bafae66946efbf2980171a895ec279139a1dde2c6d953819f7e7270d582b48d2?s=96&d=mm&r=g\",\"url\":\"https:\\\/\\\/secure.gravatar.com\\\/avatar\\\/bafae66946efbf2980171a895ec279139a1dde2c6d953819f7e7270d582b48d2?s=96&d=mm&r=g\",\"contentUrl\":\"https:\\\/\\\/secure.gravatar.com\\\/avatar\\\/bafae66946efbf2980171a895ec279139a1dde2c6d953819f7e7270d582b48d2?s=96&d=mm&r=g\",\"caption\":\"militant\"},\"url\":\"https:\\\/\\\/unsa-paris.fr\\\/savp\\\/author\\\/militant\\\/\"}]}<\/script>\n<!-- \/ Yoast SEO plugin. -->","yoast_head_json":{"title":"Secr\u00e9taires Administratifs des Administrations Parisiennes\u00a0: - Syndicat Autonome UNSA","robots":{"index":"index","follow":"follow","max-snippet":"max-snippet:-1","max-image-preview":"max-image-preview:large","max-video-preview":"max-video-preview:-1"},"canonical":"https:\/\/unsa-paris.fr\/savp\/2023\/02\/03\/secretaires-administratifs-des-administrations-parisiennes-2\/","og_locale":"fr_FR","og_type":"article","og_title":"Secr\u00e9taires Administratifs des Administrations Parisiennes\u00a0: - Syndicat Autonome UNSA","og_description":"VOS CARRIERES DOIVENT \u00caTRE REVALORISEES L&rsquo;UNSA a sollicit\u00e9 une audience aupr\u00e8s de la cheffe du bureau des carri\u00e8res administratives, afin d&rsquo;\u00e9voquer les probl\u00e8mes rencontr\u00e9s par les secr\u00e9taires administratifs dans leur &hellip; Continuer la lecture de &laquo;&nbsp;Secr\u00e9taires Administratifs des Administrations Parisiennes\u00a0:&nbsp;&raquo;","og_url":"https:\/\/unsa-paris.fr\/savp\/2023\/02\/03\/secretaires-administratifs-des-administrations-parisiennes-2\/","og_site_name":"Syndicat Autonome UNSA","article_published_time":"2023-02-03T10:32:54+00:00","article_modified_time":"2023-02-03T10:39:45+00:00","author":"militant","twitter_card":"summary_large_image","twitter_misc":{"\u00c9crit par":"militant","Dur\u00e9e de lecture estim\u00e9e":"1 minute"},"schema":{"@context":"https:\/\/schema.org","@graph":[{"@type":"Article","@id":"https:\/\/unsa-paris.fr\/savp\/2023\/02\/03\/secretaires-administratifs-des-administrations-parisiennes-2\/#article","isPartOf":{"@id":"https:\/\/unsa-paris.fr\/savp\/2023\/02\/03\/secretaires-administratifs-des-administrations-parisiennes-2\/"},"author":{"name":"militant","@id":"https:\/\/unsa-paris.fr\/savp\/#\/schema\/person\/656755f73ac5921fc7e2e35124af2ae1"},"headline":"Secr\u00e9taires Administratifs des Administrations Parisiennes\u00a0:","datePublished":"2023-02-03T10:32:54+00:00","dateModified":"2023-02-03T10:39:45+00:00","mainEntityOfPage":{"@id":"https:\/\/unsa-paris.fr\/savp\/2023\/02\/03\/secretaires-administratifs-des-administrations-parisiennes-2\/"},"wordCount":59,"commentCount":0,"publisher":{"@id":"https:\/\/unsa-paris.fr\/savp\/#organization"},"articleSection":["non-classe"],"inLanguage":"fr-FR","potentialAction":[{"@type":"CommentAction","name":"Comment","target":["https:\/\/unsa-paris.fr\/savp\/2023\/02\/03\/secretaires-administratifs-des-administrations-parisiennes-2\/#respond"]}]},{"@type":"WebPage","@id":"https:\/\/unsa-paris.fr\/savp\/2023\/02\/03\/secretaires-administratifs-des-administrations-parisiennes-2\/","url":"https:\/\/unsa-paris.fr\/savp\/2023\/02\/03\/secretaires-administratifs-des-administrations-parisiennes-2\/","name":"Secr\u00e9taires Administratifs des Administrations Parisiennes\u00a0: - Syndicat Autonome UNSA","isPartOf":{"@id":"https:\/\/unsa-paris.fr\/savp\/#website"},"datePublished":"2023-02-03T10:32:54+00:00","dateModified":"2023-02-03T10:39:45+00:00","breadcrumb":{"@id":"https:\/\/unsa-paris.fr\/savp\/2023\/02\/03\/secretaires-administratifs-des-administrations-parisiennes-2\/#breadcrumb"},"inLanguage":"fr-FR","potentialAction":[{"@type":"ReadAction","target":["https:\/\/unsa-paris.fr\/savp\/2023\/02\/03\/secretaires-administratifs-des-administrations-parisiennes-2\/"]}]},{"@type":"BreadcrumbList","@id":"https:\/\/unsa-paris.fr\/savp\/2023\/02\/03\/secretaires-administratifs-des-administrations-parisiennes-2\/#breadcrumb","itemListElement":[{"@type":"ListItem","position":1,"name":"Accueil","item":"https:\/\/unsa-paris.fr\/savp\/"},{"@type":"ListItem","position":2,"name":"Secr\u00e9taires Administratifs des Administrations Parisiennes\u00a0:"}]},{"@type":"WebSite","@id":"https:\/\/unsa-paris.fr\/savp\/#website","url":"https:\/\/unsa-paris.fr\/savp\/","name":"Syndicat Autonome UNSA","description":"Section des secr\u00e9taires administratifs et des techniciens sup\u00e9rieurs","publisher":{"@id":"https:\/\/unsa-paris.fr\/savp\/#organization"},"potentialAction":[{"@type":"SearchAction","target":{"@type":"EntryPoint","urlTemplate":"https:\/\/unsa-paris.fr\/savp\/?s={search_term_string}"},"query-input":{"@type":"PropertyValueSpecification","valueRequired":true,"valueName":"search_term_string"}}],"inLanguage":"fr-FR"},{"@type":"Organization","@id":"https:\/\/unsa-paris.fr\/savp\/#organization","name":"UNSA PARIS fili\u00e8re administrative","url":"https:\/\/unsa-paris.fr\/savp\/","logo":{"@type":"ImageObject","inLanguage":"fr-FR","@id":"https:\/\/unsa-paris.fr\/savp\/#\/schema\/logo\/image\/","url":"https:\/\/unsa-paris.fr\/savp\/wp-content\/uploads\/2020\/10\/Logo_UNSA-V6.png","contentUrl":"https:\/\/unsa-paris.fr\/savp\/wp-content\/uploads\/2020\/10\/Logo_UNSA-V6.png","width":986,"height":962,"caption":"UNSA PARIS fili\u00e8re administrative"},"image":{"@id":"https:\/\/unsa-paris.fr\/savp\/#\/schema\/logo\/image\/"}},{"@type":"Person","@id":"https:\/\/unsa-paris.fr\/savp\/#\/schema\/person\/656755f73ac5921fc7e2e35124af2ae1","name":"militant","image":{"@type":"ImageObject","inLanguage":"fr-FR","@id":"https:\/\/secure.gravatar.com\/avatar\/bafae66946efbf2980171a895ec279139a1dde2c6d953819f7e7270d582b48d2?s=96&d=mm&r=g","url":"https:\/\/secure.gravatar.com\/avatar\/bafae66946efbf2980171a895ec279139a1dde2c6d953819f7e7270d582b48d2?s=96&d=mm&r=g","contentUrl":"https:\/\/secure.gravatar.com\/avatar\/bafae66946efbf2980171a895ec279139a1dde2c6d953819f7e7270d582b48d2?s=96&d=mm&r=g","caption":"militant"},"url":"https:\/\/unsa-paris.fr\/savp\/author\/militant\/"}]}},"_links":{"self":[{"href":"https:\/\/unsa-paris.fr\/savp\/wp-json\/wp\/v2\/posts\/1998","targetHints":{"allow":["GET"]}}],"collection":[{"href":"https:\/\/unsa-paris.fr\/savp\/wp-json\/wp\/v2\/posts"}],"about":[{"href":"https:\/\/unsa-paris.fr\/savp\/wp-json\/wp\/v2\/types\/post"}],"author":[{"embeddable":true,"href":"https:\/\/unsa-paris.fr\/savp\/wp-json\/wp\/v2\/users\/1"}],"replies":[{"embeddable":true,"href":"https:\/\/unsa-paris.fr\/savp\/wp-json\/wp\/v2\/comments?post=1998"}],"version-history":[{"count":3,"href":"https:\/\/unsa-paris.fr\/savp\/wp-json\/wp\/v2\/posts\/1998\/revisions"}],"predecessor-version":[{"id":2002,"href":"https:\/\/unsa-paris.fr\/savp\/wp-json\/wp\/v2\/posts\/1998\/revisions\/2002"}],"wp:attachment":[{"href":"https:\/\/unsa-paris.fr\/savp\/wp-json\/wp\/v2\/media?parent=1998"}],"wp:term":[{"taxonomy":"category","embeddable":true,"href":"https:\/\/unsa-paris.fr\/savp\/wp-json\/wp\/v2\/categories?post=1998"},{"taxonomy":"post_tag","embeddable":true,"href":"https:\/\/unsa-paris.fr\/savp\/wp-json\/wp\/v2\/tags?post=1998"}],"curies":[{"name":"wp","href":"https:\/\/api.w.org\/{rel}","templated":true}]}}