{"id":1980,"date":"2023-01-31T20:32:14","date_gmt":"2023-01-31T19:32:14","guid":{"rendered":"https:\/\/unsa-paris.fr\/savp\/?p=1980"},"modified":"2023-01-31T20:50:51","modified_gmt":"2023-01-31T19:50:51","slug":"lunsa-fonction-publique-condamne-lutilisation-abusive-des-donnees-personnelles-des-agents-par-stanislas-guerini","status":"publish","type":"post","link":"https:\/\/unsa-paris.fr\/savp\/2023\/01\/31\/lunsa-fonction-publique-condamne-lutilisation-abusive-des-donnees-personnelles-des-agents-par-stanislas-guerini\/","title":{"rendered":"L&rsquo;UNSA Fonction Publique condamne l&rsquo;utilisation abusive des donn\u00e9es personnelles des agents par Stanislas Gu\u00e9rini"},"content":{"rendered":"\t\t<div data-elementor-type=\"wp-post\" data-elementor-id=\"1980\" class=\"elementor elementor-1980\">\n\t\t\t\t\t\t<section class=\"elementor-section elementor-top-section elementor-element elementor-element-610ccb47 elementor-section-boxed elementor-section-height-default elementor-section-height-default\" data-id=\"610ccb47\" data-element_type=\"section\" data-e-type=\"section\">\n\t\t\t\t\t\t<div class=\"elementor-container elementor-column-gap-default\">\n\t\t\t\t\t<div class=\"elementor-column elementor-col-100 elementor-top-column elementor-element elementor-element-2c656df8\" data-id=\"2c656df8\" data-element_type=\"column\" data-e-type=\"column\">\n\t\t\t<div class=\"elementor-widget-wrap elementor-element-populated\">\n\t\t\t\t\t\t<section class=\"elementor-section elementor-inner-section elementor-element elementor-element-a59d859 elementor-section-boxed elementor-section-height-default elementor-section-height-default\" data-id=\"a59d859\" data-element_type=\"section\" data-e-type=\"section\">\n\t\t\t\t\t\t<div class=\"elementor-container elementor-column-gap-default\">\n\t\t\t\t\t<div class=\"elementor-column elementor-col-50 elementor-inner-column elementor-element elementor-element-f505ed5\" data-id=\"f505ed5\" data-element_type=\"column\" data-e-type=\"column\">\n\t\t\t<div class=\"elementor-widget-wrap elementor-element-populated\">\n\t\t\t\t\t\t<div class=\"elementor-element elementor-element-9a6e4bd elementor-widget elementor-widget-image\" data-id=\"9a6e4bd\" data-element_type=\"widget\" data-e-type=\"widget\" data-widget_type=\"image.default\">\n\t\t\t\t<div class=\"elementor-widget-container\">\n\t\t\t\t\t\t\t\t\t\t\t\t\t\t\t<img fetchpriority=\"high\" decoding=\"async\" width=\"300\" height=\"300\" src=\"https:\/\/unsa-paris.fr\/savp\/wp-content\/uploads\/2023\/01\/Min-FP-300x300.jpg\" class=\"attachment-medium size-medium wp-image-1979\" alt=\"\" srcset=\"https:\/\/unsa-paris.fr\/savp\/wp-content\/uploads\/2023\/01\/Min-FP-300x300.jpg 300w, https:\/\/unsa-paris.fr\/savp\/wp-content\/uploads\/2023\/01\/Min-FP-150x150.jpg 150w, https:\/\/unsa-paris.fr\/savp\/wp-content\/uploads\/2023\/01\/Min-FP.jpg 400w\" sizes=\"(max-width: 300px) 85vw, 300px\" \/>\t\t\t\t\t\t\t\t\t\t\t\t\t\t\t<\/div>\n\t\t\t\t<\/div>\n\t\t\t\t\t<\/div>\n\t\t<\/div>\n\t\t\t\t<div class=\"elementor-column elementor-col-50 elementor-inner-column elementor-element elementor-element-c983fb1\" data-id=\"c983fb1\" data-element_type=\"column\" data-e-type=\"column\">\n\t\t\t<div class=\"elementor-widget-wrap elementor-element-populated\">\n\t\t\t\t\t\t<div class=\"elementor-element elementor-element-80cae1a elementor-widget elementor-widget-heading\" data-id=\"80cae1a\" data-element_type=\"widget\" data-e-type=\"widget\" data-widget_type=\"heading.default\">\n\t\t\t\t<div class=\"elementor-widget-container\">\n\t\t\t\t\t<h5 class=\"elementor-heading-title elementor-size-medium\">L'UNSA Fonction Publique estime que l'envoi d'un mail du ministre de la Transformation et de la Fonction Publiques sur les bo\u00eetes mails personnelles des agents publics en utilisant la base de donn\u00e9es des services fiscaux est grave !<\/h5>\t\t\t\t<\/div>\n\t\t\t\t<\/div>\n\t\t\t\t\t<\/div>\n\t\t<\/div>\n\t\t\t\t\t<\/div>\n\t\t<\/section>\n\t\t\t\t<div class=\"elementor-element elementor-element-3a55e72 elementor-widget elementor-widget-read-more\" data-id=\"3a55e72\" data-element_type=\"widget\" data-e-type=\"widget\" data-widget_type=\"read-more.default\">\n\t\t\t\t<div class=\"elementor-widget-container\">\n\t\t\t\t\t<\/div><\/div><\/div><\/div><\/div><\/section><\/div> <a href=\"https:\/\/unsa-paris.fr\/savp\/2023\/01\/31\/lunsa-fonction-publique-condamne-lutilisation-abusive-des-donnees-personnelles-des-agents-par-stanislas-guerini\/#more-1980\" class=\"more-link elementor-more-link\"><span aria-label=\"Poursuivre la lecture L&rsquo;UNSA Fonction Publique condamne l&rsquo;utilisation abusive des donn\u00e9es personnelles des agents par Stanislas Gu\u00e9rini\">Poursuivre la lecture<\/span><\/a>","protected":false},"excerpt":{"rendered":"<p>L&rsquo;UNSA Fonction Publique estime que l&rsquo;envoi d&rsquo;un mail du ministre de la Transformation et de la Fonction Publiques sur les bo\u00eetes mails personnelles des agents publics en utilisant la base &hellip; <a href=\"https:\/\/unsa-paris.fr\/savp\/2023\/01\/31\/lunsa-fonction-publique-condamne-lutilisation-abusive-des-donnees-personnelles-des-agents-par-stanislas-guerini\/\" class=\"more-link\">Continuer la lecture<span class=\"screen-reader-text\"> de &laquo;&nbsp;L&rsquo;UNSA Fonction Publique condamne l&rsquo;utilisation abusive des donn\u00e9es personnelles des agents par Stanislas Gu\u00e9rini&nbsp;&raquo;<\/span><\/a><\/p>\n","protected":false},"author":1,"featured_media":0,"comment_status":"open","ping_status":"open","sticky":false,"template":"","format":"standard","meta":{"footnotes":""},"categories":[7,9],"tags":[],"class_list":["post-1980","post","type-post","status-publish","format-standard","hentry","category-actualite","category-communique"],"yoast_head":"<!-- This site is optimized with the Yoast SEO plugin v27.5 - https:\/\/yoast.com\/product\/yoast-seo-wordpress\/ -->\n<title>L&#039;UNSA Fonction Publique condamne l&#039;utilisation abusive des donn\u00e9es personnelles des agents par Stanislas Gu\u00e9rini - Syndicat Autonome UNSA<\/title>\n<meta name=\"robots\" content=\"index, follow, max-snippet:-1, max-image-preview:large, max-video-preview:-1\" \/>\n<link rel=\"canonical\" href=\"https:\/\/unsa-paris.fr\/savp\/2023\/01\/31\/lunsa-fonction-publique-condamne-lutilisation-abusive-des-donnees-personnelles-des-agents-par-stanislas-guerini\/\" \/>\n<meta property=\"og:locale\" content=\"fr_FR\" \/>\n<meta property=\"og:type\" content=\"article\" \/>\n<meta property=\"og:title\" content=\"L&#039;UNSA Fonction Publique condamne l&#039;utilisation abusive des donn\u00e9es personnelles des agents par Stanislas Gu\u00e9rini - Syndicat Autonome UNSA\" \/>\n<meta property=\"og:description\" content=\"L&rsquo;UNSA Fonction Publique estime que l&rsquo;envoi d&rsquo;un mail du ministre de la Transformation et de la Fonction Publiques sur les bo\u00eetes mails personnelles des agents publics en utilisant la base &hellip; Continuer la lecture de &laquo;&nbsp;L&rsquo;UNSA Fonction Publique condamne l&rsquo;utilisation abusive des donn\u00e9es personnelles des agents par Stanislas Gu\u00e9rini&nbsp;&raquo;\" \/>\n<meta property=\"og:url\" content=\"https:\/\/unsa-paris.fr\/savp\/2023\/01\/31\/lunsa-fonction-publique-condamne-lutilisation-abusive-des-donnees-personnelles-des-agents-par-stanislas-guerini\/\" \/>\n<meta property=\"og:site_name\" content=\"Syndicat Autonome UNSA\" \/>\n<meta property=\"article:published_time\" content=\"2023-01-31T19:32:14+00:00\" \/>\n<meta property=\"article:modified_time\" content=\"2023-01-31T19:50:51+00:00\" \/>\n<meta property=\"og:image\" content=\"https:\/\/unsa-paris.fr\/savp\/wp-content\/uploads\/2023\/01\/Min-FP-300x300.jpg\" \/>\n<meta name=\"author\" content=\"militant\" \/>\n<meta name=\"twitter:card\" content=\"summary_large_image\" \/>\n<meta name=\"twitter:label1\" content=\"\u00c9crit par\" \/>\n\t<meta name=\"twitter:data1\" content=\"militant\" \/>\n\t<meta name=\"twitter:label2\" content=\"Dur\u00e9e de lecture estim\u00e9e\" \/>\n\t<meta name=\"twitter:data2\" content=\"1 minute\" \/>\n<script type=\"application\/ld+json\" class=\"yoast-schema-graph\">{\"@context\":\"https:\\\/\\\/schema.org\",\"@graph\":[{\"@type\":\"Article\",\"@id\":\"https:\\\/\\\/unsa-paris.fr\\\/savp\\\/2023\\\/01\\\/31\\\/lunsa-fonction-publique-condamne-lutilisation-abusive-des-donnees-personnelles-des-agents-par-stanislas-guerini\\\/#article\",\"isPartOf\":{\"@id\":\"https:\\\/\\\/unsa-paris.fr\\\/savp\\\/2023\\\/01\\\/31\\\/lunsa-fonction-publique-condamne-lutilisation-abusive-des-donnees-personnelles-des-agents-par-stanislas-guerini\\\/\"},\"author\":{\"name\":\"militant\",\"@id\":\"https:\\\/\\\/unsa-paris.fr\\\/savp\\\/#\\\/schema\\\/person\\\/656755f73ac5921fc7e2e35124af2ae1\"},\"headline\":\"L&rsquo;UNSA Fonction Publique condamne l&rsquo;utilisation abusive des donn\u00e9es personnelles des agents par Stanislas Gu\u00e9rini\",\"datePublished\":\"2023-01-31T19:32:14+00:00\",\"dateModified\":\"2023-01-31T19:50:51+00:00\",\"mainEntityOfPage\":{\"@id\":\"https:\\\/\\\/unsa-paris.fr\\\/savp\\\/2023\\\/01\\\/31\\\/lunsa-fonction-publique-condamne-lutilisation-abusive-des-donnees-personnelles-des-agents-par-stanislas-guerini\\\/\"},\"wordCount\":184,\"commentCount\":0,\"publisher\":{\"@id\":\"https:\\\/\\\/unsa-paris.fr\\\/savp\\\/#organization\"},\"image\":{\"@id\":\"https:\\\/\\\/unsa-paris.fr\\\/savp\\\/2023\\\/01\\\/31\\\/lunsa-fonction-publique-condamne-lutilisation-abusive-des-donnees-personnelles-des-agents-par-stanislas-guerini\\\/#primaryimage\"},\"thumbnailUrl\":\"https:\\\/\\\/unsa-paris.fr\\\/savp\\\/wp-content\\\/uploads\\\/2023\\\/01\\\/Min-FP-300x300.jpg\",\"articleSection\":[\"Actualite\",\"Communique\"],\"inLanguage\":\"fr-FR\",\"potentialAction\":[{\"@type\":\"CommentAction\",\"name\":\"Comment\",\"target\":[\"https:\\\/\\\/unsa-paris.fr\\\/savp\\\/2023\\\/01\\\/31\\\/lunsa-fonction-publique-condamne-lutilisation-abusive-des-donnees-personnelles-des-agents-par-stanislas-guerini\\\/#respond\"]}]},{\"@type\":\"WebPage\",\"@id\":\"https:\\\/\\\/unsa-paris.fr\\\/savp\\\/2023\\\/01\\\/31\\\/lunsa-fonction-publique-condamne-lutilisation-abusive-des-donnees-personnelles-des-agents-par-stanislas-guerini\\\/\",\"url\":\"https:\\\/\\\/unsa-paris.fr\\\/savp\\\/2023\\\/01\\\/31\\\/lunsa-fonction-publique-condamne-lutilisation-abusive-des-donnees-personnelles-des-agents-par-stanislas-guerini\\\/\",\"name\":\"L'UNSA Fonction Publique condamne l'utilisation abusive des donn\u00e9es personnelles des agents par Stanislas Gu\u00e9rini - Syndicat Autonome UNSA\",\"isPartOf\":{\"@id\":\"https:\\\/\\\/unsa-paris.fr\\\/savp\\\/#website\"},\"primaryImageOfPage\":{\"@id\":\"https:\\\/\\\/unsa-paris.fr\\\/savp\\\/2023\\\/01\\\/31\\\/lunsa-fonction-publique-condamne-lutilisation-abusive-des-donnees-personnelles-des-agents-par-stanislas-guerini\\\/#primaryimage\"},\"image\":{\"@id\":\"https:\\\/\\\/unsa-paris.fr\\\/savp\\\/2023\\\/01\\\/31\\\/lunsa-fonction-publique-condamne-lutilisation-abusive-des-donnees-personnelles-des-agents-par-stanislas-guerini\\\/#primaryimage\"},\"thumbnailUrl\":\"https:\\\/\\\/unsa-paris.fr\\\/savp\\\/wp-content\\\/uploads\\\/2023\\\/01\\\/Min-FP-300x300.jpg\",\"datePublished\":\"2023-01-31T19:32:14+00:00\",\"dateModified\":\"2023-01-31T19:50:51+00:00\",\"breadcrumb\":{\"@id\":\"https:\\\/\\\/unsa-paris.fr\\\/savp\\\/2023\\\/01\\\/31\\\/lunsa-fonction-publique-condamne-lutilisation-abusive-des-donnees-personnelles-des-agents-par-stanislas-guerini\\\/#breadcrumb\"},\"inLanguage\":\"fr-FR\",\"potentialAction\":[{\"@type\":\"ReadAction\",\"target\":[\"https:\\\/\\\/unsa-paris.fr\\\/savp\\\/2023\\\/01\\\/31\\\/lunsa-fonction-publique-condamne-lutilisation-abusive-des-donnees-personnelles-des-agents-par-stanislas-guerini\\\/\"]}]},{\"@type\":\"ImageObject\",\"inLanguage\":\"fr-FR\",\"@id\":\"https:\\\/\\\/unsa-paris.fr\\\/savp\\\/2023\\\/01\\\/31\\\/lunsa-fonction-publique-condamne-lutilisation-abusive-des-donnees-personnelles-des-agents-par-stanislas-guerini\\\/#primaryimage\",\"url\":\"https:\\\/\\\/unsa-paris.fr\\\/savp\\\/wp-content\\\/uploads\\\/2023\\\/01\\\/Min-FP.jpg\",\"contentUrl\":\"https:\\\/\\\/unsa-paris.fr\\\/savp\\\/wp-content\\\/uploads\\\/2023\\\/01\\\/Min-FP.jpg\",\"width\":400,\"height\":400},{\"@type\":\"BreadcrumbList\",\"@id\":\"https:\\\/\\\/unsa-paris.fr\\\/savp\\\/2023\\\/01\\\/31\\\/lunsa-fonction-publique-condamne-lutilisation-abusive-des-donnees-personnelles-des-agents-par-stanislas-guerini\\\/#breadcrumb\",\"itemListElement\":[{\"@type\":\"ListItem\",\"position\":1,\"name\":\"Accueil\",\"item\":\"https:\\\/\\\/unsa-paris.fr\\\/savp\\\/\"},{\"@type\":\"ListItem\",\"position\":2,\"name\":\"L&#8217;UNSA Fonction Publique condamne l&#8217;utilisation abusive des donn\u00e9es personnelles des agents par Stanislas Gu\u00e9rini\"}]},{\"@type\":\"WebSite\",\"@id\":\"https:\\\/\\\/unsa-paris.fr\\\/savp\\\/#website\",\"url\":\"https:\\\/\\\/unsa-paris.fr\\\/savp\\\/\",\"name\":\"Syndicat Autonome UNSA\",\"description\":\"Section des secr\u00e9taires administratifs et des techniciens sup\u00e9rieurs\",\"publisher\":{\"@id\":\"https:\\\/\\\/unsa-paris.fr\\\/savp\\\/#organization\"},\"potentialAction\":[{\"@type\":\"SearchAction\",\"target\":{\"@type\":\"EntryPoint\",\"urlTemplate\":\"https:\\\/\\\/unsa-paris.fr\\\/savp\\\/?s={search_term_string}\"},\"query-input\":{\"@type\":\"PropertyValueSpecification\",\"valueRequired\":true,\"valueName\":\"search_term_string\"}}],\"inLanguage\":\"fr-FR\"},{\"@type\":\"Organization\",\"@id\":\"https:\\\/\\\/unsa-paris.fr\\\/savp\\\/#organization\",\"name\":\"UNSA PARIS fili\u00e8re administrative\",\"url\":\"https:\\\/\\\/unsa-paris.fr\\\/savp\\\/\",\"logo\":{\"@type\":\"ImageObject\",\"inLanguage\":\"fr-FR\",\"@id\":\"https:\\\/\\\/unsa-paris.fr\\\/savp\\\/#\\\/schema\\\/logo\\\/image\\\/\",\"url\":\"https:\\\/\\\/unsa-paris.fr\\\/savp\\\/wp-content\\\/uploads\\\/2020\\\/10\\\/Logo_UNSA-V6.png\",\"contentUrl\":\"https:\\\/\\\/unsa-paris.fr\\\/savp\\\/wp-content\\\/uploads\\\/2020\\\/10\\\/Logo_UNSA-V6.png\",\"width\":986,\"height\":962,\"caption\":\"UNSA PARIS fili\u00e8re administrative\"},\"image\":{\"@id\":\"https:\\\/\\\/unsa-paris.fr\\\/savp\\\/#\\\/schema\\\/logo\\\/image\\\/\"}},{\"@type\":\"Person\",\"@id\":\"https:\\\/\\\/unsa-paris.fr\\\/savp\\\/#\\\/schema\\\/person\\\/656755f73ac5921fc7e2e35124af2ae1\",\"name\":\"militant\",\"image\":{\"@type\":\"ImageObject\",\"inLanguage\":\"fr-FR\",\"@id\":\"https:\\\/\\\/secure.gravatar.com\\\/avatar\\\/bafae66946efbf2980171a895ec279139a1dde2c6d953819f7e7270d582b48d2?s=96&d=mm&r=g\",\"url\":\"https:\\\/\\\/secure.gravatar.com\\\/avatar\\\/bafae66946efbf2980171a895ec279139a1dde2c6d953819f7e7270d582b48d2?s=96&d=mm&r=g\",\"contentUrl\":\"https:\\\/\\\/secure.gravatar.com\\\/avatar\\\/bafae66946efbf2980171a895ec279139a1dde2c6d953819f7e7270d582b48d2?s=96&d=mm&r=g\",\"caption\":\"militant\"},\"url\":\"https:\\\/\\\/unsa-paris.fr\\\/savp\\\/author\\\/militant\\\/\"}]}<\/script>\n<!-- \/ Yoast SEO plugin. -->","yoast_head_json":{"title":"L'UNSA Fonction Publique condamne l'utilisation abusive des donn\u00e9es personnelles des agents par Stanislas Gu\u00e9rini - Syndicat Autonome UNSA","robots":{"index":"index","follow":"follow","max-snippet":"max-snippet:-1","max-image-preview":"max-image-preview:large","max-video-preview":"max-video-preview:-1"},"canonical":"https:\/\/unsa-paris.fr\/savp\/2023\/01\/31\/lunsa-fonction-publique-condamne-lutilisation-abusive-des-donnees-personnelles-des-agents-par-stanislas-guerini\/","og_locale":"fr_FR","og_type":"article","og_title":"L'UNSA Fonction Publique condamne l'utilisation abusive des donn\u00e9es personnelles des agents par Stanislas Gu\u00e9rini - Syndicat Autonome UNSA","og_description":"L&rsquo;UNSA Fonction Publique estime que l&rsquo;envoi d&rsquo;un mail du ministre de la Transformation et de la Fonction Publiques sur les bo\u00eetes mails personnelles des agents publics en utilisant la base &hellip; Continuer la lecture de &laquo;&nbsp;L&rsquo;UNSA Fonction Publique condamne l&rsquo;utilisation abusive des donn\u00e9es personnelles des agents par Stanislas Gu\u00e9rini&nbsp;&raquo;","og_url":"https:\/\/unsa-paris.fr\/savp\/2023\/01\/31\/lunsa-fonction-publique-condamne-lutilisation-abusive-des-donnees-personnelles-des-agents-par-stanislas-guerini\/","og_site_name":"Syndicat Autonome UNSA","article_published_time":"2023-01-31T19:32:14+00:00","article_modified_time":"2023-01-31T19:50:51+00:00","og_image":[{"url":"https:\/\/unsa-paris.fr\/savp\/wp-content\/uploads\/2023\/01\/Min-FP-300x300.jpg","type":"","width":"","height":""}],"author":"militant","twitter_card":"summary_large_image","twitter_misc":{"\u00c9crit par":"militant","Dur\u00e9e de lecture estim\u00e9e":"1 minute"},"schema":{"@context":"https:\/\/schema.org","@graph":[{"@type":"Article","@id":"https:\/\/unsa-paris.fr\/savp\/2023\/01\/31\/lunsa-fonction-publique-condamne-lutilisation-abusive-des-donnees-personnelles-des-agents-par-stanislas-guerini\/#article","isPartOf":{"@id":"https:\/\/unsa-paris.fr\/savp\/2023\/01\/31\/lunsa-fonction-publique-condamne-lutilisation-abusive-des-donnees-personnelles-des-agents-par-stanislas-guerini\/"},"author":{"name":"militant","@id":"https:\/\/unsa-paris.fr\/savp\/#\/schema\/person\/656755f73ac5921fc7e2e35124af2ae1"},"headline":"L&rsquo;UNSA Fonction Publique condamne l&rsquo;utilisation abusive des donn\u00e9es personnelles des agents par Stanislas Gu\u00e9rini","datePublished":"2023-01-31T19:32:14+00:00","dateModified":"2023-01-31T19:50:51+00:00","mainEntityOfPage":{"@id":"https:\/\/unsa-paris.fr\/savp\/2023\/01\/31\/lunsa-fonction-publique-condamne-lutilisation-abusive-des-donnees-personnelles-des-agents-par-stanislas-guerini\/"},"wordCount":184,"commentCount":0,"publisher":{"@id":"https:\/\/unsa-paris.fr\/savp\/#organization"},"image":{"@id":"https:\/\/unsa-paris.fr\/savp\/2023\/01\/31\/lunsa-fonction-publique-condamne-lutilisation-abusive-des-donnees-personnelles-des-agents-par-stanislas-guerini\/#primaryimage"},"thumbnailUrl":"https:\/\/unsa-paris.fr\/savp\/wp-content\/uploads\/2023\/01\/Min-FP-300x300.jpg","articleSection":["Actualite","Communique"],"inLanguage":"fr-FR","potentialAction":[{"@type":"CommentAction","name":"Comment","target":["https:\/\/unsa-paris.fr\/savp\/2023\/01\/31\/lunsa-fonction-publique-condamne-lutilisation-abusive-des-donnees-personnelles-des-agents-par-stanislas-guerini\/#respond"]}]},{"@type":"WebPage","@id":"https:\/\/unsa-paris.fr\/savp\/2023\/01\/31\/lunsa-fonction-publique-condamne-lutilisation-abusive-des-donnees-personnelles-des-agents-par-stanislas-guerini\/","url":"https:\/\/unsa-paris.fr\/savp\/2023\/01\/31\/lunsa-fonction-publique-condamne-lutilisation-abusive-des-donnees-personnelles-des-agents-par-stanislas-guerini\/","name":"L'UNSA Fonction Publique condamne l'utilisation abusive des donn\u00e9es personnelles des agents par Stanislas Gu\u00e9rini - Syndicat Autonome UNSA","isPartOf":{"@id":"https:\/\/unsa-paris.fr\/savp\/#website"},"primaryImageOfPage":{"@id":"https:\/\/unsa-paris.fr\/savp\/2023\/01\/31\/lunsa-fonction-publique-condamne-lutilisation-abusive-des-donnees-personnelles-des-agents-par-stanislas-guerini\/#primaryimage"},"image":{"@id":"https:\/\/unsa-paris.fr\/savp\/2023\/01\/31\/lunsa-fonction-publique-condamne-lutilisation-abusive-des-donnees-personnelles-des-agents-par-stanislas-guerini\/#primaryimage"},"thumbnailUrl":"https:\/\/unsa-paris.fr\/savp\/wp-content\/uploads\/2023\/01\/Min-FP-300x300.jpg","datePublished":"2023-01-31T19:32:14+00:00","dateModified":"2023-01-31T19:50:51+00:00","breadcrumb":{"@id":"https:\/\/unsa-paris.fr\/savp\/2023\/01\/31\/lunsa-fonction-publique-condamne-lutilisation-abusive-des-donnees-personnelles-des-agents-par-stanislas-guerini\/#breadcrumb"},"inLanguage":"fr-FR","potentialAction":[{"@type":"ReadAction","target":["https:\/\/unsa-paris.fr\/savp\/2023\/01\/31\/lunsa-fonction-publique-condamne-lutilisation-abusive-des-donnees-personnelles-des-agents-par-stanislas-guerini\/"]}]},{"@type":"ImageObject","inLanguage":"fr-FR","@id":"https:\/\/unsa-paris.fr\/savp\/2023\/01\/31\/lunsa-fonction-publique-condamne-lutilisation-abusive-des-donnees-personnelles-des-agents-par-stanislas-guerini\/#primaryimage","url":"https:\/\/unsa-paris.fr\/savp\/wp-content\/uploads\/2023\/01\/Min-FP.jpg","contentUrl":"https:\/\/unsa-paris.fr\/savp\/wp-content\/uploads\/2023\/01\/Min-FP.jpg","width":400,"height":400},{"@type":"BreadcrumbList","@id":"https:\/\/unsa-paris.fr\/savp\/2023\/01\/31\/lunsa-fonction-publique-condamne-lutilisation-abusive-des-donnees-personnelles-des-agents-par-stanislas-guerini\/#breadcrumb","itemListElement":[{"@type":"ListItem","position":1,"name":"Accueil","item":"https:\/\/unsa-paris.fr\/savp\/"},{"@type":"ListItem","position":2,"name":"L&#8217;UNSA Fonction Publique condamne l&#8217;utilisation abusive des donn\u00e9es personnelles des agents par Stanislas Gu\u00e9rini"}]},{"@type":"WebSite","@id":"https:\/\/unsa-paris.fr\/savp\/#website","url":"https:\/\/unsa-paris.fr\/savp\/","name":"Syndicat Autonome UNSA","description":"Section des secr\u00e9taires administratifs et des techniciens sup\u00e9rieurs","publisher":{"@id":"https:\/\/unsa-paris.fr\/savp\/#organization"},"potentialAction":[{"@type":"SearchAction","target":{"@type":"EntryPoint","urlTemplate":"https:\/\/unsa-paris.fr\/savp\/?s={search_term_string}"},"query-input":{"@type":"PropertyValueSpecification","valueRequired":true,"valueName":"search_term_string"}}],"inLanguage":"fr-FR"},{"@type":"Organization","@id":"https:\/\/unsa-paris.fr\/savp\/#organization","name":"UNSA PARIS fili\u00e8re administrative","url":"https:\/\/unsa-paris.fr\/savp\/","logo":{"@type":"ImageObject","inLanguage":"fr-FR","@id":"https:\/\/unsa-paris.fr\/savp\/#\/schema\/logo\/image\/","url":"https:\/\/unsa-paris.fr\/savp\/wp-content\/uploads\/2020\/10\/Logo_UNSA-V6.png","contentUrl":"https:\/\/unsa-paris.fr\/savp\/wp-content\/uploads\/2020\/10\/Logo_UNSA-V6.png","width":986,"height":962,"caption":"UNSA PARIS fili\u00e8re administrative"},"image":{"@id":"https:\/\/unsa-paris.fr\/savp\/#\/schema\/logo\/image\/"}},{"@type":"Person","@id":"https:\/\/unsa-paris.fr\/savp\/#\/schema\/person\/656755f73ac5921fc7e2e35124af2ae1","name":"militant","image":{"@type":"ImageObject","inLanguage":"fr-FR","@id":"https:\/\/secure.gravatar.com\/avatar\/bafae66946efbf2980171a895ec279139a1dde2c6d953819f7e7270d582b48d2?s=96&d=mm&r=g","url":"https:\/\/secure.gravatar.com\/avatar\/bafae66946efbf2980171a895ec279139a1dde2c6d953819f7e7270d582b48d2?s=96&d=mm&r=g","contentUrl":"https:\/\/secure.gravatar.com\/avatar\/bafae66946efbf2980171a895ec279139a1dde2c6d953819f7e7270d582b48d2?s=96&d=mm&r=g","caption":"militant"},"url":"https:\/\/unsa-paris.fr\/savp\/author\/militant\/"}]}},"_links":{"self":[{"href":"https:\/\/unsa-paris.fr\/savp\/wp-json\/wp\/v2\/posts\/1980","targetHints":{"allow":["GET"]}}],"collection":[{"href":"https:\/\/unsa-paris.fr\/savp\/wp-json\/wp\/v2\/posts"}],"about":[{"href":"https:\/\/unsa-paris.fr\/savp\/wp-json\/wp\/v2\/types\/post"}],"author":[{"embeddable":true,"href":"https:\/\/unsa-paris.fr\/savp\/wp-json\/wp\/v2\/users\/1"}],"replies":[{"embeddable":true,"href":"https:\/\/unsa-paris.fr\/savp\/wp-json\/wp\/v2\/comments?post=1980"}],"version-history":[{"count":7,"href":"https:\/\/unsa-paris.fr\/savp\/wp-json\/wp\/v2\/posts\/1980\/revisions"}],"predecessor-version":[{"id":1988,"href":"https:\/\/unsa-paris.fr\/savp\/wp-json\/wp\/v2\/posts\/1980\/revisions\/1988"}],"wp:attachment":[{"href":"https:\/\/unsa-paris.fr\/savp\/wp-json\/wp\/v2\/media?parent=1980"}],"wp:term":[{"taxonomy":"category","embeddable":true,"href":"https:\/\/unsa-paris.fr\/savp\/wp-json\/wp\/v2\/categories?post=1980"},{"taxonomy":"post_tag","embeddable":true,"href":"https:\/\/unsa-paris.fr\/savp\/wp-json\/wp\/v2\/tags?post=1980"}],"curies":[{"name":"wp","href":"https:\/\/api.w.org\/{rel}","templated":true}]}}