{"id":1967,"date":"2023-02-06T18:03:41","date_gmt":"2023-02-06T17:03:41","guid":{"rendered":"https:\/\/unsa-paris.fr\/savp\/?p=1967"},"modified":"2023-02-06T18:03:43","modified_gmt":"2023-02-06T17:03:43","slug":"contre-la-retraite-a-64-ans-2","status":"publish","type":"post","link":"https:\/\/unsa-paris.fr\/savp\/2023\/02\/06\/contre-la-retraite-a-64-ans-2\/","title":{"rendered":"CONTRE LA RETRAITE \u00c0 64 ANS"},"content":{"rendered":"\n<p class=\"has-text-align-center has-bright-red-color has-text-color\" style=\"font-size:26px\"><strong>EN GR\u00c8VE ET EN MANIFESTATION LE 7 F\u00c9VRIER! <\/strong><\/p>\n\n\n\n<figure class=\"wp-block-image size-full\"><img fetchpriority=\"high\" decoding=\"async\" width=\"692\" height=\"171\" src=\"https:\/\/unsa-paris.fr\/savp\/wp-content\/uploads\/2023\/01\/retraite.png\" alt=\"\" class=\"wp-image-1957\" srcset=\"https:\/\/unsa-paris.fr\/savp\/wp-content\/uploads\/2023\/01\/retraite.png 692w, https:\/\/unsa-paris.fr\/savp\/wp-content\/uploads\/2023\/01\/retraite-300x74.png 300w\" sizes=\"(max-width: 709px) 85vw, (max-width: 909px) 67vw, (max-width: 984px) 61vw, (max-width: 1362px) 45vw, 600px\" \/><\/figure>\n\n\n\n<p><br>Une nouvelle fois les chiffres de la mobilisation ont parl\u00e9. Les organisations syndicales \u00e9voquent le chiffre de 2,5 millions de personnes dans la rue pour dire non \u00e0 la r\u00e9forme des retraites. <\/p>\n\n\n\n<!--more-->\n\n\n\n<p>Le minist\u00e8re de l&rsquo;int\u00e9rieur n&rsquo;en a d\u00e9nombr\u00e9 qu&rsquo; 1,272 million, mais c&rsquo;est plus que les chiffres du 19 janvier qui \u00e9taient de 1,12 millions. <br>La manifestation du 31 janvier a \u00e9t\u00e9 historique, puisqu&rsquo;elle a d\u00e9pass\u00e9 le record de 2010, d\u00e9j\u00e0 contre l&rsquo;allongement du temps de travail et a rassembl\u00e9 bien plus qu&rsquo;en 1995. <br>Ceci montre bien le rejet massif dont le projet gouvernemental est l&rsquo;objet. Il faut continuer et amplifier le mouvement par la gr\u00e8ve et la manifestation.<\/p>\n\n\n\n<p class=\"has-text-align-center has-bright-blue-color has-text-color has-medium-font-size\"> <strong>Venez manifester mardi 7 f\u00e9vrier <br>\u00c0 partir de 14h <br>De la Place de l&rsquo;Op\u00e9ra \u00e0 la place de la Bastille <\/strong><\/p>\n\n\n\n<p class=\"has-text-align-center has-bright-blue-color has-text-color\">Trajet du cort\u00e8ge: Boulevard des Italiens, Boulevard de Montmartre, Boulevard Poissonni\u00e8re, Boulevard de Bonne Nouvelle, Boulevard Saint-Denis, Boulevard Saint-Martin, Place de la R\u00e9publique, Boulevard du Temple, Boulevard des Filles du Calvaire, Boulevard Beaumarchais. <br><a href=\"https:\/\/unsa-paris.fr\/savp\/wp-content\/uploads\/2023\/02\/communique_intesyndical_le_gouvernement_doit_entendre_et_retirer_sa_reforme.pdf\" target=\"_blank\" rel=\"noreferrer noopener\">\u2022 2023_01_31 Communiqu\u00e9 Intersyndical Gr\u00e8ve Retraites   T\u00e9l\u00e9charger <\/a><\/p>\n\n\n\n<p class=\"has-text-align-center has-bright-red-color has-text-color has-medium-font-size\"><strong>Incidences des journ\u00e9es de gr\u00e8ve sur le calcul de la retraite<\/strong><\/p>\n\n\n\n<p class=\"has-text-align-center has-dark-gray-color has-text-color\">L\u00e9gende urbaine colport\u00e9e parfois par certaines publications fantaisistes, ou difficult\u00e9s d\u2019interpr\u00e9tation des relev\u00e9s de carri\u00e8re&nbsp;:<\/p>\n\n\n\n<p class=\"has-text-align-center has-bright-blue-color has-text-color\"><strong>Non, les fonctionnaires ne perdent pas un trimestre de cotisation \u00e0 chaque fois qu\u2019ils font une journ\u00e9e de gr\u00e8ve.<\/strong><\/p>\n\n\n\n<p>Si, dans le secteur priv\u00e9, les journ\u00e9es de gr\u00e8ve n\u2019ont quasiment aucun impact sur les droits \u00e0 retraite car la dur\u00e9e d\u2019assurance n\u2019est pas d\u00e9compt\u00e9e de date \u00e0 date mais \u00e0 partir des cotisations pr\u00e9lev\u00e9es sur les salaires, la r\u00e9alit\u00e9 est un peu diff\u00e9rente dans la Fonction Publique.<\/p>\n\n\n\n<p>Depuis une circulaire de d\u00e9cembre 1947 les p\u00e9riodes de gr\u00e8ve des fonctionnaires, bien que non r\u00e9mun\u00e9r\u00e9es, \u00e9taient prises en compte pour le calcul de la retraite, d\u00e9cision qui arrangeait bien faut-il le pr\u00e9ciser, \u00e0 la fois l\u2019administration et l\u2019agent gr\u00e9viste.<\/p>\n\n\n\n<p>La circulaire du 26 juin 2000 relative aux \u00ab&nbsp;retenues pour pension en l\u2019absence de service fait en cas de gr\u00e8ve&nbsp;\u00bb a mis fin \u00e0 cet avantage pour s\u2019en tenir \u00e0 la stricte application de la loi et de l\u2019article L.9 du code des pensions civiles et militaires qui stipule que&nbsp;: \u00ab&nbsp;le temps pass\u00e9 dans une position statutaire ne comportant pas l\u2019accomplissement de services effectifs\u2026 \u2026ne peut entrer en compte dans la constitution du droit \u00e0 pension&nbsp;\u00bb.<\/p>\n\n\n\n<p>En l\u2019absence de service fait il n\u2019y a donc pas de salaire vers\u00e9 et pas de cotisation retraite. Ceci ne suffit pas pour autant \u00e0 expliquer la comptabilisation des jours de gr\u00e8ve, ni leur prise en compte pour le calcul de la retraite, qui sont diff\u00e9rentes selon la fonction publique concern\u00e9e.<\/p>\n\n\n\n<p class=\"has-bright-blue-color has-text-color\"><strong>Fonction Publique d\u2019\u00c9tat<\/strong><\/p>\n\n\n\n<p>La dur\u00e9e du service fait est d\u00e9compt\u00e9e de date \u00e0 date, toute heure de gr\u00e8ve est d\u00e9compt\u00e9e comme une journ\u00e9e suivant la r\u00e8gle du trenti\u00e8me indivisible&nbsp;:<\/p>\n\n\n\n<p>Chaque fraction de trimestre \u00e9gale \u00e0 45 jours travaill\u00e9s permet de valider un trimestre.<\/p>\n\n\n\n<p>Les fractions de trimestres inf\u00e9rieures \u00e0 45 jours travaill\u00e9s sont perdues.<\/p>\n\n\n\n<p>Les cong\u00e9s statutaires \u00e9tant consid\u00e9r\u00e9s comme du service fait, il est donc rare de perdre un trimestre pour cause de gr\u00e8ve et certainement pas pour un seul jour.<\/p>\n\n\n\n<p class=\"has-bright-blue-color has-text-color\"><strong>Fonction Publique Territoriale et Hospitali\u00e8re (Ville de Paris)<\/strong><\/p>\n\n\n\n<p>La comptabilisation des trimestres se fait en fonction du nombre de jours travaill\u00e9s incluant les cong\u00e9s, week-ends, f\u00e9ri\u00e9s. Chaque trimestre cotis\u00e9 est d\u00e9compt\u00e9 90 jours quelle que soit sa dur\u00e9e r\u00e9elle. Ainsi en cas de gr\u00e8ve vous verrez appara\u00eetre sur vos relev\u00e9s les jours manquants (89 jours si un jour de gr\u00e8ve effectu\u00e9 dans le trimestre, 88 jours si deux etc\u2026).<\/p>\n\n\n\n<p class=\"has-bright-blue-color has-text-color\"><strong>Ce qui ne signifie pas pour autant que le trimestre n\u2019est pas valid\u00e9, car c\u2019est en fin de carri\u00e8re que l\u2019on compte le nombre total de jours manquants. Pour r\u00e9cup\u00e9rer ses droits il convient d\u2019effectuer le nombre de jours non cotis\u00e9s apr\u00e8s la date \u00e0 laquelle on souhaitait partir, et non les trimestres entiers.<\/strong><\/p>\n\n\n\n<p>Cela n\u2019a pas d\u2019impact pour ceux ayant plus de trimestres cotis\u00e9s que de besoin. Attention toutefois, les agents qui sont dans l\u2019obligation de prendre leur retraite car ils ont atteint l\u2019\u00e2ge limite de d\u00e9part peuvent \u00eatre emp\u00each\u00e9s de r\u00e9cup\u00e9rer les jours de gr\u00e8ve.<\/p>\n\n\n\n<p class=\"has-bright-blue-color has-text-color\"><strong>Cerise sur le g\u00e2teau, dans la fonction publique territoriale et la fonction publique hospitali\u00e8re, on peut faire gr\u00e8ve d\u2019une heure \u00e0 une journ\u00e9e. Seule la fraction de service non effectu\u00e9 peut donner lieu \u00e0 une retenue sur salaire et n\u2019est pas comptabilis\u00e9e pour le calcul de la retraite.<\/strong><\/p>\n\n\n\n<p class=\"has-text-align-center has-bright-blue-color has-text-color\"><strong>Une journ\u00e9e de retrait = 7 fois une heure de gr\u00e8ve = deux demi-journ\u00e9es de manifestation<\/strong><\/p>\n\n\n\n<p>D\u2019o\u00f9 le casse-t\u00eate pour les services administratifs et le gain pour les agents.<\/p>\n\n\n\n<p class=\"has-bright-red-color has-text-color has-medium-font-size\"><strong>Alors n\u2019h\u00e9sitez pas, venez faire gr\u00e8ve et manifester contre la r\u00e9forme des retraites&nbsp;!<\/strong><\/p>\n\n\n\n<p class=\"has-bright-red-color has-text-color has-medium-font-size\"><strong>\u00c0 coup s\u00fbr, celle-ci est plus dangereuse pour vos droits \u00e0 la retraite que tous les jours de gr\u00e8ve que vous pourrez faire pour l\u2019emp\u00eacher&nbsp;!<\/strong><\/p>\n\n\n\n<p class=\"has-text-align-left has-dark-gray-color has-text-color\">\u2022\u00a0\u00a0\u00a0\u00a0\u00a0\u00a0\u00a0\u00a0\u00a0\u00a0\u00a0<a href=\"https:\/\/unsa-paris.fr\/savp\/wp-content\/uploads\/2023\/02\/2023_02_01_Incidences_des_jours_de_greve_sur_le_calcul_de_la_retraite.pdf\" target=\"_blank\" rel=\"noreferrer noopener\"> 2023_02_03 Incidences des jours de gr\u00e8ve sur le calcul de la retraite\u00a0\u00a0 T\u00e9l\u00e9charger<\/a><br><\/p>\n\n\n\n<figure class=\"wp-block-image size-full\"><img decoding=\"async\" width=\"926\" height=\"222\" src=\"https:\/\/unsa-paris.fr\/savp\/wp-content\/uploads\/2023\/01\/site.png\" alt=\"\" class=\"wp-image-1976\" srcset=\"https:\/\/unsa-paris.fr\/savp\/wp-content\/uploads\/2023\/01\/site.png 926w, https:\/\/unsa-paris.fr\/savp\/wp-content\/uploads\/2023\/01\/site-300x72.png 300w, https:\/\/unsa-paris.fr\/savp\/wp-content\/uploads\/2023\/01\/site-768x184.png 768w\" sizes=\"(max-width: 709px) 85vw, (max-width: 909px) 67vw, (max-width: 1362px) 62vw, 840px\" \/><\/figure>\n\n\n\n<p class=\"has-text-align-left has-dark-gray-color has-text-color\"><br><\/p>\n","protected":false},"excerpt":{"rendered":"<p>EN GR\u00c8VE ET EN MANIFESTATION LE 7 F\u00c9VRIER! Une nouvelle fois les chiffres de la mobilisation ont parl\u00e9. Les organisations syndicales \u00e9voquent le chiffre de 2,5 millions de personnes dans &hellip; <a href=\"https:\/\/unsa-paris.fr\/savp\/2023\/02\/06\/contre-la-retraite-a-64-ans-2\/\" class=\"more-link\">Continuer la lecture<span class=\"screen-reader-text\"> de &laquo;&nbsp;CONTRE LA RETRAITE \u00c0 64 ANS&nbsp;&raquo;<\/span><\/a><\/p>\n","protected":false},"author":2,"featured_media":0,"comment_status":"open","ping_status":"open","sticky":false,"template":"","format":"standard","meta":{"footnotes":""},"categories":[7,9,23],"tags":[],"class_list":["post-1967","post","type-post","status-publish","format-standard","hentry","category-actualite","category-communique","category-retraites"],"yoast_head":"<!-- This site is optimized with the Yoast SEO plugin v27.5 - https:\/\/yoast.com\/product\/yoast-seo-wordpress\/ -->\n<title>CONTRE LA RETRAITE \u00c0 64 ANS - Syndicat Autonome UNSA<\/title>\n<meta name=\"robots\" content=\"index, follow, max-snippet:-1, max-image-preview:large, max-video-preview:-1\" \/>\n<link rel=\"canonical\" href=\"https:\/\/unsa-paris.fr\/savp\/2023\/02\/06\/contre-la-retraite-a-64-ans-2\/\" \/>\n<meta property=\"og:locale\" content=\"fr_FR\" \/>\n<meta property=\"og:type\" content=\"article\" \/>\n<meta property=\"og:title\" content=\"CONTRE LA RETRAITE \u00c0 64 ANS - Syndicat Autonome UNSA\" \/>\n<meta property=\"og:description\" content=\"EN GR\u00c8VE ET EN MANIFESTATION LE 7 F\u00c9VRIER! Une nouvelle fois les chiffres de la mobilisation ont parl\u00e9. Les organisations syndicales \u00e9voquent le chiffre de 2,5 millions de personnes dans &hellip; Continuer la lecture de &laquo;&nbsp;CONTRE LA RETRAITE \u00c0 64 ANS&nbsp;&raquo;\" \/>\n<meta property=\"og:url\" content=\"https:\/\/unsa-paris.fr\/savp\/2023\/02\/06\/contre-la-retraite-a-64-ans-2\/\" \/>\n<meta property=\"og:site_name\" content=\"Syndicat Autonome UNSA\" \/>\n<meta property=\"article:published_time\" content=\"2023-02-06T17:03:41+00:00\" \/>\n<meta property=\"article:modified_time\" content=\"2023-02-06T17:03:43+00:00\" \/>\n<meta property=\"og:image\" content=\"https:\/\/unsa-paris.fr\/savp\/wp-content\/uploads\/2023\/01\/retraite.png\" \/>\n<meta name=\"author\" content=\"UNSA SA\" \/>\n<meta name=\"twitter:card\" content=\"summary_large_image\" \/>\n<meta name=\"twitter:label1\" content=\"\u00c9crit par\" \/>\n\t<meta name=\"twitter:data1\" content=\"UNSA SA\" \/>\n\t<meta name=\"twitter:label2\" content=\"Dur\u00e9e de lecture estim\u00e9e\" \/>\n\t<meta name=\"twitter:data2\" content=\"5 minutes\" \/>\n<script type=\"application\/ld+json\" class=\"yoast-schema-graph\">{\"@context\":\"https:\\\/\\\/schema.org\",\"@graph\":[{\"@type\":\"Article\",\"@id\":\"https:\\\/\\\/unsa-paris.fr\\\/savp\\\/2023\\\/02\\\/06\\\/contre-la-retraite-a-64-ans-2\\\/#article\",\"isPartOf\":{\"@id\":\"https:\\\/\\\/unsa-paris.fr\\\/savp\\\/2023\\\/02\\\/06\\\/contre-la-retraite-a-64-ans-2\\\/\"},\"author\":{\"name\":\"UNSA SA\",\"@id\":\"https:\\\/\\\/unsa-paris.fr\\\/savp\\\/#\\\/schema\\\/person\\\/7253f5acb55b402d9149796390e7bdde\"},\"headline\":\"CONTRE LA RETRAITE \u00c0 64 ANS\",\"datePublished\":\"2023-02-06T17:03:41+00:00\",\"dateModified\":\"2023-02-06T17:03:43+00:00\",\"mainEntityOfPage\":{\"@id\":\"https:\\\/\\\/unsa-paris.fr\\\/savp\\\/2023\\\/02\\\/06\\\/contre-la-retraite-a-64-ans-2\\\/\"},\"wordCount\":926,\"commentCount\":0,\"publisher\":{\"@id\":\"https:\\\/\\\/unsa-paris.fr\\\/savp\\\/#organization\"},\"image\":{\"@id\":\"https:\\\/\\\/unsa-paris.fr\\\/savp\\\/2023\\\/02\\\/06\\\/contre-la-retraite-a-64-ans-2\\\/#primaryimage\"},\"thumbnailUrl\":\"https:\\\/\\\/unsa-paris.fr\\\/savp\\\/wp-content\\\/uploads\\\/2023\\\/01\\\/retraite.png\",\"articleSection\":[\"Actualite\",\"Communique\",\"Retraites\"],\"inLanguage\":\"fr-FR\",\"potentialAction\":[{\"@type\":\"CommentAction\",\"name\":\"Comment\",\"target\":[\"https:\\\/\\\/unsa-paris.fr\\\/savp\\\/2023\\\/02\\\/06\\\/contre-la-retraite-a-64-ans-2\\\/#respond\"]}]},{\"@type\":\"WebPage\",\"@id\":\"https:\\\/\\\/unsa-paris.fr\\\/savp\\\/2023\\\/02\\\/06\\\/contre-la-retraite-a-64-ans-2\\\/\",\"url\":\"https:\\\/\\\/unsa-paris.fr\\\/savp\\\/2023\\\/02\\\/06\\\/contre-la-retraite-a-64-ans-2\\\/\",\"name\":\"CONTRE LA RETRAITE \u00c0 64 ANS - Syndicat Autonome UNSA\",\"isPartOf\":{\"@id\":\"https:\\\/\\\/unsa-paris.fr\\\/savp\\\/#website\"},\"primaryImageOfPage\":{\"@id\":\"https:\\\/\\\/unsa-paris.fr\\\/savp\\\/2023\\\/02\\\/06\\\/contre-la-retraite-a-64-ans-2\\\/#primaryimage\"},\"image\":{\"@id\":\"https:\\\/\\\/unsa-paris.fr\\\/savp\\\/2023\\\/02\\\/06\\\/contre-la-retraite-a-64-ans-2\\\/#primaryimage\"},\"thumbnailUrl\":\"https:\\\/\\\/unsa-paris.fr\\\/savp\\\/wp-content\\\/uploads\\\/2023\\\/01\\\/retraite.png\",\"datePublished\":\"2023-02-06T17:03:41+00:00\",\"dateModified\":\"2023-02-06T17:03:43+00:00\",\"breadcrumb\":{\"@id\":\"https:\\\/\\\/unsa-paris.fr\\\/savp\\\/2023\\\/02\\\/06\\\/contre-la-retraite-a-64-ans-2\\\/#breadcrumb\"},\"inLanguage\":\"fr-FR\",\"potentialAction\":[{\"@type\":\"ReadAction\",\"target\":[\"https:\\\/\\\/unsa-paris.fr\\\/savp\\\/2023\\\/02\\\/06\\\/contre-la-retraite-a-64-ans-2\\\/\"]}]},{\"@type\":\"ImageObject\",\"inLanguage\":\"fr-FR\",\"@id\":\"https:\\\/\\\/unsa-paris.fr\\\/savp\\\/2023\\\/02\\\/06\\\/contre-la-retraite-a-64-ans-2\\\/#primaryimage\",\"url\":\"https:\\\/\\\/unsa-paris.fr\\\/savp\\\/wp-content\\\/uploads\\\/2023\\\/01\\\/retraite.png\",\"contentUrl\":\"https:\\\/\\\/unsa-paris.fr\\\/savp\\\/wp-content\\\/uploads\\\/2023\\\/01\\\/retraite.png\",\"width\":692,\"height\":171},{\"@type\":\"BreadcrumbList\",\"@id\":\"https:\\\/\\\/unsa-paris.fr\\\/savp\\\/2023\\\/02\\\/06\\\/contre-la-retraite-a-64-ans-2\\\/#breadcrumb\",\"itemListElement\":[{\"@type\":\"ListItem\",\"position\":1,\"name\":\"Accueil\",\"item\":\"https:\\\/\\\/unsa-paris.fr\\\/savp\\\/\"},{\"@type\":\"ListItem\",\"position\":2,\"name\":\"CONTRE LA RETRAITE \u00c0 64 ANS\"}]},{\"@type\":\"WebSite\",\"@id\":\"https:\\\/\\\/unsa-paris.fr\\\/savp\\\/#website\",\"url\":\"https:\\\/\\\/unsa-paris.fr\\\/savp\\\/\",\"name\":\"Syndicat Autonome UNSA\",\"description\":\"Section des secr\u00e9taires administratifs et des techniciens sup\u00e9rieurs\",\"publisher\":{\"@id\":\"https:\\\/\\\/unsa-paris.fr\\\/savp\\\/#organization\"},\"potentialAction\":[{\"@type\":\"SearchAction\",\"target\":{\"@type\":\"EntryPoint\",\"urlTemplate\":\"https:\\\/\\\/unsa-paris.fr\\\/savp\\\/?s={search_term_string}\"},\"query-input\":{\"@type\":\"PropertyValueSpecification\",\"valueRequired\":true,\"valueName\":\"search_term_string\"}}],\"inLanguage\":\"fr-FR\"},{\"@type\":\"Organization\",\"@id\":\"https:\\\/\\\/unsa-paris.fr\\\/savp\\\/#organization\",\"name\":\"UNSA PARIS fili\u00e8re administrative\",\"url\":\"https:\\\/\\\/unsa-paris.fr\\\/savp\\\/\",\"logo\":{\"@type\":\"ImageObject\",\"inLanguage\":\"fr-FR\",\"@id\":\"https:\\\/\\\/unsa-paris.fr\\\/savp\\\/#\\\/schema\\\/logo\\\/image\\\/\",\"url\":\"https:\\\/\\\/unsa-paris.fr\\\/savp\\\/wp-content\\\/uploads\\\/2020\\\/10\\\/Logo_UNSA-V6.png\",\"contentUrl\":\"https:\\\/\\\/unsa-paris.fr\\\/savp\\\/wp-content\\\/uploads\\\/2020\\\/10\\\/Logo_UNSA-V6.png\",\"width\":986,\"height\":962,\"caption\":\"UNSA PARIS fili\u00e8re administrative\"},\"image\":{\"@id\":\"https:\\\/\\\/unsa-paris.fr\\\/savp\\\/#\\\/schema\\\/logo\\\/image\\\/\"}},{\"@type\":\"Person\",\"@id\":\"https:\\\/\\\/unsa-paris.fr\\\/savp\\\/#\\\/schema\\\/person\\\/7253f5acb55b402d9149796390e7bdde\",\"name\":\"UNSA SA\",\"image\":{\"@type\":\"ImageObject\",\"inLanguage\":\"fr-FR\",\"@id\":\"https:\\\/\\\/secure.gravatar.com\\\/avatar\\\/b78c582c0b7ba9a7147763b6638faa3db8f956662f0faffdc8b57058fad002f4?s=96&d=mm&r=g\",\"url\":\"https:\\\/\\\/secure.gravatar.com\\\/avatar\\\/b78c582c0b7ba9a7147763b6638faa3db8f956662f0faffdc8b57058fad002f4?s=96&d=mm&r=g\",\"contentUrl\":\"https:\\\/\\\/secure.gravatar.com\\\/avatar\\\/b78c582c0b7ba9a7147763b6638faa3db8f956662f0faffdc8b57058fad002f4?s=96&d=mm&r=g\",\"caption\":\"UNSA SA\"},\"sameAs\":[\"http:\\\/\\\/unsa-paris.fr\\\/savp\"],\"url\":\"https:\\\/\\\/unsa-paris.fr\\\/savp\\\/author\\\/fred\\\/\"}]}<\/script>\n<!-- \/ Yoast SEO plugin. -->","yoast_head_json":{"title":"CONTRE LA RETRAITE \u00c0 64 ANS - Syndicat Autonome UNSA","robots":{"index":"index","follow":"follow","max-snippet":"max-snippet:-1","max-image-preview":"max-image-preview:large","max-video-preview":"max-video-preview:-1"},"canonical":"https:\/\/unsa-paris.fr\/savp\/2023\/02\/06\/contre-la-retraite-a-64-ans-2\/","og_locale":"fr_FR","og_type":"article","og_title":"CONTRE LA RETRAITE \u00c0 64 ANS - Syndicat Autonome UNSA","og_description":"EN GR\u00c8VE ET EN MANIFESTATION LE 7 F\u00c9VRIER! Une nouvelle fois les chiffres de la mobilisation ont parl\u00e9. Les organisations syndicales \u00e9voquent le chiffre de 2,5 millions de personnes dans &hellip; Continuer la lecture de &laquo;&nbsp;CONTRE LA RETRAITE \u00c0 64 ANS&nbsp;&raquo;","og_url":"https:\/\/unsa-paris.fr\/savp\/2023\/02\/06\/contre-la-retraite-a-64-ans-2\/","og_site_name":"Syndicat Autonome UNSA","article_published_time":"2023-02-06T17:03:41+00:00","article_modified_time":"2023-02-06T17:03:43+00:00","og_image":[{"url":"https:\/\/unsa-paris.fr\/savp\/wp-content\/uploads\/2023\/01\/retraite.png","type":"","width":"","height":""}],"author":"UNSA SA","twitter_card":"summary_large_image","twitter_misc":{"\u00c9crit par":"UNSA SA","Dur\u00e9e de lecture estim\u00e9e":"5 minutes"},"schema":{"@context":"https:\/\/schema.org","@graph":[{"@type":"Article","@id":"https:\/\/unsa-paris.fr\/savp\/2023\/02\/06\/contre-la-retraite-a-64-ans-2\/#article","isPartOf":{"@id":"https:\/\/unsa-paris.fr\/savp\/2023\/02\/06\/contre-la-retraite-a-64-ans-2\/"},"author":{"name":"UNSA SA","@id":"https:\/\/unsa-paris.fr\/savp\/#\/schema\/person\/7253f5acb55b402d9149796390e7bdde"},"headline":"CONTRE LA RETRAITE \u00c0 64 ANS","datePublished":"2023-02-06T17:03:41+00:00","dateModified":"2023-02-06T17:03:43+00:00","mainEntityOfPage":{"@id":"https:\/\/unsa-paris.fr\/savp\/2023\/02\/06\/contre-la-retraite-a-64-ans-2\/"},"wordCount":926,"commentCount":0,"publisher":{"@id":"https:\/\/unsa-paris.fr\/savp\/#organization"},"image":{"@id":"https:\/\/unsa-paris.fr\/savp\/2023\/02\/06\/contre-la-retraite-a-64-ans-2\/#primaryimage"},"thumbnailUrl":"https:\/\/unsa-paris.fr\/savp\/wp-content\/uploads\/2023\/01\/retraite.png","articleSection":["Actualite","Communique","Retraites"],"inLanguage":"fr-FR","potentialAction":[{"@type":"CommentAction","name":"Comment","target":["https:\/\/unsa-paris.fr\/savp\/2023\/02\/06\/contre-la-retraite-a-64-ans-2\/#respond"]}]},{"@type":"WebPage","@id":"https:\/\/unsa-paris.fr\/savp\/2023\/02\/06\/contre-la-retraite-a-64-ans-2\/","url":"https:\/\/unsa-paris.fr\/savp\/2023\/02\/06\/contre-la-retraite-a-64-ans-2\/","name":"CONTRE LA RETRAITE \u00c0 64 ANS - Syndicat Autonome UNSA","isPartOf":{"@id":"https:\/\/unsa-paris.fr\/savp\/#website"},"primaryImageOfPage":{"@id":"https:\/\/unsa-paris.fr\/savp\/2023\/02\/06\/contre-la-retraite-a-64-ans-2\/#primaryimage"},"image":{"@id":"https:\/\/unsa-paris.fr\/savp\/2023\/02\/06\/contre-la-retraite-a-64-ans-2\/#primaryimage"},"thumbnailUrl":"https:\/\/unsa-paris.fr\/savp\/wp-content\/uploads\/2023\/01\/retraite.png","datePublished":"2023-02-06T17:03:41+00:00","dateModified":"2023-02-06T17:03:43+00:00","breadcrumb":{"@id":"https:\/\/unsa-paris.fr\/savp\/2023\/02\/06\/contre-la-retraite-a-64-ans-2\/#breadcrumb"},"inLanguage":"fr-FR","potentialAction":[{"@type":"ReadAction","target":["https:\/\/unsa-paris.fr\/savp\/2023\/02\/06\/contre-la-retraite-a-64-ans-2\/"]}]},{"@type":"ImageObject","inLanguage":"fr-FR","@id":"https:\/\/unsa-paris.fr\/savp\/2023\/02\/06\/contre-la-retraite-a-64-ans-2\/#primaryimage","url":"https:\/\/unsa-paris.fr\/savp\/wp-content\/uploads\/2023\/01\/retraite.png","contentUrl":"https:\/\/unsa-paris.fr\/savp\/wp-content\/uploads\/2023\/01\/retraite.png","width":692,"height":171},{"@type":"BreadcrumbList","@id":"https:\/\/unsa-paris.fr\/savp\/2023\/02\/06\/contre-la-retraite-a-64-ans-2\/#breadcrumb","itemListElement":[{"@type":"ListItem","position":1,"name":"Accueil","item":"https:\/\/unsa-paris.fr\/savp\/"},{"@type":"ListItem","position":2,"name":"CONTRE LA RETRAITE \u00c0 64 ANS"}]},{"@type":"WebSite","@id":"https:\/\/unsa-paris.fr\/savp\/#website","url":"https:\/\/unsa-paris.fr\/savp\/","name":"Syndicat Autonome UNSA","description":"Section des secr\u00e9taires administratifs et des techniciens sup\u00e9rieurs","publisher":{"@id":"https:\/\/unsa-paris.fr\/savp\/#organization"},"potentialAction":[{"@type":"SearchAction","target":{"@type":"EntryPoint","urlTemplate":"https:\/\/unsa-paris.fr\/savp\/?s={search_term_string}"},"query-input":{"@type":"PropertyValueSpecification","valueRequired":true,"valueName":"search_term_string"}}],"inLanguage":"fr-FR"},{"@type":"Organization","@id":"https:\/\/unsa-paris.fr\/savp\/#organization","name":"UNSA PARIS fili\u00e8re administrative","url":"https:\/\/unsa-paris.fr\/savp\/","logo":{"@type":"ImageObject","inLanguage":"fr-FR","@id":"https:\/\/unsa-paris.fr\/savp\/#\/schema\/logo\/image\/","url":"https:\/\/unsa-paris.fr\/savp\/wp-content\/uploads\/2020\/10\/Logo_UNSA-V6.png","contentUrl":"https:\/\/unsa-paris.fr\/savp\/wp-content\/uploads\/2020\/10\/Logo_UNSA-V6.png","width":986,"height":962,"caption":"UNSA PARIS fili\u00e8re administrative"},"image":{"@id":"https:\/\/unsa-paris.fr\/savp\/#\/schema\/logo\/image\/"}},{"@type":"Person","@id":"https:\/\/unsa-paris.fr\/savp\/#\/schema\/person\/7253f5acb55b402d9149796390e7bdde","name":"UNSA SA","image":{"@type":"ImageObject","inLanguage":"fr-FR","@id":"https:\/\/secure.gravatar.com\/avatar\/b78c582c0b7ba9a7147763b6638faa3db8f956662f0faffdc8b57058fad002f4?s=96&d=mm&r=g","url":"https:\/\/secure.gravatar.com\/avatar\/b78c582c0b7ba9a7147763b6638faa3db8f956662f0faffdc8b57058fad002f4?s=96&d=mm&r=g","contentUrl":"https:\/\/secure.gravatar.com\/avatar\/b78c582c0b7ba9a7147763b6638faa3db8f956662f0faffdc8b57058fad002f4?s=96&d=mm&r=g","caption":"UNSA SA"},"sameAs":["http:\/\/unsa-paris.fr\/savp"],"url":"https:\/\/unsa-paris.fr\/savp\/author\/fred\/"}]}},"_links":{"self":[{"href":"https:\/\/unsa-paris.fr\/savp\/wp-json\/wp\/v2\/posts\/1967","targetHints":{"allow":["GET"]}}],"collection":[{"href":"https:\/\/unsa-paris.fr\/savp\/wp-json\/wp\/v2\/posts"}],"about":[{"href":"https:\/\/unsa-paris.fr\/savp\/wp-json\/wp\/v2\/types\/post"}],"author":[{"embeddable":true,"href":"https:\/\/unsa-paris.fr\/savp\/wp-json\/wp\/v2\/users\/2"}],"replies":[{"embeddable":true,"href":"https:\/\/unsa-paris.fr\/savp\/wp-json\/wp\/v2\/comments?post=1967"}],"version-history":[{"count":7,"href":"https:\/\/unsa-paris.fr\/savp\/wp-json\/wp\/v2\/posts\/1967\/revisions"}],"predecessor-version":[{"id":2012,"href":"https:\/\/unsa-paris.fr\/savp\/wp-json\/wp\/v2\/posts\/1967\/revisions\/2012"}],"wp:attachment":[{"href":"https:\/\/unsa-paris.fr\/savp\/wp-json\/wp\/v2\/media?parent=1967"}],"wp:term":[{"taxonomy":"category","embeddable":true,"href":"https:\/\/unsa-paris.fr\/savp\/wp-json\/wp\/v2\/categories?post=1967"},{"taxonomy":"post_tag","embeddable":true,"href":"https:\/\/unsa-paris.fr\/savp\/wp-json\/wp\/v2\/tags?post=1967"}],"curies":[{"name":"wp","href":"https:\/\/api.w.org\/{rel}","templated":true}]}}