{"id":1960,"date":"2023-01-30T11:26:54","date_gmt":"2023-01-30T10:26:54","guid":{"rendered":"https:\/\/unsa-paris.fr\/savp\/?p=1960"},"modified":"2023-01-30T11:26:56","modified_gmt":"2023-01-30T10:26:56","slug":"secretaires-administratifs-des-administrations-parisiennes","status":"publish","type":"post","link":"https:\/\/unsa-paris.fr\/savp\/2023\/01\/30\/secretaires-administratifs-des-administrations-parisiennes\/","title":{"rendered":"SECR\u00c9TAIRES ADMINISTRATIFS DES ADMINISTRATIONS PARISIENNES,"},"content":{"rendered":"\n<p class=\"has-text-align-center has-bright-red-color has-text-color\" style=\"font-size:24px\"><strong>VOS CARRI\u00c8RES DOIVENT \u00caTRE REVALORIS\u00c9ES, <br>L&rsquo;UNSA PROPOSE DES SOLUTIONS !<\/strong>  <\/p>\n\n\n\n<p class=\"has-text-align-center\">Depuis d\u00e9j\u00e0 trop longtemps, les secr\u00e9taires administratifs de la Ville de Paris, fr\u00e9quemment en position \u00ab\u00a0d&rsquo;encadrants\u00a0\u00bb, ne b\u00e9n\u00e9ficient pas pour autant des contreparties financi\u00e8res conformes \u00e0 leur niveau de responsabilit\u00e9.<\/p>\n\n\n\n<p>De plus, lorsqu\u2019ils arrivent en fin de carri\u00e8re, ils se heurtent au plafond de verre du passage dans le corps des attach\u00e9s r\u00e9serv\u00e9 \u00e0 un trop petit nombre d\u2019entre eux.<\/p>\n\n\n\n<!--more-->\n\n\n\n<p>Les exemples sont nombreux :<\/p>\n\n\n\n<p>\u2022&nbsp;&nbsp;&nbsp;&nbsp;&nbsp;&nbsp;&nbsp;&nbsp;&nbsp;&nbsp;&nbsp; Les Adjoints des Conservateurs de cimeti\u00e8res exercent des fonctions de cat\u00e9gorie A en encadrant notamment des agents de cat\u00e9gorie B percevant des r\u00e9mun\u00e9rations accessoires paradoxalement plus avantageuses.<\/p>\n\n\n\n<p>\u2022&nbsp;&nbsp;&nbsp;&nbsp;&nbsp;&nbsp;&nbsp;&nbsp;&nbsp;&nbsp;&nbsp; Les Secr\u00e9taires G\u00e9n\u00e9raux Adjoints des Mairies d&rsquo;arrondissement sont \u00e9galement fr\u00e9quemment des secr\u00e9taires administratifs \u2026<\/p>\n\n\n\n<p>La DRH ne doit pas \u00eatre atteinte de jeunisme, mais doit prendre en compte la r\u00e9alit\u00e9 des carri\u00e8res des agents pour les promotions au choix dans le corps des attach\u00e9s. Le parcours professionnel, les responsabilit\u00e9s exerc\u00e9es doivent \u00eatre des crit\u00e8res objectifs lors des passages au choix, quel que soit l\u2019\u00e2ge des promouvables.<strong> Dans le cas contraire, la Ville prend risque de transformer la promotion de corps en un m\u00e9canisme discriminatoire anti-s\u00e9niors et de faire oublier les promesses contenues dans l\u2019accord \u00e2ges et g\u00e9n\u00e9rations.<\/strong><\/p>\n\n\n\n<p>De m\u00eame, les Secr\u00e9taires Administratifs exer\u00e7ant des fonctions particuli\u00e8res doivent b\u00e9n\u00e9ficier d\u2019indemnit\u00e9s r\u00e9\u00e9valu\u00e9es.<\/p>\n\n\n\n<p>Pour faire reconna\u00eetre \u00e0 sa juste valeur le travail des secr\u00e9taires administratifs, l\u2019UNSA va demander \u00e0 rencontrer le bureau des carri\u00e8res administratives afin de :<\/p>\n\n\n\n<p>\u2022&nbsp;&nbsp;&nbsp;&nbsp;&nbsp;&nbsp;&nbsp;&nbsp;&nbsp;&nbsp;&nbsp; Demander une augmentation du nombre de postes offerts \u00e0 la promotion de corps, un \u00e9tat de l\u2019\u00e2ge des promus, la r\u00e9vision des crit\u00e8res de promotion.<\/p>\n\n\n\n<p>\u2022&nbsp;&nbsp;&nbsp;&nbsp;&nbsp;&nbsp;&nbsp;&nbsp;&nbsp;&nbsp;&nbsp; Faire un point sur tous les postes d\u2019attach\u00e9s occup\u00e9s par des SA qui m\u00e9riteraient une revalorisation.<\/p>\n\n\n\n<p>Nous allons, par ailleurs demander une audience aupr\u00e8s des directions concern\u00e9es par des cas sp\u00e9cifiques d\u00e9nonc\u00e9s depuis longtemps, la DEVE par exemple pour poursuivre les discussions entam\u00e9es concernant les conservateurs adjoints des cimeti\u00e8res afin d\u2019am\u00e9liorer leur situation indemnitaire.<\/p>\n\n\n\n<p>L\u2019UNSA vous tiendra inform\u00e9s des r\u00e9sultats de ses d\u00e9marches lors des r\u00e9unions d\u2019information syndicale que nous ne manquerons pas de tenir en pr\u00e9sentiel ou \u00e0 distance pour tous les Secr\u00e9taires Administratifs et r\u00e9pondre \u00e0 vos questions et \u00e0 vos attentes.<\/p>\n\n\n\n<p class=\"has-text-align-left has-bright-blue-color has-text-color has-medium-font-size\"><strong>LES SECR\u00c9TAIRES ADMINISTRATIFS NE DOIVENT PAS \u00caTRE LES LAISS\u00c9S POUR COMPTE DE L\u2019ADMINISTRATION PARISIENNE. <br>L\u2019UNSA EST MOBILIS\u00c9E POUR D\u00c9FENDRE VOTRE STATUT, VOS DROITS, VOTRE R\u00c9MUN\u00c9RATION.<\/strong><\/p>\n\n\n\n<p class=\"has-text-align-center has-bright-red-color has-text-color has-medium-font-size\"><strong>D\u00c9FENDRE SES DROITS, C&rsquo;EST ADH\u00c9RER \u00c0 L&rsquo;UNSA, <br>VOTRE ALLI\u00c9E DU QUOTIDIEN ! <\/strong><\/p>\n\n\n\n<ul class=\"wp-block-list\">\n<li><a href=\"https:\/\/unsa-paris.fr\/savp\/wp-content\/uploads\/2023\/01\/UNSA_adhesion_2023.pdf\" target=\"_blank\" rel=\"noreferrer noopener\">Formulaire d&rsquo;adh\u00e9sion 2023&nbsp;&nbsp; T\u00e9l\u00e9charger<\/a><\/li>\n\n\n\n<li><a href=\"https:\/\/unsa-paris.fr\/savp\/wp-content\/uploads\/2023\/01\/2023_01_25_UNSA_VILLE_DE_PARIS_tract_SA_V2_.pdf\" target=\"_blank\" rel=\"noreferrer noopener\">2023_01_26 Promotion des SA&nbsp;&nbsp; T\u00e9l\u00e9charger<\/a><\/li>\n<\/ul>\n\n\n<div class=\"wp-block-image\">\n<figure class=\"aligncenter size-full\"><img fetchpriority=\"high\" decoding=\"async\" width=\"926\" height=\"222\" src=\"https:\/\/unsa-paris.fr\/savp\/wp-content\/uploads\/2023\/01\/site.png\" alt=\"\" class=\"wp-image-1976\" srcset=\"https:\/\/unsa-paris.fr\/savp\/wp-content\/uploads\/2023\/01\/site.png 926w, https:\/\/unsa-paris.fr\/savp\/wp-content\/uploads\/2023\/01\/site-300x72.png 300w, https:\/\/unsa-paris.fr\/savp\/wp-content\/uploads\/2023\/01\/site-768x184.png 768w\" sizes=\"(max-width: 709px) 85vw, (max-width: 909px) 67vw, (max-width: 1362px) 62vw, 840px\" \/><\/figure>\n<\/div>","protected":false},"excerpt":{"rendered":"<p>VOS CARRI\u00c8RES DOIVENT \u00caTRE REVALORIS\u00c9ES, L&rsquo;UNSA PROPOSE DES SOLUTIONS ! Depuis d\u00e9j\u00e0 trop longtemps, les secr\u00e9taires administratifs de la Ville de Paris, fr\u00e9quemment en position \u00ab\u00a0d&rsquo;encadrants\u00a0\u00bb, ne b\u00e9n\u00e9ficient pas pour &hellip; <a href=\"https:\/\/unsa-paris.fr\/savp\/2023\/01\/30\/secretaires-administratifs-des-administrations-parisiennes\/\" class=\"more-link\">Continuer la lecture<span class=\"screen-reader-text\"> de &laquo;&nbsp;SECR\u00c9TAIRES ADMINISTRATIFS DES ADMINISTRATIONS PARISIENNES,&nbsp;&raquo;<\/span><\/a><\/p>\n","protected":false},"author":2,"featured_media":0,"comment_status":"open","ping_status":"open","sticky":false,"template":"","format":"standard","meta":{"footnotes":""},"categories":[4,9],"tags":[],"class_list":["post-1960","post","type-post","status-publish","format-standard","hentry","category-carriere","category-communique"],"yoast_head":"<!-- This site is optimized with the Yoast SEO plugin v27.4 - https:\/\/yoast.com\/product\/yoast-seo-wordpress\/ -->\n<title>SECR\u00c9TAIRES ADMINISTRATIFS DES ADMINISTRATIONS PARISIENNES, - Syndicat Autonome UNSA<\/title>\n<meta name=\"robots\" content=\"index, follow, max-snippet:-1, max-image-preview:large, max-video-preview:-1\" \/>\n<link rel=\"canonical\" href=\"https:\/\/unsa-paris.fr\/savp\/2023\/01\/30\/secretaires-administratifs-des-administrations-parisiennes\/\" \/>\n<meta property=\"og:locale\" content=\"fr_FR\" \/>\n<meta property=\"og:type\" content=\"article\" \/>\n<meta property=\"og:title\" content=\"SECR\u00c9TAIRES ADMINISTRATIFS DES ADMINISTRATIONS PARISIENNES, - Syndicat Autonome UNSA\" \/>\n<meta property=\"og:description\" content=\"VOS CARRI\u00c8RES DOIVENT \u00caTRE REVALORIS\u00c9ES, L&rsquo;UNSA PROPOSE DES SOLUTIONS ! Depuis d\u00e9j\u00e0 trop longtemps, les secr\u00e9taires administratifs de la Ville de Paris, fr\u00e9quemment en position \u00ab\u00a0d&rsquo;encadrants\u00a0\u00bb, ne b\u00e9n\u00e9ficient pas pour &hellip; Continuer la lecture de &laquo;&nbsp;SECR\u00c9TAIRES ADMINISTRATIFS DES ADMINISTRATIONS PARISIENNES,&nbsp;&raquo;\" \/>\n<meta property=\"og:url\" content=\"https:\/\/unsa-paris.fr\/savp\/2023\/01\/30\/secretaires-administratifs-des-administrations-parisiennes\/\" \/>\n<meta property=\"og:site_name\" content=\"Syndicat Autonome UNSA\" \/>\n<meta property=\"article:published_time\" content=\"2023-01-30T10:26:54+00:00\" \/>\n<meta property=\"article:modified_time\" content=\"2023-01-30T10:26:56+00:00\" \/>\n<meta property=\"og:image\" content=\"https:\/\/unsa-paris.fr\/savp\/wp-content\/uploads\/2023\/01\/site.png\" \/>\n<meta name=\"author\" content=\"UNSA SA\" \/>\n<meta name=\"twitter:card\" content=\"summary_large_image\" \/>\n<meta name=\"twitter:label1\" content=\"\u00c9crit par\" \/>\n\t<meta name=\"twitter:data1\" content=\"UNSA SA\" \/>\n\t<meta name=\"twitter:label2\" content=\"Dur\u00e9e de lecture estim\u00e9e\" \/>\n\t<meta name=\"twitter:data2\" content=\"3 minutes\" \/>\n<script type=\"application\/ld+json\" class=\"yoast-schema-graph\">{\"@context\":\"https:\\\/\\\/schema.org\",\"@graph\":[{\"@type\":\"Article\",\"@id\":\"https:\\\/\\\/unsa-paris.fr\\\/savp\\\/2023\\\/01\\\/30\\\/secretaires-administratifs-des-administrations-parisiennes\\\/#article\",\"isPartOf\":{\"@id\":\"https:\\\/\\\/unsa-paris.fr\\\/savp\\\/2023\\\/01\\\/30\\\/secretaires-administratifs-des-administrations-parisiennes\\\/\"},\"author\":{\"name\":\"UNSA SA\",\"@id\":\"https:\\\/\\\/unsa-paris.fr\\\/savp\\\/#\\\/schema\\\/person\\\/7253f5acb55b402d9149796390e7bdde\"},\"headline\":\"SECR\u00c9TAIRES ADMINISTRATIFS DES ADMINISTRATIONS PARISIENNES,\",\"datePublished\":\"2023-01-30T10:26:54+00:00\",\"dateModified\":\"2023-01-30T10:26:56+00:00\",\"mainEntityOfPage\":{\"@id\":\"https:\\\/\\\/unsa-paris.fr\\\/savp\\\/2023\\\/01\\\/30\\\/secretaires-administratifs-des-administrations-parisiennes\\\/\"},\"wordCount\":536,\"commentCount\":0,\"publisher\":{\"@id\":\"https:\\\/\\\/unsa-paris.fr\\\/savp\\\/#organization\"},\"image\":{\"@id\":\"https:\\\/\\\/unsa-paris.fr\\\/savp\\\/2023\\\/01\\\/30\\\/secretaires-administratifs-des-administrations-parisiennes\\\/#primaryimage\"},\"thumbnailUrl\":\"https:\\\/\\\/unsa-paris.fr\\\/savp\\\/wp-content\\\/uploads\\\/2023\\\/01\\\/site.png\",\"articleSection\":[\"Carriere\",\"Communique\"],\"inLanguage\":\"fr-FR\",\"potentialAction\":[{\"@type\":\"CommentAction\",\"name\":\"Comment\",\"target\":[\"https:\\\/\\\/unsa-paris.fr\\\/savp\\\/2023\\\/01\\\/30\\\/secretaires-administratifs-des-administrations-parisiennes\\\/#respond\"]}]},{\"@type\":\"WebPage\",\"@id\":\"https:\\\/\\\/unsa-paris.fr\\\/savp\\\/2023\\\/01\\\/30\\\/secretaires-administratifs-des-administrations-parisiennes\\\/\",\"url\":\"https:\\\/\\\/unsa-paris.fr\\\/savp\\\/2023\\\/01\\\/30\\\/secretaires-administratifs-des-administrations-parisiennes\\\/\",\"name\":\"SECR\u00c9TAIRES ADMINISTRATIFS DES ADMINISTRATIONS PARISIENNES, - Syndicat Autonome UNSA\",\"isPartOf\":{\"@id\":\"https:\\\/\\\/unsa-paris.fr\\\/savp\\\/#website\"},\"primaryImageOfPage\":{\"@id\":\"https:\\\/\\\/unsa-paris.fr\\\/savp\\\/2023\\\/01\\\/30\\\/secretaires-administratifs-des-administrations-parisiennes\\\/#primaryimage\"},\"image\":{\"@id\":\"https:\\\/\\\/unsa-paris.fr\\\/savp\\\/2023\\\/01\\\/30\\\/secretaires-administratifs-des-administrations-parisiennes\\\/#primaryimage\"},\"thumbnailUrl\":\"https:\\\/\\\/unsa-paris.fr\\\/savp\\\/wp-content\\\/uploads\\\/2023\\\/01\\\/site.png\",\"datePublished\":\"2023-01-30T10:26:54+00:00\",\"dateModified\":\"2023-01-30T10:26:56+00:00\",\"breadcrumb\":{\"@id\":\"https:\\\/\\\/unsa-paris.fr\\\/savp\\\/2023\\\/01\\\/30\\\/secretaires-administratifs-des-administrations-parisiennes\\\/#breadcrumb\"},\"inLanguage\":\"fr-FR\",\"potentialAction\":[{\"@type\":\"ReadAction\",\"target\":[\"https:\\\/\\\/unsa-paris.fr\\\/savp\\\/2023\\\/01\\\/30\\\/secretaires-administratifs-des-administrations-parisiennes\\\/\"]}]},{\"@type\":\"ImageObject\",\"inLanguage\":\"fr-FR\",\"@id\":\"https:\\\/\\\/unsa-paris.fr\\\/savp\\\/2023\\\/01\\\/30\\\/secretaires-administratifs-des-administrations-parisiennes\\\/#primaryimage\",\"url\":\"https:\\\/\\\/unsa-paris.fr\\\/savp\\\/wp-content\\\/uploads\\\/2023\\\/01\\\/site.png\",\"contentUrl\":\"https:\\\/\\\/unsa-paris.fr\\\/savp\\\/wp-content\\\/uploads\\\/2023\\\/01\\\/site.png\",\"width\":926,\"height\":222},{\"@type\":\"BreadcrumbList\",\"@id\":\"https:\\\/\\\/unsa-paris.fr\\\/savp\\\/2023\\\/01\\\/30\\\/secretaires-administratifs-des-administrations-parisiennes\\\/#breadcrumb\",\"itemListElement\":[{\"@type\":\"ListItem\",\"position\":1,\"name\":\"Accueil\",\"item\":\"https:\\\/\\\/unsa-paris.fr\\\/savp\\\/\"},{\"@type\":\"ListItem\",\"position\":2,\"name\":\"SECR\u00c9TAIRES ADMINISTRATIFS DES ADMINISTRATIONS PARISIENNES,\"}]},{\"@type\":\"WebSite\",\"@id\":\"https:\\\/\\\/unsa-paris.fr\\\/savp\\\/#website\",\"url\":\"https:\\\/\\\/unsa-paris.fr\\\/savp\\\/\",\"name\":\"Syndicat Autonome UNSA\",\"description\":\"Section des secr\u00e9taires administratifs et des techniciens sup\u00e9rieurs\",\"publisher\":{\"@id\":\"https:\\\/\\\/unsa-paris.fr\\\/savp\\\/#organization\"},\"potentialAction\":[{\"@type\":\"SearchAction\",\"target\":{\"@type\":\"EntryPoint\",\"urlTemplate\":\"https:\\\/\\\/unsa-paris.fr\\\/savp\\\/?s={search_term_string}\"},\"query-input\":{\"@type\":\"PropertyValueSpecification\",\"valueRequired\":true,\"valueName\":\"search_term_string\"}}],\"inLanguage\":\"fr-FR\"},{\"@type\":\"Organization\",\"@id\":\"https:\\\/\\\/unsa-paris.fr\\\/savp\\\/#organization\",\"name\":\"UNSA PARIS fili\u00e8re administrative\",\"url\":\"https:\\\/\\\/unsa-paris.fr\\\/savp\\\/\",\"logo\":{\"@type\":\"ImageObject\",\"inLanguage\":\"fr-FR\",\"@id\":\"https:\\\/\\\/unsa-paris.fr\\\/savp\\\/#\\\/schema\\\/logo\\\/image\\\/\",\"url\":\"https:\\\/\\\/unsa-paris.fr\\\/savp\\\/wp-content\\\/uploads\\\/2020\\\/10\\\/Logo_UNSA-V6.png\",\"contentUrl\":\"https:\\\/\\\/unsa-paris.fr\\\/savp\\\/wp-content\\\/uploads\\\/2020\\\/10\\\/Logo_UNSA-V6.png\",\"width\":986,\"height\":962,\"caption\":\"UNSA PARIS fili\u00e8re administrative\"},\"image\":{\"@id\":\"https:\\\/\\\/unsa-paris.fr\\\/savp\\\/#\\\/schema\\\/logo\\\/image\\\/\"}},{\"@type\":\"Person\",\"@id\":\"https:\\\/\\\/unsa-paris.fr\\\/savp\\\/#\\\/schema\\\/person\\\/7253f5acb55b402d9149796390e7bdde\",\"name\":\"UNSA SA\",\"image\":{\"@type\":\"ImageObject\",\"inLanguage\":\"fr-FR\",\"@id\":\"https:\\\/\\\/secure.gravatar.com\\\/avatar\\\/b78c582c0b7ba9a7147763b6638faa3db8f956662f0faffdc8b57058fad002f4?s=96&d=mm&r=g\",\"url\":\"https:\\\/\\\/secure.gravatar.com\\\/avatar\\\/b78c582c0b7ba9a7147763b6638faa3db8f956662f0faffdc8b57058fad002f4?s=96&d=mm&r=g\",\"contentUrl\":\"https:\\\/\\\/secure.gravatar.com\\\/avatar\\\/b78c582c0b7ba9a7147763b6638faa3db8f956662f0faffdc8b57058fad002f4?s=96&d=mm&r=g\",\"caption\":\"UNSA SA\"},\"sameAs\":[\"http:\\\/\\\/unsa-paris.fr\\\/savp\"],\"url\":\"https:\\\/\\\/unsa-paris.fr\\\/savp\\\/author\\\/fred\\\/\"}]}<\/script>\n<!-- \/ Yoast SEO plugin. -->","yoast_head_json":{"title":"SECR\u00c9TAIRES ADMINISTRATIFS DES ADMINISTRATIONS PARISIENNES, - Syndicat Autonome UNSA","robots":{"index":"index","follow":"follow","max-snippet":"max-snippet:-1","max-image-preview":"max-image-preview:large","max-video-preview":"max-video-preview:-1"},"canonical":"https:\/\/unsa-paris.fr\/savp\/2023\/01\/30\/secretaires-administratifs-des-administrations-parisiennes\/","og_locale":"fr_FR","og_type":"article","og_title":"SECR\u00c9TAIRES ADMINISTRATIFS DES ADMINISTRATIONS PARISIENNES, - Syndicat Autonome UNSA","og_description":"VOS CARRI\u00c8RES DOIVENT \u00caTRE REVALORIS\u00c9ES, L&rsquo;UNSA PROPOSE DES SOLUTIONS ! Depuis d\u00e9j\u00e0 trop longtemps, les secr\u00e9taires administratifs de la Ville de Paris, fr\u00e9quemment en position \u00ab\u00a0d&rsquo;encadrants\u00a0\u00bb, ne b\u00e9n\u00e9ficient pas pour &hellip; Continuer la lecture de &laquo;&nbsp;SECR\u00c9TAIRES ADMINISTRATIFS DES ADMINISTRATIONS PARISIENNES,&nbsp;&raquo;","og_url":"https:\/\/unsa-paris.fr\/savp\/2023\/01\/30\/secretaires-administratifs-des-administrations-parisiennes\/","og_site_name":"Syndicat Autonome UNSA","article_published_time":"2023-01-30T10:26:54+00:00","article_modified_time":"2023-01-30T10:26:56+00:00","og_image":[{"url":"https:\/\/unsa-paris.fr\/savp\/wp-content\/uploads\/2023\/01\/site.png","type":"","width":"","height":""}],"author":"UNSA SA","twitter_card":"summary_large_image","twitter_misc":{"\u00c9crit par":"UNSA SA","Dur\u00e9e de lecture estim\u00e9e":"3 minutes"},"schema":{"@context":"https:\/\/schema.org","@graph":[{"@type":"Article","@id":"https:\/\/unsa-paris.fr\/savp\/2023\/01\/30\/secretaires-administratifs-des-administrations-parisiennes\/#article","isPartOf":{"@id":"https:\/\/unsa-paris.fr\/savp\/2023\/01\/30\/secretaires-administratifs-des-administrations-parisiennes\/"},"author":{"name":"UNSA SA","@id":"https:\/\/unsa-paris.fr\/savp\/#\/schema\/person\/7253f5acb55b402d9149796390e7bdde"},"headline":"SECR\u00c9TAIRES ADMINISTRATIFS DES ADMINISTRATIONS PARISIENNES,","datePublished":"2023-01-30T10:26:54+00:00","dateModified":"2023-01-30T10:26:56+00:00","mainEntityOfPage":{"@id":"https:\/\/unsa-paris.fr\/savp\/2023\/01\/30\/secretaires-administratifs-des-administrations-parisiennes\/"},"wordCount":536,"commentCount":0,"publisher":{"@id":"https:\/\/unsa-paris.fr\/savp\/#organization"},"image":{"@id":"https:\/\/unsa-paris.fr\/savp\/2023\/01\/30\/secretaires-administratifs-des-administrations-parisiennes\/#primaryimage"},"thumbnailUrl":"https:\/\/unsa-paris.fr\/savp\/wp-content\/uploads\/2023\/01\/site.png","articleSection":["Carriere","Communique"],"inLanguage":"fr-FR","potentialAction":[{"@type":"CommentAction","name":"Comment","target":["https:\/\/unsa-paris.fr\/savp\/2023\/01\/30\/secretaires-administratifs-des-administrations-parisiennes\/#respond"]}]},{"@type":"WebPage","@id":"https:\/\/unsa-paris.fr\/savp\/2023\/01\/30\/secretaires-administratifs-des-administrations-parisiennes\/","url":"https:\/\/unsa-paris.fr\/savp\/2023\/01\/30\/secretaires-administratifs-des-administrations-parisiennes\/","name":"SECR\u00c9TAIRES ADMINISTRATIFS DES ADMINISTRATIONS PARISIENNES, - Syndicat Autonome UNSA","isPartOf":{"@id":"https:\/\/unsa-paris.fr\/savp\/#website"},"primaryImageOfPage":{"@id":"https:\/\/unsa-paris.fr\/savp\/2023\/01\/30\/secretaires-administratifs-des-administrations-parisiennes\/#primaryimage"},"image":{"@id":"https:\/\/unsa-paris.fr\/savp\/2023\/01\/30\/secretaires-administratifs-des-administrations-parisiennes\/#primaryimage"},"thumbnailUrl":"https:\/\/unsa-paris.fr\/savp\/wp-content\/uploads\/2023\/01\/site.png","datePublished":"2023-01-30T10:26:54+00:00","dateModified":"2023-01-30T10:26:56+00:00","breadcrumb":{"@id":"https:\/\/unsa-paris.fr\/savp\/2023\/01\/30\/secretaires-administratifs-des-administrations-parisiennes\/#breadcrumb"},"inLanguage":"fr-FR","potentialAction":[{"@type":"ReadAction","target":["https:\/\/unsa-paris.fr\/savp\/2023\/01\/30\/secretaires-administratifs-des-administrations-parisiennes\/"]}]},{"@type":"ImageObject","inLanguage":"fr-FR","@id":"https:\/\/unsa-paris.fr\/savp\/2023\/01\/30\/secretaires-administratifs-des-administrations-parisiennes\/#primaryimage","url":"https:\/\/unsa-paris.fr\/savp\/wp-content\/uploads\/2023\/01\/site.png","contentUrl":"https:\/\/unsa-paris.fr\/savp\/wp-content\/uploads\/2023\/01\/site.png","width":926,"height":222},{"@type":"BreadcrumbList","@id":"https:\/\/unsa-paris.fr\/savp\/2023\/01\/30\/secretaires-administratifs-des-administrations-parisiennes\/#breadcrumb","itemListElement":[{"@type":"ListItem","position":1,"name":"Accueil","item":"https:\/\/unsa-paris.fr\/savp\/"},{"@type":"ListItem","position":2,"name":"SECR\u00c9TAIRES ADMINISTRATIFS DES ADMINISTRATIONS PARISIENNES,"}]},{"@type":"WebSite","@id":"https:\/\/unsa-paris.fr\/savp\/#website","url":"https:\/\/unsa-paris.fr\/savp\/","name":"Syndicat Autonome UNSA","description":"Section des secr\u00e9taires administratifs et des techniciens sup\u00e9rieurs","publisher":{"@id":"https:\/\/unsa-paris.fr\/savp\/#organization"},"potentialAction":[{"@type":"SearchAction","target":{"@type":"EntryPoint","urlTemplate":"https:\/\/unsa-paris.fr\/savp\/?s={search_term_string}"},"query-input":{"@type":"PropertyValueSpecification","valueRequired":true,"valueName":"search_term_string"}}],"inLanguage":"fr-FR"},{"@type":"Organization","@id":"https:\/\/unsa-paris.fr\/savp\/#organization","name":"UNSA PARIS fili\u00e8re administrative","url":"https:\/\/unsa-paris.fr\/savp\/","logo":{"@type":"ImageObject","inLanguage":"fr-FR","@id":"https:\/\/unsa-paris.fr\/savp\/#\/schema\/logo\/image\/","url":"https:\/\/unsa-paris.fr\/savp\/wp-content\/uploads\/2020\/10\/Logo_UNSA-V6.png","contentUrl":"https:\/\/unsa-paris.fr\/savp\/wp-content\/uploads\/2020\/10\/Logo_UNSA-V6.png","width":986,"height":962,"caption":"UNSA PARIS fili\u00e8re administrative"},"image":{"@id":"https:\/\/unsa-paris.fr\/savp\/#\/schema\/logo\/image\/"}},{"@type":"Person","@id":"https:\/\/unsa-paris.fr\/savp\/#\/schema\/person\/7253f5acb55b402d9149796390e7bdde","name":"UNSA SA","image":{"@type":"ImageObject","inLanguage":"fr-FR","@id":"https:\/\/secure.gravatar.com\/avatar\/b78c582c0b7ba9a7147763b6638faa3db8f956662f0faffdc8b57058fad002f4?s=96&d=mm&r=g","url":"https:\/\/secure.gravatar.com\/avatar\/b78c582c0b7ba9a7147763b6638faa3db8f956662f0faffdc8b57058fad002f4?s=96&d=mm&r=g","contentUrl":"https:\/\/secure.gravatar.com\/avatar\/b78c582c0b7ba9a7147763b6638faa3db8f956662f0faffdc8b57058fad002f4?s=96&d=mm&r=g","caption":"UNSA SA"},"sameAs":["http:\/\/unsa-paris.fr\/savp"],"url":"https:\/\/unsa-paris.fr\/savp\/author\/fred\/"}]}},"_links":{"self":[{"href":"https:\/\/unsa-paris.fr\/savp\/wp-json\/wp\/v2\/posts\/1960","targetHints":{"allow":["GET"]}}],"collection":[{"href":"https:\/\/unsa-paris.fr\/savp\/wp-json\/wp\/v2\/posts"}],"about":[{"href":"https:\/\/unsa-paris.fr\/savp\/wp-json\/wp\/v2\/types\/post"}],"author":[{"embeddable":true,"href":"https:\/\/unsa-paris.fr\/savp\/wp-json\/wp\/v2\/users\/2"}],"replies":[{"embeddable":true,"href":"https:\/\/unsa-paris.fr\/savp\/wp-json\/wp\/v2\/comments?post=1960"}],"version-history":[{"count":10,"href":"https:\/\/unsa-paris.fr\/savp\/wp-json\/wp\/v2\/posts\/1960\/revisions"}],"predecessor-version":[{"id":1978,"href":"https:\/\/unsa-paris.fr\/savp\/wp-json\/wp\/v2\/posts\/1960\/revisions\/1978"}],"wp:attachment":[{"href":"https:\/\/unsa-paris.fr\/savp\/wp-json\/wp\/v2\/media?parent=1960"}],"wp:term":[{"taxonomy":"category","embeddable":true,"href":"https:\/\/unsa-paris.fr\/savp\/wp-json\/wp\/v2\/categories?post=1960"},{"taxonomy":"post_tag","embeddable":true,"href":"https:\/\/unsa-paris.fr\/savp\/wp-json\/wp\/v2\/tags?post=1960"}],"curies":[{"name":"wp","href":"https:\/\/api.w.org\/{rel}","templated":true}]}}