{"id":1945,"date":"2023-01-24T22:09:50","date_gmt":"2023-01-24T21:09:50","guid":{"rendered":"https:\/\/unsa-paris.fr\/savp\/?p=1945"},"modified":"2023-01-24T22:14:42","modified_gmt":"2023-01-24T21:14:42","slug":"le-versement-du-complement-indemnitaire-annuel-evolue-en-2023","status":"publish","type":"post","link":"https:\/\/unsa-paris.fr\/savp\/2023\/01\/24\/le-versement-du-complement-indemnitaire-annuel-evolue-en-2023\/","title":{"rendered":"Le versement du compl\u00e9ment indemnitaire annuel \u00e9volue en 2023"},"content":{"rendered":"\t\t<div data-elementor-type=\"wp-post\" data-elementor-id=\"1945\" class=\"elementor elementor-1945\">\n\t\t\t\t\t\t<section class=\"elementor-section elementor-top-section elementor-element elementor-element-e5bb7d5 elementor-section-boxed elementor-section-height-default elementor-section-height-default\" data-id=\"e5bb7d5\" data-element_type=\"section\" data-e-type=\"section\">\n\t\t\t\t\t\t<div class=\"elementor-container elementor-column-gap-default\">\n\t\t\t\t\t<div class=\"elementor-column elementor-col-100 elementor-top-column elementor-element elementor-element-dbeb471\" data-id=\"dbeb471\" data-element_type=\"column\" data-e-type=\"column\">\n\t\t\t<div class=\"elementor-widget-wrap elementor-element-populated\">\n\t\t\t\t\t\t<div class=\"elementor-element elementor-element-c307fb9 elementor-widget elementor-widget-heading\" data-id=\"c307fb9\" data-element_type=\"widget\" data-e-type=\"widget\" data-widget_type=\"heading.default\">\n\t\t\t\t<div class=\"elementor-widget-container\">\n\t\t\t\t\t<h2 class=\"elementor-heading-title elementor-size-medium\">Le r\u00e9gime indemnitaire tenant compte des fonctions, des suj\u00e9tions, de l'expertise et de l'engagement professionnel (RIFSEEP) est le r\u00e9gime indemnitaire d\u2019une majorit\u00e9 des agents de la Ville de Paris.<\/h2>\t\t\t\t<\/div>\n\t\t\t\t<\/div>\n\t\t\t\t<div class=\"elementor-element elementor-element-85527f9 elementor-widget elementor-widget-text-editor\" data-id=\"85527f9\" data-element_type=\"widget\" data-e-type=\"widget\" data-widget_type=\"text-editor.default\">\n\t\t\t\t<div class=\"elementor-widget-container\">\n\t\t\t\t\t\t\t\t\t<p><span style=\"color: #000000;\">Le RIFSEEP se compose:<\/span><\/p><ul><li><span style=\"color: #000000;\">de l\u2019indemnit\u00e9 li\u00e9e aux Fonctions, aux Suj\u00e9tions et \u00e0 l\u2019Expertise (IFSE), vers\u00e9e mensuellement (montant identique)<\/span><\/li><li><span style=\"color: #000000;\">du Compl\u00e9ment Indemnitaire Annuel (CIA), vers\u00e9 au mois de d\u00e9cembre<\/span><\/li><\/ul>\t\t\t\t\t\t\t\t<\/div>\n\t\t\t\t<\/div>\n\t\t\t\t<div class=\"elementor-element elementor-element-685da71 elementor-widget elementor-widget-read-more\" data-id=\"685da71\" data-element_type=\"widget\" data-e-type=\"widget\" data-widget_type=\"read-more.default\">\n\t\t\t\t<div class=\"elementor-widget-container\">\n\t\t\t\t\t<\/div><\/div><\/div><\/div><\/div><\/section><\/div> <a href=\"https:\/\/unsa-paris.fr\/savp\/2023\/01\/24\/le-versement-du-complement-indemnitaire-annuel-evolue-en-2023\/#more-1945\" class=\"more-link elementor-more-link\"><span aria-label=\"Poursuivre la lecture Le versement du compl\u00e9ment indemnitaire annuel \u00e9volue en 2023\">Poursuivre la lecture<\/span><\/a>","protected":false},"excerpt":{"rendered":"<p>Le r\u00e9gime indemnitaire tenant compte des fonctions, des suj\u00e9tions, de l&rsquo;expertise et de l&rsquo;engagement professionnel (RIFSEEP) est le r\u00e9gime indemnitaire d\u2019une majorit\u00e9 des agents de la Ville de Paris. Le &hellip; <a href=\"https:\/\/unsa-paris.fr\/savp\/2023\/01\/24\/le-versement-du-complement-indemnitaire-annuel-evolue-en-2023\/\" class=\"more-link\">Continuer la lecture<span class=\"screen-reader-text\"> de &laquo;&nbsp;Le versement du compl\u00e9ment indemnitaire annuel \u00e9volue en 2023&nbsp;&raquo;<\/span><\/a><\/p>\n","protected":false},"author":1,"featured_media":0,"comment_status":"open","ping_status":"open","sticky":false,"template":"","format":"standard","meta":{"footnotes":""},"categories":[7,4,14],"tags":[],"class_list":["post-1945","post","type-post","status-publish","format-standard","hentry","category-actualite","category-carriere","category-remuneration"],"yoast_head":"<!-- This site is optimized with the Yoast SEO plugin v27.4 - https:\/\/yoast.com\/product\/yoast-seo-wordpress\/ -->\n<title>Le versement du compl\u00e9ment indemnitaire annuel \u00e9volue en 2023 - Syndicat Autonome UNSA<\/title>\n<meta name=\"robots\" content=\"index, follow, max-snippet:-1, max-image-preview:large, max-video-preview:-1\" \/>\n<link rel=\"canonical\" href=\"https:\/\/unsa-paris.fr\/savp\/2023\/01\/24\/le-versement-du-complement-indemnitaire-annuel-evolue-en-2023\/\" \/>\n<meta property=\"og:locale\" content=\"fr_FR\" \/>\n<meta property=\"og:type\" content=\"article\" \/>\n<meta property=\"og:title\" content=\"Le versement du compl\u00e9ment indemnitaire annuel \u00e9volue en 2023 - Syndicat Autonome UNSA\" \/>\n<meta property=\"og:description\" content=\"Le r\u00e9gime indemnitaire tenant compte des fonctions, des suj\u00e9tions, de l&rsquo;expertise et de l&rsquo;engagement professionnel (RIFSEEP) est le r\u00e9gime indemnitaire d\u2019une majorit\u00e9 des agents de la Ville de Paris. Le &hellip; Continuer la lecture de &laquo;&nbsp;Le versement du compl\u00e9ment indemnitaire annuel \u00e9volue en 2023&nbsp;&raquo;\" \/>\n<meta property=\"og:url\" content=\"https:\/\/unsa-paris.fr\/savp\/2023\/01\/24\/le-versement-du-complement-indemnitaire-annuel-evolue-en-2023\/\" \/>\n<meta property=\"og:site_name\" content=\"Syndicat Autonome UNSA\" \/>\n<meta property=\"article:published_time\" content=\"2023-01-24T21:09:50+00:00\" \/>\n<meta property=\"article:modified_time\" content=\"2023-01-24T21:14:42+00:00\" \/>\n<meta name=\"author\" content=\"militant\" \/>\n<meta name=\"twitter:card\" content=\"summary_large_image\" \/>\n<meta name=\"twitter:label1\" content=\"\u00c9crit par\" \/>\n\t<meta name=\"twitter:data1\" content=\"militant\" \/>\n\t<meta name=\"twitter:label2\" content=\"Dur\u00e9e de lecture estim\u00e9e\" \/>\n\t<meta name=\"twitter:data2\" content=\"1 minute\" \/>\n<script type=\"application\/ld+json\" class=\"yoast-schema-graph\">{\"@context\":\"https:\\\/\\\/schema.org\",\"@graph\":[{\"@type\":\"Article\",\"@id\":\"https:\\\/\\\/unsa-paris.fr\\\/savp\\\/2023\\\/01\\\/24\\\/le-versement-du-complement-indemnitaire-annuel-evolue-en-2023\\\/#article\",\"isPartOf\":{\"@id\":\"https:\\\/\\\/unsa-paris.fr\\\/savp\\\/2023\\\/01\\\/24\\\/le-versement-du-complement-indemnitaire-annuel-evolue-en-2023\\\/\"},\"author\":{\"name\":\"militant\",\"@id\":\"https:\\\/\\\/unsa-paris.fr\\\/savp\\\/#\\\/schema\\\/person\\\/656755f73ac5921fc7e2e35124af2ae1\"},\"headline\":\"Le versement du compl\u00e9ment indemnitaire annuel \u00e9volue en 2023\",\"datePublished\":\"2023-01-24T21:09:50+00:00\",\"dateModified\":\"2023-01-24T21:14:42+00:00\",\"mainEntityOfPage\":{\"@id\":\"https:\\\/\\\/unsa-paris.fr\\\/savp\\\/2023\\\/01\\\/24\\\/le-versement-du-complement-indemnitaire-annuel-evolue-en-2023\\\/\"},\"wordCount\":186,\"commentCount\":0,\"publisher\":{\"@id\":\"https:\\\/\\\/unsa-paris.fr\\\/savp\\\/#organization\"},\"articleSection\":[\"Actualite\",\"Carriere\",\"R\u00e9mun\u00e9ration\"],\"inLanguage\":\"fr-FR\",\"potentialAction\":[{\"@type\":\"CommentAction\",\"name\":\"Comment\",\"target\":[\"https:\\\/\\\/unsa-paris.fr\\\/savp\\\/2023\\\/01\\\/24\\\/le-versement-du-complement-indemnitaire-annuel-evolue-en-2023\\\/#respond\"]}]},{\"@type\":\"WebPage\",\"@id\":\"https:\\\/\\\/unsa-paris.fr\\\/savp\\\/2023\\\/01\\\/24\\\/le-versement-du-complement-indemnitaire-annuel-evolue-en-2023\\\/\",\"url\":\"https:\\\/\\\/unsa-paris.fr\\\/savp\\\/2023\\\/01\\\/24\\\/le-versement-du-complement-indemnitaire-annuel-evolue-en-2023\\\/\",\"name\":\"Le versement du compl\u00e9ment indemnitaire annuel \u00e9volue en 2023 - Syndicat Autonome UNSA\",\"isPartOf\":{\"@id\":\"https:\\\/\\\/unsa-paris.fr\\\/savp\\\/#website\"},\"datePublished\":\"2023-01-24T21:09:50+00:00\",\"dateModified\":\"2023-01-24T21:14:42+00:00\",\"breadcrumb\":{\"@id\":\"https:\\\/\\\/unsa-paris.fr\\\/savp\\\/2023\\\/01\\\/24\\\/le-versement-du-complement-indemnitaire-annuel-evolue-en-2023\\\/#breadcrumb\"},\"inLanguage\":\"fr-FR\",\"potentialAction\":[{\"@type\":\"ReadAction\",\"target\":[\"https:\\\/\\\/unsa-paris.fr\\\/savp\\\/2023\\\/01\\\/24\\\/le-versement-du-complement-indemnitaire-annuel-evolue-en-2023\\\/\"]}]},{\"@type\":\"BreadcrumbList\",\"@id\":\"https:\\\/\\\/unsa-paris.fr\\\/savp\\\/2023\\\/01\\\/24\\\/le-versement-du-complement-indemnitaire-annuel-evolue-en-2023\\\/#breadcrumb\",\"itemListElement\":[{\"@type\":\"ListItem\",\"position\":1,\"name\":\"Accueil\",\"item\":\"https:\\\/\\\/unsa-paris.fr\\\/savp\\\/\"},{\"@type\":\"ListItem\",\"position\":2,\"name\":\"Le versement du compl\u00e9ment indemnitaire annuel \u00e9volue en 2023\"}]},{\"@type\":\"WebSite\",\"@id\":\"https:\\\/\\\/unsa-paris.fr\\\/savp\\\/#website\",\"url\":\"https:\\\/\\\/unsa-paris.fr\\\/savp\\\/\",\"name\":\"Syndicat Autonome UNSA\",\"description\":\"Section des secr\u00e9taires administratifs et des techniciens sup\u00e9rieurs\",\"publisher\":{\"@id\":\"https:\\\/\\\/unsa-paris.fr\\\/savp\\\/#organization\"},\"potentialAction\":[{\"@type\":\"SearchAction\",\"target\":{\"@type\":\"EntryPoint\",\"urlTemplate\":\"https:\\\/\\\/unsa-paris.fr\\\/savp\\\/?s={search_term_string}\"},\"query-input\":{\"@type\":\"PropertyValueSpecification\",\"valueRequired\":true,\"valueName\":\"search_term_string\"}}],\"inLanguage\":\"fr-FR\"},{\"@type\":\"Organization\",\"@id\":\"https:\\\/\\\/unsa-paris.fr\\\/savp\\\/#organization\",\"name\":\"UNSA PARIS fili\u00e8re administrative\",\"url\":\"https:\\\/\\\/unsa-paris.fr\\\/savp\\\/\",\"logo\":{\"@type\":\"ImageObject\",\"inLanguage\":\"fr-FR\",\"@id\":\"https:\\\/\\\/unsa-paris.fr\\\/savp\\\/#\\\/schema\\\/logo\\\/image\\\/\",\"url\":\"https:\\\/\\\/unsa-paris.fr\\\/savp\\\/wp-content\\\/uploads\\\/2020\\\/10\\\/Logo_UNSA-V6.png\",\"contentUrl\":\"https:\\\/\\\/unsa-paris.fr\\\/savp\\\/wp-content\\\/uploads\\\/2020\\\/10\\\/Logo_UNSA-V6.png\",\"width\":986,\"height\":962,\"caption\":\"UNSA PARIS fili\u00e8re administrative\"},\"image\":{\"@id\":\"https:\\\/\\\/unsa-paris.fr\\\/savp\\\/#\\\/schema\\\/logo\\\/image\\\/\"}},{\"@type\":\"Person\",\"@id\":\"https:\\\/\\\/unsa-paris.fr\\\/savp\\\/#\\\/schema\\\/person\\\/656755f73ac5921fc7e2e35124af2ae1\",\"name\":\"militant\",\"image\":{\"@type\":\"ImageObject\",\"inLanguage\":\"fr-FR\",\"@id\":\"https:\\\/\\\/secure.gravatar.com\\\/avatar\\\/bafae66946efbf2980171a895ec279139a1dde2c6d953819f7e7270d582b48d2?s=96&d=mm&r=g\",\"url\":\"https:\\\/\\\/secure.gravatar.com\\\/avatar\\\/bafae66946efbf2980171a895ec279139a1dde2c6d953819f7e7270d582b48d2?s=96&d=mm&r=g\",\"contentUrl\":\"https:\\\/\\\/secure.gravatar.com\\\/avatar\\\/bafae66946efbf2980171a895ec279139a1dde2c6d953819f7e7270d582b48d2?s=96&d=mm&r=g\",\"caption\":\"militant\"},\"url\":\"https:\\\/\\\/unsa-paris.fr\\\/savp\\\/author\\\/militant\\\/\"}]}<\/script>\n<!-- \/ Yoast SEO plugin. -->","yoast_head_json":{"title":"Le versement du compl\u00e9ment indemnitaire annuel \u00e9volue en 2023 - Syndicat Autonome UNSA","robots":{"index":"index","follow":"follow","max-snippet":"max-snippet:-1","max-image-preview":"max-image-preview:large","max-video-preview":"max-video-preview:-1"},"canonical":"https:\/\/unsa-paris.fr\/savp\/2023\/01\/24\/le-versement-du-complement-indemnitaire-annuel-evolue-en-2023\/","og_locale":"fr_FR","og_type":"article","og_title":"Le versement du compl\u00e9ment indemnitaire annuel \u00e9volue en 2023 - Syndicat Autonome UNSA","og_description":"Le r\u00e9gime indemnitaire tenant compte des fonctions, des suj\u00e9tions, de l&rsquo;expertise et de l&rsquo;engagement professionnel (RIFSEEP) est le r\u00e9gime indemnitaire d\u2019une majorit\u00e9 des agents de la Ville de Paris. Le &hellip; Continuer la lecture de &laquo;&nbsp;Le versement du compl\u00e9ment indemnitaire annuel \u00e9volue en 2023&nbsp;&raquo;","og_url":"https:\/\/unsa-paris.fr\/savp\/2023\/01\/24\/le-versement-du-complement-indemnitaire-annuel-evolue-en-2023\/","og_site_name":"Syndicat Autonome UNSA","article_published_time":"2023-01-24T21:09:50+00:00","article_modified_time":"2023-01-24T21:14:42+00:00","author":"militant","twitter_card":"summary_large_image","twitter_misc":{"\u00c9crit par":"militant","Dur\u00e9e de lecture estim\u00e9e":"1 minute"},"schema":{"@context":"https:\/\/schema.org","@graph":[{"@type":"Article","@id":"https:\/\/unsa-paris.fr\/savp\/2023\/01\/24\/le-versement-du-complement-indemnitaire-annuel-evolue-en-2023\/#article","isPartOf":{"@id":"https:\/\/unsa-paris.fr\/savp\/2023\/01\/24\/le-versement-du-complement-indemnitaire-annuel-evolue-en-2023\/"},"author":{"name":"militant","@id":"https:\/\/unsa-paris.fr\/savp\/#\/schema\/person\/656755f73ac5921fc7e2e35124af2ae1"},"headline":"Le versement du compl\u00e9ment indemnitaire annuel \u00e9volue en 2023","datePublished":"2023-01-24T21:09:50+00:00","dateModified":"2023-01-24T21:14:42+00:00","mainEntityOfPage":{"@id":"https:\/\/unsa-paris.fr\/savp\/2023\/01\/24\/le-versement-du-complement-indemnitaire-annuel-evolue-en-2023\/"},"wordCount":186,"commentCount":0,"publisher":{"@id":"https:\/\/unsa-paris.fr\/savp\/#organization"},"articleSection":["Actualite","Carriere","R\u00e9mun\u00e9ration"],"inLanguage":"fr-FR","potentialAction":[{"@type":"CommentAction","name":"Comment","target":["https:\/\/unsa-paris.fr\/savp\/2023\/01\/24\/le-versement-du-complement-indemnitaire-annuel-evolue-en-2023\/#respond"]}]},{"@type":"WebPage","@id":"https:\/\/unsa-paris.fr\/savp\/2023\/01\/24\/le-versement-du-complement-indemnitaire-annuel-evolue-en-2023\/","url":"https:\/\/unsa-paris.fr\/savp\/2023\/01\/24\/le-versement-du-complement-indemnitaire-annuel-evolue-en-2023\/","name":"Le versement du compl\u00e9ment indemnitaire annuel \u00e9volue en 2023 - Syndicat Autonome UNSA","isPartOf":{"@id":"https:\/\/unsa-paris.fr\/savp\/#website"},"datePublished":"2023-01-24T21:09:50+00:00","dateModified":"2023-01-24T21:14:42+00:00","breadcrumb":{"@id":"https:\/\/unsa-paris.fr\/savp\/2023\/01\/24\/le-versement-du-complement-indemnitaire-annuel-evolue-en-2023\/#breadcrumb"},"inLanguage":"fr-FR","potentialAction":[{"@type":"ReadAction","target":["https:\/\/unsa-paris.fr\/savp\/2023\/01\/24\/le-versement-du-complement-indemnitaire-annuel-evolue-en-2023\/"]}]},{"@type":"BreadcrumbList","@id":"https:\/\/unsa-paris.fr\/savp\/2023\/01\/24\/le-versement-du-complement-indemnitaire-annuel-evolue-en-2023\/#breadcrumb","itemListElement":[{"@type":"ListItem","position":1,"name":"Accueil","item":"https:\/\/unsa-paris.fr\/savp\/"},{"@type":"ListItem","position":2,"name":"Le versement du compl\u00e9ment indemnitaire annuel \u00e9volue en 2023"}]},{"@type":"WebSite","@id":"https:\/\/unsa-paris.fr\/savp\/#website","url":"https:\/\/unsa-paris.fr\/savp\/","name":"Syndicat Autonome UNSA","description":"Section des secr\u00e9taires administratifs et des techniciens sup\u00e9rieurs","publisher":{"@id":"https:\/\/unsa-paris.fr\/savp\/#organization"},"potentialAction":[{"@type":"SearchAction","target":{"@type":"EntryPoint","urlTemplate":"https:\/\/unsa-paris.fr\/savp\/?s={search_term_string}"},"query-input":{"@type":"PropertyValueSpecification","valueRequired":true,"valueName":"search_term_string"}}],"inLanguage":"fr-FR"},{"@type":"Organization","@id":"https:\/\/unsa-paris.fr\/savp\/#organization","name":"UNSA PARIS fili\u00e8re administrative","url":"https:\/\/unsa-paris.fr\/savp\/","logo":{"@type":"ImageObject","inLanguage":"fr-FR","@id":"https:\/\/unsa-paris.fr\/savp\/#\/schema\/logo\/image\/","url":"https:\/\/unsa-paris.fr\/savp\/wp-content\/uploads\/2020\/10\/Logo_UNSA-V6.png","contentUrl":"https:\/\/unsa-paris.fr\/savp\/wp-content\/uploads\/2020\/10\/Logo_UNSA-V6.png","width":986,"height":962,"caption":"UNSA PARIS fili\u00e8re administrative"},"image":{"@id":"https:\/\/unsa-paris.fr\/savp\/#\/schema\/logo\/image\/"}},{"@type":"Person","@id":"https:\/\/unsa-paris.fr\/savp\/#\/schema\/person\/656755f73ac5921fc7e2e35124af2ae1","name":"militant","image":{"@type":"ImageObject","inLanguage":"fr-FR","@id":"https:\/\/secure.gravatar.com\/avatar\/bafae66946efbf2980171a895ec279139a1dde2c6d953819f7e7270d582b48d2?s=96&d=mm&r=g","url":"https:\/\/secure.gravatar.com\/avatar\/bafae66946efbf2980171a895ec279139a1dde2c6d953819f7e7270d582b48d2?s=96&d=mm&r=g","contentUrl":"https:\/\/secure.gravatar.com\/avatar\/bafae66946efbf2980171a895ec279139a1dde2c6d953819f7e7270d582b48d2?s=96&d=mm&r=g","caption":"militant"},"url":"https:\/\/unsa-paris.fr\/savp\/author\/militant\/"}]}},"_links":{"self":[{"href":"https:\/\/unsa-paris.fr\/savp\/wp-json\/wp\/v2\/posts\/1945","targetHints":{"allow":["GET"]}}],"collection":[{"href":"https:\/\/unsa-paris.fr\/savp\/wp-json\/wp\/v2\/posts"}],"about":[{"href":"https:\/\/unsa-paris.fr\/savp\/wp-json\/wp\/v2\/types\/post"}],"author":[{"embeddable":true,"href":"https:\/\/unsa-paris.fr\/savp\/wp-json\/wp\/v2\/users\/1"}],"replies":[{"embeddable":true,"href":"https:\/\/unsa-paris.fr\/savp\/wp-json\/wp\/v2\/comments?post=1945"}],"version-history":[{"count":11,"href":"https:\/\/unsa-paris.fr\/savp\/wp-json\/wp\/v2\/posts\/1945\/revisions"}],"predecessor-version":[{"id":1956,"href":"https:\/\/unsa-paris.fr\/savp\/wp-json\/wp\/v2\/posts\/1945\/revisions\/1956"}],"wp:attachment":[{"href":"https:\/\/unsa-paris.fr\/savp\/wp-json\/wp\/v2\/media?parent=1945"}],"wp:term":[{"taxonomy":"category","embeddable":true,"href":"https:\/\/unsa-paris.fr\/savp\/wp-json\/wp\/v2\/categories?post=1945"},{"taxonomy":"post_tag","embeddable":true,"href":"https:\/\/unsa-paris.fr\/savp\/wp-json\/wp\/v2\/tags?post=1945"}],"curies":[{"name":"wp","href":"https:\/\/api.w.org\/{rel}","templated":true}]}}