{"id":1939,"date":"2023-01-30T10:06:41","date_gmt":"2023-01-30T09:06:41","guid":{"rendered":"https:\/\/unsa-paris.fr\/savp\/?p=1939"},"modified":"2023-01-30T10:06:44","modified_gmt":"2023-01-30T09:06:44","slug":"contre-la-retraite-a-64-ans","status":"publish","type":"post","link":"https:\/\/unsa-paris.fr\/savp\/2023\/01\/30\/contre-la-retraite-a-64-ans\/","title":{"rendered":"CONTRE LA RETRAITE \u00c0 64 ANS"},"content":{"rendered":"\n<p class=\"has-text-align-center has-bright-red-color has-text-color\" style=\"font-size:26px\"><strong>TOUS EN GR\u00c8VE ET EN MANIFESTATION LE 31 JANVIER!<\/strong><\/p>\n\n\n\n<figure class=\"wp-block-image size-full\"><img fetchpriority=\"high\" decoding=\"async\" width=\"692\" height=\"171\" src=\"https:\/\/unsa-paris.fr\/savp\/wp-content\/uploads\/2023\/01\/retraite.png\" alt=\"\" class=\"wp-image-1957\" srcset=\"https:\/\/unsa-paris.fr\/savp\/wp-content\/uploads\/2023\/01\/retraite.png 692w, https:\/\/unsa-paris.fr\/savp\/wp-content\/uploads\/2023\/01\/retraite-300x74.png 300w\" sizes=\"(max-width: 709px) 85vw, (max-width: 909px) 67vw, (max-width: 984px) 61vw, (max-width: 1362px) 45vw, 600px\" \/><\/figure>\n\n\n\n<p>Malgr\u00e9 une mobilisation massive le 19 janvier et un rejet largement majoritaire dans la population fran\u00e7aise contre la r\u00e9forme des retraites, le gouvernement n&rsquo;envisage pas de faire marche arri\u00e8re.<\/p>\n\n\n\n<!--more-->\n\n\n\n<p>Bien au contraire, Madame Borne, premi\u00e8re ministre, a annonc\u00e9 ce week-end que <strong>le report de l&rsquo;\u00e2ge l\u00e9gal de d\u00e9part \u00e0 la retraite \u00e0 64 ans n&rsquo;est plus n\u00e9gociable<\/strong>. On doute qu&rsquo;il ne l&rsquo;ait jamais \u00e9t\u00e9, puisque ce projet de r\u00e9forme est le fruit d&rsquo;une volont\u00e9 politique au plus haut niveau de l&rsquo;\u00e9tat pour niveler les r\u00e9gimes de retraites par le bas, en faire porter injustement le poids par les salari\u00e9s et non d&rsquo;une discussion avec les organisations syndicales.<\/p>\n\n\n\n<p>Il faut nous montrer encore plus d\u00e9termin\u00e9s que nos gouvernants pour les faire reculer. c&rsquo;est pourquoi,<\/p>\n\n\n\n<p class=\"has-text-align-center has-bright-red-color has-text-color\" style=\"font-size:24px\"><strong>Nous devons faire entendre notre voix<\/strong><\/p>\n\n\n\n<p class=\"has-text-align-center has-bright-red-color has-text-color\" style=\"font-size:24px\"><strong>\u00c0 partir de 14h, de la Place d\u2019Italie aux Invalides<\/strong><\/p>\n\n\n\n<p class=\"has-bright-blue-color has-text-color has-small-font-size\">I<strong>tin\u00e9raire du cort\u00e8ge:<\/strong><\/p>\n\n\n\n<p class=\"has-bright-blue-color has-text-color has-small-font-size\"><strong>Place d\u2019Italie \u2013 Avenue des Gobelins \u2013 Boulevard de Port Royal \u2013 Boulevard du Montparnasse \u2013 Boulevard des Invalides \u2013 Avenue de Villars \u2013 Place Vauban. Rendez-vous derri\u00e8re les ballons UNSA.<\/strong><\/p>\n\n\n\n<p class=\"has-small-font-size\">\u2022\u00a0\u00a0\u00a0\u00a0\u00a0\u00a0\u00a0\u00a0\u00a0\u00a0\u00a0 <a href=\"https:\/\/unsa-paris.fr\/savp\/wp-content\/uploads\/2023\/01\/2023_01_26_Petite_histoire_des_regimes_de_Retraites.pdf\" target=\"_blank\" rel=\"noreferrer noopener\">2023_01_26 Petite Histoire des r\u00e9gimes de retraite\u00a0\u00a0\u00a0 T\u00e9l\u00e9charge<\/a><a href=\"https:\/\/unsa-paris.fr\/savp\/wp-content\/uploads\/2023\/01\/2023_01_26_Petite_histoire_des_regimes_de_Retraites.pdf\">r<\/a><\/p>\n","protected":false},"excerpt":{"rendered":"<p>TOUS EN GR\u00c8VE ET EN MANIFESTATION LE 31 JANVIER! Malgr\u00e9 une mobilisation massive le 19 janvier et un rejet largement majoritaire dans la population fran\u00e7aise contre la r\u00e9forme des retraites, &hellip; <a href=\"https:\/\/unsa-paris.fr\/savp\/2023\/01\/30\/contre-la-retraite-a-64-ans\/\" class=\"more-link\">Continuer la lecture<span class=\"screen-reader-text\"> de &laquo;&nbsp;CONTRE LA RETRAITE \u00c0 64 ANS&nbsp;&raquo;<\/span><\/a><\/p>\n","protected":false},"author":2,"featured_media":0,"comment_status":"open","ping_status":"open","sticky":false,"template":"","format":"standard","meta":{"footnotes":""},"categories":[7,9,23],"tags":[],"class_list":["post-1939","post","type-post","status-publish","format-standard","hentry","category-actualite","category-communique","category-retraites"],"yoast_head":"<!-- This site is optimized with the Yoast SEO plugin v27.5 - https:\/\/yoast.com\/product\/yoast-seo-wordpress\/ -->\n<title>CONTRE LA RETRAITE \u00c0 64 ANS - Syndicat Autonome UNSA<\/title>\n<meta name=\"robots\" content=\"index, follow, max-snippet:-1, max-image-preview:large, max-video-preview:-1\" \/>\n<link rel=\"canonical\" href=\"https:\/\/unsa-paris.fr\/savp\/2023\/01\/30\/contre-la-retraite-a-64-ans\/\" \/>\n<meta property=\"og:locale\" content=\"fr_FR\" \/>\n<meta property=\"og:type\" content=\"article\" \/>\n<meta property=\"og:title\" content=\"CONTRE LA RETRAITE \u00c0 64 ANS - Syndicat Autonome UNSA\" \/>\n<meta property=\"og:description\" content=\"TOUS EN GR\u00c8VE ET EN MANIFESTATION LE 31 JANVIER! Malgr\u00e9 une mobilisation massive le 19 janvier et un rejet largement majoritaire dans la population fran\u00e7aise contre la r\u00e9forme des retraites, &hellip; Continuer la lecture de &laquo;&nbsp;CONTRE LA RETRAITE \u00c0 64 ANS&nbsp;&raquo;\" \/>\n<meta property=\"og:url\" content=\"https:\/\/unsa-paris.fr\/savp\/2023\/01\/30\/contre-la-retraite-a-64-ans\/\" \/>\n<meta property=\"og:site_name\" content=\"Syndicat Autonome UNSA\" \/>\n<meta property=\"article:published_time\" content=\"2023-01-30T09:06:41+00:00\" \/>\n<meta property=\"article:modified_time\" content=\"2023-01-30T09:06:44+00:00\" \/>\n<meta property=\"og:image\" content=\"https:\/\/unsa-paris.fr\/savp\/wp-content\/uploads\/2023\/01\/retraite.png\" \/>\n<meta name=\"author\" content=\"UNSA SA\" \/>\n<meta name=\"twitter:card\" content=\"summary_large_image\" \/>\n<meta name=\"twitter:label1\" content=\"\u00c9crit par\" \/>\n\t<meta name=\"twitter:data1\" content=\"UNSA SA\" \/>\n\t<meta name=\"twitter:label2\" content=\"Dur\u00e9e de lecture estim\u00e9e\" \/>\n\t<meta name=\"twitter:data2\" content=\"2 minutes\" \/>\n<script type=\"application\/ld+json\" class=\"yoast-schema-graph\">{\"@context\":\"https:\\\/\\\/schema.org\",\"@graph\":[{\"@type\":\"Article\",\"@id\":\"https:\\\/\\\/unsa-paris.fr\\\/savp\\\/2023\\\/01\\\/30\\\/contre-la-retraite-a-64-ans\\\/#article\",\"isPartOf\":{\"@id\":\"https:\\\/\\\/unsa-paris.fr\\\/savp\\\/2023\\\/01\\\/30\\\/contre-la-retraite-a-64-ans\\\/\"},\"author\":{\"name\":\"UNSA SA\",\"@id\":\"https:\\\/\\\/unsa-paris.fr\\\/savp\\\/#\\\/schema\\\/person\\\/7253f5acb55b402d9149796390e7bdde\"},\"headline\":\"CONTRE LA RETRAITE \u00c0 64 ANS\",\"datePublished\":\"2023-01-30T09:06:41+00:00\",\"dateModified\":\"2023-01-30T09:06:44+00:00\",\"mainEntityOfPage\":{\"@id\":\"https:\\\/\\\/unsa-paris.fr\\\/savp\\\/2023\\\/01\\\/30\\\/contre-la-retraite-a-64-ans\\\/\"},\"wordCount\":212,\"commentCount\":0,\"publisher\":{\"@id\":\"https:\\\/\\\/unsa-paris.fr\\\/savp\\\/#organization\"},\"image\":{\"@id\":\"https:\\\/\\\/unsa-paris.fr\\\/savp\\\/2023\\\/01\\\/30\\\/contre-la-retraite-a-64-ans\\\/#primaryimage\"},\"thumbnailUrl\":\"https:\\\/\\\/unsa-paris.fr\\\/savp\\\/wp-content\\\/uploads\\\/2023\\\/01\\\/retraite.png\",\"articleSection\":[\"Actualite\",\"Communique\",\"Retraites\"],\"inLanguage\":\"fr-FR\",\"potentialAction\":[{\"@type\":\"CommentAction\",\"name\":\"Comment\",\"target\":[\"https:\\\/\\\/unsa-paris.fr\\\/savp\\\/2023\\\/01\\\/30\\\/contre-la-retraite-a-64-ans\\\/#respond\"]}]},{\"@type\":\"WebPage\",\"@id\":\"https:\\\/\\\/unsa-paris.fr\\\/savp\\\/2023\\\/01\\\/30\\\/contre-la-retraite-a-64-ans\\\/\",\"url\":\"https:\\\/\\\/unsa-paris.fr\\\/savp\\\/2023\\\/01\\\/30\\\/contre-la-retraite-a-64-ans\\\/\",\"name\":\"CONTRE LA RETRAITE \u00c0 64 ANS - Syndicat Autonome UNSA\",\"isPartOf\":{\"@id\":\"https:\\\/\\\/unsa-paris.fr\\\/savp\\\/#website\"},\"primaryImageOfPage\":{\"@id\":\"https:\\\/\\\/unsa-paris.fr\\\/savp\\\/2023\\\/01\\\/30\\\/contre-la-retraite-a-64-ans\\\/#primaryimage\"},\"image\":{\"@id\":\"https:\\\/\\\/unsa-paris.fr\\\/savp\\\/2023\\\/01\\\/30\\\/contre-la-retraite-a-64-ans\\\/#primaryimage\"},\"thumbnailUrl\":\"https:\\\/\\\/unsa-paris.fr\\\/savp\\\/wp-content\\\/uploads\\\/2023\\\/01\\\/retraite.png\",\"datePublished\":\"2023-01-30T09:06:41+00:00\",\"dateModified\":\"2023-01-30T09:06:44+00:00\",\"breadcrumb\":{\"@id\":\"https:\\\/\\\/unsa-paris.fr\\\/savp\\\/2023\\\/01\\\/30\\\/contre-la-retraite-a-64-ans\\\/#breadcrumb\"},\"inLanguage\":\"fr-FR\",\"potentialAction\":[{\"@type\":\"ReadAction\",\"target\":[\"https:\\\/\\\/unsa-paris.fr\\\/savp\\\/2023\\\/01\\\/30\\\/contre-la-retraite-a-64-ans\\\/\"]}]},{\"@type\":\"ImageObject\",\"inLanguage\":\"fr-FR\",\"@id\":\"https:\\\/\\\/unsa-paris.fr\\\/savp\\\/2023\\\/01\\\/30\\\/contre-la-retraite-a-64-ans\\\/#primaryimage\",\"url\":\"https:\\\/\\\/unsa-paris.fr\\\/savp\\\/wp-content\\\/uploads\\\/2023\\\/01\\\/retraite.png\",\"contentUrl\":\"https:\\\/\\\/unsa-paris.fr\\\/savp\\\/wp-content\\\/uploads\\\/2023\\\/01\\\/retraite.png\",\"width\":692,\"height\":171},{\"@type\":\"BreadcrumbList\",\"@id\":\"https:\\\/\\\/unsa-paris.fr\\\/savp\\\/2023\\\/01\\\/30\\\/contre-la-retraite-a-64-ans\\\/#breadcrumb\",\"itemListElement\":[{\"@type\":\"ListItem\",\"position\":1,\"name\":\"Accueil\",\"item\":\"https:\\\/\\\/unsa-paris.fr\\\/savp\\\/\"},{\"@type\":\"ListItem\",\"position\":2,\"name\":\"CONTRE LA RETRAITE \u00c0 64 ANS\"}]},{\"@type\":\"WebSite\",\"@id\":\"https:\\\/\\\/unsa-paris.fr\\\/savp\\\/#website\",\"url\":\"https:\\\/\\\/unsa-paris.fr\\\/savp\\\/\",\"name\":\"Syndicat Autonome UNSA\",\"description\":\"Section des secr\u00e9taires administratifs et des techniciens sup\u00e9rieurs\",\"publisher\":{\"@id\":\"https:\\\/\\\/unsa-paris.fr\\\/savp\\\/#organization\"},\"potentialAction\":[{\"@type\":\"SearchAction\",\"target\":{\"@type\":\"EntryPoint\",\"urlTemplate\":\"https:\\\/\\\/unsa-paris.fr\\\/savp\\\/?s={search_term_string}\"},\"query-input\":{\"@type\":\"PropertyValueSpecification\",\"valueRequired\":true,\"valueName\":\"search_term_string\"}}],\"inLanguage\":\"fr-FR\"},{\"@type\":\"Organization\",\"@id\":\"https:\\\/\\\/unsa-paris.fr\\\/savp\\\/#organization\",\"name\":\"UNSA PARIS fili\u00e8re administrative\",\"url\":\"https:\\\/\\\/unsa-paris.fr\\\/savp\\\/\",\"logo\":{\"@type\":\"ImageObject\",\"inLanguage\":\"fr-FR\",\"@id\":\"https:\\\/\\\/unsa-paris.fr\\\/savp\\\/#\\\/schema\\\/logo\\\/image\\\/\",\"url\":\"https:\\\/\\\/unsa-paris.fr\\\/savp\\\/wp-content\\\/uploads\\\/2020\\\/10\\\/Logo_UNSA-V6.png\",\"contentUrl\":\"https:\\\/\\\/unsa-paris.fr\\\/savp\\\/wp-content\\\/uploads\\\/2020\\\/10\\\/Logo_UNSA-V6.png\",\"width\":986,\"height\":962,\"caption\":\"UNSA PARIS fili\u00e8re administrative\"},\"image\":{\"@id\":\"https:\\\/\\\/unsa-paris.fr\\\/savp\\\/#\\\/schema\\\/logo\\\/image\\\/\"}},{\"@type\":\"Person\",\"@id\":\"https:\\\/\\\/unsa-paris.fr\\\/savp\\\/#\\\/schema\\\/person\\\/7253f5acb55b402d9149796390e7bdde\",\"name\":\"UNSA SA\",\"image\":{\"@type\":\"ImageObject\",\"inLanguage\":\"fr-FR\",\"@id\":\"https:\\\/\\\/secure.gravatar.com\\\/avatar\\\/b78c582c0b7ba9a7147763b6638faa3db8f956662f0faffdc8b57058fad002f4?s=96&d=mm&r=g\",\"url\":\"https:\\\/\\\/secure.gravatar.com\\\/avatar\\\/b78c582c0b7ba9a7147763b6638faa3db8f956662f0faffdc8b57058fad002f4?s=96&d=mm&r=g\",\"contentUrl\":\"https:\\\/\\\/secure.gravatar.com\\\/avatar\\\/b78c582c0b7ba9a7147763b6638faa3db8f956662f0faffdc8b57058fad002f4?s=96&d=mm&r=g\",\"caption\":\"UNSA SA\"},\"sameAs\":[\"http:\\\/\\\/unsa-paris.fr\\\/savp\"],\"url\":\"https:\\\/\\\/unsa-paris.fr\\\/savp\\\/author\\\/fred\\\/\"}]}<\/script>\n<!-- \/ Yoast SEO plugin. -->","yoast_head_json":{"title":"CONTRE LA RETRAITE \u00c0 64 ANS - Syndicat Autonome UNSA","robots":{"index":"index","follow":"follow","max-snippet":"max-snippet:-1","max-image-preview":"max-image-preview:large","max-video-preview":"max-video-preview:-1"},"canonical":"https:\/\/unsa-paris.fr\/savp\/2023\/01\/30\/contre-la-retraite-a-64-ans\/","og_locale":"fr_FR","og_type":"article","og_title":"CONTRE LA RETRAITE \u00c0 64 ANS - Syndicat Autonome UNSA","og_description":"TOUS EN GR\u00c8VE ET EN MANIFESTATION LE 31 JANVIER! Malgr\u00e9 une mobilisation massive le 19 janvier et un rejet largement majoritaire dans la population fran\u00e7aise contre la r\u00e9forme des retraites, &hellip; Continuer la lecture de &laquo;&nbsp;CONTRE LA RETRAITE \u00c0 64 ANS&nbsp;&raquo;","og_url":"https:\/\/unsa-paris.fr\/savp\/2023\/01\/30\/contre-la-retraite-a-64-ans\/","og_site_name":"Syndicat Autonome UNSA","article_published_time":"2023-01-30T09:06:41+00:00","article_modified_time":"2023-01-30T09:06:44+00:00","og_image":[{"url":"https:\/\/unsa-paris.fr\/savp\/wp-content\/uploads\/2023\/01\/retraite.png","type":"","width":"","height":""}],"author":"UNSA SA","twitter_card":"summary_large_image","twitter_misc":{"\u00c9crit par":"UNSA SA","Dur\u00e9e de lecture estim\u00e9e":"2 minutes"},"schema":{"@context":"https:\/\/schema.org","@graph":[{"@type":"Article","@id":"https:\/\/unsa-paris.fr\/savp\/2023\/01\/30\/contre-la-retraite-a-64-ans\/#article","isPartOf":{"@id":"https:\/\/unsa-paris.fr\/savp\/2023\/01\/30\/contre-la-retraite-a-64-ans\/"},"author":{"name":"UNSA SA","@id":"https:\/\/unsa-paris.fr\/savp\/#\/schema\/person\/7253f5acb55b402d9149796390e7bdde"},"headline":"CONTRE LA RETRAITE \u00c0 64 ANS","datePublished":"2023-01-30T09:06:41+00:00","dateModified":"2023-01-30T09:06:44+00:00","mainEntityOfPage":{"@id":"https:\/\/unsa-paris.fr\/savp\/2023\/01\/30\/contre-la-retraite-a-64-ans\/"},"wordCount":212,"commentCount":0,"publisher":{"@id":"https:\/\/unsa-paris.fr\/savp\/#organization"},"image":{"@id":"https:\/\/unsa-paris.fr\/savp\/2023\/01\/30\/contre-la-retraite-a-64-ans\/#primaryimage"},"thumbnailUrl":"https:\/\/unsa-paris.fr\/savp\/wp-content\/uploads\/2023\/01\/retraite.png","articleSection":["Actualite","Communique","Retraites"],"inLanguage":"fr-FR","potentialAction":[{"@type":"CommentAction","name":"Comment","target":["https:\/\/unsa-paris.fr\/savp\/2023\/01\/30\/contre-la-retraite-a-64-ans\/#respond"]}]},{"@type":"WebPage","@id":"https:\/\/unsa-paris.fr\/savp\/2023\/01\/30\/contre-la-retraite-a-64-ans\/","url":"https:\/\/unsa-paris.fr\/savp\/2023\/01\/30\/contre-la-retraite-a-64-ans\/","name":"CONTRE LA RETRAITE \u00c0 64 ANS - Syndicat Autonome UNSA","isPartOf":{"@id":"https:\/\/unsa-paris.fr\/savp\/#website"},"primaryImageOfPage":{"@id":"https:\/\/unsa-paris.fr\/savp\/2023\/01\/30\/contre-la-retraite-a-64-ans\/#primaryimage"},"image":{"@id":"https:\/\/unsa-paris.fr\/savp\/2023\/01\/30\/contre-la-retraite-a-64-ans\/#primaryimage"},"thumbnailUrl":"https:\/\/unsa-paris.fr\/savp\/wp-content\/uploads\/2023\/01\/retraite.png","datePublished":"2023-01-30T09:06:41+00:00","dateModified":"2023-01-30T09:06:44+00:00","breadcrumb":{"@id":"https:\/\/unsa-paris.fr\/savp\/2023\/01\/30\/contre-la-retraite-a-64-ans\/#breadcrumb"},"inLanguage":"fr-FR","potentialAction":[{"@type":"ReadAction","target":["https:\/\/unsa-paris.fr\/savp\/2023\/01\/30\/contre-la-retraite-a-64-ans\/"]}]},{"@type":"ImageObject","inLanguage":"fr-FR","@id":"https:\/\/unsa-paris.fr\/savp\/2023\/01\/30\/contre-la-retraite-a-64-ans\/#primaryimage","url":"https:\/\/unsa-paris.fr\/savp\/wp-content\/uploads\/2023\/01\/retraite.png","contentUrl":"https:\/\/unsa-paris.fr\/savp\/wp-content\/uploads\/2023\/01\/retraite.png","width":692,"height":171},{"@type":"BreadcrumbList","@id":"https:\/\/unsa-paris.fr\/savp\/2023\/01\/30\/contre-la-retraite-a-64-ans\/#breadcrumb","itemListElement":[{"@type":"ListItem","position":1,"name":"Accueil","item":"https:\/\/unsa-paris.fr\/savp\/"},{"@type":"ListItem","position":2,"name":"CONTRE LA RETRAITE \u00c0 64 ANS"}]},{"@type":"WebSite","@id":"https:\/\/unsa-paris.fr\/savp\/#website","url":"https:\/\/unsa-paris.fr\/savp\/","name":"Syndicat Autonome UNSA","description":"Section des secr\u00e9taires administratifs et des techniciens sup\u00e9rieurs","publisher":{"@id":"https:\/\/unsa-paris.fr\/savp\/#organization"},"potentialAction":[{"@type":"SearchAction","target":{"@type":"EntryPoint","urlTemplate":"https:\/\/unsa-paris.fr\/savp\/?s={search_term_string}"},"query-input":{"@type":"PropertyValueSpecification","valueRequired":true,"valueName":"search_term_string"}}],"inLanguage":"fr-FR"},{"@type":"Organization","@id":"https:\/\/unsa-paris.fr\/savp\/#organization","name":"UNSA PARIS fili\u00e8re administrative","url":"https:\/\/unsa-paris.fr\/savp\/","logo":{"@type":"ImageObject","inLanguage":"fr-FR","@id":"https:\/\/unsa-paris.fr\/savp\/#\/schema\/logo\/image\/","url":"https:\/\/unsa-paris.fr\/savp\/wp-content\/uploads\/2020\/10\/Logo_UNSA-V6.png","contentUrl":"https:\/\/unsa-paris.fr\/savp\/wp-content\/uploads\/2020\/10\/Logo_UNSA-V6.png","width":986,"height":962,"caption":"UNSA PARIS fili\u00e8re administrative"},"image":{"@id":"https:\/\/unsa-paris.fr\/savp\/#\/schema\/logo\/image\/"}},{"@type":"Person","@id":"https:\/\/unsa-paris.fr\/savp\/#\/schema\/person\/7253f5acb55b402d9149796390e7bdde","name":"UNSA SA","image":{"@type":"ImageObject","inLanguage":"fr-FR","@id":"https:\/\/secure.gravatar.com\/avatar\/b78c582c0b7ba9a7147763b6638faa3db8f956662f0faffdc8b57058fad002f4?s=96&d=mm&r=g","url":"https:\/\/secure.gravatar.com\/avatar\/b78c582c0b7ba9a7147763b6638faa3db8f956662f0faffdc8b57058fad002f4?s=96&d=mm&r=g","contentUrl":"https:\/\/secure.gravatar.com\/avatar\/b78c582c0b7ba9a7147763b6638faa3db8f956662f0faffdc8b57058fad002f4?s=96&d=mm&r=g","caption":"UNSA SA"},"sameAs":["http:\/\/unsa-paris.fr\/savp"],"url":"https:\/\/unsa-paris.fr\/savp\/author\/fred\/"}]}},"_links":{"self":[{"href":"https:\/\/unsa-paris.fr\/savp\/wp-json\/wp\/v2\/posts\/1939","targetHints":{"allow":["GET"]}}],"collection":[{"href":"https:\/\/unsa-paris.fr\/savp\/wp-json\/wp\/v2\/posts"}],"about":[{"href":"https:\/\/unsa-paris.fr\/savp\/wp-json\/wp\/v2\/types\/post"}],"author":[{"embeddable":true,"href":"https:\/\/unsa-paris.fr\/savp\/wp-json\/wp\/v2\/users\/2"}],"replies":[{"embeddable":true,"href":"https:\/\/unsa-paris.fr\/savp\/wp-json\/wp\/v2\/comments?post=1939"}],"version-history":[{"count":6,"href":"https:\/\/unsa-paris.fr\/savp\/wp-json\/wp\/v2\/posts\/1939\/revisions"}],"predecessor-version":[{"id":1965,"href":"https:\/\/unsa-paris.fr\/savp\/wp-json\/wp\/v2\/posts\/1939\/revisions\/1965"}],"wp:attachment":[{"href":"https:\/\/unsa-paris.fr\/savp\/wp-json\/wp\/v2\/media?parent=1939"}],"wp:term":[{"taxonomy":"category","embeddable":true,"href":"https:\/\/unsa-paris.fr\/savp\/wp-json\/wp\/v2\/categories?post=1939"},{"taxonomy":"post_tag","embeddable":true,"href":"https:\/\/unsa-paris.fr\/savp\/wp-json\/wp\/v2\/tags?post=1939"}],"curies":[{"name":"wp","href":"https:\/\/api.w.org\/{rel}","templated":true}]}}