{"id":1928,"date":"2023-01-23T13:07:19","date_gmt":"2023-01-23T12:07:19","guid":{"rendered":"https:\/\/unsa-paris.fr\/savp\/?p=1928"},"modified":"2023-01-23T13:07:21","modified_gmt":"2023-01-23T12:07:21","slug":"reforme-des-retraites-quels-impacts-pour-les-agents-publics","status":"publish","type":"post","link":"https:\/\/unsa-paris.fr\/savp\/2023\/01\/23\/reforme-des-retraites-quels-impacts-pour-les-agents-publics\/","title":{"rendered":"R\u00c9FORME DES RETRAITES:  QUELS IMPACTS POUR LES AGENTS PUBLICS ?"},"content":{"rendered":"\n<p class=\"has-bright-blue-color has-text-color\"><strong>Le projet de r\u00e9forme des retraites impacte tous les agents de la fonction publique. L&rsquo;UNSA Fonction Publique s&rsquo;oppose \u00e0 cette r\u00e9forme brutale et injuste.<\/strong><\/p>\n\n\n\n<p><strong>Recul de l&rsquo;\u00e2ge de d\u00e9part et acc\u00e9l\u00e9ration de l&rsquo;augmentation de la dur\u00e9e de cotisation<\/strong><\/p>\n\n\n\n<p>\u00c0 terme, tous les agents publics travailleront deux ann\u00e9es suppl\u00e9mentaires !<\/p>\n\n\n\n<p>L&rsquo;\u00e2ge de d\u00e9part recule de deux ans, pour les agents n\u00e9s apr\u00e8s le 1er septembre 1961, \u00e0 raison d&rsquo;un trimestre par an, pour atteindre 64 ans \u00e0 partir de la g\u00e9n\u00e9ration 1968.<\/p>\n\n\n\n<!--more-->\n\n\n\n<p>La dur\u00e9e de cotisation pour une carri\u00e8re compl\u00e8te sera de 43 ans \u00e0 partir de la g\u00e9n\u00e9ration n\u00e9e en 1968 (versus&nbsp;1973, comme pr\u00e9vu par la r\u00e9forme Touraine de 2014 ).<\/p>\n\n\n\n<p>L&rsquo;\u00e2ge de l&rsquo;annulation de la d\u00e9cote restera \u00e0 67 ans.<\/p>\n\n\n\n<p>Il sera possible de poursuivre sa carri\u00e8re jusqu\u2019\u00e0 70 ans apr\u00e8s accord de l\u2019employeur public.<\/p>\n\n\n\n<p><strong>Retraite progressive<\/strong><\/p>\n\n\n\n<p>La retraite progressive sera ouverte aux agents publics. Elle pourrait permettre de r\u00e9duire son activit\u00e9, tout en percevant une partie de sa retraite, sous conditions et sous r\u00e9serve de l&rsquo;accord de l&#8217;employeur &#8230; \u00e0 partir de 62 ans.<\/p>\n\n\n\n<p><strong>Cat\u00e9gorie active<\/strong><\/p>\n\n\n\n<p>Les fonctionnaires en cat\u00e9gorie active subiront \u00e9galement l\u2019allongement des carri\u00e8res.<\/p>\n\n\n\n<p>Pour ceux n\u00e9s apr\u00e8s le 1er septembre 1966, ils verront leur \u00e2ge l\u00e9gal de d\u00e9part augmenter \u00e0 raison d&rsquo;un trimestre par an pour atteindre 59 ans pour la g\u00e9n\u00e9ration 1973.<\/p>\n\n\n\n<p>Pour ceux en cat\u00e9gorie \u00ab\u00a0super-active\u00a0\u00bb, n\u00e9s apr\u00e8s le 1er septembre 1971, ils verront leur \u00e2ge l\u00e9gal de d\u00e9part augmenter \u00e0 raison d&rsquo;un trimestre par an pour atteindre 54 ans pour la g\u00e9n\u00e9ration 1978.<\/p>\n\n\n\n<p>La dur\u00e9e d&rsquo;exercice minimum pour l&rsquo;ouverture des droits en cat\u00e9gorie active ne sera pas modifi\u00e9e (17 ou 27 ans).<\/p>\n\n\n\n<p>\u00c2ge d&rsquo;annulation de la d\u00e9cote :<\/p>\n\n\n\n<ul class=\"wp-block-list\">\n<li>Pour le service \u00ab\u00a0actif\u00a0\u00bb,&nbsp;il serait maintenu \u00e0 62 ans&nbsp;<\/li>\n\n\n\n<li>Pour le service \u00ab\u00a0super-actif\u00a0\u00bb, il resterait fix\u00e9 \u00e0 57 ans.<\/li>\n<\/ul>\n\n\n\n<p>La clause d\u2019ach\u00e8vement de la carri\u00e8re en cat\u00e9gorie active serait supprim\u00e9e. Une fois la dur\u00e9e de services acquise, sa portabilit\u00e9, entre fonction, entre minist\u00e8re ou entre les trois versants de la fonction publique serait permise. L&rsquo;agent garderait ses droits li\u00e9s au service actif.<\/p>\n\n\n\n<p>La d\u00e9gressivit\u00e9 pour la \u00ab bonification du 5e \u00bb serait supprim\u00e9e.<\/p>\n\n\n\n<p>Pour les contractuels, exer\u00e7ant un m\u00e9tier relevant de la cat\u00e9gorie active, ces temps de service seraient pris en compte au moment de la titularisation.<\/p>\n\n\n\n<p><strong>Calcul de la pension<\/strong><\/p>\n\n\n\n<p>Le calcul de la pension pour les fonctionnaires restera bas\u00e9 sur l&rsquo;indice de traitement d\u00e9tenu durant les six derniers mois, sans prise en compte des primes.<\/p>\n\n\n\n<p><strong>Invalidit\u00e9, p\u00e9nibilit\u00e9 et usure professionnelle<\/strong><\/p>\n\n\n\n<p>\u00c0 ce stade, les dispositifs et les r\u00e8gles de l&rsquo;invalidit\u00e9 restent inchang\u00e9s.<\/p>\n\n\n\n<p>La p\u00e9nibilit\u00e9 ne sera pas ouverte aux agents de la fonction publique. Un fond de pr\u00e9vention de l\u2019usure professionnelle serait cr\u00e9\u00e9 pour les \u00e9tablissements hospitaliers et m\u00e9dico-sociaux.<\/p>\n\n\n\n<p class=\"has-bright-blue-color has-text-color\"><strong>Pour l&rsquo;UNSA Fonction Publique, la retraite progressive et les \u00e9l\u00e9ments annonc\u00e9s pour le service actif (portabilit\u00e9, maintien des dur\u00e9es d\u2019acquisition) sont sans commune mesure avec les effets n\u00e9gatifs de la r\u00e9forme.<\/strong> <strong>L&rsquo;UNSA Fonction Publique est totalement oppos\u00e9e \u00e0 tout recul de l\u2019\u00e2ge l\u00e9gal de d\u00e9part en retraite ou \u00e0 l\u2019acc\u00e9l\u00e9ration de l\u2019augmentation de la dur\u00e9e de cotisation. Elle appelle tous les agents \u00e0 se mobiliser le 31 janvier.<\/strong>;<\/p>\n\n\n\n<p><a href=\"https:\/\/www.change.org\/p\/retraites-non-%C3%A0-cette-r%C3%A9forme-injuste-et-brutale-reformesdesretraites\" target=\"_blank\" rel=\"noreferrer noopener\"><strong>Je signe la p\u00e9titio<\/strong><\/a><a href=\"https:\/\/www.change.org\/p\/retraites-non-%C3%A0-cette-r%C3%A9forme-injuste-et-brutale-reformesdesretraites\"><strong>n<\/strong><\/a><\/p>\n\n\n<div class=\"wp-block-image\">\n<figure class=\"aligncenter size-full\"><img fetchpriority=\"high\" decoding=\"async\" width=\"871\" height=\"237\" src=\"https:\/\/unsa-paris.fr\/savp\/wp-content\/uploads\/2023\/01\/unsa01.png\" alt=\"\" class=\"wp-image-1937\" srcset=\"https:\/\/unsa-paris.fr\/savp\/wp-content\/uploads\/2023\/01\/unsa01.png 871w, https:\/\/unsa-paris.fr\/savp\/wp-content\/uploads\/2023\/01\/unsa01-300x82.png 300w, https:\/\/unsa-paris.fr\/savp\/wp-content\/uploads\/2023\/01\/unsa01-768x209.png 768w\" sizes=\"(max-width: 709px) 85vw, (max-width: 909px) 67vw, (max-width: 1362px) 62vw, 840px\" \/><\/figure>\n<\/div>","protected":false},"excerpt":{"rendered":"<p>Le projet de r\u00e9forme des retraites impacte tous les agents de la fonction publique. L&rsquo;UNSA Fonction Publique s&rsquo;oppose \u00e0 cette r\u00e9forme brutale et injuste. Recul de l&rsquo;\u00e2ge de d\u00e9part et &hellip; <a href=\"https:\/\/unsa-paris.fr\/savp\/2023\/01\/23\/reforme-des-retraites-quels-impacts-pour-les-agents-publics\/\" class=\"more-link\">Continuer la lecture<span class=\"screen-reader-text\"> de &laquo;&nbsp;R\u00c9FORME DES RETRAITES:  QUELS IMPACTS POUR LES AGENTS PUBLICS ?&nbsp;&raquo;<\/span><\/a><\/p>\n","protected":false},"author":2,"featured_media":0,"comment_status":"open","ping_status":"open","sticky":false,"template":"","format":"standard","meta":{"footnotes":""},"categories":[23],"tags":[],"class_list":["post-1928","post","type-post","status-publish","format-standard","hentry","category-retraites"],"yoast_head":"<!-- This site is optimized with the Yoast SEO plugin v27.5 - https:\/\/yoast.com\/product\/yoast-seo-wordpress\/ -->\n<title>R\u00c9FORME DES RETRAITES: QUELS IMPACTS POUR LES AGENTS PUBLICS ? - Syndicat Autonome UNSA<\/title>\n<meta name=\"robots\" content=\"index, follow, max-snippet:-1, max-image-preview:large, max-video-preview:-1\" \/>\n<link rel=\"canonical\" href=\"https:\/\/unsa-paris.fr\/savp\/2023\/01\/23\/reforme-des-retraites-quels-impacts-pour-les-agents-publics\/\" \/>\n<meta property=\"og:locale\" content=\"fr_FR\" \/>\n<meta property=\"og:type\" content=\"article\" \/>\n<meta property=\"og:title\" content=\"R\u00c9FORME DES RETRAITES: QUELS IMPACTS POUR LES AGENTS PUBLICS ? - Syndicat Autonome UNSA\" \/>\n<meta property=\"og:description\" content=\"Le projet de r\u00e9forme des retraites impacte tous les agents de la fonction publique. L&rsquo;UNSA Fonction Publique s&rsquo;oppose \u00e0 cette r\u00e9forme brutale et injuste. Recul de l&rsquo;\u00e2ge de d\u00e9part et &hellip; Continuer la lecture de &laquo;&nbsp;R\u00c9FORME DES RETRAITES: QUELS IMPACTS POUR LES AGENTS PUBLICS ?&nbsp;&raquo;\" \/>\n<meta property=\"og:url\" content=\"https:\/\/unsa-paris.fr\/savp\/2023\/01\/23\/reforme-des-retraites-quels-impacts-pour-les-agents-publics\/\" \/>\n<meta property=\"og:site_name\" content=\"Syndicat Autonome UNSA\" \/>\n<meta property=\"article:published_time\" content=\"2023-01-23T12:07:19+00:00\" \/>\n<meta property=\"article:modified_time\" content=\"2023-01-23T12:07:21+00:00\" \/>\n<meta property=\"og:image\" content=\"https:\/\/unsa-paris.fr\/savp\/wp-content\/uploads\/2023\/01\/unsa01.png\" \/>\n<meta name=\"author\" content=\"UNSA SA\" \/>\n<meta name=\"twitter:card\" content=\"summary_large_image\" \/>\n<meta name=\"twitter:label1\" content=\"\u00c9crit par\" \/>\n\t<meta name=\"twitter:data1\" content=\"UNSA SA\" \/>\n\t<meta name=\"twitter:label2\" content=\"Dur\u00e9e de lecture estim\u00e9e\" \/>\n\t<meta name=\"twitter:data2\" content=\"3 minutes\" \/>\n<script type=\"application\/ld+json\" class=\"yoast-schema-graph\">{\"@context\":\"https:\\\/\\\/schema.org\",\"@graph\":[{\"@type\":\"Article\",\"@id\":\"https:\\\/\\\/unsa-paris.fr\\\/savp\\\/2023\\\/01\\\/23\\\/reforme-des-retraites-quels-impacts-pour-les-agents-publics\\\/#article\",\"isPartOf\":{\"@id\":\"https:\\\/\\\/unsa-paris.fr\\\/savp\\\/2023\\\/01\\\/23\\\/reforme-des-retraites-quels-impacts-pour-les-agents-publics\\\/\"},\"author\":{\"name\":\"UNSA SA\",\"@id\":\"https:\\\/\\\/unsa-paris.fr\\\/savp\\\/#\\\/schema\\\/person\\\/7253f5acb55b402d9149796390e7bdde\"},\"headline\":\"R\u00c9FORME DES RETRAITES: QUELS IMPACTS POUR LES AGENTS PUBLICS ?\",\"datePublished\":\"2023-01-23T12:07:19+00:00\",\"dateModified\":\"2023-01-23T12:07:21+00:00\",\"mainEntityOfPage\":{\"@id\":\"https:\\\/\\\/unsa-paris.fr\\\/savp\\\/2023\\\/01\\\/23\\\/reforme-des-retraites-quels-impacts-pour-les-agents-publics\\\/\"},\"wordCount\":598,\"commentCount\":0,\"publisher\":{\"@id\":\"https:\\\/\\\/unsa-paris.fr\\\/savp\\\/#organization\"},\"image\":{\"@id\":\"https:\\\/\\\/unsa-paris.fr\\\/savp\\\/2023\\\/01\\\/23\\\/reforme-des-retraites-quels-impacts-pour-les-agents-publics\\\/#primaryimage\"},\"thumbnailUrl\":\"https:\\\/\\\/unsa-paris.fr\\\/savp\\\/wp-content\\\/uploads\\\/2023\\\/01\\\/unsa01.png\",\"articleSection\":[\"Retraites\"],\"inLanguage\":\"fr-FR\",\"potentialAction\":[{\"@type\":\"CommentAction\",\"name\":\"Comment\",\"target\":[\"https:\\\/\\\/unsa-paris.fr\\\/savp\\\/2023\\\/01\\\/23\\\/reforme-des-retraites-quels-impacts-pour-les-agents-publics\\\/#respond\"]}]},{\"@type\":\"WebPage\",\"@id\":\"https:\\\/\\\/unsa-paris.fr\\\/savp\\\/2023\\\/01\\\/23\\\/reforme-des-retraites-quels-impacts-pour-les-agents-publics\\\/\",\"url\":\"https:\\\/\\\/unsa-paris.fr\\\/savp\\\/2023\\\/01\\\/23\\\/reforme-des-retraites-quels-impacts-pour-les-agents-publics\\\/\",\"name\":\"R\u00c9FORME DES RETRAITES: QUELS IMPACTS POUR LES AGENTS PUBLICS ? - Syndicat Autonome UNSA\",\"isPartOf\":{\"@id\":\"https:\\\/\\\/unsa-paris.fr\\\/savp\\\/#website\"},\"primaryImageOfPage\":{\"@id\":\"https:\\\/\\\/unsa-paris.fr\\\/savp\\\/2023\\\/01\\\/23\\\/reforme-des-retraites-quels-impacts-pour-les-agents-publics\\\/#primaryimage\"},\"image\":{\"@id\":\"https:\\\/\\\/unsa-paris.fr\\\/savp\\\/2023\\\/01\\\/23\\\/reforme-des-retraites-quels-impacts-pour-les-agents-publics\\\/#primaryimage\"},\"thumbnailUrl\":\"https:\\\/\\\/unsa-paris.fr\\\/savp\\\/wp-content\\\/uploads\\\/2023\\\/01\\\/unsa01.png\",\"datePublished\":\"2023-01-23T12:07:19+00:00\",\"dateModified\":\"2023-01-23T12:07:21+00:00\",\"breadcrumb\":{\"@id\":\"https:\\\/\\\/unsa-paris.fr\\\/savp\\\/2023\\\/01\\\/23\\\/reforme-des-retraites-quels-impacts-pour-les-agents-publics\\\/#breadcrumb\"},\"inLanguage\":\"fr-FR\",\"potentialAction\":[{\"@type\":\"ReadAction\",\"target\":[\"https:\\\/\\\/unsa-paris.fr\\\/savp\\\/2023\\\/01\\\/23\\\/reforme-des-retraites-quels-impacts-pour-les-agents-publics\\\/\"]}]},{\"@type\":\"ImageObject\",\"inLanguage\":\"fr-FR\",\"@id\":\"https:\\\/\\\/unsa-paris.fr\\\/savp\\\/2023\\\/01\\\/23\\\/reforme-des-retraites-quels-impacts-pour-les-agents-publics\\\/#primaryimage\",\"url\":\"https:\\\/\\\/unsa-paris.fr\\\/savp\\\/wp-content\\\/uploads\\\/2023\\\/01\\\/unsa01.png\",\"contentUrl\":\"https:\\\/\\\/unsa-paris.fr\\\/savp\\\/wp-content\\\/uploads\\\/2023\\\/01\\\/unsa01.png\",\"width\":871,\"height\":237},{\"@type\":\"BreadcrumbList\",\"@id\":\"https:\\\/\\\/unsa-paris.fr\\\/savp\\\/2023\\\/01\\\/23\\\/reforme-des-retraites-quels-impacts-pour-les-agents-publics\\\/#breadcrumb\",\"itemListElement\":[{\"@type\":\"ListItem\",\"position\":1,\"name\":\"Accueil\",\"item\":\"https:\\\/\\\/unsa-paris.fr\\\/savp\\\/\"},{\"@type\":\"ListItem\",\"position\":2,\"name\":\"R\u00c9FORME DES RETRAITES: QUELS IMPACTS POUR LES AGENTS PUBLICS ?\"}]},{\"@type\":\"WebSite\",\"@id\":\"https:\\\/\\\/unsa-paris.fr\\\/savp\\\/#website\",\"url\":\"https:\\\/\\\/unsa-paris.fr\\\/savp\\\/\",\"name\":\"Syndicat Autonome UNSA\",\"description\":\"Section des secr\u00e9taires administratifs et des techniciens sup\u00e9rieurs\",\"publisher\":{\"@id\":\"https:\\\/\\\/unsa-paris.fr\\\/savp\\\/#organization\"},\"potentialAction\":[{\"@type\":\"SearchAction\",\"target\":{\"@type\":\"EntryPoint\",\"urlTemplate\":\"https:\\\/\\\/unsa-paris.fr\\\/savp\\\/?s={search_term_string}\"},\"query-input\":{\"@type\":\"PropertyValueSpecification\",\"valueRequired\":true,\"valueName\":\"search_term_string\"}}],\"inLanguage\":\"fr-FR\"},{\"@type\":\"Organization\",\"@id\":\"https:\\\/\\\/unsa-paris.fr\\\/savp\\\/#organization\",\"name\":\"UNSA PARIS fili\u00e8re administrative\",\"url\":\"https:\\\/\\\/unsa-paris.fr\\\/savp\\\/\",\"logo\":{\"@type\":\"ImageObject\",\"inLanguage\":\"fr-FR\",\"@id\":\"https:\\\/\\\/unsa-paris.fr\\\/savp\\\/#\\\/schema\\\/logo\\\/image\\\/\",\"url\":\"https:\\\/\\\/unsa-paris.fr\\\/savp\\\/wp-content\\\/uploads\\\/2020\\\/10\\\/Logo_UNSA-V6.png\",\"contentUrl\":\"https:\\\/\\\/unsa-paris.fr\\\/savp\\\/wp-content\\\/uploads\\\/2020\\\/10\\\/Logo_UNSA-V6.png\",\"width\":986,\"height\":962,\"caption\":\"UNSA PARIS fili\u00e8re administrative\"},\"image\":{\"@id\":\"https:\\\/\\\/unsa-paris.fr\\\/savp\\\/#\\\/schema\\\/logo\\\/image\\\/\"}},{\"@type\":\"Person\",\"@id\":\"https:\\\/\\\/unsa-paris.fr\\\/savp\\\/#\\\/schema\\\/person\\\/7253f5acb55b402d9149796390e7bdde\",\"name\":\"UNSA SA\",\"image\":{\"@type\":\"ImageObject\",\"inLanguage\":\"fr-FR\",\"@id\":\"https:\\\/\\\/secure.gravatar.com\\\/avatar\\\/b78c582c0b7ba9a7147763b6638faa3db8f956662f0faffdc8b57058fad002f4?s=96&d=mm&r=g\",\"url\":\"https:\\\/\\\/secure.gravatar.com\\\/avatar\\\/b78c582c0b7ba9a7147763b6638faa3db8f956662f0faffdc8b57058fad002f4?s=96&d=mm&r=g\",\"contentUrl\":\"https:\\\/\\\/secure.gravatar.com\\\/avatar\\\/b78c582c0b7ba9a7147763b6638faa3db8f956662f0faffdc8b57058fad002f4?s=96&d=mm&r=g\",\"caption\":\"UNSA SA\"},\"sameAs\":[\"http:\\\/\\\/unsa-paris.fr\\\/savp\"],\"url\":\"https:\\\/\\\/unsa-paris.fr\\\/savp\\\/author\\\/fred\\\/\"}]}<\/script>\n<!-- \/ Yoast SEO plugin. -->","yoast_head_json":{"title":"R\u00c9FORME DES RETRAITES: QUELS IMPACTS POUR LES AGENTS PUBLICS ? - Syndicat Autonome UNSA","robots":{"index":"index","follow":"follow","max-snippet":"max-snippet:-1","max-image-preview":"max-image-preview:large","max-video-preview":"max-video-preview:-1"},"canonical":"https:\/\/unsa-paris.fr\/savp\/2023\/01\/23\/reforme-des-retraites-quels-impacts-pour-les-agents-publics\/","og_locale":"fr_FR","og_type":"article","og_title":"R\u00c9FORME DES RETRAITES: QUELS IMPACTS POUR LES AGENTS PUBLICS ? - Syndicat Autonome UNSA","og_description":"Le projet de r\u00e9forme des retraites impacte tous les agents de la fonction publique. L&rsquo;UNSA Fonction Publique s&rsquo;oppose \u00e0 cette r\u00e9forme brutale et injuste. Recul de l&rsquo;\u00e2ge de d\u00e9part et &hellip; Continuer la lecture de &laquo;&nbsp;R\u00c9FORME DES RETRAITES: QUELS IMPACTS POUR LES AGENTS PUBLICS ?&nbsp;&raquo;","og_url":"https:\/\/unsa-paris.fr\/savp\/2023\/01\/23\/reforme-des-retraites-quels-impacts-pour-les-agents-publics\/","og_site_name":"Syndicat Autonome UNSA","article_published_time":"2023-01-23T12:07:19+00:00","article_modified_time":"2023-01-23T12:07:21+00:00","og_image":[{"url":"https:\/\/unsa-paris.fr\/savp\/wp-content\/uploads\/2023\/01\/unsa01.png","type":"","width":"","height":""}],"author":"UNSA SA","twitter_card":"summary_large_image","twitter_misc":{"\u00c9crit par":"UNSA SA","Dur\u00e9e de lecture estim\u00e9e":"3 minutes"},"schema":{"@context":"https:\/\/schema.org","@graph":[{"@type":"Article","@id":"https:\/\/unsa-paris.fr\/savp\/2023\/01\/23\/reforme-des-retraites-quels-impacts-pour-les-agents-publics\/#article","isPartOf":{"@id":"https:\/\/unsa-paris.fr\/savp\/2023\/01\/23\/reforme-des-retraites-quels-impacts-pour-les-agents-publics\/"},"author":{"name":"UNSA SA","@id":"https:\/\/unsa-paris.fr\/savp\/#\/schema\/person\/7253f5acb55b402d9149796390e7bdde"},"headline":"R\u00c9FORME DES RETRAITES: QUELS IMPACTS POUR LES AGENTS PUBLICS ?","datePublished":"2023-01-23T12:07:19+00:00","dateModified":"2023-01-23T12:07:21+00:00","mainEntityOfPage":{"@id":"https:\/\/unsa-paris.fr\/savp\/2023\/01\/23\/reforme-des-retraites-quels-impacts-pour-les-agents-publics\/"},"wordCount":598,"commentCount":0,"publisher":{"@id":"https:\/\/unsa-paris.fr\/savp\/#organization"},"image":{"@id":"https:\/\/unsa-paris.fr\/savp\/2023\/01\/23\/reforme-des-retraites-quels-impacts-pour-les-agents-publics\/#primaryimage"},"thumbnailUrl":"https:\/\/unsa-paris.fr\/savp\/wp-content\/uploads\/2023\/01\/unsa01.png","articleSection":["Retraites"],"inLanguage":"fr-FR","potentialAction":[{"@type":"CommentAction","name":"Comment","target":["https:\/\/unsa-paris.fr\/savp\/2023\/01\/23\/reforme-des-retraites-quels-impacts-pour-les-agents-publics\/#respond"]}]},{"@type":"WebPage","@id":"https:\/\/unsa-paris.fr\/savp\/2023\/01\/23\/reforme-des-retraites-quels-impacts-pour-les-agents-publics\/","url":"https:\/\/unsa-paris.fr\/savp\/2023\/01\/23\/reforme-des-retraites-quels-impacts-pour-les-agents-publics\/","name":"R\u00c9FORME DES RETRAITES: QUELS IMPACTS POUR LES AGENTS PUBLICS ? - Syndicat Autonome UNSA","isPartOf":{"@id":"https:\/\/unsa-paris.fr\/savp\/#website"},"primaryImageOfPage":{"@id":"https:\/\/unsa-paris.fr\/savp\/2023\/01\/23\/reforme-des-retraites-quels-impacts-pour-les-agents-publics\/#primaryimage"},"image":{"@id":"https:\/\/unsa-paris.fr\/savp\/2023\/01\/23\/reforme-des-retraites-quels-impacts-pour-les-agents-publics\/#primaryimage"},"thumbnailUrl":"https:\/\/unsa-paris.fr\/savp\/wp-content\/uploads\/2023\/01\/unsa01.png","datePublished":"2023-01-23T12:07:19+00:00","dateModified":"2023-01-23T12:07:21+00:00","breadcrumb":{"@id":"https:\/\/unsa-paris.fr\/savp\/2023\/01\/23\/reforme-des-retraites-quels-impacts-pour-les-agents-publics\/#breadcrumb"},"inLanguage":"fr-FR","potentialAction":[{"@type":"ReadAction","target":["https:\/\/unsa-paris.fr\/savp\/2023\/01\/23\/reforme-des-retraites-quels-impacts-pour-les-agents-publics\/"]}]},{"@type":"ImageObject","inLanguage":"fr-FR","@id":"https:\/\/unsa-paris.fr\/savp\/2023\/01\/23\/reforme-des-retraites-quels-impacts-pour-les-agents-publics\/#primaryimage","url":"https:\/\/unsa-paris.fr\/savp\/wp-content\/uploads\/2023\/01\/unsa01.png","contentUrl":"https:\/\/unsa-paris.fr\/savp\/wp-content\/uploads\/2023\/01\/unsa01.png","width":871,"height":237},{"@type":"BreadcrumbList","@id":"https:\/\/unsa-paris.fr\/savp\/2023\/01\/23\/reforme-des-retraites-quels-impacts-pour-les-agents-publics\/#breadcrumb","itemListElement":[{"@type":"ListItem","position":1,"name":"Accueil","item":"https:\/\/unsa-paris.fr\/savp\/"},{"@type":"ListItem","position":2,"name":"R\u00c9FORME DES RETRAITES: QUELS IMPACTS POUR LES AGENTS PUBLICS ?"}]},{"@type":"WebSite","@id":"https:\/\/unsa-paris.fr\/savp\/#website","url":"https:\/\/unsa-paris.fr\/savp\/","name":"Syndicat Autonome UNSA","description":"Section des secr\u00e9taires administratifs et des techniciens sup\u00e9rieurs","publisher":{"@id":"https:\/\/unsa-paris.fr\/savp\/#organization"},"potentialAction":[{"@type":"SearchAction","target":{"@type":"EntryPoint","urlTemplate":"https:\/\/unsa-paris.fr\/savp\/?s={search_term_string}"},"query-input":{"@type":"PropertyValueSpecification","valueRequired":true,"valueName":"search_term_string"}}],"inLanguage":"fr-FR"},{"@type":"Organization","@id":"https:\/\/unsa-paris.fr\/savp\/#organization","name":"UNSA PARIS fili\u00e8re administrative","url":"https:\/\/unsa-paris.fr\/savp\/","logo":{"@type":"ImageObject","inLanguage":"fr-FR","@id":"https:\/\/unsa-paris.fr\/savp\/#\/schema\/logo\/image\/","url":"https:\/\/unsa-paris.fr\/savp\/wp-content\/uploads\/2020\/10\/Logo_UNSA-V6.png","contentUrl":"https:\/\/unsa-paris.fr\/savp\/wp-content\/uploads\/2020\/10\/Logo_UNSA-V6.png","width":986,"height":962,"caption":"UNSA PARIS fili\u00e8re administrative"},"image":{"@id":"https:\/\/unsa-paris.fr\/savp\/#\/schema\/logo\/image\/"}},{"@type":"Person","@id":"https:\/\/unsa-paris.fr\/savp\/#\/schema\/person\/7253f5acb55b402d9149796390e7bdde","name":"UNSA SA","image":{"@type":"ImageObject","inLanguage":"fr-FR","@id":"https:\/\/secure.gravatar.com\/avatar\/b78c582c0b7ba9a7147763b6638faa3db8f956662f0faffdc8b57058fad002f4?s=96&d=mm&r=g","url":"https:\/\/secure.gravatar.com\/avatar\/b78c582c0b7ba9a7147763b6638faa3db8f956662f0faffdc8b57058fad002f4?s=96&d=mm&r=g","contentUrl":"https:\/\/secure.gravatar.com\/avatar\/b78c582c0b7ba9a7147763b6638faa3db8f956662f0faffdc8b57058fad002f4?s=96&d=mm&r=g","caption":"UNSA SA"},"sameAs":["http:\/\/unsa-paris.fr\/savp"],"url":"https:\/\/unsa-paris.fr\/savp\/author\/fred\/"}]}},"_links":{"self":[{"href":"https:\/\/unsa-paris.fr\/savp\/wp-json\/wp\/v2\/posts\/1928","targetHints":{"allow":["GET"]}}],"collection":[{"href":"https:\/\/unsa-paris.fr\/savp\/wp-json\/wp\/v2\/posts"}],"about":[{"href":"https:\/\/unsa-paris.fr\/savp\/wp-json\/wp\/v2\/types\/post"}],"author":[{"embeddable":true,"href":"https:\/\/unsa-paris.fr\/savp\/wp-json\/wp\/v2\/users\/2"}],"replies":[{"embeddable":true,"href":"https:\/\/unsa-paris.fr\/savp\/wp-json\/wp\/v2\/comments?post=1928"}],"version-history":[{"count":4,"href":"https:\/\/unsa-paris.fr\/savp\/wp-json\/wp\/v2\/posts\/1928\/revisions"}],"predecessor-version":[{"id":1942,"href":"https:\/\/unsa-paris.fr\/savp\/wp-json\/wp\/v2\/posts\/1928\/revisions\/1942"}],"wp:attachment":[{"href":"https:\/\/unsa-paris.fr\/savp\/wp-json\/wp\/v2\/media?parent=1928"}],"wp:term":[{"taxonomy":"category","embeddable":true,"href":"https:\/\/unsa-paris.fr\/savp\/wp-json\/wp\/v2\/categories?post=1928"},{"taxonomy":"post_tag","embeddable":true,"href":"https:\/\/unsa-paris.fr\/savp\/wp-json\/wp\/v2\/tags?post=1928"}],"curies":[{"name":"wp","href":"https:\/\/api.w.org\/{rel}","templated":true}]}}