{"id":1913,"date":"2023-01-12T15:49:31","date_gmt":"2023-01-12T14:49:31","guid":{"rendered":"https:\/\/unsa-paris.fr\/savp\/?p=1913"},"modified":"2023-01-12T15:49:33","modified_gmt":"2023-01-12T14:49:33","slug":"pour-nos-retraites","status":"publish","type":"post","link":"https:\/\/unsa-paris.fr\/savp\/2023\/01\/12\/pour-nos-retraites\/","title":{"rendered":"POUR NOS RETRAITES:"},"content":{"rendered":"\n<p class=\"has-bright-red-color has-text-color\" style=\"font-size:26px\"><strong>TOUS EN GR\u00c8VE LE 19 JANVIER !<\/strong><\/p>\n\n\n\n<figure class=\"wp-block-image size-full\"><img fetchpriority=\"high\" decoding=\"async\" width=\"613\" height=\"218\" src=\"https:\/\/unsa-paris.fr\/savp\/wp-content\/uploads\/2023\/01\/intersyndical.png\" alt=\"\" class=\"wp-image-1914\" srcset=\"https:\/\/unsa-paris.fr\/savp\/wp-content\/uploads\/2023\/01\/intersyndical.png 613w, https:\/\/unsa-paris.fr\/savp\/wp-content\/uploads\/2023\/01\/intersyndical-300x107.png 300w\" sizes=\"(max-width: 709px) 85vw, (max-width: 909px) 67vw, (max-width: 984px) 61vw, (max-width: 1362px) 45vw, 600px\" \/><\/figure>\n\n\n\n<p class=\"has-text-align-center has-dark-gray-color has-text-color has-medium-font-size\"><strong>Communiqu\u00e9 intersyndical<\/strong><\/p>\n\n\n\n<p class=\"has-text-align-center has-bright-red-color has-text-color has-medium-font-size\"><br><strong>Retraites : premi\u00e8re journ\u00e9e de mobilisation le 19 janvier<\/strong><\/p>\n\n\n\n<p class=\"has-text-align-left\">La Premi\u00e8re Ministre a annonc\u00e9 ce 10 janvier 2023 le report de l\u2019\u00e2ge l\u00e9gal de d\u00e9part \u00e0 la retraite \u00e0 64 ans avec une acc\u00e9l\u00e9ration de l\u2019augmentation de la dur\u00e9e de cotisation. <\/p>\n\n\n\n<!--more-->\n\n\n\n<p class=\"has-text-align-left\">Cette r\u00e9forme va frapper de plein fouet l\u2019ensemble des travailleurs et travailleuses, et plus particuli\u00e8rement celles et ceux qui ont commenc\u00e9 \u00e0 travailler t\u00f4t, les plus pr\u00e9caires, dont l&rsquo;esp\u00e9rance de vie est inf\u00e9rieure au reste de la population, et celles et ceux dont la p\u00e9nibilit\u00e9 des m\u00e9tiers n&rsquo;est pas reconnue. Elle va aggraver la pr\u00e9carit\u00e9 de celles et ceux n\u2019\u00e9tant d\u00e9j\u00e0 plus en emploi avant leur retraite, et renforcer les in\u00e9galit\u00e9s femmes-hommes.<br>Le syst\u00e8me de retraites par r\u00e9partition n\u2019est pas en danger, rien ne justifie une r\u00e9forme aussi brutale. Attach\u00e9es \u00e0 un meilleur partage des richesses, les organisations syndicales n\u2019ont eu de cesse pendant la concertation avec le Gouvernement de proposer d\u2019autres solutions de financement, \u00e0 commencer par l\u2019am\u00e9lioration de l\u2019emploi des seniors. Jamais le gouvernement, arcbout\u00e9 sur son projet, ne les a \u00e9tudi\u00e9es s\u00e9rieusement.<br>Suite \u00e0 l\u2019annonce de la r\u00e9forme gouvernementale, toutes les organisations syndicales se sont imm\u00e9diatement r\u00e9unies pour construire une r\u00e9ponse commune de mobilisation interprofessionnelle. Celle-ci prendra la forme d\u2019une premi\u00e8re journ\u00e9e de gr\u00e8ves et de manifestations le 19 janvier 2023.<br>Parce qu\u2019elles repr\u00e9sentent l\u2019ensemble des travailleurs et des travailleuses, demandeurs et demandeuses d\u2019emploi, et retrait\u00e9.es, c\u2019est cette date syndicale qui donne le d\u00e9part d\u2019une puissante mobilisation sur les retraites dans la dur\u00e9e.<br>Elles d\u00e9cident d\u2019ores et d\u00e9j\u00e0 de se r\u00e9unir le 19 janvier au soir avec les organisations de jeunesse pour prolonger le mouvement de mobilisation et convenir d\u2019autres initiatives.<br>Les organisations syndicales appellent les salari\u00e9.es \u00e0 se mobiliser fortement d\u00e8s cette premi\u00e8re journ\u00e9e dans l\u2019ensemble du territoire et \u00e0 participer aux diff\u00e9rentes initiatives organis\u00e9es en intersyndicale.<\/p>\n\n\n\n<p class=\"has-text-align-left\">Paris le 10 janvier 2023<\/p>\n","protected":false},"excerpt":{"rendered":"<p>TOUS EN GR\u00c8VE LE 19 JANVIER ! Communiqu\u00e9 intersyndical Retraites : premi\u00e8re journ\u00e9e de mobilisation le 19 janvier La Premi\u00e8re Ministre a annonc\u00e9 ce 10 janvier 2023 le report de &hellip; <a href=\"https:\/\/unsa-paris.fr\/savp\/2023\/01\/12\/pour-nos-retraites\/\" class=\"more-link\">Continuer la lecture<span class=\"screen-reader-text\"> de &laquo;&nbsp;POUR NOS RETRAITES:&nbsp;&raquo;<\/span><\/a><\/p>\n","protected":false},"author":2,"featured_media":0,"comment_status":"open","ping_status":"open","sticky":false,"template":"","format":"standard","meta":{"footnotes":""},"categories":[9,23],"tags":[],"class_list":["post-1913","post","type-post","status-publish","format-standard","hentry","category-communique","category-retraites"],"yoast_head":"<!-- This site is optimized with the Yoast SEO plugin v27.5 - https:\/\/yoast.com\/product\/yoast-seo-wordpress\/ -->\n<title>POUR NOS RETRAITES: - Syndicat Autonome UNSA<\/title>\n<meta name=\"robots\" content=\"index, follow, max-snippet:-1, max-image-preview:large, max-video-preview:-1\" \/>\n<link rel=\"canonical\" href=\"https:\/\/unsa-paris.fr\/savp\/2023\/01\/12\/pour-nos-retraites\/\" \/>\n<meta property=\"og:locale\" content=\"fr_FR\" \/>\n<meta property=\"og:type\" content=\"article\" \/>\n<meta property=\"og:title\" content=\"POUR NOS RETRAITES: - Syndicat Autonome UNSA\" \/>\n<meta property=\"og:description\" content=\"TOUS EN GR\u00c8VE LE 19 JANVIER ! Communiqu\u00e9 intersyndical Retraites : premi\u00e8re journ\u00e9e de mobilisation le 19 janvier La Premi\u00e8re Ministre a annonc\u00e9 ce 10 janvier 2023 le report de &hellip; Continuer la lecture de &laquo;&nbsp;POUR NOS RETRAITES:&nbsp;&raquo;\" \/>\n<meta property=\"og:url\" content=\"https:\/\/unsa-paris.fr\/savp\/2023\/01\/12\/pour-nos-retraites\/\" \/>\n<meta property=\"og:site_name\" content=\"Syndicat Autonome UNSA\" \/>\n<meta property=\"article:published_time\" content=\"2023-01-12T14:49:31+00:00\" \/>\n<meta property=\"article:modified_time\" content=\"2023-01-12T14:49:33+00:00\" \/>\n<meta property=\"og:image\" content=\"https:\/\/unsa-paris.fr\/savp\/wp-content\/uploads\/2023\/01\/intersyndical.png\" \/>\n<meta name=\"author\" content=\"UNSA SA\" \/>\n<meta name=\"twitter:card\" content=\"summary_large_image\" \/>\n<meta name=\"twitter:label1\" content=\"\u00c9crit par\" \/>\n\t<meta name=\"twitter:data1\" content=\"UNSA SA\" \/>\n\t<meta name=\"twitter:label2\" content=\"Dur\u00e9e de lecture estim\u00e9e\" \/>\n\t<meta name=\"twitter:data2\" content=\"2 minutes\" \/>\n<script type=\"application\/ld+json\" class=\"yoast-schema-graph\">{\"@context\":\"https:\\\/\\\/schema.org\",\"@graph\":[{\"@type\":\"Article\",\"@id\":\"https:\\\/\\\/unsa-paris.fr\\\/savp\\\/2023\\\/01\\\/12\\\/pour-nos-retraites\\\/#article\",\"isPartOf\":{\"@id\":\"https:\\\/\\\/unsa-paris.fr\\\/savp\\\/2023\\\/01\\\/12\\\/pour-nos-retraites\\\/\"},\"author\":{\"name\":\"UNSA SA\",\"@id\":\"https:\\\/\\\/unsa-paris.fr\\\/savp\\\/#\\\/schema\\\/person\\\/7253f5acb55b402d9149796390e7bdde\"},\"headline\":\"POUR NOS RETRAITES:\",\"datePublished\":\"2023-01-12T14:49:31+00:00\",\"dateModified\":\"2023-01-12T14:49:33+00:00\",\"mainEntityOfPage\":{\"@id\":\"https:\\\/\\\/unsa-paris.fr\\\/savp\\\/2023\\\/01\\\/12\\\/pour-nos-retraites\\\/\"},\"wordCount\":368,\"commentCount\":0,\"publisher\":{\"@id\":\"https:\\\/\\\/unsa-paris.fr\\\/savp\\\/#organization\"},\"image\":{\"@id\":\"https:\\\/\\\/unsa-paris.fr\\\/savp\\\/2023\\\/01\\\/12\\\/pour-nos-retraites\\\/#primaryimage\"},\"thumbnailUrl\":\"https:\\\/\\\/unsa-paris.fr\\\/savp\\\/wp-content\\\/uploads\\\/2023\\\/01\\\/intersyndical.png\",\"articleSection\":[\"Communique\",\"Retraites\"],\"inLanguage\":\"fr-FR\",\"potentialAction\":[{\"@type\":\"CommentAction\",\"name\":\"Comment\",\"target\":[\"https:\\\/\\\/unsa-paris.fr\\\/savp\\\/2023\\\/01\\\/12\\\/pour-nos-retraites\\\/#respond\"]}]},{\"@type\":\"WebPage\",\"@id\":\"https:\\\/\\\/unsa-paris.fr\\\/savp\\\/2023\\\/01\\\/12\\\/pour-nos-retraites\\\/\",\"url\":\"https:\\\/\\\/unsa-paris.fr\\\/savp\\\/2023\\\/01\\\/12\\\/pour-nos-retraites\\\/\",\"name\":\"POUR NOS RETRAITES: - Syndicat Autonome UNSA\",\"isPartOf\":{\"@id\":\"https:\\\/\\\/unsa-paris.fr\\\/savp\\\/#website\"},\"primaryImageOfPage\":{\"@id\":\"https:\\\/\\\/unsa-paris.fr\\\/savp\\\/2023\\\/01\\\/12\\\/pour-nos-retraites\\\/#primaryimage\"},\"image\":{\"@id\":\"https:\\\/\\\/unsa-paris.fr\\\/savp\\\/2023\\\/01\\\/12\\\/pour-nos-retraites\\\/#primaryimage\"},\"thumbnailUrl\":\"https:\\\/\\\/unsa-paris.fr\\\/savp\\\/wp-content\\\/uploads\\\/2023\\\/01\\\/intersyndical.png\",\"datePublished\":\"2023-01-12T14:49:31+00:00\",\"dateModified\":\"2023-01-12T14:49:33+00:00\",\"breadcrumb\":{\"@id\":\"https:\\\/\\\/unsa-paris.fr\\\/savp\\\/2023\\\/01\\\/12\\\/pour-nos-retraites\\\/#breadcrumb\"},\"inLanguage\":\"fr-FR\",\"potentialAction\":[{\"@type\":\"ReadAction\",\"target\":[\"https:\\\/\\\/unsa-paris.fr\\\/savp\\\/2023\\\/01\\\/12\\\/pour-nos-retraites\\\/\"]}]},{\"@type\":\"ImageObject\",\"inLanguage\":\"fr-FR\",\"@id\":\"https:\\\/\\\/unsa-paris.fr\\\/savp\\\/2023\\\/01\\\/12\\\/pour-nos-retraites\\\/#primaryimage\",\"url\":\"https:\\\/\\\/unsa-paris.fr\\\/savp\\\/wp-content\\\/uploads\\\/2023\\\/01\\\/intersyndical.png\",\"contentUrl\":\"https:\\\/\\\/unsa-paris.fr\\\/savp\\\/wp-content\\\/uploads\\\/2023\\\/01\\\/intersyndical.png\",\"width\":613,\"height\":218},{\"@type\":\"BreadcrumbList\",\"@id\":\"https:\\\/\\\/unsa-paris.fr\\\/savp\\\/2023\\\/01\\\/12\\\/pour-nos-retraites\\\/#breadcrumb\",\"itemListElement\":[{\"@type\":\"ListItem\",\"position\":1,\"name\":\"Accueil\",\"item\":\"https:\\\/\\\/unsa-paris.fr\\\/savp\\\/\"},{\"@type\":\"ListItem\",\"position\":2,\"name\":\"POUR NOS RETRAITES:\"}]},{\"@type\":\"WebSite\",\"@id\":\"https:\\\/\\\/unsa-paris.fr\\\/savp\\\/#website\",\"url\":\"https:\\\/\\\/unsa-paris.fr\\\/savp\\\/\",\"name\":\"Syndicat Autonome UNSA\",\"description\":\"Section des secr\u00e9taires administratifs et des techniciens sup\u00e9rieurs\",\"publisher\":{\"@id\":\"https:\\\/\\\/unsa-paris.fr\\\/savp\\\/#organization\"},\"potentialAction\":[{\"@type\":\"SearchAction\",\"target\":{\"@type\":\"EntryPoint\",\"urlTemplate\":\"https:\\\/\\\/unsa-paris.fr\\\/savp\\\/?s={search_term_string}\"},\"query-input\":{\"@type\":\"PropertyValueSpecification\",\"valueRequired\":true,\"valueName\":\"search_term_string\"}}],\"inLanguage\":\"fr-FR\"},{\"@type\":\"Organization\",\"@id\":\"https:\\\/\\\/unsa-paris.fr\\\/savp\\\/#organization\",\"name\":\"UNSA PARIS fili\u00e8re administrative\",\"url\":\"https:\\\/\\\/unsa-paris.fr\\\/savp\\\/\",\"logo\":{\"@type\":\"ImageObject\",\"inLanguage\":\"fr-FR\",\"@id\":\"https:\\\/\\\/unsa-paris.fr\\\/savp\\\/#\\\/schema\\\/logo\\\/image\\\/\",\"url\":\"https:\\\/\\\/unsa-paris.fr\\\/savp\\\/wp-content\\\/uploads\\\/2020\\\/10\\\/Logo_UNSA-V6.png\",\"contentUrl\":\"https:\\\/\\\/unsa-paris.fr\\\/savp\\\/wp-content\\\/uploads\\\/2020\\\/10\\\/Logo_UNSA-V6.png\",\"width\":986,\"height\":962,\"caption\":\"UNSA PARIS fili\u00e8re administrative\"},\"image\":{\"@id\":\"https:\\\/\\\/unsa-paris.fr\\\/savp\\\/#\\\/schema\\\/logo\\\/image\\\/\"}},{\"@type\":\"Person\",\"@id\":\"https:\\\/\\\/unsa-paris.fr\\\/savp\\\/#\\\/schema\\\/person\\\/7253f5acb55b402d9149796390e7bdde\",\"name\":\"UNSA SA\",\"image\":{\"@type\":\"ImageObject\",\"inLanguage\":\"fr-FR\",\"@id\":\"https:\\\/\\\/secure.gravatar.com\\\/avatar\\\/b78c582c0b7ba9a7147763b6638faa3db8f956662f0faffdc8b57058fad002f4?s=96&d=mm&r=g\",\"url\":\"https:\\\/\\\/secure.gravatar.com\\\/avatar\\\/b78c582c0b7ba9a7147763b6638faa3db8f956662f0faffdc8b57058fad002f4?s=96&d=mm&r=g\",\"contentUrl\":\"https:\\\/\\\/secure.gravatar.com\\\/avatar\\\/b78c582c0b7ba9a7147763b6638faa3db8f956662f0faffdc8b57058fad002f4?s=96&d=mm&r=g\",\"caption\":\"UNSA SA\"},\"sameAs\":[\"http:\\\/\\\/unsa-paris.fr\\\/savp\"],\"url\":\"https:\\\/\\\/unsa-paris.fr\\\/savp\\\/author\\\/fred\\\/\"}]}<\/script>\n<!-- \/ Yoast SEO plugin. -->","yoast_head_json":{"title":"POUR NOS RETRAITES: - Syndicat Autonome UNSA","robots":{"index":"index","follow":"follow","max-snippet":"max-snippet:-1","max-image-preview":"max-image-preview:large","max-video-preview":"max-video-preview:-1"},"canonical":"https:\/\/unsa-paris.fr\/savp\/2023\/01\/12\/pour-nos-retraites\/","og_locale":"fr_FR","og_type":"article","og_title":"POUR NOS RETRAITES: - Syndicat Autonome UNSA","og_description":"TOUS EN GR\u00c8VE LE 19 JANVIER ! Communiqu\u00e9 intersyndical Retraites : premi\u00e8re journ\u00e9e de mobilisation le 19 janvier La Premi\u00e8re Ministre a annonc\u00e9 ce 10 janvier 2023 le report de &hellip; Continuer la lecture de &laquo;&nbsp;POUR NOS RETRAITES:&nbsp;&raquo;","og_url":"https:\/\/unsa-paris.fr\/savp\/2023\/01\/12\/pour-nos-retraites\/","og_site_name":"Syndicat Autonome UNSA","article_published_time":"2023-01-12T14:49:31+00:00","article_modified_time":"2023-01-12T14:49:33+00:00","og_image":[{"url":"https:\/\/unsa-paris.fr\/savp\/wp-content\/uploads\/2023\/01\/intersyndical.png","type":"","width":"","height":""}],"author":"UNSA SA","twitter_card":"summary_large_image","twitter_misc":{"\u00c9crit par":"UNSA SA","Dur\u00e9e de lecture estim\u00e9e":"2 minutes"},"schema":{"@context":"https:\/\/schema.org","@graph":[{"@type":"Article","@id":"https:\/\/unsa-paris.fr\/savp\/2023\/01\/12\/pour-nos-retraites\/#article","isPartOf":{"@id":"https:\/\/unsa-paris.fr\/savp\/2023\/01\/12\/pour-nos-retraites\/"},"author":{"name":"UNSA SA","@id":"https:\/\/unsa-paris.fr\/savp\/#\/schema\/person\/7253f5acb55b402d9149796390e7bdde"},"headline":"POUR NOS RETRAITES:","datePublished":"2023-01-12T14:49:31+00:00","dateModified":"2023-01-12T14:49:33+00:00","mainEntityOfPage":{"@id":"https:\/\/unsa-paris.fr\/savp\/2023\/01\/12\/pour-nos-retraites\/"},"wordCount":368,"commentCount":0,"publisher":{"@id":"https:\/\/unsa-paris.fr\/savp\/#organization"},"image":{"@id":"https:\/\/unsa-paris.fr\/savp\/2023\/01\/12\/pour-nos-retraites\/#primaryimage"},"thumbnailUrl":"https:\/\/unsa-paris.fr\/savp\/wp-content\/uploads\/2023\/01\/intersyndical.png","articleSection":["Communique","Retraites"],"inLanguage":"fr-FR","potentialAction":[{"@type":"CommentAction","name":"Comment","target":["https:\/\/unsa-paris.fr\/savp\/2023\/01\/12\/pour-nos-retraites\/#respond"]}]},{"@type":"WebPage","@id":"https:\/\/unsa-paris.fr\/savp\/2023\/01\/12\/pour-nos-retraites\/","url":"https:\/\/unsa-paris.fr\/savp\/2023\/01\/12\/pour-nos-retraites\/","name":"POUR NOS RETRAITES: - Syndicat Autonome UNSA","isPartOf":{"@id":"https:\/\/unsa-paris.fr\/savp\/#website"},"primaryImageOfPage":{"@id":"https:\/\/unsa-paris.fr\/savp\/2023\/01\/12\/pour-nos-retraites\/#primaryimage"},"image":{"@id":"https:\/\/unsa-paris.fr\/savp\/2023\/01\/12\/pour-nos-retraites\/#primaryimage"},"thumbnailUrl":"https:\/\/unsa-paris.fr\/savp\/wp-content\/uploads\/2023\/01\/intersyndical.png","datePublished":"2023-01-12T14:49:31+00:00","dateModified":"2023-01-12T14:49:33+00:00","breadcrumb":{"@id":"https:\/\/unsa-paris.fr\/savp\/2023\/01\/12\/pour-nos-retraites\/#breadcrumb"},"inLanguage":"fr-FR","potentialAction":[{"@type":"ReadAction","target":["https:\/\/unsa-paris.fr\/savp\/2023\/01\/12\/pour-nos-retraites\/"]}]},{"@type":"ImageObject","inLanguage":"fr-FR","@id":"https:\/\/unsa-paris.fr\/savp\/2023\/01\/12\/pour-nos-retraites\/#primaryimage","url":"https:\/\/unsa-paris.fr\/savp\/wp-content\/uploads\/2023\/01\/intersyndical.png","contentUrl":"https:\/\/unsa-paris.fr\/savp\/wp-content\/uploads\/2023\/01\/intersyndical.png","width":613,"height":218},{"@type":"BreadcrumbList","@id":"https:\/\/unsa-paris.fr\/savp\/2023\/01\/12\/pour-nos-retraites\/#breadcrumb","itemListElement":[{"@type":"ListItem","position":1,"name":"Accueil","item":"https:\/\/unsa-paris.fr\/savp\/"},{"@type":"ListItem","position":2,"name":"POUR NOS RETRAITES:"}]},{"@type":"WebSite","@id":"https:\/\/unsa-paris.fr\/savp\/#website","url":"https:\/\/unsa-paris.fr\/savp\/","name":"Syndicat Autonome UNSA","description":"Section des secr\u00e9taires administratifs et des techniciens sup\u00e9rieurs","publisher":{"@id":"https:\/\/unsa-paris.fr\/savp\/#organization"},"potentialAction":[{"@type":"SearchAction","target":{"@type":"EntryPoint","urlTemplate":"https:\/\/unsa-paris.fr\/savp\/?s={search_term_string}"},"query-input":{"@type":"PropertyValueSpecification","valueRequired":true,"valueName":"search_term_string"}}],"inLanguage":"fr-FR"},{"@type":"Organization","@id":"https:\/\/unsa-paris.fr\/savp\/#organization","name":"UNSA PARIS fili\u00e8re administrative","url":"https:\/\/unsa-paris.fr\/savp\/","logo":{"@type":"ImageObject","inLanguage":"fr-FR","@id":"https:\/\/unsa-paris.fr\/savp\/#\/schema\/logo\/image\/","url":"https:\/\/unsa-paris.fr\/savp\/wp-content\/uploads\/2020\/10\/Logo_UNSA-V6.png","contentUrl":"https:\/\/unsa-paris.fr\/savp\/wp-content\/uploads\/2020\/10\/Logo_UNSA-V6.png","width":986,"height":962,"caption":"UNSA PARIS fili\u00e8re administrative"},"image":{"@id":"https:\/\/unsa-paris.fr\/savp\/#\/schema\/logo\/image\/"}},{"@type":"Person","@id":"https:\/\/unsa-paris.fr\/savp\/#\/schema\/person\/7253f5acb55b402d9149796390e7bdde","name":"UNSA SA","image":{"@type":"ImageObject","inLanguage":"fr-FR","@id":"https:\/\/secure.gravatar.com\/avatar\/b78c582c0b7ba9a7147763b6638faa3db8f956662f0faffdc8b57058fad002f4?s=96&d=mm&r=g","url":"https:\/\/secure.gravatar.com\/avatar\/b78c582c0b7ba9a7147763b6638faa3db8f956662f0faffdc8b57058fad002f4?s=96&d=mm&r=g","contentUrl":"https:\/\/secure.gravatar.com\/avatar\/b78c582c0b7ba9a7147763b6638faa3db8f956662f0faffdc8b57058fad002f4?s=96&d=mm&r=g","caption":"UNSA SA"},"sameAs":["http:\/\/unsa-paris.fr\/savp"],"url":"https:\/\/unsa-paris.fr\/savp\/author\/fred\/"}]}},"_links":{"self":[{"href":"https:\/\/unsa-paris.fr\/savp\/wp-json\/wp\/v2\/posts\/1913","targetHints":{"allow":["GET"]}}],"collection":[{"href":"https:\/\/unsa-paris.fr\/savp\/wp-json\/wp\/v2\/posts"}],"about":[{"href":"https:\/\/unsa-paris.fr\/savp\/wp-json\/wp\/v2\/types\/post"}],"author":[{"embeddable":true,"href":"https:\/\/unsa-paris.fr\/savp\/wp-json\/wp\/v2\/users\/2"}],"replies":[{"embeddable":true,"href":"https:\/\/unsa-paris.fr\/savp\/wp-json\/wp\/v2\/comments?post=1913"}],"version-history":[{"count":3,"href":"https:\/\/unsa-paris.fr\/savp\/wp-json\/wp\/v2\/posts\/1913\/revisions"}],"predecessor-version":[{"id":1918,"href":"https:\/\/unsa-paris.fr\/savp\/wp-json\/wp\/v2\/posts\/1913\/revisions\/1918"}],"wp:attachment":[{"href":"https:\/\/unsa-paris.fr\/savp\/wp-json\/wp\/v2\/media?parent=1913"}],"wp:term":[{"taxonomy":"category","embeddable":true,"href":"https:\/\/unsa-paris.fr\/savp\/wp-json\/wp\/v2\/categories?post=1913"},{"taxonomy":"post_tag","embeddable":true,"href":"https:\/\/unsa-paris.fr\/savp\/wp-json\/wp\/v2\/tags?post=1913"}],"curies":[{"name":"wp","href":"https:\/\/api.w.org\/{rel}","templated":true}]}}