{"id":1851,"date":"2022-12-10T19:36:00","date_gmt":"2022-12-10T18:36:00","guid":{"rendered":"https:\/\/unsa-paris.fr\/savp\/?p=1851"},"modified":"2022-12-10T19:38:17","modified_gmt":"2022-12-10T18:38:17","slug":"lunsa-reste-le-2eme-syndicat-de-la-ville-de-paris","status":"publish","type":"post","link":"https:\/\/unsa-paris.fr\/savp\/2022\/12\/10\/lunsa-reste-le-2eme-syndicat-de-la-ville-de-paris\/","title":{"rendered":"L&rsquo;UNSA reste le 2\u00e8me syndicat de la Ville de Paris"},"content":{"rendered":"\t\t<div data-elementor-type=\"wp-post\" data-elementor-id=\"1851\" class=\"elementor elementor-1851\">\n\t\t\t\t\t\t<section class=\"elementor-section elementor-top-section elementor-element elementor-element-462b7fc elementor-section-boxed elementor-section-height-default elementor-section-height-default\" data-id=\"462b7fc\" data-element_type=\"section\" data-e-type=\"section\">\n\t\t\t\t\t\t<div class=\"elementor-container elementor-column-gap-default\">\n\t\t\t\t\t<div class=\"elementor-column elementor-col-100 elementor-top-column elementor-element elementor-element-4e3fa58\" data-id=\"4e3fa58\" data-element_type=\"column\" data-e-type=\"column\">\n\t\t\t<div class=\"elementor-widget-wrap elementor-element-populated\">\n\t\t\t\t\t\t<div class=\"elementor-element elementor-element-edd2779 elementor-widget elementor-widget-text-editor\" data-id=\"edd2779\" data-element_type=\"widget\" data-e-type=\"widget\" data-widget_type=\"text-editor.default\">\n\t\t\t\t<div class=\"elementor-widget-container\">\n\t\t\t\t\t\t\t\t\t<p><span style=\"color: #000000;\">Les urnes ont rendu leur verdict, l&rsquo;UNSA reste la deuxi\u00e8me organisation syndicale repr\u00e9sentative de la Ville de Paris.<\/span><\/p><p><span style=\"color: #000000;\">C&rsquo;est gr\u00e2ce \u00e0 l&rsquo;engagement de tous les agents qui nous ont accord\u00e9 leur confiance et ont vot\u00e9 pour nous, malgr\u00e9 un changement de mode de scrutin qui a rendu ces \u00e9lections plus complexes que jamais.<\/span><\/p><p><span style=\"color: #000000;\">Nous les en remercions sinc\u00e8rement.<\/span><\/p><p><span style=\"color: #000000;\">Nous sommes plus que jamais d\u00e9termin\u00e9s \u00e0 repartir d\u00e8s demain \u00e0 vos c\u00f4t\u00e9s et \u00e0 votre service pour:<\/span><\/p><p><span style=\"color: #0000ff;\">VOUS \u00c9COUTER, VOUS INFORMER, VOUS ACCOMPAGNER, VOUS D\u00c9FENDRE<\/span><\/p>\t\t\t\t\t\t\t\t<\/div>\n\t\t\t\t<\/div>\n\t\t\t\t<div class=\"elementor-element elementor-element-ff919c6 elementor-widget elementor-widget-image\" data-id=\"ff919c6\" data-element_type=\"widget\" data-e-type=\"widget\" data-widget_type=\"image.default\">\n\t\t\t\t<div class=\"elementor-widget-container\">\n\t\t\t\t\t\t\t\t\t\t\t\t\t\t\t<img fetchpriority=\"high\" decoding=\"async\" width=\"572\" height=\"300\" src=\"https:\/\/unsa-paris.fr\/savp\/wp-content\/uploads\/2022\/12\/resultats-CSTC-VDP.png\" class=\"attachment-large size-large wp-image-1855\" alt=\"\" srcset=\"https:\/\/unsa-paris.fr\/savp\/wp-content\/uploads\/2022\/12\/resultats-CSTC-VDP.png 572w, https:\/\/unsa-paris.fr\/savp\/wp-content\/uploads\/2022\/12\/resultats-CSTC-VDP-300x157.png 300w\" sizes=\"(max-width: 572px) 85vw, 572px\" \/>\t\t\t\t\t\t\t\t\t\t\t\t\t\t\t<\/div>\n\t\t\t\t<\/div>\n\t\t\t\t\t<\/div>\n\t\t<\/div>\n\t\t\t\t\t<\/div>\n\t\t<\/section>\n\t\t\t\t<\/div>\n\t\t","protected":false},"excerpt":{"rendered":"<p>Les urnes ont rendu leur verdict, l&rsquo;UNSA reste la deuxi\u00e8me organisation syndicale repr\u00e9sentative de la Ville de Paris. C&rsquo;est gr\u00e2ce \u00e0 l&rsquo;engagement de tous les agents qui nous ont accord\u00e9 &hellip; <a href=\"https:\/\/unsa-paris.fr\/savp\/2022\/12\/10\/lunsa-reste-le-2eme-syndicat-de-la-ville-de-paris\/\" class=\"more-link\">Continuer la lecture<span class=\"screen-reader-text\"> de &laquo;&nbsp;L&rsquo;UNSA reste le 2\u00e8me syndicat de la Ville de Paris&nbsp;&raquo;<\/span><\/a><\/p>\n","protected":false},"author":1,"featured_media":0,"comment_status":"open","ping_status":"open","sticky":false,"template":"","format":"standard","meta":{"footnotes":""},"categories":[1],"tags":[],"class_list":["post-1851","post","type-post","status-publish","format-standard","hentry","category-non-classe"],"yoast_head":"<!-- This site is optimized with the Yoast SEO plugin v27.5 - https:\/\/yoast.com\/product\/yoast-seo-wordpress\/ -->\n<title>L&#039;UNSA reste le 2\u00e8me syndicat de la Ville de Paris - Syndicat Autonome UNSA<\/title>\n<meta name=\"robots\" content=\"index, follow, max-snippet:-1, max-image-preview:large, max-video-preview:-1\" \/>\n<link rel=\"canonical\" href=\"https:\/\/unsa-paris.fr\/savp\/2022\/12\/10\/lunsa-reste-le-2eme-syndicat-de-la-ville-de-paris\/\" \/>\n<meta property=\"og:locale\" content=\"fr_FR\" \/>\n<meta property=\"og:type\" content=\"article\" \/>\n<meta property=\"og:title\" content=\"L&#039;UNSA reste le 2\u00e8me syndicat de la Ville de Paris - Syndicat Autonome UNSA\" \/>\n<meta property=\"og:description\" content=\"Les urnes ont rendu leur verdict, l&rsquo;UNSA reste la deuxi\u00e8me organisation syndicale repr\u00e9sentative de la Ville de Paris. C&rsquo;est gr\u00e2ce \u00e0 l&rsquo;engagement de tous les agents qui nous ont accord\u00e9 &hellip; Continuer la lecture de &laquo;&nbsp;L&rsquo;UNSA reste le 2\u00e8me syndicat de la Ville de Paris&nbsp;&raquo;\" \/>\n<meta property=\"og:url\" content=\"https:\/\/unsa-paris.fr\/savp\/2022\/12\/10\/lunsa-reste-le-2eme-syndicat-de-la-ville-de-paris\/\" \/>\n<meta property=\"og:site_name\" content=\"Syndicat Autonome UNSA\" \/>\n<meta property=\"article:published_time\" content=\"2022-12-10T18:36:00+00:00\" \/>\n<meta property=\"article:modified_time\" content=\"2022-12-10T18:38:17+00:00\" \/>\n<meta property=\"og:image\" content=\"https:\/\/unsa-paris.fr\/savp\/wp-content\/uploads\/2022\/12\/resultats-CSTC-VDP.png\" \/>\n<meta name=\"author\" content=\"militant\" \/>\n<meta name=\"twitter:card\" content=\"summary_large_image\" \/>\n<meta name=\"twitter:label1\" content=\"\u00c9crit par\" \/>\n\t<meta name=\"twitter:data1\" content=\"militant\" \/>\n\t<meta name=\"twitter:label2\" content=\"Dur\u00e9e de lecture estim\u00e9e\" \/>\n\t<meta name=\"twitter:data2\" content=\"1 minute\" \/>\n<script type=\"application\/ld+json\" class=\"yoast-schema-graph\">{\"@context\":\"https:\\\/\\\/schema.org\",\"@graph\":[{\"@type\":\"Article\",\"@id\":\"https:\\\/\\\/unsa-paris.fr\\\/savp\\\/2022\\\/12\\\/10\\\/lunsa-reste-le-2eme-syndicat-de-la-ville-de-paris\\\/#article\",\"isPartOf\":{\"@id\":\"https:\\\/\\\/unsa-paris.fr\\\/savp\\\/2022\\\/12\\\/10\\\/lunsa-reste-le-2eme-syndicat-de-la-ville-de-paris\\\/\"},\"author\":{\"name\":\"militant\",\"@id\":\"https:\\\/\\\/unsa-paris.fr\\\/savp\\\/#\\\/schema\\\/person\\\/656755f73ac5921fc7e2e35124af2ae1\"},\"headline\":\"L&rsquo;UNSA reste le 2\u00e8me syndicat de la Ville de Paris\",\"datePublished\":\"2022-12-10T18:36:00+00:00\",\"dateModified\":\"2022-12-10T18:38:17+00:00\",\"mainEntityOfPage\":{\"@id\":\"https:\\\/\\\/unsa-paris.fr\\\/savp\\\/2022\\\/12\\\/10\\\/lunsa-reste-le-2eme-syndicat-de-la-ville-de-paris\\\/\"},\"wordCount\":104,\"commentCount\":0,\"publisher\":{\"@id\":\"https:\\\/\\\/unsa-paris.fr\\\/savp\\\/#organization\"},\"image\":{\"@id\":\"https:\\\/\\\/unsa-paris.fr\\\/savp\\\/2022\\\/12\\\/10\\\/lunsa-reste-le-2eme-syndicat-de-la-ville-de-paris\\\/#primaryimage\"},\"thumbnailUrl\":\"https:\\\/\\\/unsa-paris.fr\\\/savp\\\/wp-content\\\/uploads\\\/2022\\\/12\\\/resultats-CSTC-VDP.png\",\"articleSection\":[\"non-classe\"],\"inLanguage\":\"fr-FR\",\"potentialAction\":[{\"@type\":\"CommentAction\",\"name\":\"Comment\",\"target\":[\"https:\\\/\\\/unsa-paris.fr\\\/savp\\\/2022\\\/12\\\/10\\\/lunsa-reste-le-2eme-syndicat-de-la-ville-de-paris\\\/#respond\"]}]},{\"@type\":\"WebPage\",\"@id\":\"https:\\\/\\\/unsa-paris.fr\\\/savp\\\/2022\\\/12\\\/10\\\/lunsa-reste-le-2eme-syndicat-de-la-ville-de-paris\\\/\",\"url\":\"https:\\\/\\\/unsa-paris.fr\\\/savp\\\/2022\\\/12\\\/10\\\/lunsa-reste-le-2eme-syndicat-de-la-ville-de-paris\\\/\",\"name\":\"L'UNSA reste le 2\u00e8me syndicat de la Ville de Paris - Syndicat Autonome UNSA\",\"isPartOf\":{\"@id\":\"https:\\\/\\\/unsa-paris.fr\\\/savp\\\/#website\"},\"primaryImageOfPage\":{\"@id\":\"https:\\\/\\\/unsa-paris.fr\\\/savp\\\/2022\\\/12\\\/10\\\/lunsa-reste-le-2eme-syndicat-de-la-ville-de-paris\\\/#primaryimage\"},\"image\":{\"@id\":\"https:\\\/\\\/unsa-paris.fr\\\/savp\\\/2022\\\/12\\\/10\\\/lunsa-reste-le-2eme-syndicat-de-la-ville-de-paris\\\/#primaryimage\"},\"thumbnailUrl\":\"https:\\\/\\\/unsa-paris.fr\\\/savp\\\/wp-content\\\/uploads\\\/2022\\\/12\\\/resultats-CSTC-VDP.png\",\"datePublished\":\"2022-12-10T18:36:00+00:00\",\"dateModified\":\"2022-12-10T18:38:17+00:00\",\"breadcrumb\":{\"@id\":\"https:\\\/\\\/unsa-paris.fr\\\/savp\\\/2022\\\/12\\\/10\\\/lunsa-reste-le-2eme-syndicat-de-la-ville-de-paris\\\/#breadcrumb\"},\"inLanguage\":\"fr-FR\",\"potentialAction\":[{\"@type\":\"ReadAction\",\"target\":[\"https:\\\/\\\/unsa-paris.fr\\\/savp\\\/2022\\\/12\\\/10\\\/lunsa-reste-le-2eme-syndicat-de-la-ville-de-paris\\\/\"]}]},{\"@type\":\"ImageObject\",\"inLanguage\":\"fr-FR\",\"@id\":\"https:\\\/\\\/unsa-paris.fr\\\/savp\\\/2022\\\/12\\\/10\\\/lunsa-reste-le-2eme-syndicat-de-la-ville-de-paris\\\/#primaryimage\",\"url\":\"https:\\\/\\\/unsa-paris.fr\\\/savp\\\/wp-content\\\/uploads\\\/2022\\\/12\\\/resultats-CSTC-VDP.png\",\"contentUrl\":\"https:\\\/\\\/unsa-paris.fr\\\/savp\\\/wp-content\\\/uploads\\\/2022\\\/12\\\/resultats-CSTC-VDP.png\",\"width\":572,\"height\":300},{\"@type\":\"BreadcrumbList\",\"@id\":\"https:\\\/\\\/unsa-paris.fr\\\/savp\\\/2022\\\/12\\\/10\\\/lunsa-reste-le-2eme-syndicat-de-la-ville-de-paris\\\/#breadcrumb\",\"itemListElement\":[{\"@type\":\"ListItem\",\"position\":1,\"name\":\"Accueil\",\"item\":\"https:\\\/\\\/unsa-paris.fr\\\/savp\\\/\"},{\"@type\":\"ListItem\",\"position\":2,\"name\":\"L&#8217;UNSA reste le 2\u00e8me syndicat de la Ville de Paris\"}]},{\"@type\":\"WebSite\",\"@id\":\"https:\\\/\\\/unsa-paris.fr\\\/savp\\\/#website\",\"url\":\"https:\\\/\\\/unsa-paris.fr\\\/savp\\\/\",\"name\":\"Syndicat Autonome UNSA\",\"description\":\"Section des secr\u00e9taires administratifs et des techniciens sup\u00e9rieurs\",\"publisher\":{\"@id\":\"https:\\\/\\\/unsa-paris.fr\\\/savp\\\/#organization\"},\"potentialAction\":[{\"@type\":\"SearchAction\",\"target\":{\"@type\":\"EntryPoint\",\"urlTemplate\":\"https:\\\/\\\/unsa-paris.fr\\\/savp\\\/?s={search_term_string}\"},\"query-input\":{\"@type\":\"PropertyValueSpecification\",\"valueRequired\":true,\"valueName\":\"search_term_string\"}}],\"inLanguage\":\"fr-FR\"},{\"@type\":\"Organization\",\"@id\":\"https:\\\/\\\/unsa-paris.fr\\\/savp\\\/#organization\",\"name\":\"UNSA PARIS fili\u00e8re administrative\",\"url\":\"https:\\\/\\\/unsa-paris.fr\\\/savp\\\/\",\"logo\":{\"@type\":\"ImageObject\",\"inLanguage\":\"fr-FR\",\"@id\":\"https:\\\/\\\/unsa-paris.fr\\\/savp\\\/#\\\/schema\\\/logo\\\/image\\\/\",\"url\":\"https:\\\/\\\/unsa-paris.fr\\\/savp\\\/wp-content\\\/uploads\\\/2020\\\/10\\\/Logo_UNSA-V6.png\",\"contentUrl\":\"https:\\\/\\\/unsa-paris.fr\\\/savp\\\/wp-content\\\/uploads\\\/2020\\\/10\\\/Logo_UNSA-V6.png\",\"width\":986,\"height\":962,\"caption\":\"UNSA PARIS fili\u00e8re administrative\"},\"image\":{\"@id\":\"https:\\\/\\\/unsa-paris.fr\\\/savp\\\/#\\\/schema\\\/logo\\\/image\\\/\"}},{\"@type\":\"Person\",\"@id\":\"https:\\\/\\\/unsa-paris.fr\\\/savp\\\/#\\\/schema\\\/person\\\/656755f73ac5921fc7e2e35124af2ae1\",\"name\":\"militant\",\"image\":{\"@type\":\"ImageObject\",\"inLanguage\":\"fr-FR\",\"@id\":\"https:\\\/\\\/secure.gravatar.com\\\/avatar\\\/bafae66946efbf2980171a895ec279139a1dde2c6d953819f7e7270d582b48d2?s=96&d=mm&r=g\",\"url\":\"https:\\\/\\\/secure.gravatar.com\\\/avatar\\\/bafae66946efbf2980171a895ec279139a1dde2c6d953819f7e7270d582b48d2?s=96&d=mm&r=g\",\"contentUrl\":\"https:\\\/\\\/secure.gravatar.com\\\/avatar\\\/bafae66946efbf2980171a895ec279139a1dde2c6d953819f7e7270d582b48d2?s=96&d=mm&r=g\",\"caption\":\"militant\"},\"url\":\"https:\\\/\\\/unsa-paris.fr\\\/savp\\\/author\\\/militant\\\/\"}]}<\/script>\n<!-- \/ Yoast SEO plugin. -->","yoast_head_json":{"title":"L'UNSA reste le 2\u00e8me syndicat de la Ville de Paris - Syndicat Autonome UNSA","robots":{"index":"index","follow":"follow","max-snippet":"max-snippet:-1","max-image-preview":"max-image-preview:large","max-video-preview":"max-video-preview:-1"},"canonical":"https:\/\/unsa-paris.fr\/savp\/2022\/12\/10\/lunsa-reste-le-2eme-syndicat-de-la-ville-de-paris\/","og_locale":"fr_FR","og_type":"article","og_title":"L'UNSA reste le 2\u00e8me syndicat de la Ville de Paris - Syndicat Autonome UNSA","og_description":"Les urnes ont rendu leur verdict, l&rsquo;UNSA reste la deuxi\u00e8me organisation syndicale repr\u00e9sentative de la Ville de Paris. C&rsquo;est gr\u00e2ce \u00e0 l&rsquo;engagement de tous les agents qui nous ont accord\u00e9 &hellip; Continuer la lecture de &laquo;&nbsp;L&rsquo;UNSA reste le 2\u00e8me syndicat de la Ville de Paris&nbsp;&raquo;","og_url":"https:\/\/unsa-paris.fr\/savp\/2022\/12\/10\/lunsa-reste-le-2eme-syndicat-de-la-ville-de-paris\/","og_site_name":"Syndicat Autonome UNSA","article_published_time":"2022-12-10T18:36:00+00:00","article_modified_time":"2022-12-10T18:38:17+00:00","og_image":[{"url":"https:\/\/unsa-paris.fr\/savp\/wp-content\/uploads\/2022\/12\/resultats-CSTC-VDP.png","type":"","width":"","height":""}],"author":"militant","twitter_card":"summary_large_image","twitter_misc":{"\u00c9crit par":"militant","Dur\u00e9e de lecture estim\u00e9e":"1 minute"},"schema":{"@context":"https:\/\/schema.org","@graph":[{"@type":"Article","@id":"https:\/\/unsa-paris.fr\/savp\/2022\/12\/10\/lunsa-reste-le-2eme-syndicat-de-la-ville-de-paris\/#article","isPartOf":{"@id":"https:\/\/unsa-paris.fr\/savp\/2022\/12\/10\/lunsa-reste-le-2eme-syndicat-de-la-ville-de-paris\/"},"author":{"name":"militant","@id":"https:\/\/unsa-paris.fr\/savp\/#\/schema\/person\/656755f73ac5921fc7e2e35124af2ae1"},"headline":"L&rsquo;UNSA reste le 2\u00e8me syndicat de la Ville de Paris","datePublished":"2022-12-10T18:36:00+00:00","dateModified":"2022-12-10T18:38:17+00:00","mainEntityOfPage":{"@id":"https:\/\/unsa-paris.fr\/savp\/2022\/12\/10\/lunsa-reste-le-2eme-syndicat-de-la-ville-de-paris\/"},"wordCount":104,"commentCount":0,"publisher":{"@id":"https:\/\/unsa-paris.fr\/savp\/#organization"},"image":{"@id":"https:\/\/unsa-paris.fr\/savp\/2022\/12\/10\/lunsa-reste-le-2eme-syndicat-de-la-ville-de-paris\/#primaryimage"},"thumbnailUrl":"https:\/\/unsa-paris.fr\/savp\/wp-content\/uploads\/2022\/12\/resultats-CSTC-VDP.png","articleSection":["non-classe"],"inLanguage":"fr-FR","potentialAction":[{"@type":"CommentAction","name":"Comment","target":["https:\/\/unsa-paris.fr\/savp\/2022\/12\/10\/lunsa-reste-le-2eme-syndicat-de-la-ville-de-paris\/#respond"]}]},{"@type":"WebPage","@id":"https:\/\/unsa-paris.fr\/savp\/2022\/12\/10\/lunsa-reste-le-2eme-syndicat-de-la-ville-de-paris\/","url":"https:\/\/unsa-paris.fr\/savp\/2022\/12\/10\/lunsa-reste-le-2eme-syndicat-de-la-ville-de-paris\/","name":"L'UNSA reste le 2\u00e8me syndicat de la Ville de Paris - Syndicat Autonome UNSA","isPartOf":{"@id":"https:\/\/unsa-paris.fr\/savp\/#website"},"primaryImageOfPage":{"@id":"https:\/\/unsa-paris.fr\/savp\/2022\/12\/10\/lunsa-reste-le-2eme-syndicat-de-la-ville-de-paris\/#primaryimage"},"image":{"@id":"https:\/\/unsa-paris.fr\/savp\/2022\/12\/10\/lunsa-reste-le-2eme-syndicat-de-la-ville-de-paris\/#primaryimage"},"thumbnailUrl":"https:\/\/unsa-paris.fr\/savp\/wp-content\/uploads\/2022\/12\/resultats-CSTC-VDP.png","datePublished":"2022-12-10T18:36:00+00:00","dateModified":"2022-12-10T18:38:17+00:00","breadcrumb":{"@id":"https:\/\/unsa-paris.fr\/savp\/2022\/12\/10\/lunsa-reste-le-2eme-syndicat-de-la-ville-de-paris\/#breadcrumb"},"inLanguage":"fr-FR","potentialAction":[{"@type":"ReadAction","target":["https:\/\/unsa-paris.fr\/savp\/2022\/12\/10\/lunsa-reste-le-2eme-syndicat-de-la-ville-de-paris\/"]}]},{"@type":"ImageObject","inLanguage":"fr-FR","@id":"https:\/\/unsa-paris.fr\/savp\/2022\/12\/10\/lunsa-reste-le-2eme-syndicat-de-la-ville-de-paris\/#primaryimage","url":"https:\/\/unsa-paris.fr\/savp\/wp-content\/uploads\/2022\/12\/resultats-CSTC-VDP.png","contentUrl":"https:\/\/unsa-paris.fr\/savp\/wp-content\/uploads\/2022\/12\/resultats-CSTC-VDP.png","width":572,"height":300},{"@type":"BreadcrumbList","@id":"https:\/\/unsa-paris.fr\/savp\/2022\/12\/10\/lunsa-reste-le-2eme-syndicat-de-la-ville-de-paris\/#breadcrumb","itemListElement":[{"@type":"ListItem","position":1,"name":"Accueil","item":"https:\/\/unsa-paris.fr\/savp\/"},{"@type":"ListItem","position":2,"name":"L&#8217;UNSA reste le 2\u00e8me syndicat de la Ville de Paris"}]},{"@type":"WebSite","@id":"https:\/\/unsa-paris.fr\/savp\/#website","url":"https:\/\/unsa-paris.fr\/savp\/","name":"Syndicat Autonome UNSA","description":"Section des secr\u00e9taires administratifs et des techniciens sup\u00e9rieurs","publisher":{"@id":"https:\/\/unsa-paris.fr\/savp\/#organization"},"potentialAction":[{"@type":"SearchAction","target":{"@type":"EntryPoint","urlTemplate":"https:\/\/unsa-paris.fr\/savp\/?s={search_term_string}"},"query-input":{"@type":"PropertyValueSpecification","valueRequired":true,"valueName":"search_term_string"}}],"inLanguage":"fr-FR"},{"@type":"Organization","@id":"https:\/\/unsa-paris.fr\/savp\/#organization","name":"UNSA PARIS fili\u00e8re administrative","url":"https:\/\/unsa-paris.fr\/savp\/","logo":{"@type":"ImageObject","inLanguage":"fr-FR","@id":"https:\/\/unsa-paris.fr\/savp\/#\/schema\/logo\/image\/","url":"https:\/\/unsa-paris.fr\/savp\/wp-content\/uploads\/2020\/10\/Logo_UNSA-V6.png","contentUrl":"https:\/\/unsa-paris.fr\/savp\/wp-content\/uploads\/2020\/10\/Logo_UNSA-V6.png","width":986,"height":962,"caption":"UNSA PARIS fili\u00e8re administrative"},"image":{"@id":"https:\/\/unsa-paris.fr\/savp\/#\/schema\/logo\/image\/"}},{"@type":"Person","@id":"https:\/\/unsa-paris.fr\/savp\/#\/schema\/person\/656755f73ac5921fc7e2e35124af2ae1","name":"militant","image":{"@type":"ImageObject","inLanguage":"fr-FR","@id":"https:\/\/secure.gravatar.com\/avatar\/bafae66946efbf2980171a895ec279139a1dde2c6d953819f7e7270d582b48d2?s=96&d=mm&r=g","url":"https:\/\/secure.gravatar.com\/avatar\/bafae66946efbf2980171a895ec279139a1dde2c6d953819f7e7270d582b48d2?s=96&d=mm&r=g","contentUrl":"https:\/\/secure.gravatar.com\/avatar\/bafae66946efbf2980171a895ec279139a1dde2c6d953819f7e7270d582b48d2?s=96&d=mm&r=g","caption":"militant"},"url":"https:\/\/unsa-paris.fr\/savp\/author\/militant\/"}]}},"_links":{"self":[{"href":"https:\/\/unsa-paris.fr\/savp\/wp-json\/wp\/v2\/posts\/1851","targetHints":{"allow":["GET"]}}],"collection":[{"href":"https:\/\/unsa-paris.fr\/savp\/wp-json\/wp\/v2\/posts"}],"about":[{"href":"https:\/\/unsa-paris.fr\/savp\/wp-json\/wp\/v2\/types\/post"}],"author":[{"embeddable":true,"href":"https:\/\/unsa-paris.fr\/savp\/wp-json\/wp\/v2\/users\/1"}],"replies":[{"embeddable":true,"href":"https:\/\/unsa-paris.fr\/savp\/wp-json\/wp\/v2\/comments?post=1851"}],"version-history":[{"count":5,"href":"https:\/\/unsa-paris.fr\/savp\/wp-json\/wp\/v2\/posts\/1851\/revisions"}],"predecessor-version":[{"id":1858,"href":"https:\/\/unsa-paris.fr\/savp\/wp-json\/wp\/v2\/posts\/1851\/revisions\/1858"}],"wp:attachment":[{"href":"https:\/\/unsa-paris.fr\/savp\/wp-json\/wp\/v2\/media?parent=1851"}],"wp:term":[{"taxonomy":"category","embeddable":true,"href":"https:\/\/unsa-paris.fr\/savp\/wp-json\/wp\/v2\/categories?post=1851"},{"taxonomy":"post_tag","embeddable":true,"href":"https:\/\/unsa-paris.fr\/savp\/wp-json\/wp\/v2\/tags?post=1851"}],"curies":[{"name":"wp","href":"https:\/\/api.w.org\/{rel}","templated":true}]}}