{"id":1835,"date":"2022-12-02T14:52:04","date_gmt":"2022-12-02T13:52:04","guid":{"rendered":"https:\/\/unsa-paris.fr\/savp\/?p=1835"},"modified":"2022-12-02T16:08:00","modified_gmt":"2022-12-02T15:08:00","slug":"monetisation-des-jours-de-cet-les-demandes-hors-campagne","status":"publish","type":"post","link":"https:\/\/unsa-paris.fr\/savp\/2022\/12\/02\/monetisation-des-jours-de-cet-les-demandes-hors-campagne\/","title":{"rendered":"Mon\u00e9tisation des jours de CET: les demandes \u00ab\u00a0hors campagne\u00a0\u00bb"},"content":{"rendered":"\t\t<div data-elementor-type=\"wp-post\" data-elementor-id=\"1835\" class=\"elementor elementor-1835\">\n\t\t\t\t\t\t<section class=\"elementor-section elementor-top-section elementor-element elementor-element-726452a elementor-section-boxed elementor-section-height-default elementor-section-height-default\" data-id=\"726452a\" data-element_type=\"section\" data-e-type=\"section\">\n\t\t\t\t\t\t<div class=\"elementor-container elementor-column-gap-default\">\n\t\t\t\t\t<div class=\"elementor-column elementor-col-100 elementor-top-column elementor-element elementor-element-9db763b\" data-id=\"9db763b\" data-element_type=\"column\" data-e-type=\"column\">\n\t\t\t<div class=\"elementor-widget-wrap elementor-element-populated\">\n\t\t\t\t\t\t<div class=\"elementor-element elementor-element-a745c60 elementor-widget elementor-widget-text-editor\" data-id=\"a745c60\" data-element_type=\"widget\" data-e-type=\"widget\" data-widget_type=\"text-editor.default\">\n\t\t\t\t<div class=\"elementor-widget-container\">\n\t\t\t\t\t\t\t\t\t<p><span style=\"color: #000000;\">Les demandes de mon\u00e9tisation des jours du CET s\u2019effectuent \u00e0 l\u2019occasion de la campagne annuelle qui se d\u00e9roule au printemps. De mani\u00e8re exceptionnelle et sous r\u00e9serve de remplir les conditions, des demandes peuvent \u00eatre effectu\u00e9es en dehors de la campagne annuelle.<\/span><\/p>\t\t\t\t\t\t\t\t<\/div>\n\t\t\t\t<\/div>\n\t\t\t\t<div class=\"elementor-element elementor-element-003005b elementor-widget elementor-widget-read-more\" data-id=\"003005b\" data-element_type=\"widget\" data-e-type=\"widget\" data-widget_type=\"read-more.default\">\n\t\t\t\t<div class=\"elementor-widget-container\">\n\t\t\t\t\t<\/div><\/div><\/div><\/div><\/div><\/section><\/div> <a href=\"https:\/\/unsa-paris.fr\/savp\/2022\/12\/02\/monetisation-des-jours-de-cet-les-demandes-hors-campagne\/#more-1835\" class=\"more-link elementor-more-link\"><span aria-label=\"Poursuivre la lecture Mon\u00e9tisation des jours de CET: les demandes \u00ab\u00a0hors campagne\u00a0\u00bb\">Poursuivre la lecture<\/span><\/a>","protected":false},"excerpt":{"rendered":"<p>Les demandes de mon\u00e9tisation des jours du CET s\u2019effectuent \u00e0 l\u2019occasion de la campagne annuelle qui se d\u00e9roule au printemps. De mani\u00e8re exceptionnelle et sous r\u00e9serve de remplir les conditions, &hellip; <a href=\"https:\/\/unsa-paris.fr\/savp\/2022\/12\/02\/monetisation-des-jours-de-cet-les-demandes-hors-campagne\/\" class=\"more-link\">Continuer la lecture<span class=\"screen-reader-text\"> de &laquo;&nbsp;Mon\u00e9tisation des jours de CET: les demandes \u00ab\u00a0hors campagne\u00a0\u00bb&nbsp;&raquo;<\/span><\/a><\/p>\n","protected":false},"author":1,"featured_media":0,"comment_status":"open","ping_status":"open","sticky":false,"template":"","format":"standard","meta":{"footnotes":""},"categories":[1],"tags":[],"class_list":["post-1835","post","type-post","status-publish","format-standard","hentry","category-non-classe"],"yoast_head":"<!-- This site is optimized with the Yoast SEO plugin v27.4 - https:\/\/yoast.com\/product\/yoast-seo-wordpress\/ -->\n<title>Mon\u00e9tisation des jours de CET: les demandes &quot;hors campagne&quot; - Syndicat Autonome UNSA<\/title>\n<meta name=\"robots\" content=\"index, follow, max-snippet:-1, max-image-preview:large, max-video-preview:-1\" \/>\n<link rel=\"canonical\" href=\"https:\/\/unsa-paris.fr\/savp\/2022\/12\/02\/monetisation-des-jours-de-cet-les-demandes-hors-campagne\/\" \/>\n<meta property=\"og:locale\" content=\"fr_FR\" \/>\n<meta property=\"og:type\" content=\"article\" \/>\n<meta property=\"og:title\" content=\"Mon\u00e9tisation des jours de CET: les demandes &quot;hors campagne&quot; - Syndicat Autonome UNSA\" \/>\n<meta property=\"og:description\" content=\"Les demandes de mon\u00e9tisation des jours du CET s\u2019effectuent \u00e0 l\u2019occasion de la campagne annuelle qui se d\u00e9roule au printemps. De mani\u00e8re exceptionnelle et sous r\u00e9serve de remplir les conditions, &hellip; Continuer la lecture de &laquo;&nbsp;Mon\u00e9tisation des jours de CET: les demandes \u00ab\u00a0hors campagne\u00a0\u00bb&nbsp;&raquo;\" \/>\n<meta property=\"og:url\" content=\"https:\/\/unsa-paris.fr\/savp\/2022\/12\/02\/monetisation-des-jours-de-cet-les-demandes-hors-campagne\/\" \/>\n<meta property=\"og:site_name\" content=\"Syndicat Autonome UNSA\" \/>\n<meta property=\"article:published_time\" content=\"2022-12-02T13:52:04+00:00\" \/>\n<meta property=\"article:modified_time\" content=\"2022-12-02T15:08:00+00:00\" \/>\n<meta name=\"author\" content=\"militant\" \/>\n<meta name=\"twitter:card\" content=\"summary_large_image\" \/>\n<meta name=\"twitter:label1\" content=\"\u00c9crit par\" \/>\n\t<meta name=\"twitter:data1\" content=\"militant\" \/>\n\t<meta name=\"twitter:label2\" content=\"Dur\u00e9e de lecture estim\u00e9e\" \/>\n\t<meta name=\"twitter:data2\" content=\"1 minute\" \/>\n<script type=\"application\/ld+json\" class=\"yoast-schema-graph\">{\"@context\":\"https:\\\/\\\/schema.org\",\"@graph\":[{\"@type\":\"Article\",\"@id\":\"https:\\\/\\\/unsa-paris.fr\\\/savp\\\/2022\\\/12\\\/02\\\/monetisation-des-jours-de-cet-les-demandes-hors-campagne\\\/#article\",\"isPartOf\":{\"@id\":\"https:\\\/\\\/unsa-paris.fr\\\/savp\\\/2022\\\/12\\\/02\\\/monetisation-des-jours-de-cet-les-demandes-hors-campagne\\\/\"},\"author\":{\"name\":\"militant\",\"@id\":\"https:\\\/\\\/unsa-paris.fr\\\/savp\\\/#\\\/schema\\\/person\\\/656755f73ac5921fc7e2e35124af2ae1\"},\"headline\":\"Mon\u00e9tisation des jours de CET: les demandes \u00ab\u00a0hors campagne\u00a0\u00bb\",\"datePublished\":\"2022-12-02T13:52:04+00:00\",\"dateModified\":\"2022-12-02T15:08:00+00:00\",\"mainEntityOfPage\":{\"@id\":\"https:\\\/\\\/unsa-paris.fr\\\/savp\\\/2022\\\/12\\\/02\\\/monetisation-des-jours-de-cet-les-demandes-hors-campagne\\\/\"},\"wordCount\":187,\"commentCount\":0,\"publisher\":{\"@id\":\"https:\\\/\\\/unsa-paris.fr\\\/savp\\\/#organization\"},\"articleSection\":[\"non-classe\"],\"inLanguage\":\"fr-FR\",\"potentialAction\":[{\"@type\":\"CommentAction\",\"name\":\"Comment\",\"target\":[\"https:\\\/\\\/unsa-paris.fr\\\/savp\\\/2022\\\/12\\\/02\\\/monetisation-des-jours-de-cet-les-demandes-hors-campagne\\\/#respond\"]}]},{\"@type\":\"WebPage\",\"@id\":\"https:\\\/\\\/unsa-paris.fr\\\/savp\\\/2022\\\/12\\\/02\\\/monetisation-des-jours-de-cet-les-demandes-hors-campagne\\\/\",\"url\":\"https:\\\/\\\/unsa-paris.fr\\\/savp\\\/2022\\\/12\\\/02\\\/monetisation-des-jours-de-cet-les-demandes-hors-campagne\\\/\",\"name\":\"Mon\u00e9tisation des jours de CET: les demandes \\\"hors campagne\\\" - Syndicat Autonome UNSA\",\"isPartOf\":{\"@id\":\"https:\\\/\\\/unsa-paris.fr\\\/savp\\\/#website\"},\"datePublished\":\"2022-12-02T13:52:04+00:00\",\"dateModified\":\"2022-12-02T15:08:00+00:00\",\"breadcrumb\":{\"@id\":\"https:\\\/\\\/unsa-paris.fr\\\/savp\\\/2022\\\/12\\\/02\\\/monetisation-des-jours-de-cet-les-demandes-hors-campagne\\\/#breadcrumb\"},\"inLanguage\":\"fr-FR\",\"potentialAction\":[{\"@type\":\"ReadAction\",\"target\":[\"https:\\\/\\\/unsa-paris.fr\\\/savp\\\/2022\\\/12\\\/02\\\/monetisation-des-jours-de-cet-les-demandes-hors-campagne\\\/\"]}]},{\"@type\":\"BreadcrumbList\",\"@id\":\"https:\\\/\\\/unsa-paris.fr\\\/savp\\\/2022\\\/12\\\/02\\\/monetisation-des-jours-de-cet-les-demandes-hors-campagne\\\/#breadcrumb\",\"itemListElement\":[{\"@type\":\"ListItem\",\"position\":1,\"name\":\"Accueil\",\"item\":\"https:\\\/\\\/unsa-paris.fr\\\/savp\\\/\"},{\"@type\":\"ListItem\",\"position\":2,\"name\":\"Mon\u00e9tisation des jours de CET: les demandes &#8220;hors campagne&#8221;\"}]},{\"@type\":\"WebSite\",\"@id\":\"https:\\\/\\\/unsa-paris.fr\\\/savp\\\/#website\",\"url\":\"https:\\\/\\\/unsa-paris.fr\\\/savp\\\/\",\"name\":\"Syndicat Autonome UNSA\",\"description\":\"Section des secr\u00e9taires administratifs et des techniciens sup\u00e9rieurs\",\"publisher\":{\"@id\":\"https:\\\/\\\/unsa-paris.fr\\\/savp\\\/#organization\"},\"potentialAction\":[{\"@type\":\"SearchAction\",\"target\":{\"@type\":\"EntryPoint\",\"urlTemplate\":\"https:\\\/\\\/unsa-paris.fr\\\/savp\\\/?s={search_term_string}\"},\"query-input\":{\"@type\":\"PropertyValueSpecification\",\"valueRequired\":true,\"valueName\":\"search_term_string\"}}],\"inLanguage\":\"fr-FR\"},{\"@type\":\"Organization\",\"@id\":\"https:\\\/\\\/unsa-paris.fr\\\/savp\\\/#organization\",\"name\":\"UNSA PARIS fili\u00e8re administrative\",\"url\":\"https:\\\/\\\/unsa-paris.fr\\\/savp\\\/\",\"logo\":{\"@type\":\"ImageObject\",\"inLanguage\":\"fr-FR\",\"@id\":\"https:\\\/\\\/unsa-paris.fr\\\/savp\\\/#\\\/schema\\\/logo\\\/image\\\/\",\"url\":\"https:\\\/\\\/unsa-paris.fr\\\/savp\\\/wp-content\\\/uploads\\\/2020\\\/10\\\/Logo_UNSA-V6.png\",\"contentUrl\":\"https:\\\/\\\/unsa-paris.fr\\\/savp\\\/wp-content\\\/uploads\\\/2020\\\/10\\\/Logo_UNSA-V6.png\",\"width\":986,\"height\":962,\"caption\":\"UNSA PARIS fili\u00e8re administrative\"},\"image\":{\"@id\":\"https:\\\/\\\/unsa-paris.fr\\\/savp\\\/#\\\/schema\\\/logo\\\/image\\\/\"}},{\"@type\":\"Person\",\"@id\":\"https:\\\/\\\/unsa-paris.fr\\\/savp\\\/#\\\/schema\\\/person\\\/656755f73ac5921fc7e2e35124af2ae1\",\"name\":\"militant\",\"image\":{\"@type\":\"ImageObject\",\"inLanguage\":\"fr-FR\",\"@id\":\"https:\\\/\\\/secure.gravatar.com\\\/avatar\\\/bafae66946efbf2980171a895ec279139a1dde2c6d953819f7e7270d582b48d2?s=96&d=mm&r=g\",\"url\":\"https:\\\/\\\/secure.gravatar.com\\\/avatar\\\/bafae66946efbf2980171a895ec279139a1dde2c6d953819f7e7270d582b48d2?s=96&d=mm&r=g\",\"contentUrl\":\"https:\\\/\\\/secure.gravatar.com\\\/avatar\\\/bafae66946efbf2980171a895ec279139a1dde2c6d953819f7e7270d582b48d2?s=96&d=mm&r=g\",\"caption\":\"militant\"},\"url\":\"https:\\\/\\\/unsa-paris.fr\\\/savp\\\/author\\\/militant\\\/\"}]}<\/script>\n<!-- \/ Yoast SEO plugin. -->","yoast_head_json":{"title":"Mon\u00e9tisation des jours de CET: les demandes \"hors campagne\" - Syndicat Autonome UNSA","robots":{"index":"index","follow":"follow","max-snippet":"max-snippet:-1","max-image-preview":"max-image-preview:large","max-video-preview":"max-video-preview:-1"},"canonical":"https:\/\/unsa-paris.fr\/savp\/2022\/12\/02\/monetisation-des-jours-de-cet-les-demandes-hors-campagne\/","og_locale":"fr_FR","og_type":"article","og_title":"Mon\u00e9tisation des jours de CET: les demandes \"hors campagne\" - Syndicat Autonome UNSA","og_description":"Les demandes de mon\u00e9tisation des jours du CET s\u2019effectuent \u00e0 l\u2019occasion de la campagne annuelle qui se d\u00e9roule au printemps. De mani\u00e8re exceptionnelle et sous r\u00e9serve de remplir les conditions, &hellip; Continuer la lecture de &laquo;&nbsp;Mon\u00e9tisation des jours de CET: les demandes \u00ab\u00a0hors campagne\u00a0\u00bb&nbsp;&raquo;","og_url":"https:\/\/unsa-paris.fr\/savp\/2022\/12\/02\/monetisation-des-jours-de-cet-les-demandes-hors-campagne\/","og_site_name":"Syndicat Autonome UNSA","article_published_time":"2022-12-02T13:52:04+00:00","article_modified_time":"2022-12-02T15:08:00+00:00","author":"militant","twitter_card":"summary_large_image","twitter_misc":{"\u00c9crit par":"militant","Dur\u00e9e de lecture estim\u00e9e":"1 minute"},"schema":{"@context":"https:\/\/schema.org","@graph":[{"@type":"Article","@id":"https:\/\/unsa-paris.fr\/savp\/2022\/12\/02\/monetisation-des-jours-de-cet-les-demandes-hors-campagne\/#article","isPartOf":{"@id":"https:\/\/unsa-paris.fr\/savp\/2022\/12\/02\/monetisation-des-jours-de-cet-les-demandes-hors-campagne\/"},"author":{"name":"militant","@id":"https:\/\/unsa-paris.fr\/savp\/#\/schema\/person\/656755f73ac5921fc7e2e35124af2ae1"},"headline":"Mon\u00e9tisation des jours de CET: les demandes \u00ab\u00a0hors campagne\u00a0\u00bb","datePublished":"2022-12-02T13:52:04+00:00","dateModified":"2022-12-02T15:08:00+00:00","mainEntityOfPage":{"@id":"https:\/\/unsa-paris.fr\/savp\/2022\/12\/02\/monetisation-des-jours-de-cet-les-demandes-hors-campagne\/"},"wordCount":187,"commentCount":0,"publisher":{"@id":"https:\/\/unsa-paris.fr\/savp\/#organization"},"articleSection":["non-classe"],"inLanguage":"fr-FR","potentialAction":[{"@type":"CommentAction","name":"Comment","target":["https:\/\/unsa-paris.fr\/savp\/2022\/12\/02\/monetisation-des-jours-de-cet-les-demandes-hors-campagne\/#respond"]}]},{"@type":"WebPage","@id":"https:\/\/unsa-paris.fr\/savp\/2022\/12\/02\/monetisation-des-jours-de-cet-les-demandes-hors-campagne\/","url":"https:\/\/unsa-paris.fr\/savp\/2022\/12\/02\/monetisation-des-jours-de-cet-les-demandes-hors-campagne\/","name":"Mon\u00e9tisation des jours de CET: les demandes \"hors campagne\" - Syndicat Autonome UNSA","isPartOf":{"@id":"https:\/\/unsa-paris.fr\/savp\/#website"},"datePublished":"2022-12-02T13:52:04+00:00","dateModified":"2022-12-02T15:08:00+00:00","breadcrumb":{"@id":"https:\/\/unsa-paris.fr\/savp\/2022\/12\/02\/monetisation-des-jours-de-cet-les-demandes-hors-campagne\/#breadcrumb"},"inLanguage":"fr-FR","potentialAction":[{"@type":"ReadAction","target":["https:\/\/unsa-paris.fr\/savp\/2022\/12\/02\/monetisation-des-jours-de-cet-les-demandes-hors-campagne\/"]}]},{"@type":"BreadcrumbList","@id":"https:\/\/unsa-paris.fr\/savp\/2022\/12\/02\/monetisation-des-jours-de-cet-les-demandes-hors-campagne\/#breadcrumb","itemListElement":[{"@type":"ListItem","position":1,"name":"Accueil","item":"https:\/\/unsa-paris.fr\/savp\/"},{"@type":"ListItem","position":2,"name":"Mon\u00e9tisation des jours de CET: les demandes &#8220;hors campagne&#8221;"}]},{"@type":"WebSite","@id":"https:\/\/unsa-paris.fr\/savp\/#website","url":"https:\/\/unsa-paris.fr\/savp\/","name":"Syndicat Autonome UNSA","description":"Section des secr\u00e9taires administratifs et des techniciens sup\u00e9rieurs","publisher":{"@id":"https:\/\/unsa-paris.fr\/savp\/#organization"},"potentialAction":[{"@type":"SearchAction","target":{"@type":"EntryPoint","urlTemplate":"https:\/\/unsa-paris.fr\/savp\/?s={search_term_string}"},"query-input":{"@type":"PropertyValueSpecification","valueRequired":true,"valueName":"search_term_string"}}],"inLanguage":"fr-FR"},{"@type":"Organization","@id":"https:\/\/unsa-paris.fr\/savp\/#organization","name":"UNSA PARIS fili\u00e8re administrative","url":"https:\/\/unsa-paris.fr\/savp\/","logo":{"@type":"ImageObject","inLanguage":"fr-FR","@id":"https:\/\/unsa-paris.fr\/savp\/#\/schema\/logo\/image\/","url":"https:\/\/unsa-paris.fr\/savp\/wp-content\/uploads\/2020\/10\/Logo_UNSA-V6.png","contentUrl":"https:\/\/unsa-paris.fr\/savp\/wp-content\/uploads\/2020\/10\/Logo_UNSA-V6.png","width":986,"height":962,"caption":"UNSA PARIS fili\u00e8re administrative"},"image":{"@id":"https:\/\/unsa-paris.fr\/savp\/#\/schema\/logo\/image\/"}},{"@type":"Person","@id":"https:\/\/unsa-paris.fr\/savp\/#\/schema\/person\/656755f73ac5921fc7e2e35124af2ae1","name":"militant","image":{"@type":"ImageObject","inLanguage":"fr-FR","@id":"https:\/\/secure.gravatar.com\/avatar\/bafae66946efbf2980171a895ec279139a1dde2c6d953819f7e7270d582b48d2?s=96&d=mm&r=g","url":"https:\/\/secure.gravatar.com\/avatar\/bafae66946efbf2980171a895ec279139a1dde2c6d953819f7e7270d582b48d2?s=96&d=mm&r=g","contentUrl":"https:\/\/secure.gravatar.com\/avatar\/bafae66946efbf2980171a895ec279139a1dde2c6d953819f7e7270d582b48d2?s=96&d=mm&r=g","caption":"militant"},"url":"https:\/\/unsa-paris.fr\/savp\/author\/militant\/"}]}},"_links":{"self":[{"href":"https:\/\/unsa-paris.fr\/savp\/wp-json\/wp\/v2\/posts\/1835","targetHints":{"allow":["GET"]}}],"collection":[{"href":"https:\/\/unsa-paris.fr\/savp\/wp-json\/wp\/v2\/posts"}],"about":[{"href":"https:\/\/unsa-paris.fr\/savp\/wp-json\/wp\/v2\/types\/post"}],"author":[{"embeddable":true,"href":"https:\/\/unsa-paris.fr\/savp\/wp-json\/wp\/v2\/users\/1"}],"replies":[{"embeddable":true,"href":"https:\/\/unsa-paris.fr\/savp\/wp-json\/wp\/v2\/comments?post=1835"}],"version-history":[{"count":14,"href":"https:\/\/unsa-paris.fr\/savp\/wp-json\/wp\/v2\/posts\/1835\/revisions"}],"predecessor-version":[{"id":1849,"href":"https:\/\/unsa-paris.fr\/savp\/wp-json\/wp\/v2\/posts\/1835\/revisions\/1849"}],"wp:attachment":[{"href":"https:\/\/unsa-paris.fr\/savp\/wp-json\/wp\/v2\/media?parent=1835"}],"wp:term":[{"taxonomy":"category","embeddable":true,"href":"https:\/\/unsa-paris.fr\/savp\/wp-json\/wp\/v2\/categories?post=1835"},{"taxonomy":"post_tag","embeddable":true,"href":"https:\/\/unsa-paris.fr\/savp\/wp-json\/wp\/v2\/tags?post=1835"}],"curies":[{"name":"wp","href":"https:\/\/api.w.org\/{rel}","templated":true}]}}