{"id":1810,"date":"2022-11-28T11:50:00","date_gmt":"2022-11-28T10:50:00","guid":{"rendered":"https:\/\/unsa-paris.fr\/savp\/?p=1810"},"modified":"2022-11-28T11:50:05","modified_gmt":"2022-11-28T10:50:05","slug":"elections-professionnelles-2022-3","status":"publish","type":"post","link":"https:\/\/unsa-paris.fr\/savp\/2022\/11\/28\/elections-professionnelles-2022-3\/","title":{"rendered":"\u00c9LECTIONS PROFESSIONNELLES 2022"},"content":{"rendered":"\n<p class=\"has-text-align-center has-bright-blue-color has-text-color\"><strong>SECR\u00c9TAIRES ADMINISTRATIFS DE TOUTES LES DIRECTIONS, <br>UNISSEZ VOUS! <br>du jeudi 1er d\u00e9cembre au jeudi 8 d\u00e9cembre 2022 <\/strong><\/p>\n\n\n\n<p class=\"has-text-align-center has-bright-red-color has-text-color has-medium-font-size\"><strong>VOTEZ  UNSA<br>pour la CAP de cat\u00e9gorie B <\/strong><\/p>\n\n\n\n<p class=\"has-text-align-center\"><strong>NOS REPR\u00c9SENTANTS DU PERSONNEL<\/strong> <\/p>\n\n\n\n<p class=\"has-text-align-center\"><strong>sont \u00e0 vos c\u00f4t\u00e9s pour d\u00e9fendre vos int\u00e9r\u00eats<\/strong><\/p>\n\n\n\n<!--more-->\n\n\n\n<p>Si la loi sur la transformation publique (LTFP) du 6 aout 2019 a modifi\u00e9 certaines comp\u00e9tences des CAP, notamment en mati\u00e8re de promotions de corps et de grades, il n\u2019en demeure pas moins que, plus que jamais votre repr\u00e9sentant du syndicat autonome UNSA VILLE DE PARIS, en t\u00eate de liste restera \u00e0 vos c\u00f4t\u00e9s pour toutes d\u00e9cisions individuelles, dans le cadre des CAP de recours&nbsp;:<\/p>\n\n\n\n<p>-Refus de mise \u00e0 disposition, Refus de temps partiel, R\u00e9vison de tout ou partie de votre \u00e9valuation professionnelle annuelle, Refus de formation, de t\u00e9l\u00e9travail et de cong\u00e9s au titre du CET<\/p>\n\n\n\n<p>Si les CAP promotionnelles de corps (accession au grade de secr\u00e9taire administratif de classe normale) et de grade (classe sup\u00e9rieure et classe exceptionnelle) n\u2019ont plus cours, il n\u2019en demeure pas moins que chaque ann\u00e9e, la VILLE DE PARIS a souhait\u00e9 maintenir le dialogue social avec vos repr\u00e9sentants UNSA lors de r\u00e9unions de travail annuelles.<\/p>\n\n\n\n<p>Ainsi, \u00e0 chaque campagne de promotions, vos repr\u00e9sentants du personnel UNSA VILLE DE PARIS sont convi\u00e9s afin de donner leur avis et intervenir sur les propositions pr\u00e9sent\u00e9es dans chaque direction<\/p>\n\n\n\n<p>Tout processus disciplinaire est \u00e9tudi\u00e9 minutieusement par vos repr\u00e9sentants UNSA, que ce soit dans le cadre de CAP r\u00e9unie formation de conseil discipline, ou pour toute sanction ne n\u00e9cessitant pas une saisine de la CAP Enfin, vos repr\u00e9sentants UNSA interviennent pour toute probl\u00e9matique au quotidien, tout au long de votre parcours professionnel&nbsp;: maltraitance au travail, conflits avec votre hi\u00e9rarchie, volume de vos primes.<\/p>\n\n\n\n<p class=\"has-text-align-center has-bright-blue-color has-text-color has-medium-font-size\"><strong>Voter pour la liste UNSA<\/strong> <\/p>\n\n\n\n<p class=\"has-bright-blue-color has-text-color\">C\u2019est \u00eatre assur\u00e9 d\u2019un soutien et d\u2019un accompagnement personnalis\u00e9, individualis\u00e9, tout au long de votre parcours professionnel<\/p>\n\n\n\n<p class=\"has-text-align-center has-bright-blue-color has-text-color\"><strong>L\u2019UNSA FORCE DE PROPOSITION<\/strong><\/p>\n","protected":false},"excerpt":{"rendered":"<p>SECR\u00c9TAIRES ADMINISTRATIFS DE TOUTES LES DIRECTIONS, UNISSEZ VOUS! du jeudi 1er d\u00e9cembre au jeudi 8 d\u00e9cembre 2022 VOTEZ UNSApour la CAP de cat\u00e9gorie B NOS REPR\u00c9SENTANTS DU PERSONNEL sont \u00e0 &hellip; <a href=\"https:\/\/unsa-paris.fr\/savp\/2022\/11\/28\/elections-professionnelles-2022-3\/\" class=\"more-link\">Continuer la lecture<span class=\"screen-reader-text\"> de &laquo;&nbsp;\u00c9LECTIONS PROFESSIONNELLES 2022&nbsp;&raquo;<\/span><\/a><\/p>\n","protected":false},"author":2,"featured_media":0,"comment_status":"open","ping_status":"open","sticky":false,"template":"","format":"standard","meta":{"footnotes":""},"categories":[21],"tags":[],"class_list":["post-1810","post","type-post","status-publish","format-standard","hentry","category-elections-professionnelles-2022"],"yoast_head":"<!-- This site is optimized with the Yoast SEO plugin v27.4 - https:\/\/yoast.com\/product\/yoast-seo-wordpress\/ -->\n<title>\u00c9LECTIONS PROFESSIONNELLES 2022 - Syndicat Autonome UNSA<\/title>\n<meta name=\"robots\" content=\"index, follow, max-snippet:-1, max-image-preview:large, max-video-preview:-1\" \/>\n<link rel=\"canonical\" href=\"https:\/\/unsa-paris.fr\/savp\/2022\/11\/28\/elections-professionnelles-2022-3\/\" \/>\n<meta property=\"og:locale\" content=\"fr_FR\" \/>\n<meta property=\"og:type\" content=\"article\" \/>\n<meta property=\"og:title\" content=\"\u00c9LECTIONS PROFESSIONNELLES 2022 - Syndicat Autonome UNSA\" \/>\n<meta property=\"og:description\" content=\"SECR\u00c9TAIRES ADMINISTRATIFS DE TOUTES LES DIRECTIONS, UNISSEZ VOUS! du jeudi 1er d\u00e9cembre au jeudi 8 d\u00e9cembre 2022 VOTEZ UNSApour la CAP de cat\u00e9gorie B NOS REPR\u00c9SENTANTS DU PERSONNEL sont \u00e0 &hellip; Continuer la lecture de &laquo;&nbsp;\u00c9LECTIONS PROFESSIONNELLES 2022&nbsp;&raquo;\" \/>\n<meta property=\"og:url\" content=\"https:\/\/unsa-paris.fr\/savp\/2022\/11\/28\/elections-professionnelles-2022-3\/\" \/>\n<meta property=\"og:site_name\" content=\"Syndicat Autonome UNSA\" \/>\n<meta property=\"article:published_time\" content=\"2022-11-28T10:50:00+00:00\" \/>\n<meta property=\"article:modified_time\" content=\"2022-11-28T10:50:05+00:00\" \/>\n<meta name=\"author\" content=\"UNSA SA\" \/>\n<meta name=\"twitter:card\" content=\"summary_large_image\" \/>\n<meta name=\"twitter:label1\" content=\"\u00c9crit par\" \/>\n\t<meta name=\"twitter:data1\" content=\"UNSA SA\" \/>\n\t<meta name=\"twitter:label2\" content=\"Dur\u00e9e de lecture estim\u00e9e\" \/>\n\t<meta name=\"twitter:data2\" content=\"2 minutes\" \/>\n<script type=\"application\/ld+json\" class=\"yoast-schema-graph\">{\"@context\":\"https:\\\/\\\/schema.org\",\"@graph\":[{\"@type\":\"Article\",\"@id\":\"https:\\\/\\\/unsa-paris.fr\\\/savp\\\/2022\\\/11\\\/28\\\/elections-professionnelles-2022-3\\\/#article\",\"isPartOf\":{\"@id\":\"https:\\\/\\\/unsa-paris.fr\\\/savp\\\/2022\\\/11\\\/28\\\/elections-professionnelles-2022-3\\\/\"},\"author\":{\"name\":\"UNSA SA\",\"@id\":\"https:\\\/\\\/unsa-paris.fr\\\/savp\\\/#\\\/schema\\\/person\\\/7253f5acb55b402d9149796390e7bdde\"},\"headline\":\"\u00c9LECTIONS PROFESSIONNELLES 2022\",\"datePublished\":\"2022-11-28T10:50:00+00:00\",\"dateModified\":\"2022-11-28T10:50:05+00:00\",\"mainEntityOfPage\":{\"@id\":\"https:\\\/\\\/unsa-paris.fr\\\/savp\\\/2022\\\/11\\\/28\\\/elections-professionnelles-2022-3\\\/\"},\"wordCount\":344,\"commentCount\":0,\"publisher\":{\"@id\":\"https:\\\/\\\/unsa-paris.fr\\\/savp\\\/#organization\"},\"articleSection\":[\"Elections professionnelles 2022\"],\"inLanguage\":\"fr-FR\",\"potentialAction\":[{\"@type\":\"CommentAction\",\"name\":\"Comment\",\"target\":[\"https:\\\/\\\/unsa-paris.fr\\\/savp\\\/2022\\\/11\\\/28\\\/elections-professionnelles-2022-3\\\/#respond\"]}]},{\"@type\":\"WebPage\",\"@id\":\"https:\\\/\\\/unsa-paris.fr\\\/savp\\\/2022\\\/11\\\/28\\\/elections-professionnelles-2022-3\\\/\",\"url\":\"https:\\\/\\\/unsa-paris.fr\\\/savp\\\/2022\\\/11\\\/28\\\/elections-professionnelles-2022-3\\\/\",\"name\":\"\u00c9LECTIONS PROFESSIONNELLES 2022 - Syndicat Autonome UNSA\",\"isPartOf\":{\"@id\":\"https:\\\/\\\/unsa-paris.fr\\\/savp\\\/#website\"},\"datePublished\":\"2022-11-28T10:50:00+00:00\",\"dateModified\":\"2022-11-28T10:50:05+00:00\",\"breadcrumb\":{\"@id\":\"https:\\\/\\\/unsa-paris.fr\\\/savp\\\/2022\\\/11\\\/28\\\/elections-professionnelles-2022-3\\\/#breadcrumb\"},\"inLanguage\":\"fr-FR\",\"potentialAction\":[{\"@type\":\"ReadAction\",\"target\":[\"https:\\\/\\\/unsa-paris.fr\\\/savp\\\/2022\\\/11\\\/28\\\/elections-professionnelles-2022-3\\\/\"]}]},{\"@type\":\"BreadcrumbList\",\"@id\":\"https:\\\/\\\/unsa-paris.fr\\\/savp\\\/2022\\\/11\\\/28\\\/elections-professionnelles-2022-3\\\/#breadcrumb\",\"itemListElement\":[{\"@type\":\"ListItem\",\"position\":1,\"name\":\"Accueil\",\"item\":\"https:\\\/\\\/unsa-paris.fr\\\/savp\\\/\"},{\"@type\":\"ListItem\",\"position\":2,\"name\":\"\u00c9LECTIONS PROFESSIONNELLES 2022\"}]},{\"@type\":\"WebSite\",\"@id\":\"https:\\\/\\\/unsa-paris.fr\\\/savp\\\/#website\",\"url\":\"https:\\\/\\\/unsa-paris.fr\\\/savp\\\/\",\"name\":\"Syndicat Autonome UNSA\",\"description\":\"Section des secr\u00e9taires administratifs et des techniciens sup\u00e9rieurs\",\"publisher\":{\"@id\":\"https:\\\/\\\/unsa-paris.fr\\\/savp\\\/#organization\"},\"potentialAction\":[{\"@type\":\"SearchAction\",\"target\":{\"@type\":\"EntryPoint\",\"urlTemplate\":\"https:\\\/\\\/unsa-paris.fr\\\/savp\\\/?s={search_term_string}\"},\"query-input\":{\"@type\":\"PropertyValueSpecification\",\"valueRequired\":true,\"valueName\":\"search_term_string\"}}],\"inLanguage\":\"fr-FR\"},{\"@type\":\"Organization\",\"@id\":\"https:\\\/\\\/unsa-paris.fr\\\/savp\\\/#organization\",\"name\":\"UNSA PARIS fili\u00e8re administrative\",\"url\":\"https:\\\/\\\/unsa-paris.fr\\\/savp\\\/\",\"logo\":{\"@type\":\"ImageObject\",\"inLanguage\":\"fr-FR\",\"@id\":\"https:\\\/\\\/unsa-paris.fr\\\/savp\\\/#\\\/schema\\\/logo\\\/image\\\/\",\"url\":\"https:\\\/\\\/unsa-paris.fr\\\/savp\\\/wp-content\\\/uploads\\\/2020\\\/10\\\/Logo_UNSA-V6.png\",\"contentUrl\":\"https:\\\/\\\/unsa-paris.fr\\\/savp\\\/wp-content\\\/uploads\\\/2020\\\/10\\\/Logo_UNSA-V6.png\",\"width\":986,\"height\":962,\"caption\":\"UNSA PARIS fili\u00e8re administrative\"},\"image\":{\"@id\":\"https:\\\/\\\/unsa-paris.fr\\\/savp\\\/#\\\/schema\\\/logo\\\/image\\\/\"}},{\"@type\":\"Person\",\"@id\":\"https:\\\/\\\/unsa-paris.fr\\\/savp\\\/#\\\/schema\\\/person\\\/7253f5acb55b402d9149796390e7bdde\",\"name\":\"UNSA SA\",\"image\":{\"@type\":\"ImageObject\",\"inLanguage\":\"fr-FR\",\"@id\":\"https:\\\/\\\/secure.gravatar.com\\\/avatar\\\/b78c582c0b7ba9a7147763b6638faa3db8f956662f0faffdc8b57058fad002f4?s=96&d=mm&r=g\",\"url\":\"https:\\\/\\\/secure.gravatar.com\\\/avatar\\\/b78c582c0b7ba9a7147763b6638faa3db8f956662f0faffdc8b57058fad002f4?s=96&d=mm&r=g\",\"contentUrl\":\"https:\\\/\\\/secure.gravatar.com\\\/avatar\\\/b78c582c0b7ba9a7147763b6638faa3db8f956662f0faffdc8b57058fad002f4?s=96&d=mm&r=g\",\"caption\":\"UNSA SA\"},\"sameAs\":[\"http:\\\/\\\/unsa-paris.fr\\\/savp\"],\"url\":\"https:\\\/\\\/unsa-paris.fr\\\/savp\\\/author\\\/fred\\\/\"}]}<\/script>\n<!-- \/ Yoast SEO plugin. -->","yoast_head_json":{"title":"\u00c9LECTIONS PROFESSIONNELLES 2022 - Syndicat Autonome UNSA","robots":{"index":"index","follow":"follow","max-snippet":"max-snippet:-1","max-image-preview":"max-image-preview:large","max-video-preview":"max-video-preview:-1"},"canonical":"https:\/\/unsa-paris.fr\/savp\/2022\/11\/28\/elections-professionnelles-2022-3\/","og_locale":"fr_FR","og_type":"article","og_title":"\u00c9LECTIONS PROFESSIONNELLES 2022 - Syndicat Autonome UNSA","og_description":"SECR\u00c9TAIRES ADMINISTRATIFS DE TOUTES LES DIRECTIONS, UNISSEZ VOUS! du jeudi 1er d\u00e9cembre au jeudi 8 d\u00e9cembre 2022 VOTEZ UNSApour la CAP de cat\u00e9gorie B NOS REPR\u00c9SENTANTS DU PERSONNEL sont \u00e0 &hellip; Continuer la lecture de &laquo;&nbsp;\u00c9LECTIONS PROFESSIONNELLES 2022&nbsp;&raquo;","og_url":"https:\/\/unsa-paris.fr\/savp\/2022\/11\/28\/elections-professionnelles-2022-3\/","og_site_name":"Syndicat Autonome UNSA","article_published_time":"2022-11-28T10:50:00+00:00","article_modified_time":"2022-11-28T10:50:05+00:00","author":"UNSA SA","twitter_card":"summary_large_image","twitter_misc":{"\u00c9crit par":"UNSA SA","Dur\u00e9e de lecture estim\u00e9e":"2 minutes"},"schema":{"@context":"https:\/\/schema.org","@graph":[{"@type":"Article","@id":"https:\/\/unsa-paris.fr\/savp\/2022\/11\/28\/elections-professionnelles-2022-3\/#article","isPartOf":{"@id":"https:\/\/unsa-paris.fr\/savp\/2022\/11\/28\/elections-professionnelles-2022-3\/"},"author":{"name":"UNSA SA","@id":"https:\/\/unsa-paris.fr\/savp\/#\/schema\/person\/7253f5acb55b402d9149796390e7bdde"},"headline":"\u00c9LECTIONS PROFESSIONNELLES 2022","datePublished":"2022-11-28T10:50:00+00:00","dateModified":"2022-11-28T10:50:05+00:00","mainEntityOfPage":{"@id":"https:\/\/unsa-paris.fr\/savp\/2022\/11\/28\/elections-professionnelles-2022-3\/"},"wordCount":344,"commentCount":0,"publisher":{"@id":"https:\/\/unsa-paris.fr\/savp\/#organization"},"articleSection":["Elections professionnelles 2022"],"inLanguage":"fr-FR","potentialAction":[{"@type":"CommentAction","name":"Comment","target":["https:\/\/unsa-paris.fr\/savp\/2022\/11\/28\/elections-professionnelles-2022-3\/#respond"]}]},{"@type":"WebPage","@id":"https:\/\/unsa-paris.fr\/savp\/2022\/11\/28\/elections-professionnelles-2022-3\/","url":"https:\/\/unsa-paris.fr\/savp\/2022\/11\/28\/elections-professionnelles-2022-3\/","name":"\u00c9LECTIONS PROFESSIONNELLES 2022 - Syndicat Autonome UNSA","isPartOf":{"@id":"https:\/\/unsa-paris.fr\/savp\/#website"},"datePublished":"2022-11-28T10:50:00+00:00","dateModified":"2022-11-28T10:50:05+00:00","breadcrumb":{"@id":"https:\/\/unsa-paris.fr\/savp\/2022\/11\/28\/elections-professionnelles-2022-3\/#breadcrumb"},"inLanguage":"fr-FR","potentialAction":[{"@type":"ReadAction","target":["https:\/\/unsa-paris.fr\/savp\/2022\/11\/28\/elections-professionnelles-2022-3\/"]}]},{"@type":"BreadcrumbList","@id":"https:\/\/unsa-paris.fr\/savp\/2022\/11\/28\/elections-professionnelles-2022-3\/#breadcrumb","itemListElement":[{"@type":"ListItem","position":1,"name":"Accueil","item":"https:\/\/unsa-paris.fr\/savp\/"},{"@type":"ListItem","position":2,"name":"\u00c9LECTIONS PROFESSIONNELLES 2022"}]},{"@type":"WebSite","@id":"https:\/\/unsa-paris.fr\/savp\/#website","url":"https:\/\/unsa-paris.fr\/savp\/","name":"Syndicat Autonome UNSA","description":"Section des secr\u00e9taires administratifs et des techniciens sup\u00e9rieurs","publisher":{"@id":"https:\/\/unsa-paris.fr\/savp\/#organization"},"potentialAction":[{"@type":"SearchAction","target":{"@type":"EntryPoint","urlTemplate":"https:\/\/unsa-paris.fr\/savp\/?s={search_term_string}"},"query-input":{"@type":"PropertyValueSpecification","valueRequired":true,"valueName":"search_term_string"}}],"inLanguage":"fr-FR"},{"@type":"Organization","@id":"https:\/\/unsa-paris.fr\/savp\/#organization","name":"UNSA PARIS fili\u00e8re administrative","url":"https:\/\/unsa-paris.fr\/savp\/","logo":{"@type":"ImageObject","inLanguage":"fr-FR","@id":"https:\/\/unsa-paris.fr\/savp\/#\/schema\/logo\/image\/","url":"https:\/\/unsa-paris.fr\/savp\/wp-content\/uploads\/2020\/10\/Logo_UNSA-V6.png","contentUrl":"https:\/\/unsa-paris.fr\/savp\/wp-content\/uploads\/2020\/10\/Logo_UNSA-V6.png","width":986,"height":962,"caption":"UNSA PARIS fili\u00e8re administrative"},"image":{"@id":"https:\/\/unsa-paris.fr\/savp\/#\/schema\/logo\/image\/"}},{"@type":"Person","@id":"https:\/\/unsa-paris.fr\/savp\/#\/schema\/person\/7253f5acb55b402d9149796390e7bdde","name":"UNSA SA","image":{"@type":"ImageObject","inLanguage":"fr-FR","@id":"https:\/\/secure.gravatar.com\/avatar\/b78c582c0b7ba9a7147763b6638faa3db8f956662f0faffdc8b57058fad002f4?s=96&d=mm&r=g","url":"https:\/\/secure.gravatar.com\/avatar\/b78c582c0b7ba9a7147763b6638faa3db8f956662f0faffdc8b57058fad002f4?s=96&d=mm&r=g","contentUrl":"https:\/\/secure.gravatar.com\/avatar\/b78c582c0b7ba9a7147763b6638faa3db8f956662f0faffdc8b57058fad002f4?s=96&d=mm&r=g","caption":"UNSA SA"},"sameAs":["http:\/\/unsa-paris.fr\/savp"],"url":"https:\/\/unsa-paris.fr\/savp\/author\/fred\/"}]}},"_links":{"self":[{"href":"https:\/\/unsa-paris.fr\/savp\/wp-json\/wp\/v2\/posts\/1810","targetHints":{"allow":["GET"]}}],"collection":[{"href":"https:\/\/unsa-paris.fr\/savp\/wp-json\/wp\/v2\/posts"}],"about":[{"href":"https:\/\/unsa-paris.fr\/savp\/wp-json\/wp\/v2\/types\/post"}],"author":[{"embeddable":true,"href":"https:\/\/unsa-paris.fr\/savp\/wp-json\/wp\/v2\/users\/2"}],"replies":[{"embeddable":true,"href":"https:\/\/unsa-paris.fr\/savp\/wp-json\/wp\/v2\/comments?post=1810"}],"version-history":[{"count":6,"href":"https:\/\/unsa-paris.fr\/savp\/wp-json\/wp\/v2\/posts\/1810\/revisions"}],"predecessor-version":[{"id":1817,"href":"https:\/\/unsa-paris.fr\/savp\/wp-json\/wp\/v2\/posts\/1810\/revisions\/1817"}],"wp:attachment":[{"href":"https:\/\/unsa-paris.fr\/savp\/wp-json\/wp\/v2\/media?parent=1810"}],"wp:term":[{"taxonomy":"category","embeddable":true,"href":"https:\/\/unsa-paris.fr\/savp\/wp-json\/wp\/v2\/categories?post=1810"},{"taxonomy":"post_tag","embeddable":true,"href":"https:\/\/unsa-paris.fr\/savp\/wp-json\/wp\/v2\/tags?post=1810"}],"curies":[{"name":"wp","href":"https:\/\/api.w.org\/{rel}","templated":true}]}}