{"id":1798,"date":"2022-11-25T10:46:27","date_gmt":"2022-11-25T09:46:27","guid":{"rendered":"https:\/\/unsa-paris.fr\/savp\/?p=1798"},"modified":"2022-11-25T10:59:04","modified_gmt":"2022-11-25T09:59:04","slug":"elections-professionnelles-du-1er-au-8-decembre-2022-comite-social-territorial-central","status":"publish","type":"post","link":"https:\/\/unsa-paris.fr\/savp\/2022\/11\/25\/elections-professionnelles-du-1er-au-8-decembre-2022-comite-social-territorial-central\/","title":{"rendered":"\u00c9lections professionnelles du 1er au 8 d\u00e9cembre 2022: Comit\u00e9 Social Territorial Central"},"content":{"rendered":"\t\t<div data-elementor-type=\"wp-post\" data-elementor-id=\"1798\" class=\"elementor elementor-1798\">\n\t\t\t\t\t\t<section class=\"elementor-section elementor-top-section elementor-element elementor-element-0fe33ef elementor-section-boxed elementor-section-height-default elementor-section-height-default\" data-id=\"0fe33ef\" data-element_type=\"section\" data-e-type=\"section\">\n\t\t\t\t\t\t<div class=\"elementor-container elementor-column-gap-default\">\n\t\t\t\t\t<div class=\"elementor-column elementor-col-100 elementor-top-column elementor-element elementor-element-b43bffa\" data-id=\"b43bffa\" data-element_type=\"column\" data-e-type=\"column\">\n\t\t\t<div class=\"elementor-widget-wrap elementor-element-populated\">\n\t\t\t\t\t\t<div class=\"elementor-element elementor-element-6b2fb3d elementor-widget elementor-widget-text-editor\" data-id=\"6b2fb3d\" data-element_type=\"widget\" data-e-type=\"widget\" data-widget_type=\"text-editor.default\">\n\t\t\t\t<div class=\"elementor-widget-container\">\n\t\t\t\t\t\t\t\t\t<p><span style=\"color: #000000;\">Les \u00e9lections professionnelles sont un moment important de la vie d\u00e9mocratique des personnels. C&rsquo;est le moment o\u00f9, tous les quatre ans, vous accordez votre confiance \u00e0 des repr\u00e9sentants qui vont porter vos revendications devant l&rsquo;administration et les \u00e9lus.<\/span><\/p><p><span style=\"color: #000000;\">Le Comit\u00e9 Social Territorial (CST), est une instance cr\u00e9\u00e9e par la loi de transformation de la fonction publique\u00a0 du 6 ao\u00fbt 2019 qui regroupe les anciens Comit\u00e9 Technique (CT) et Comit\u00e9 d&rsquo;Hygi\u00e8ne et de S\u00e9curit\u00e9 et des Conditions de Travail (CHSCT). Pour chaque CST cr\u00e9\u00e9 \u00e0 la ville de Paris, une Formation Sp\u00e9cialis\u00e9e en mati\u00e8re de Sant\u00e9 de S\u00e9curit\u00e9 et de Conditions de Travail (FSSCT) sera \u00e9galement mise en place.<\/span><\/p>\t\t\t\t\t\t\t\t<\/div>\n\t\t\t\t<\/div>\n\t\t\t\t<div class=\"elementor-element elementor-element-ed386ac elementor-widget elementor-widget-read-more\" data-id=\"ed386ac\" data-element_type=\"widget\" data-e-type=\"widget\" data-widget_type=\"read-more.default\">\n\t\t\t\t<div class=\"elementor-widget-container\">\n\t\t\t\t\t<\/div><\/div><\/div><\/div><\/div><\/section><\/div> <a href=\"https:\/\/unsa-paris.fr\/savp\/2022\/11\/25\/elections-professionnelles-du-1er-au-8-decembre-2022-comite-social-territorial-central\/#more-1798\" class=\"more-link elementor-more-link\"><span aria-label=\"Poursuivre la lecture \u00c9lections professionnelles du 1er au 8 d\u00e9cembre 2022: Comit\u00e9 Social Territorial Central\">Poursuivre la lecture<\/span><\/a>","protected":false},"excerpt":{"rendered":"<p>Les \u00e9lections professionnelles sont un moment important de la vie d\u00e9mocratique des personnels. C&rsquo;est le moment o\u00f9, tous les quatre ans, vous accordez votre confiance \u00e0 des repr\u00e9sentants qui vont &hellip; <a href=\"https:\/\/unsa-paris.fr\/savp\/2022\/11\/25\/elections-professionnelles-du-1er-au-8-decembre-2022-comite-social-territorial-central\/\" class=\"more-link\">Continuer la lecture<span class=\"screen-reader-text\"> de &laquo;&nbsp;\u00c9lections professionnelles du 1er au 8 d\u00e9cembre 2022: Comit\u00e9 Social Territorial Central&nbsp;&raquo;<\/span><\/a><\/p>\n","protected":false},"author":1,"featured_media":0,"comment_status":"open","ping_status":"open","sticky":false,"template":"","format":"standard","meta":{"footnotes":""},"categories":[1],"tags":[],"class_list":["post-1798","post","type-post","status-publish","format-standard","hentry","category-non-classe"],"yoast_head":"<!-- This site is optimized with the Yoast SEO plugin v27.4 - https:\/\/yoast.com\/product\/yoast-seo-wordpress\/ -->\n<title>\u00c9lections professionnelles du 1er au 8 d\u00e9cembre 2022: Comit\u00e9 Social Territorial Central - Syndicat Autonome UNSA<\/title>\n<meta name=\"robots\" content=\"index, follow, max-snippet:-1, max-image-preview:large, max-video-preview:-1\" \/>\n<link rel=\"canonical\" href=\"https:\/\/unsa-paris.fr\/savp\/2022\/11\/25\/elections-professionnelles-du-1er-au-8-decembre-2022-comite-social-territorial-central\/\" \/>\n<meta property=\"og:locale\" content=\"fr_FR\" \/>\n<meta property=\"og:type\" content=\"article\" \/>\n<meta property=\"og:title\" content=\"\u00c9lections professionnelles du 1er au 8 d\u00e9cembre 2022: Comit\u00e9 Social Territorial Central - Syndicat Autonome UNSA\" \/>\n<meta property=\"og:description\" content=\"Les \u00e9lections professionnelles sont un moment important de la vie d\u00e9mocratique des personnels. C&rsquo;est le moment o\u00f9, tous les quatre ans, vous accordez votre confiance \u00e0 des repr\u00e9sentants qui vont &hellip; Continuer la lecture de &laquo;&nbsp;\u00c9lections professionnelles du 1er au 8 d\u00e9cembre 2022: Comit\u00e9 Social Territorial Central&nbsp;&raquo;\" \/>\n<meta property=\"og:url\" content=\"https:\/\/unsa-paris.fr\/savp\/2022\/11\/25\/elections-professionnelles-du-1er-au-8-decembre-2022-comite-social-territorial-central\/\" \/>\n<meta property=\"og:site_name\" content=\"Syndicat Autonome UNSA\" \/>\n<meta property=\"article:published_time\" content=\"2022-11-25T09:46:27+00:00\" \/>\n<meta property=\"article:modified_time\" content=\"2022-11-25T09:59:04+00:00\" \/>\n<meta name=\"author\" content=\"militant\" \/>\n<meta name=\"twitter:card\" content=\"summary_large_image\" \/>\n<meta name=\"twitter:label1\" content=\"\u00c9crit par\" \/>\n\t<meta name=\"twitter:data1\" content=\"militant\" \/>\n\t<meta name=\"twitter:label2\" content=\"Dur\u00e9e de lecture estim\u00e9e\" \/>\n\t<meta name=\"twitter:data2\" content=\"2 minutes\" \/>\n<script type=\"application\/ld+json\" class=\"yoast-schema-graph\">{\"@context\":\"https:\\\/\\\/schema.org\",\"@graph\":[{\"@type\":\"Article\",\"@id\":\"https:\\\/\\\/unsa-paris.fr\\\/savp\\\/2022\\\/11\\\/25\\\/elections-professionnelles-du-1er-au-8-decembre-2022-comite-social-territorial-central\\\/#article\",\"isPartOf\":{\"@id\":\"https:\\\/\\\/unsa-paris.fr\\\/savp\\\/2022\\\/11\\\/25\\\/elections-professionnelles-du-1er-au-8-decembre-2022-comite-social-territorial-central\\\/\"},\"author\":{\"name\":\"militant\",\"@id\":\"https:\\\/\\\/unsa-paris.fr\\\/savp\\\/#\\\/schema\\\/person\\\/656755f73ac5921fc7e2e35124af2ae1\"},\"headline\":\"\u00c9lections professionnelles du 1er au 8 d\u00e9cembre 2022: Comit\u00e9 Social Territorial Central\",\"datePublished\":\"2022-11-25T09:46:27+00:00\",\"dateModified\":\"2022-11-25T09:59:04+00:00\",\"mainEntityOfPage\":{\"@id\":\"https:\\\/\\\/unsa-paris.fr\\\/savp\\\/2022\\\/11\\\/25\\\/elections-professionnelles-du-1er-au-8-decembre-2022-comite-social-territorial-central\\\/\"},\"wordCount\":372,\"commentCount\":0,\"publisher\":{\"@id\":\"https:\\\/\\\/unsa-paris.fr\\\/savp\\\/#organization\"},\"articleSection\":[\"non-classe\"],\"inLanguage\":\"fr-FR\",\"potentialAction\":[{\"@type\":\"CommentAction\",\"name\":\"Comment\",\"target\":[\"https:\\\/\\\/unsa-paris.fr\\\/savp\\\/2022\\\/11\\\/25\\\/elections-professionnelles-du-1er-au-8-decembre-2022-comite-social-territorial-central\\\/#respond\"]}]},{\"@type\":\"WebPage\",\"@id\":\"https:\\\/\\\/unsa-paris.fr\\\/savp\\\/2022\\\/11\\\/25\\\/elections-professionnelles-du-1er-au-8-decembre-2022-comite-social-territorial-central\\\/\",\"url\":\"https:\\\/\\\/unsa-paris.fr\\\/savp\\\/2022\\\/11\\\/25\\\/elections-professionnelles-du-1er-au-8-decembre-2022-comite-social-territorial-central\\\/\",\"name\":\"\u00c9lections professionnelles du 1er au 8 d\u00e9cembre 2022: Comit\u00e9 Social Territorial Central - Syndicat Autonome UNSA\",\"isPartOf\":{\"@id\":\"https:\\\/\\\/unsa-paris.fr\\\/savp\\\/#website\"},\"datePublished\":\"2022-11-25T09:46:27+00:00\",\"dateModified\":\"2022-11-25T09:59:04+00:00\",\"breadcrumb\":{\"@id\":\"https:\\\/\\\/unsa-paris.fr\\\/savp\\\/2022\\\/11\\\/25\\\/elections-professionnelles-du-1er-au-8-decembre-2022-comite-social-territorial-central\\\/#breadcrumb\"},\"inLanguage\":\"fr-FR\",\"potentialAction\":[{\"@type\":\"ReadAction\",\"target\":[\"https:\\\/\\\/unsa-paris.fr\\\/savp\\\/2022\\\/11\\\/25\\\/elections-professionnelles-du-1er-au-8-decembre-2022-comite-social-territorial-central\\\/\"]}]},{\"@type\":\"BreadcrumbList\",\"@id\":\"https:\\\/\\\/unsa-paris.fr\\\/savp\\\/2022\\\/11\\\/25\\\/elections-professionnelles-du-1er-au-8-decembre-2022-comite-social-territorial-central\\\/#breadcrumb\",\"itemListElement\":[{\"@type\":\"ListItem\",\"position\":1,\"name\":\"Accueil\",\"item\":\"https:\\\/\\\/unsa-paris.fr\\\/savp\\\/\"},{\"@type\":\"ListItem\",\"position\":2,\"name\":\"\u00c9lections professionnelles du 1er au 8 d\u00e9cembre 2022: Comit\u00e9 Social Territorial Central\"}]},{\"@type\":\"WebSite\",\"@id\":\"https:\\\/\\\/unsa-paris.fr\\\/savp\\\/#website\",\"url\":\"https:\\\/\\\/unsa-paris.fr\\\/savp\\\/\",\"name\":\"Syndicat Autonome UNSA\",\"description\":\"Section des secr\u00e9taires administratifs et des techniciens sup\u00e9rieurs\",\"publisher\":{\"@id\":\"https:\\\/\\\/unsa-paris.fr\\\/savp\\\/#organization\"},\"potentialAction\":[{\"@type\":\"SearchAction\",\"target\":{\"@type\":\"EntryPoint\",\"urlTemplate\":\"https:\\\/\\\/unsa-paris.fr\\\/savp\\\/?s={search_term_string}\"},\"query-input\":{\"@type\":\"PropertyValueSpecification\",\"valueRequired\":true,\"valueName\":\"search_term_string\"}}],\"inLanguage\":\"fr-FR\"},{\"@type\":\"Organization\",\"@id\":\"https:\\\/\\\/unsa-paris.fr\\\/savp\\\/#organization\",\"name\":\"UNSA PARIS fili\u00e8re administrative\",\"url\":\"https:\\\/\\\/unsa-paris.fr\\\/savp\\\/\",\"logo\":{\"@type\":\"ImageObject\",\"inLanguage\":\"fr-FR\",\"@id\":\"https:\\\/\\\/unsa-paris.fr\\\/savp\\\/#\\\/schema\\\/logo\\\/image\\\/\",\"url\":\"https:\\\/\\\/unsa-paris.fr\\\/savp\\\/wp-content\\\/uploads\\\/2020\\\/10\\\/Logo_UNSA-V6.png\",\"contentUrl\":\"https:\\\/\\\/unsa-paris.fr\\\/savp\\\/wp-content\\\/uploads\\\/2020\\\/10\\\/Logo_UNSA-V6.png\",\"width\":986,\"height\":962,\"caption\":\"UNSA PARIS fili\u00e8re administrative\"},\"image\":{\"@id\":\"https:\\\/\\\/unsa-paris.fr\\\/savp\\\/#\\\/schema\\\/logo\\\/image\\\/\"}},{\"@type\":\"Person\",\"@id\":\"https:\\\/\\\/unsa-paris.fr\\\/savp\\\/#\\\/schema\\\/person\\\/656755f73ac5921fc7e2e35124af2ae1\",\"name\":\"militant\",\"image\":{\"@type\":\"ImageObject\",\"inLanguage\":\"fr-FR\",\"@id\":\"https:\\\/\\\/secure.gravatar.com\\\/avatar\\\/bafae66946efbf2980171a895ec279139a1dde2c6d953819f7e7270d582b48d2?s=96&d=mm&r=g\",\"url\":\"https:\\\/\\\/secure.gravatar.com\\\/avatar\\\/bafae66946efbf2980171a895ec279139a1dde2c6d953819f7e7270d582b48d2?s=96&d=mm&r=g\",\"contentUrl\":\"https:\\\/\\\/secure.gravatar.com\\\/avatar\\\/bafae66946efbf2980171a895ec279139a1dde2c6d953819f7e7270d582b48d2?s=96&d=mm&r=g\",\"caption\":\"militant\"},\"url\":\"https:\\\/\\\/unsa-paris.fr\\\/savp\\\/author\\\/militant\\\/\"}]}<\/script>\n<!-- \/ Yoast SEO plugin. -->","yoast_head_json":{"title":"\u00c9lections professionnelles du 1er au 8 d\u00e9cembre 2022: Comit\u00e9 Social Territorial Central - Syndicat Autonome UNSA","robots":{"index":"index","follow":"follow","max-snippet":"max-snippet:-1","max-image-preview":"max-image-preview:large","max-video-preview":"max-video-preview:-1"},"canonical":"https:\/\/unsa-paris.fr\/savp\/2022\/11\/25\/elections-professionnelles-du-1er-au-8-decembre-2022-comite-social-territorial-central\/","og_locale":"fr_FR","og_type":"article","og_title":"\u00c9lections professionnelles du 1er au 8 d\u00e9cembre 2022: Comit\u00e9 Social Territorial Central - Syndicat Autonome UNSA","og_description":"Les \u00e9lections professionnelles sont un moment important de la vie d\u00e9mocratique des personnels. C&rsquo;est le moment o\u00f9, tous les quatre ans, vous accordez votre confiance \u00e0 des repr\u00e9sentants qui vont &hellip; Continuer la lecture de &laquo;&nbsp;\u00c9lections professionnelles du 1er au 8 d\u00e9cembre 2022: Comit\u00e9 Social Territorial Central&nbsp;&raquo;","og_url":"https:\/\/unsa-paris.fr\/savp\/2022\/11\/25\/elections-professionnelles-du-1er-au-8-decembre-2022-comite-social-territorial-central\/","og_site_name":"Syndicat Autonome UNSA","article_published_time":"2022-11-25T09:46:27+00:00","article_modified_time":"2022-11-25T09:59:04+00:00","author":"militant","twitter_card":"summary_large_image","twitter_misc":{"\u00c9crit par":"militant","Dur\u00e9e de lecture estim\u00e9e":"2 minutes"},"schema":{"@context":"https:\/\/schema.org","@graph":[{"@type":"Article","@id":"https:\/\/unsa-paris.fr\/savp\/2022\/11\/25\/elections-professionnelles-du-1er-au-8-decembre-2022-comite-social-territorial-central\/#article","isPartOf":{"@id":"https:\/\/unsa-paris.fr\/savp\/2022\/11\/25\/elections-professionnelles-du-1er-au-8-decembre-2022-comite-social-territorial-central\/"},"author":{"name":"militant","@id":"https:\/\/unsa-paris.fr\/savp\/#\/schema\/person\/656755f73ac5921fc7e2e35124af2ae1"},"headline":"\u00c9lections professionnelles du 1er au 8 d\u00e9cembre 2022: Comit\u00e9 Social Territorial Central","datePublished":"2022-11-25T09:46:27+00:00","dateModified":"2022-11-25T09:59:04+00:00","mainEntityOfPage":{"@id":"https:\/\/unsa-paris.fr\/savp\/2022\/11\/25\/elections-professionnelles-du-1er-au-8-decembre-2022-comite-social-territorial-central\/"},"wordCount":372,"commentCount":0,"publisher":{"@id":"https:\/\/unsa-paris.fr\/savp\/#organization"},"articleSection":["non-classe"],"inLanguage":"fr-FR","potentialAction":[{"@type":"CommentAction","name":"Comment","target":["https:\/\/unsa-paris.fr\/savp\/2022\/11\/25\/elections-professionnelles-du-1er-au-8-decembre-2022-comite-social-territorial-central\/#respond"]}]},{"@type":"WebPage","@id":"https:\/\/unsa-paris.fr\/savp\/2022\/11\/25\/elections-professionnelles-du-1er-au-8-decembre-2022-comite-social-territorial-central\/","url":"https:\/\/unsa-paris.fr\/savp\/2022\/11\/25\/elections-professionnelles-du-1er-au-8-decembre-2022-comite-social-territorial-central\/","name":"\u00c9lections professionnelles du 1er au 8 d\u00e9cembre 2022: Comit\u00e9 Social Territorial Central - Syndicat Autonome UNSA","isPartOf":{"@id":"https:\/\/unsa-paris.fr\/savp\/#website"},"datePublished":"2022-11-25T09:46:27+00:00","dateModified":"2022-11-25T09:59:04+00:00","breadcrumb":{"@id":"https:\/\/unsa-paris.fr\/savp\/2022\/11\/25\/elections-professionnelles-du-1er-au-8-decembre-2022-comite-social-territorial-central\/#breadcrumb"},"inLanguage":"fr-FR","potentialAction":[{"@type":"ReadAction","target":["https:\/\/unsa-paris.fr\/savp\/2022\/11\/25\/elections-professionnelles-du-1er-au-8-decembre-2022-comite-social-territorial-central\/"]}]},{"@type":"BreadcrumbList","@id":"https:\/\/unsa-paris.fr\/savp\/2022\/11\/25\/elections-professionnelles-du-1er-au-8-decembre-2022-comite-social-territorial-central\/#breadcrumb","itemListElement":[{"@type":"ListItem","position":1,"name":"Accueil","item":"https:\/\/unsa-paris.fr\/savp\/"},{"@type":"ListItem","position":2,"name":"\u00c9lections professionnelles du 1er au 8 d\u00e9cembre 2022: Comit\u00e9 Social Territorial Central"}]},{"@type":"WebSite","@id":"https:\/\/unsa-paris.fr\/savp\/#website","url":"https:\/\/unsa-paris.fr\/savp\/","name":"Syndicat Autonome UNSA","description":"Section des secr\u00e9taires administratifs et des techniciens sup\u00e9rieurs","publisher":{"@id":"https:\/\/unsa-paris.fr\/savp\/#organization"},"potentialAction":[{"@type":"SearchAction","target":{"@type":"EntryPoint","urlTemplate":"https:\/\/unsa-paris.fr\/savp\/?s={search_term_string}"},"query-input":{"@type":"PropertyValueSpecification","valueRequired":true,"valueName":"search_term_string"}}],"inLanguage":"fr-FR"},{"@type":"Organization","@id":"https:\/\/unsa-paris.fr\/savp\/#organization","name":"UNSA PARIS fili\u00e8re administrative","url":"https:\/\/unsa-paris.fr\/savp\/","logo":{"@type":"ImageObject","inLanguage":"fr-FR","@id":"https:\/\/unsa-paris.fr\/savp\/#\/schema\/logo\/image\/","url":"https:\/\/unsa-paris.fr\/savp\/wp-content\/uploads\/2020\/10\/Logo_UNSA-V6.png","contentUrl":"https:\/\/unsa-paris.fr\/savp\/wp-content\/uploads\/2020\/10\/Logo_UNSA-V6.png","width":986,"height":962,"caption":"UNSA PARIS fili\u00e8re administrative"},"image":{"@id":"https:\/\/unsa-paris.fr\/savp\/#\/schema\/logo\/image\/"}},{"@type":"Person","@id":"https:\/\/unsa-paris.fr\/savp\/#\/schema\/person\/656755f73ac5921fc7e2e35124af2ae1","name":"militant","image":{"@type":"ImageObject","inLanguage":"fr-FR","@id":"https:\/\/secure.gravatar.com\/avatar\/bafae66946efbf2980171a895ec279139a1dde2c6d953819f7e7270d582b48d2?s=96&d=mm&r=g","url":"https:\/\/secure.gravatar.com\/avatar\/bafae66946efbf2980171a895ec279139a1dde2c6d953819f7e7270d582b48d2?s=96&d=mm&r=g","contentUrl":"https:\/\/secure.gravatar.com\/avatar\/bafae66946efbf2980171a895ec279139a1dde2c6d953819f7e7270d582b48d2?s=96&d=mm&r=g","caption":"militant"},"url":"https:\/\/unsa-paris.fr\/savp\/author\/militant\/"}]}},"_links":{"self":[{"href":"https:\/\/unsa-paris.fr\/savp\/wp-json\/wp\/v2\/posts\/1798","targetHints":{"allow":["GET"]}}],"collection":[{"href":"https:\/\/unsa-paris.fr\/savp\/wp-json\/wp\/v2\/posts"}],"about":[{"href":"https:\/\/unsa-paris.fr\/savp\/wp-json\/wp\/v2\/types\/post"}],"author":[{"embeddable":true,"href":"https:\/\/unsa-paris.fr\/savp\/wp-json\/wp\/v2\/users\/1"}],"replies":[{"embeddable":true,"href":"https:\/\/unsa-paris.fr\/savp\/wp-json\/wp\/v2\/comments?post=1798"}],"version-history":[{"count":8,"href":"https:\/\/unsa-paris.fr\/savp\/wp-json\/wp\/v2\/posts\/1798\/revisions"}],"predecessor-version":[{"id":1806,"href":"https:\/\/unsa-paris.fr\/savp\/wp-json\/wp\/v2\/posts\/1798\/revisions\/1806"}],"wp:attachment":[{"href":"https:\/\/unsa-paris.fr\/savp\/wp-json\/wp\/v2\/media?parent=1798"}],"wp:term":[{"taxonomy":"category","embeddable":true,"href":"https:\/\/unsa-paris.fr\/savp\/wp-json\/wp\/v2\/categories?post=1798"},{"taxonomy":"post_tag","embeddable":true,"href":"https:\/\/unsa-paris.fr\/savp\/wp-json\/wp\/v2\/tags?post=1798"}],"curies":[{"name":"wp","href":"https:\/\/api.w.org\/{rel}","templated":true}]}}