{"id":1733,"date":"2022-09-19T10:29:22","date_gmt":"2022-09-19T08:29:22","guid":{"rendered":"https:\/\/unsa-paris.fr\/savp\/?p=1733"},"modified":"2022-09-19T10:29:24","modified_gmt":"2022-09-19T08:29:24","slug":"elections-professionnelles-2022","status":"publish","type":"post","link":"https:\/\/unsa-paris.fr\/savp\/2022\/09\/19\/elections-professionnelles-2022\/","title":{"rendered":"\u00c9lections professionnelles 2022"},"content":{"rendered":"\n<p class=\"has-text-align-center has-bright-blue-color has-text-color has-medium-font-size\"><strong>Nouvelles adresses-mail<br>\u00cates-vous concern\u00e9s ?<br>Comment les activer ?<\/strong><\/p>\n\n\n\n<p>La ville de Paris a cr\u00e9\u00e9 d\u00e9but juillet 26 000 nouvelles adresses-mail pour les agents qui n\u2019en disposaient pas.<\/p>\n\n\n\n<p class=\"has-text-align-left\">Notre organisation syndicale demandait depuis longtemps que tous les personnels de la Ville de Paris puissent avoir acc\u00e8s \u00e0 une messagerie professionnelle, c\u2019est maintenant chose faite.<br>Cette messagerie va permettre \u00e0 tous les agents d\u2019avoir acc\u00e8s plus facilement \u00e0 l\u2019information syndicale et professionnelle, car des documents administratifs pourront \u00eatre envoy\u00e9s par ce moyen.<\/p>\n\n\n\n<!--more-->\n\n\n\n<p><strong>De plus, cette messagerie professionnelle vous sera n\u00e9cessaire pour voter aux \u00e9lections professionnelles qui se d\u00e9rouleront du 1er au 8 d\u00e9cembre par voie \u00e9lectronique. Vous recevrez tout d\u2019abord un courrier papier \u00e0 votre domicile contenant votre identifiant. <\/strong><\/p>\n\n\n\n<p class=\"has-bright-blue-color has-text-color\"><strong>Puis, votre Mot de Passe de connexion au site de vote sera envoy\u00e9 \u00e0 cette adresse de messagerie.<\/strong><\/p>\n\n\n\n<p>Si vous faites partie des personnes concern\u00e9es, vous avez d\u00fb recevoir au mois de juillet un courrier de la DRH vous expliquant la proc\u00e9dure afin d\u2019activer cette adresse-mail. Si vous rencontrez des difficult\u00e9s \u00e0 vous connecter ou si vous avez \u00e9gar\u00e9 le courrier.<br>N\u2019h\u00e9sitez pas \u00e0 contacter votre <a href=\"https:\/\/www.attaches-unsa.com\/syndicat-elus\/representants-unsa-csap-ctp-chs-directions\/2\/\" target=\"_blank\" rel=\"noreferrer noopener\"><strong>repr\u00e9sentant UNSA<\/strong><\/a><br>Ou appelez directement notre secr\u00e9tariat :<br><strong>T\u00e9l\u00e9phone : 01 43 47 68 36   Mail : syndicat-unsa-contact@paris.fr<\/strong><\/p>\n\n\n\n<p>Le trac en pdf <a href=\"https:\/\/unsa-paris.fr\/savp\/wp-content\/uploads\/2022\/09\/Nouvelles-adresses.pdf\" target=\"_blank\" rel=\"noreferrer noopener\">ICI<\/a><\/p>\n","protected":false},"excerpt":{"rendered":"<p>Nouvelles adresses-mail\u00cates-vous concern\u00e9s ?Comment les activer ? La ville de Paris a cr\u00e9\u00e9 d\u00e9but juillet 26 000 nouvelles adresses-mail pour les agents qui n\u2019en disposaient pas. Notre organisation syndicale demandait &hellip; <a href=\"https:\/\/unsa-paris.fr\/savp\/2022\/09\/19\/elections-professionnelles-2022\/\" class=\"more-link\">Continuer la lecture<span class=\"screen-reader-text\"> de &laquo;&nbsp;\u00c9lections professionnelles 2022&nbsp;&raquo;<\/span><\/a><\/p>\n","protected":false},"author":2,"featured_media":0,"comment_status":"open","ping_status":"open","sticky":false,"template":"","format":"standard","meta":{"footnotes":""},"categories":[7,21],"tags":[],"class_list":["post-1733","post","type-post","status-publish","format-standard","hentry","category-actualite","category-elections-professionnelles-2022"],"yoast_head":"<!-- This site is optimized with the Yoast SEO plugin v27.4 - https:\/\/yoast.com\/product\/yoast-seo-wordpress\/ -->\n<title>\u00c9lections professionnelles 2022 - Syndicat Autonome UNSA<\/title>\n<meta name=\"robots\" content=\"index, follow, max-snippet:-1, max-image-preview:large, max-video-preview:-1\" \/>\n<link rel=\"canonical\" href=\"https:\/\/unsa-paris.fr\/savp\/2022\/09\/19\/elections-professionnelles-2022\/\" \/>\n<meta property=\"og:locale\" content=\"fr_FR\" \/>\n<meta property=\"og:type\" content=\"article\" \/>\n<meta property=\"og:title\" content=\"\u00c9lections professionnelles 2022 - Syndicat Autonome UNSA\" \/>\n<meta property=\"og:description\" content=\"Nouvelles adresses-mail\u00cates-vous concern\u00e9s ?Comment les activer ? La ville de Paris a cr\u00e9\u00e9 d\u00e9but juillet 26 000 nouvelles adresses-mail pour les agents qui n\u2019en disposaient pas. Notre organisation syndicale demandait &hellip; Continuer la lecture de &laquo;&nbsp;\u00c9lections professionnelles 2022&nbsp;&raquo;\" \/>\n<meta property=\"og:url\" content=\"https:\/\/unsa-paris.fr\/savp\/2022\/09\/19\/elections-professionnelles-2022\/\" \/>\n<meta property=\"og:site_name\" content=\"Syndicat Autonome UNSA\" \/>\n<meta property=\"article:published_time\" content=\"2022-09-19T08:29:22+00:00\" \/>\n<meta property=\"article:modified_time\" content=\"2022-09-19T08:29:24+00:00\" \/>\n<meta name=\"author\" content=\"UNSA SA\" \/>\n<meta name=\"twitter:card\" content=\"summary_large_image\" \/>\n<meta name=\"twitter:label1\" content=\"\u00c9crit par\" \/>\n\t<meta name=\"twitter:data1\" content=\"UNSA SA\" \/>\n\t<meta name=\"twitter:label2\" content=\"Dur\u00e9e de lecture estim\u00e9e\" \/>\n\t<meta name=\"twitter:data2\" content=\"2 minutes\" \/>\n<script type=\"application\/ld+json\" class=\"yoast-schema-graph\">{\"@context\":\"https:\\\/\\\/schema.org\",\"@graph\":[{\"@type\":\"Article\",\"@id\":\"https:\\\/\\\/unsa-paris.fr\\\/savp\\\/2022\\\/09\\\/19\\\/elections-professionnelles-2022\\\/#article\",\"isPartOf\":{\"@id\":\"https:\\\/\\\/unsa-paris.fr\\\/savp\\\/2022\\\/09\\\/19\\\/elections-professionnelles-2022\\\/\"},\"author\":{\"name\":\"UNSA SA\",\"@id\":\"https:\\\/\\\/unsa-paris.fr\\\/savp\\\/#\\\/schema\\\/person\\\/7253f5acb55b402d9149796390e7bdde\"},\"headline\":\"\u00c9lections professionnelles 2022\",\"datePublished\":\"2022-09-19T08:29:22+00:00\",\"dateModified\":\"2022-09-19T08:29:24+00:00\",\"mainEntityOfPage\":{\"@id\":\"https:\\\/\\\/unsa-paris.fr\\\/savp\\\/2022\\\/09\\\/19\\\/elections-professionnelles-2022\\\/\"},\"wordCount\":214,\"commentCount\":0,\"publisher\":{\"@id\":\"https:\\\/\\\/unsa-paris.fr\\\/savp\\\/#organization\"},\"articleSection\":[\"Actualite\",\"Elections professionnelles 2022\"],\"inLanguage\":\"fr-FR\",\"potentialAction\":[{\"@type\":\"CommentAction\",\"name\":\"Comment\",\"target\":[\"https:\\\/\\\/unsa-paris.fr\\\/savp\\\/2022\\\/09\\\/19\\\/elections-professionnelles-2022\\\/#respond\"]}]},{\"@type\":\"WebPage\",\"@id\":\"https:\\\/\\\/unsa-paris.fr\\\/savp\\\/2022\\\/09\\\/19\\\/elections-professionnelles-2022\\\/\",\"url\":\"https:\\\/\\\/unsa-paris.fr\\\/savp\\\/2022\\\/09\\\/19\\\/elections-professionnelles-2022\\\/\",\"name\":\"\u00c9lections professionnelles 2022 - Syndicat Autonome UNSA\",\"isPartOf\":{\"@id\":\"https:\\\/\\\/unsa-paris.fr\\\/savp\\\/#website\"},\"datePublished\":\"2022-09-19T08:29:22+00:00\",\"dateModified\":\"2022-09-19T08:29:24+00:00\",\"breadcrumb\":{\"@id\":\"https:\\\/\\\/unsa-paris.fr\\\/savp\\\/2022\\\/09\\\/19\\\/elections-professionnelles-2022\\\/#breadcrumb\"},\"inLanguage\":\"fr-FR\",\"potentialAction\":[{\"@type\":\"ReadAction\",\"target\":[\"https:\\\/\\\/unsa-paris.fr\\\/savp\\\/2022\\\/09\\\/19\\\/elections-professionnelles-2022\\\/\"]}]},{\"@type\":\"BreadcrumbList\",\"@id\":\"https:\\\/\\\/unsa-paris.fr\\\/savp\\\/2022\\\/09\\\/19\\\/elections-professionnelles-2022\\\/#breadcrumb\",\"itemListElement\":[{\"@type\":\"ListItem\",\"position\":1,\"name\":\"Accueil\",\"item\":\"https:\\\/\\\/unsa-paris.fr\\\/savp\\\/\"},{\"@type\":\"ListItem\",\"position\":2,\"name\":\"\u00c9lections professionnelles 2022\"}]},{\"@type\":\"WebSite\",\"@id\":\"https:\\\/\\\/unsa-paris.fr\\\/savp\\\/#website\",\"url\":\"https:\\\/\\\/unsa-paris.fr\\\/savp\\\/\",\"name\":\"Syndicat Autonome UNSA\",\"description\":\"Section des secr\u00e9taires administratifs et des techniciens sup\u00e9rieurs\",\"publisher\":{\"@id\":\"https:\\\/\\\/unsa-paris.fr\\\/savp\\\/#organization\"},\"potentialAction\":[{\"@type\":\"SearchAction\",\"target\":{\"@type\":\"EntryPoint\",\"urlTemplate\":\"https:\\\/\\\/unsa-paris.fr\\\/savp\\\/?s={search_term_string}\"},\"query-input\":{\"@type\":\"PropertyValueSpecification\",\"valueRequired\":true,\"valueName\":\"search_term_string\"}}],\"inLanguage\":\"fr-FR\"},{\"@type\":\"Organization\",\"@id\":\"https:\\\/\\\/unsa-paris.fr\\\/savp\\\/#organization\",\"name\":\"UNSA PARIS fili\u00e8re administrative\",\"url\":\"https:\\\/\\\/unsa-paris.fr\\\/savp\\\/\",\"logo\":{\"@type\":\"ImageObject\",\"inLanguage\":\"fr-FR\",\"@id\":\"https:\\\/\\\/unsa-paris.fr\\\/savp\\\/#\\\/schema\\\/logo\\\/image\\\/\",\"url\":\"https:\\\/\\\/unsa-paris.fr\\\/savp\\\/wp-content\\\/uploads\\\/2020\\\/10\\\/Logo_UNSA-V6.png\",\"contentUrl\":\"https:\\\/\\\/unsa-paris.fr\\\/savp\\\/wp-content\\\/uploads\\\/2020\\\/10\\\/Logo_UNSA-V6.png\",\"width\":986,\"height\":962,\"caption\":\"UNSA PARIS fili\u00e8re administrative\"},\"image\":{\"@id\":\"https:\\\/\\\/unsa-paris.fr\\\/savp\\\/#\\\/schema\\\/logo\\\/image\\\/\"}},{\"@type\":\"Person\",\"@id\":\"https:\\\/\\\/unsa-paris.fr\\\/savp\\\/#\\\/schema\\\/person\\\/7253f5acb55b402d9149796390e7bdde\",\"name\":\"UNSA SA\",\"image\":{\"@type\":\"ImageObject\",\"inLanguage\":\"fr-FR\",\"@id\":\"https:\\\/\\\/secure.gravatar.com\\\/avatar\\\/b78c582c0b7ba9a7147763b6638faa3db8f956662f0faffdc8b57058fad002f4?s=96&d=mm&r=g\",\"url\":\"https:\\\/\\\/secure.gravatar.com\\\/avatar\\\/b78c582c0b7ba9a7147763b6638faa3db8f956662f0faffdc8b57058fad002f4?s=96&d=mm&r=g\",\"contentUrl\":\"https:\\\/\\\/secure.gravatar.com\\\/avatar\\\/b78c582c0b7ba9a7147763b6638faa3db8f956662f0faffdc8b57058fad002f4?s=96&d=mm&r=g\",\"caption\":\"UNSA SA\"},\"sameAs\":[\"http:\\\/\\\/unsa-paris.fr\\\/savp\"],\"url\":\"https:\\\/\\\/unsa-paris.fr\\\/savp\\\/author\\\/fred\\\/\"}]}<\/script>\n<!-- \/ Yoast SEO plugin. -->","yoast_head_json":{"title":"\u00c9lections professionnelles 2022 - Syndicat Autonome UNSA","robots":{"index":"index","follow":"follow","max-snippet":"max-snippet:-1","max-image-preview":"max-image-preview:large","max-video-preview":"max-video-preview:-1"},"canonical":"https:\/\/unsa-paris.fr\/savp\/2022\/09\/19\/elections-professionnelles-2022\/","og_locale":"fr_FR","og_type":"article","og_title":"\u00c9lections professionnelles 2022 - Syndicat Autonome UNSA","og_description":"Nouvelles adresses-mail\u00cates-vous concern\u00e9s ?Comment les activer ? La ville de Paris a cr\u00e9\u00e9 d\u00e9but juillet 26 000 nouvelles adresses-mail pour les agents qui n\u2019en disposaient pas. Notre organisation syndicale demandait &hellip; Continuer la lecture de &laquo;&nbsp;\u00c9lections professionnelles 2022&nbsp;&raquo;","og_url":"https:\/\/unsa-paris.fr\/savp\/2022\/09\/19\/elections-professionnelles-2022\/","og_site_name":"Syndicat Autonome UNSA","article_published_time":"2022-09-19T08:29:22+00:00","article_modified_time":"2022-09-19T08:29:24+00:00","author":"UNSA SA","twitter_card":"summary_large_image","twitter_misc":{"\u00c9crit par":"UNSA SA","Dur\u00e9e de lecture estim\u00e9e":"2 minutes"},"schema":{"@context":"https:\/\/schema.org","@graph":[{"@type":"Article","@id":"https:\/\/unsa-paris.fr\/savp\/2022\/09\/19\/elections-professionnelles-2022\/#article","isPartOf":{"@id":"https:\/\/unsa-paris.fr\/savp\/2022\/09\/19\/elections-professionnelles-2022\/"},"author":{"name":"UNSA SA","@id":"https:\/\/unsa-paris.fr\/savp\/#\/schema\/person\/7253f5acb55b402d9149796390e7bdde"},"headline":"\u00c9lections professionnelles 2022","datePublished":"2022-09-19T08:29:22+00:00","dateModified":"2022-09-19T08:29:24+00:00","mainEntityOfPage":{"@id":"https:\/\/unsa-paris.fr\/savp\/2022\/09\/19\/elections-professionnelles-2022\/"},"wordCount":214,"commentCount":0,"publisher":{"@id":"https:\/\/unsa-paris.fr\/savp\/#organization"},"articleSection":["Actualite","Elections professionnelles 2022"],"inLanguage":"fr-FR","potentialAction":[{"@type":"CommentAction","name":"Comment","target":["https:\/\/unsa-paris.fr\/savp\/2022\/09\/19\/elections-professionnelles-2022\/#respond"]}]},{"@type":"WebPage","@id":"https:\/\/unsa-paris.fr\/savp\/2022\/09\/19\/elections-professionnelles-2022\/","url":"https:\/\/unsa-paris.fr\/savp\/2022\/09\/19\/elections-professionnelles-2022\/","name":"\u00c9lections professionnelles 2022 - Syndicat Autonome UNSA","isPartOf":{"@id":"https:\/\/unsa-paris.fr\/savp\/#website"},"datePublished":"2022-09-19T08:29:22+00:00","dateModified":"2022-09-19T08:29:24+00:00","breadcrumb":{"@id":"https:\/\/unsa-paris.fr\/savp\/2022\/09\/19\/elections-professionnelles-2022\/#breadcrumb"},"inLanguage":"fr-FR","potentialAction":[{"@type":"ReadAction","target":["https:\/\/unsa-paris.fr\/savp\/2022\/09\/19\/elections-professionnelles-2022\/"]}]},{"@type":"BreadcrumbList","@id":"https:\/\/unsa-paris.fr\/savp\/2022\/09\/19\/elections-professionnelles-2022\/#breadcrumb","itemListElement":[{"@type":"ListItem","position":1,"name":"Accueil","item":"https:\/\/unsa-paris.fr\/savp\/"},{"@type":"ListItem","position":2,"name":"\u00c9lections professionnelles 2022"}]},{"@type":"WebSite","@id":"https:\/\/unsa-paris.fr\/savp\/#website","url":"https:\/\/unsa-paris.fr\/savp\/","name":"Syndicat Autonome UNSA","description":"Section des secr\u00e9taires administratifs et des techniciens sup\u00e9rieurs","publisher":{"@id":"https:\/\/unsa-paris.fr\/savp\/#organization"},"potentialAction":[{"@type":"SearchAction","target":{"@type":"EntryPoint","urlTemplate":"https:\/\/unsa-paris.fr\/savp\/?s={search_term_string}"},"query-input":{"@type":"PropertyValueSpecification","valueRequired":true,"valueName":"search_term_string"}}],"inLanguage":"fr-FR"},{"@type":"Organization","@id":"https:\/\/unsa-paris.fr\/savp\/#organization","name":"UNSA PARIS fili\u00e8re administrative","url":"https:\/\/unsa-paris.fr\/savp\/","logo":{"@type":"ImageObject","inLanguage":"fr-FR","@id":"https:\/\/unsa-paris.fr\/savp\/#\/schema\/logo\/image\/","url":"https:\/\/unsa-paris.fr\/savp\/wp-content\/uploads\/2020\/10\/Logo_UNSA-V6.png","contentUrl":"https:\/\/unsa-paris.fr\/savp\/wp-content\/uploads\/2020\/10\/Logo_UNSA-V6.png","width":986,"height":962,"caption":"UNSA PARIS fili\u00e8re administrative"},"image":{"@id":"https:\/\/unsa-paris.fr\/savp\/#\/schema\/logo\/image\/"}},{"@type":"Person","@id":"https:\/\/unsa-paris.fr\/savp\/#\/schema\/person\/7253f5acb55b402d9149796390e7bdde","name":"UNSA SA","image":{"@type":"ImageObject","inLanguage":"fr-FR","@id":"https:\/\/secure.gravatar.com\/avatar\/b78c582c0b7ba9a7147763b6638faa3db8f956662f0faffdc8b57058fad002f4?s=96&d=mm&r=g","url":"https:\/\/secure.gravatar.com\/avatar\/b78c582c0b7ba9a7147763b6638faa3db8f956662f0faffdc8b57058fad002f4?s=96&d=mm&r=g","contentUrl":"https:\/\/secure.gravatar.com\/avatar\/b78c582c0b7ba9a7147763b6638faa3db8f956662f0faffdc8b57058fad002f4?s=96&d=mm&r=g","caption":"UNSA SA"},"sameAs":["http:\/\/unsa-paris.fr\/savp"],"url":"https:\/\/unsa-paris.fr\/savp\/author\/fred\/"}]}},"_links":{"self":[{"href":"https:\/\/unsa-paris.fr\/savp\/wp-json\/wp\/v2\/posts\/1733","targetHints":{"allow":["GET"]}}],"collection":[{"href":"https:\/\/unsa-paris.fr\/savp\/wp-json\/wp\/v2\/posts"}],"about":[{"href":"https:\/\/unsa-paris.fr\/savp\/wp-json\/wp\/v2\/types\/post"}],"author":[{"embeddable":true,"href":"https:\/\/unsa-paris.fr\/savp\/wp-json\/wp\/v2\/users\/2"}],"replies":[{"embeddable":true,"href":"https:\/\/unsa-paris.fr\/savp\/wp-json\/wp\/v2\/comments?post=1733"}],"version-history":[{"count":4,"href":"https:\/\/unsa-paris.fr\/savp\/wp-json\/wp\/v2\/posts\/1733\/revisions"}],"predecessor-version":[{"id":1738,"href":"https:\/\/unsa-paris.fr\/savp\/wp-json\/wp\/v2\/posts\/1733\/revisions\/1738"}],"wp:attachment":[{"href":"https:\/\/unsa-paris.fr\/savp\/wp-json\/wp\/v2\/media?parent=1733"}],"wp:term":[{"taxonomy":"category","embeddable":true,"href":"https:\/\/unsa-paris.fr\/savp\/wp-json\/wp\/v2\/categories?post=1733"},{"taxonomy":"post_tag","embeddable":true,"href":"https:\/\/unsa-paris.fr\/savp\/wp-json\/wp\/v2\/tags?post=1733"}],"curies":[{"name":"wp","href":"https:\/\/api.w.org\/{rel}","templated":true}]}}