{"id":1714,"date":"2022-09-15T17:09:47","date_gmt":"2022-09-15T15:09:47","guid":{"rendered":"https:\/\/unsa-paris.fr\/savp\/?p=1714"},"modified":"2022-09-15T17:09:50","modified_gmt":"2022-09-15T15:09:50","slug":"reforme-des-grilles-de-la-categorie-b","status":"publish","type":"post","link":"https:\/\/unsa-paris.fr\/savp\/2022\/09\/15\/reforme-des-grilles-de-la-categorie-b\/","title":{"rendered":"<strong>R\u00e9forme des grilles de la cat\u00e9gorie B<\/strong>"},"content":{"rendered":"\n<p class=\"has-text-align-center has-bright-red-color has-text-color has-medium-font-size\"><strong>Une rustine indispensable en attendant mieux<\/strong><\/p>\n\n\n\n<p>Lors de la conf\u00e9rence salariale du 28 juin, le gouvernement a annonc\u00e9 une \u00e9volution des grilles pour les grades B1 et B2, mesure indispensable pour l\u2019UNSA Fonction Publique.<\/p>\n\n\n\n<p>Nous attendons toutefois, pour cette cat\u00e9gorie charni\u00e8re, des perspectives beaucoup plus engageantes.<\/p>\n\n\n\n<p class=\"has-bright-red-color has-text-color\"><strong>L\u2019UNSA Fonction Publique revendique une refonte des grilles de la cat\u00e9gorie B dont les indices des premiers \u00e9chelons sont d\u00e9sormais r\u00e9guli\u00e8rement bouscul\u00e9s par l\u2019indice minimum de traitement et le niveau du SMIC.<\/strong><\/p>\n\n\n\n<!--more-->\n\n\n\n<p>Les d\u00e9buts de carri\u00e8re sont maintenant sous la menace d\u2019une progression quasi lin\u00e9aire en termes d\u2019indice et sont expos\u00e9s au sort inacceptable subi par les agents de cat\u00e9gorie C (actuellement 9 ans au plus faible indice pour le premier grade de la C1).<\/p>\n\n\n\n<p>\u00a0Il faut donc revoir int\u00e9gralement les niveaux indiciaires et les dur\u00e9es d\u2019\u00e9chelon de la cat\u00e9gorie B pour redynamiser les carri\u00e8res et r\u00e9pondre au d\u00e9fi de l\u2019attractivit\u00e9. <\/p>\n\n\n\n<p class=\"has-bright-red-color has-text-color\"><strong>Pour l\u2019UNSA, il en va du respect de l\u2019engagement quotidien des agents des corps de cat\u00e9gorie B, rouages essentiels au fonctionnement des administrations et services publics.<\/strong><\/p>\n\n\n\n<p class=\"has-bright-blue-color has-text-color\"><strong>Dans les faits, \u00e0 la Ville de Paris<\/strong><\/p>\n\n\n\n<p class=\"has-bright-blue-color has-text-color\"><strong>Corps de cat\u00e9gorie B<\/strong><\/p>\n\n\n\n<p><strong>Pour les quatre premiers \u00e9chelons du grade B1<\/strong>, la dur\u00e9e dans l&rsquo;\u00e9chelon est r\u00e9duite \u00e0 un an et l&rsquo;indice est revaloris\u00e9. La dur\u00e9e totale dans le grade passe de 30 ans \u00e0 26 ans.<\/p>\n\n\n\n<p><strong>Pour le grade B2<\/strong>, le premier \u00e9chelon est supprim\u00e9. Le 2\u00e8me \u00e9chelon est revaloris\u00e9 d&rsquo;un point. La dur\u00e9e dans l&rsquo;\u00e9chelon pour les 2\u00e8me et 3\u00e8me \u00e9chelons est r\u00e9duite de deux \u00e0 un an. La dur\u00e9e dans le grade passe de 30 ans \u00e0 26 ans.<\/p>\n\n\n\n<p><strong>Les corps d\u2019administrations parisiennes de cat\u00e9gorie B align\u00e9s sur la grille de B type<\/strong> verront ces modifications prises en compte d\u00e8s le 1er septembre comme les corps d\u2019\u00e9tat&nbsp;:<\/p>\n\n\n\n<ul class=\"wp-block-list\"><li>Animateurs d\u2019administrations parisiennes<\/li><li>Assistants sp\u00e9cialis\u00e9s des biblioth\u00e8ques et des mus\u00e9es<\/li><li>Assistants sp\u00e9cialis\u00e9s d\u2019enseignement artistique de la commune de Paris<\/li><li>Contr\u00f4leurs de la Ville de Paris<\/li><li>\u00c9ducateurs des activit\u00e9s physiques et sportives de la commune de Paris<\/li><li>M\u00e9caniciens en proth\u00e8se dentaire de la commune de Paris<\/li><li>Secr\u00e9taires administratifs d\u2019administrations parisiennes<\/li><li>Secr\u00e9taires m\u00e9dicaux et sociaux d\u2019administrations parisiennes<\/li><li>Techniciens sup\u00e9rieurs d\u2019administrations parisiennes<\/li><li>Techniciens des services op\u00e9rationnels de la commune de Paris<\/li><li>Techniciens de tranquillit\u00e9 publique et de surveillance de la commune de Paris<\/li><\/ul>\n\n\n\n<p><strong>Pour les autres corps de cat\u00e9gorie B (non-type)<\/strong>, le Conseil Sup\u00e9rieur des Administrations Parisiennes s\u2019est r\u00e9uni mardi 13&nbsp;septembre afin de transposer les nouvelles grilles aux corps concern\u00e9s. Pour ceux-ci l\u2019entr\u00e9e en vigueur de la r\u00e9forme est fix\u00e9e au 1er novembre 2022&nbsp;:<\/p>\n\n\n\n<ul class=\"wp-block-list\"><li>Personnels de ma\u00eetrise d\u2019administrations parisiennes (corps sp\u00e9cifique)<\/li><li>Auxiliaires de pu\u00e9riculture de la Ville de Paris<\/li><li>Aides-soignants du CASVP<\/li><li>Moniteurs-\u00e9ducateurs du CASVP<\/li><\/ul>\n\n\n\n<p><strong>Pour les corps de cat\u00e9gorie B ayant un statut fix\u00e9 par d\u00e9cret en conseil d\u2019\u00e9tat<\/strong>, la date d\u2019effet d\u00e9pend de l\u2019administration de l\u2019\u00c9tat et n\u2019est pas encore connue \u00e0 ce jour&nbsp;:<\/p>\n\n\n\n<ul class=\"wp-block-list\"><li>Chef de service de police municipale de Paris<\/li><\/ul>\n\n\n\n<p><strong>Corps de cat\u00e9gorie B en voie d\u2019extinction,<\/strong> non concern\u00e9s par la r\u00e9forme&nbsp;:<\/p>\n\n\n\n<ul class=\"wp-block-list\"><li>Infirmi\u00e8res et infirmiers d\u2019administrations parisiennes<\/li><li>Personnels param\u00e9dicaux et m\u00e9dico-techniques d\u2019administrations parisiennes<\/li><\/ul>\n\n\n\n<p class=\"has-bright-blue-color has-text-color\"><strong>Corps de cat\u00e9gorie A<\/strong><\/p>\n\n\n\n<p>Certains corps de cat\u00e9gorie A n\u00e9cessitent \u00e9galement une transposition, concernant le classement des agents b\u00e9n\u00e9ficiant d\u2019une promotion de grade&nbsp;:<\/p>\n\n\n\n<p>Le CSAP a statu\u00e9 pour une entr\u00e9e en vigueur au 1er novembre 2022 des modifications pour le corps&nbsp;:<\/p>\n\n\n\n<ul class=\"wp-block-list\"><li>Conseillers des activit\u00e9s physiques et sportives et d\u2019animation<\/li><\/ul>\n\n\n\n<p>Date d\u2019effet inconnue pour les corps r\u00e9gis par d\u00e9cret&nbsp;:<\/p>\n\n\n\n<ul class=\"wp-block-list\"><li>Attach\u00e9s d\u2019administrations parisiennes<\/li><li>Directeur de police municipale<\/li><\/ul>\n\n\n\n<p class=\"has-bright-blue-color has-text-color\"><strong>Pour Information<\/strong><\/p>\n\n\n\n<p>Vous trouverez ci-dessous en pi\u00e8ces jointes les grilles indiciaires apr\u00e8s la r\u00e9forme de la cat\u00e9gorie B et la hausse du point d&rsquo;indice au 1er juillet 2022.<\/p>\n\n\n\n<ul class=\"wp-block-list\"><li><a href=\"https:\/\/unsa-paris.fr\/savp\/wp-content\/uploads\/2022\/09\/Nouvelles_grilles_de_la_categorie_C_au_1er_juillet_2022.pdf\" target=\"_blank\" rel=\"noreferrer noopener\">Nouvelles grilles cat\u00e9gorie C au 1er juillet&nbsp; &nbsp;T\u00e9l\u00e9charger<\/a><\/li><li><a href=\"https:\/\/unsa-paris.fr\/savp\/wp-content\/uploads\/2022\/09\/Nouvelles_grilles_de_la_categorie_B_au_1er_juillet_2022.pdf\" target=\"_blank\" rel=\"noreferrer noopener\">Nouvelles grilles cat\u00e9gorie B au 1er septembre&nbsp; &nbsp;T\u00e9l\u00e9charger<\/a><\/li><li><a href=\"https:\/\/unsa-paris.fr\/savp\/wp-content\/uploads\/2022\/09\/Nouvelles_grilles_de_la_categorie_A_au_1er_juillet_2022.pdf\" target=\"_blank\" rel=\"noreferrer noopener\">Nouvelles grilles cat\u00e9gorie A au 1er juillet&nbsp; &nbsp;T\u00e9l\u00e9charger<\/a><\/li><\/ul>\n\n\n\n<p class=\"has-text-align-center has-bright-red-color has-text-color has-medium-font-size\"><strong>L&rsquo;UNSA, LE SYNDICALISME DES SOLUTIONS<\/strong><\/p>\n","protected":false},"excerpt":{"rendered":"<p>Une rustine indispensable en attendant mieux Lors de la conf\u00e9rence salariale du 28 juin, le gouvernement a annonc\u00e9 une \u00e9volution des grilles pour les grades B1 et B2, mesure indispensable &hellip; <a href=\"https:\/\/unsa-paris.fr\/savp\/2022\/09\/15\/reforme-des-grilles-de-la-categorie-b\/\" class=\"more-link\">Continuer la lecture<span class=\"screen-reader-text\"> de &laquo;&nbsp;<strong>R\u00e9forme des grilles de la cat\u00e9gorie B<\/strong>&nbsp;&raquo;<\/span><\/a><\/p>\n","protected":false},"author":2,"featured_media":0,"comment_status":"open","ping_status":"open","sticky":false,"template":"","format":"standard","meta":{"footnotes":""},"categories":[7,4,14],"tags":[],"class_list":["post-1714","post","type-post","status-publish","format-standard","hentry","category-actualite","category-carriere","category-remuneration"],"yoast_head":"<!-- This site is optimized with the Yoast SEO plugin v27.4 - https:\/\/yoast.com\/product\/yoast-seo-wordpress\/ -->\n<title>R\u00e9forme des grilles de la cat\u00e9gorie B - Syndicat Autonome UNSA<\/title>\n<meta name=\"robots\" content=\"index, follow, max-snippet:-1, max-image-preview:large, max-video-preview:-1\" \/>\n<link rel=\"canonical\" href=\"https:\/\/unsa-paris.fr\/savp\/2022\/09\/15\/reforme-des-grilles-de-la-categorie-b\/\" \/>\n<meta property=\"og:locale\" content=\"fr_FR\" \/>\n<meta property=\"og:type\" content=\"article\" \/>\n<meta property=\"og:title\" content=\"R\u00e9forme des grilles de la cat\u00e9gorie B - Syndicat Autonome UNSA\" \/>\n<meta property=\"og:description\" content=\"Une rustine indispensable en attendant mieux Lors de la conf\u00e9rence salariale du 28 juin, le gouvernement a annonc\u00e9 une \u00e9volution des grilles pour les grades B1 et B2, mesure indispensable &hellip; Continuer la lecture de &laquo;&nbsp;R\u00e9forme des grilles de la cat\u00e9gorie B&nbsp;&raquo;\" \/>\n<meta property=\"og:url\" content=\"https:\/\/unsa-paris.fr\/savp\/2022\/09\/15\/reforme-des-grilles-de-la-categorie-b\/\" \/>\n<meta property=\"og:site_name\" content=\"Syndicat Autonome UNSA\" \/>\n<meta property=\"article:published_time\" content=\"2022-09-15T15:09:47+00:00\" \/>\n<meta property=\"article:modified_time\" content=\"2022-09-15T15:09:50+00:00\" \/>\n<meta name=\"author\" content=\"UNSA SA\" \/>\n<meta name=\"twitter:card\" content=\"summary_large_image\" \/>\n<meta name=\"twitter:label1\" content=\"\u00c9crit par\" \/>\n\t<meta name=\"twitter:data1\" content=\"UNSA SA\" \/>\n\t<meta name=\"twitter:label2\" content=\"Dur\u00e9e de lecture estim\u00e9e\" \/>\n\t<meta name=\"twitter:data2\" content=\"4 minutes\" \/>\n<script type=\"application\/ld+json\" class=\"yoast-schema-graph\">{\"@context\":\"https:\\\/\\\/schema.org\",\"@graph\":[{\"@type\":\"Article\",\"@id\":\"https:\\\/\\\/unsa-paris.fr\\\/savp\\\/2022\\\/09\\\/15\\\/reforme-des-grilles-de-la-categorie-b\\\/#article\",\"isPartOf\":{\"@id\":\"https:\\\/\\\/unsa-paris.fr\\\/savp\\\/2022\\\/09\\\/15\\\/reforme-des-grilles-de-la-categorie-b\\\/\"},\"author\":{\"name\":\"UNSA SA\",\"@id\":\"https:\\\/\\\/unsa-paris.fr\\\/savp\\\/#\\\/schema\\\/person\\\/7253f5acb55b402d9149796390e7bdde\"},\"headline\":\"R\u00e9forme des grilles de la cat\u00e9gorie B\",\"datePublished\":\"2022-09-15T15:09:47+00:00\",\"dateModified\":\"2022-09-15T15:09:50+00:00\",\"mainEntityOfPage\":{\"@id\":\"https:\\\/\\\/unsa-paris.fr\\\/savp\\\/2022\\\/09\\\/15\\\/reforme-des-grilles-de-la-categorie-b\\\/\"},\"wordCount\":751,\"commentCount\":0,\"publisher\":{\"@id\":\"https:\\\/\\\/unsa-paris.fr\\\/savp\\\/#organization\"},\"articleSection\":[\"Actualite\",\"Carriere\",\"R\u00e9mun\u00e9ration\"],\"inLanguage\":\"fr-FR\",\"potentialAction\":[{\"@type\":\"CommentAction\",\"name\":\"Comment\",\"target\":[\"https:\\\/\\\/unsa-paris.fr\\\/savp\\\/2022\\\/09\\\/15\\\/reforme-des-grilles-de-la-categorie-b\\\/#respond\"]}]},{\"@type\":\"WebPage\",\"@id\":\"https:\\\/\\\/unsa-paris.fr\\\/savp\\\/2022\\\/09\\\/15\\\/reforme-des-grilles-de-la-categorie-b\\\/\",\"url\":\"https:\\\/\\\/unsa-paris.fr\\\/savp\\\/2022\\\/09\\\/15\\\/reforme-des-grilles-de-la-categorie-b\\\/\",\"name\":\"R\u00e9forme des grilles de la cat\u00e9gorie B - Syndicat Autonome UNSA\",\"isPartOf\":{\"@id\":\"https:\\\/\\\/unsa-paris.fr\\\/savp\\\/#website\"},\"datePublished\":\"2022-09-15T15:09:47+00:00\",\"dateModified\":\"2022-09-15T15:09:50+00:00\",\"breadcrumb\":{\"@id\":\"https:\\\/\\\/unsa-paris.fr\\\/savp\\\/2022\\\/09\\\/15\\\/reforme-des-grilles-de-la-categorie-b\\\/#breadcrumb\"},\"inLanguage\":\"fr-FR\",\"potentialAction\":[{\"@type\":\"ReadAction\",\"target\":[\"https:\\\/\\\/unsa-paris.fr\\\/savp\\\/2022\\\/09\\\/15\\\/reforme-des-grilles-de-la-categorie-b\\\/\"]}]},{\"@type\":\"BreadcrumbList\",\"@id\":\"https:\\\/\\\/unsa-paris.fr\\\/savp\\\/2022\\\/09\\\/15\\\/reforme-des-grilles-de-la-categorie-b\\\/#breadcrumb\",\"itemListElement\":[{\"@type\":\"ListItem\",\"position\":1,\"name\":\"Accueil\",\"item\":\"https:\\\/\\\/unsa-paris.fr\\\/savp\\\/\"},{\"@type\":\"ListItem\",\"position\":2,\"name\":\"R\u00e9forme des grilles de la cat\u00e9gorie B\"}]},{\"@type\":\"WebSite\",\"@id\":\"https:\\\/\\\/unsa-paris.fr\\\/savp\\\/#website\",\"url\":\"https:\\\/\\\/unsa-paris.fr\\\/savp\\\/\",\"name\":\"Syndicat Autonome UNSA\",\"description\":\"Section des secr\u00e9taires administratifs et des techniciens sup\u00e9rieurs\",\"publisher\":{\"@id\":\"https:\\\/\\\/unsa-paris.fr\\\/savp\\\/#organization\"},\"potentialAction\":[{\"@type\":\"SearchAction\",\"target\":{\"@type\":\"EntryPoint\",\"urlTemplate\":\"https:\\\/\\\/unsa-paris.fr\\\/savp\\\/?s={search_term_string}\"},\"query-input\":{\"@type\":\"PropertyValueSpecification\",\"valueRequired\":true,\"valueName\":\"search_term_string\"}}],\"inLanguage\":\"fr-FR\"},{\"@type\":\"Organization\",\"@id\":\"https:\\\/\\\/unsa-paris.fr\\\/savp\\\/#organization\",\"name\":\"UNSA PARIS fili\u00e8re administrative\",\"url\":\"https:\\\/\\\/unsa-paris.fr\\\/savp\\\/\",\"logo\":{\"@type\":\"ImageObject\",\"inLanguage\":\"fr-FR\",\"@id\":\"https:\\\/\\\/unsa-paris.fr\\\/savp\\\/#\\\/schema\\\/logo\\\/image\\\/\",\"url\":\"https:\\\/\\\/unsa-paris.fr\\\/savp\\\/wp-content\\\/uploads\\\/2020\\\/10\\\/Logo_UNSA-V6.png\",\"contentUrl\":\"https:\\\/\\\/unsa-paris.fr\\\/savp\\\/wp-content\\\/uploads\\\/2020\\\/10\\\/Logo_UNSA-V6.png\",\"width\":986,\"height\":962,\"caption\":\"UNSA PARIS fili\u00e8re administrative\"},\"image\":{\"@id\":\"https:\\\/\\\/unsa-paris.fr\\\/savp\\\/#\\\/schema\\\/logo\\\/image\\\/\"}},{\"@type\":\"Person\",\"@id\":\"https:\\\/\\\/unsa-paris.fr\\\/savp\\\/#\\\/schema\\\/person\\\/7253f5acb55b402d9149796390e7bdde\",\"name\":\"UNSA SA\",\"image\":{\"@type\":\"ImageObject\",\"inLanguage\":\"fr-FR\",\"@id\":\"https:\\\/\\\/secure.gravatar.com\\\/avatar\\\/b78c582c0b7ba9a7147763b6638faa3db8f956662f0faffdc8b57058fad002f4?s=96&d=mm&r=g\",\"url\":\"https:\\\/\\\/secure.gravatar.com\\\/avatar\\\/b78c582c0b7ba9a7147763b6638faa3db8f956662f0faffdc8b57058fad002f4?s=96&d=mm&r=g\",\"contentUrl\":\"https:\\\/\\\/secure.gravatar.com\\\/avatar\\\/b78c582c0b7ba9a7147763b6638faa3db8f956662f0faffdc8b57058fad002f4?s=96&d=mm&r=g\",\"caption\":\"UNSA SA\"},\"sameAs\":[\"http:\\\/\\\/unsa-paris.fr\\\/savp\"],\"url\":\"https:\\\/\\\/unsa-paris.fr\\\/savp\\\/author\\\/fred\\\/\"}]}<\/script>\n<!-- \/ Yoast SEO plugin. -->","yoast_head_json":{"title":"R\u00e9forme des grilles de la cat\u00e9gorie B - Syndicat Autonome UNSA","robots":{"index":"index","follow":"follow","max-snippet":"max-snippet:-1","max-image-preview":"max-image-preview:large","max-video-preview":"max-video-preview:-1"},"canonical":"https:\/\/unsa-paris.fr\/savp\/2022\/09\/15\/reforme-des-grilles-de-la-categorie-b\/","og_locale":"fr_FR","og_type":"article","og_title":"R\u00e9forme des grilles de la cat\u00e9gorie B - Syndicat Autonome UNSA","og_description":"Une rustine indispensable en attendant mieux Lors de la conf\u00e9rence salariale du 28 juin, le gouvernement a annonc\u00e9 une \u00e9volution des grilles pour les grades B1 et B2, mesure indispensable &hellip; Continuer la lecture de &laquo;&nbsp;R\u00e9forme des grilles de la cat\u00e9gorie B&nbsp;&raquo;","og_url":"https:\/\/unsa-paris.fr\/savp\/2022\/09\/15\/reforme-des-grilles-de-la-categorie-b\/","og_site_name":"Syndicat Autonome UNSA","article_published_time":"2022-09-15T15:09:47+00:00","article_modified_time":"2022-09-15T15:09:50+00:00","author":"UNSA SA","twitter_card":"summary_large_image","twitter_misc":{"\u00c9crit par":"UNSA SA","Dur\u00e9e de lecture estim\u00e9e":"4 minutes"},"schema":{"@context":"https:\/\/schema.org","@graph":[{"@type":"Article","@id":"https:\/\/unsa-paris.fr\/savp\/2022\/09\/15\/reforme-des-grilles-de-la-categorie-b\/#article","isPartOf":{"@id":"https:\/\/unsa-paris.fr\/savp\/2022\/09\/15\/reforme-des-grilles-de-la-categorie-b\/"},"author":{"name":"UNSA SA","@id":"https:\/\/unsa-paris.fr\/savp\/#\/schema\/person\/7253f5acb55b402d9149796390e7bdde"},"headline":"R\u00e9forme des grilles de la cat\u00e9gorie B","datePublished":"2022-09-15T15:09:47+00:00","dateModified":"2022-09-15T15:09:50+00:00","mainEntityOfPage":{"@id":"https:\/\/unsa-paris.fr\/savp\/2022\/09\/15\/reforme-des-grilles-de-la-categorie-b\/"},"wordCount":751,"commentCount":0,"publisher":{"@id":"https:\/\/unsa-paris.fr\/savp\/#organization"},"articleSection":["Actualite","Carriere","R\u00e9mun\u00e9ration"],"inLanguage":"fr-FR","potentialAction":[{"@type":"CommentAction","name":"Comment","target":["https:\/\/unsa-paris.fr\/savp\/2022\/09\/15\/reforme-des-grilles-de-la-categorie-b\/#respond"]}]},{"@type":"WebPage","@id":"https:\/\/unsa-paris.fr\/savp\/2022\/09\/15\/reforme-des-grilles-de-la-categorie-b\/","url":"https:\/\/unsa-paris.fr\/savp\/2022\/09\/15\/reforme-des-grilles-de-la-categorie-b\/","name":"R\u00e9forme des grilles de la cat\u00e9gorie B - Syndicat Autonome UNSA","isPartOf":{"@id":"https:\/\/unsa-paris.fr\/savp\/#website"},"datePublished":"2022-09-15T15:09:47+00:00","dateModified":"2022-09-15T15:09:50+00:00","breadcrumb":{"@id":"https:\/\/unsa-paris.fr\/savp\/2022\/09\/15\/reforme-des-grilles-de-la-categorie-b\/#breadcrumb"},"inLanguage":"fr-FR","potentialAction":[{"@type":"ReadAction","target":["https:\/\/unsa-paris.fr\/savp\/2022\/09\/15\/reforme-des-grilles-de-la-categorie-b\/"]}]},{"@type":"BreadcrumbList","@id":"https:\/\/unsa-paris.fr\/savp\/2022\/09\/15\/reforme-des-grilles-de-la-categorie-b\/#breadcrumb","itemListElement":[{"@type":"ListItem","position":1,"name":"Accueil","item":"https:\/\/unsa-paris.fr\/savp\/"},{"@type":"ListItem","position":2,"name":"R\u00e9forme des grilles de la cat\u00e9gorie B"}]},{"@type":"WebSite","@id":"https:\/\/unsa-paris.fr\/savp\/#website","url":"https:\/\/unsa-paris.fr\/savp\/","name":"Syndicat Autonome UNSA","description":"Section des secr\u00e9taires administratifs et des techniciens sup\u00e9rieurs","publisher":{"@id":"https:\/\/unsa-paris.fr\/savp\/#organization"},"potentialAction":[{"@type":"SearchAction","target":{"@type":"EntryPoint","urlTemplate":"https:\/\/unsa-paris.fr\/savp\/?s={search_term_string}"},"query-input":{"@type":"PropertyValueSpecification","valueRequired":true,"valueName":"search_term_string"}}],"inLanguage":"fr-FR"},{"@type":"Organization","@id":"https:\/\/unsa-paris.fr\/savp\/#organization","name":"UNSA PARIS fili\u00e8re administrative","url":"https:\/\/unsa-paris.fr\/savp\/","logo":{"@type":"ImageObject","inLanguage":"fr-FR","@id":"https:\/\/unsa-paris.fr\/savp\/#\/schema\/logo\/image\/","url":"https:\/\/unsa-paris.fr\/savp\/wp-content\/uploads\/2020\/10\/Logo_UNSA-V6.png","contentUrl":"https:\/\/unsa-paris.fr\/savp\/wp-content\/uploads\/2020\/10\/Logo_UNSA-V6.png","width":986,"height":962,"caption":"UNSA PARIS fili\u00e8re administrative"},"image":{"@id":"https:\/\/unsa-paris.fr\/savp\/#\/schema\/logo\/image\/"}},{"@type":"Person","@id":"https:\/\/unsa-paris.fr\/savp\/#\/schema\/person\/7253f5acb55b402d9149796390e7bdde","name":"UNSA SA","image":{"@type":"ImageObject","inLanguage":"fr-FR","@id":"https:\/\/secure.gravatar.com\/avatar\/b78c582c0b7ba9a7147763b6638faa3db8f956662f0faffdc8b57058fad002f4?s=96&d=mm&r=g","url":"https:\/\/secure.gravatar.com\/avatar\/b78c582c0b7ba9a7147763b6638faa3db8f956662f0faffdc8b57058fad002f4?s=96&d=mm&r=g","contentUrl":"https:\/\/secure.gravatar.com\/avatar\/b78c582c0b7ba9a7147763b6638faa3db8f956662f0faffdc8b57058fad002f4?s=96&d=mm&r=g","caption":"UNSA SA"},"sameAs":["http:\/\/unsa-paris.fr\/savp"],"url":"https:\/\/unsa-paris.fr\/savp\/author\/fred\/"}]}},"_links":{"self":[{"href":"https:\/\/unsa-paris.fr\/savp\/wp-json\/wp\/v2\/posts\/1714","targetHints":{"allow":["GET"]}}],"collection":[{"href":"https:\/\/unsa-paris.fr\/savp\/wp-json\/wp\/v2\/posts"}],"about":[{"href":"https:\/\/unsa-paris.fr\/savp\/wp-json\/wp\/v2\/types\/post"}],"author":[{"embeddable":true,"href":"https:\/\/unsa-paris.fr\/savp\/wp-json\/wp\/v2\/users\/2"}],"replies":[{"embeddable":true,"href":"https:\/\/unsa-paris.fr\/savp\/wp-json\/wp\/v2\/comments?post=1714"}],"version-history":[{"count":13,"href":"https:\/\/unsa-paris.fr\/savp\/wp-json\/wp\/v2\/posts\/1714\/revisions"}],"predecessor-version":[{"id":1730,"href":"https:\/\/unsa-paris.fr\/savp\/wp-json\/wp\/v2\/posts\/1714\/revisions\/1730"}],"wp:attachment":[{"href":"https:\/\/unsa-paris.fr\/savp\/wp-json\/wp\/v2\/media?parent=1714"}],"wp:term":[{"taxonomy":"category","embeddable":true,"href":"https:\/\/unsa-paris.fr\/savp\/wp-json\/wp\/v2\/categories?post=1714"},{"taxonomy":"post_tag","embeddable":true,"href":"https:\/\/unsa-paris.fr\/savp\/wp-json\/wp\/v2\/tags?post=1714"}],"curies":[{"name":"wp","href":"https:\/\/api.w.org\/{rel}","templated":true}]}}