{"id":1709,"date":"2022-09-14T16:34:50","date_gmt":"2022-09-14T14:34:50","guid":{"rendered":"https:\/\/unsa-paris.fr\/savp\/?p=1709"},"modified":"2022-09-14T16:42:58","modified_gmt":"2022-09-14T14:42:58","slug":"lunsa-fonction-publique-demande-une-nouvelle-conference-salariale","status":"publish","type":"post","link":"https:\/\/unsa-paris.fr\/savp\/2022\/09\/14\/lunsa-fonction-publique-demande-une-nouvelle-conference-salariale\/","title":{"rendered":"L\u2019UNSA Fonction Publique demande une nouvelle conf\u00e9rence salariale"},"content":{"rendered":"\t\t<div data-elementor-type=\"wp-post\" data-elementor-id=\"1709\" class=\"elementor elementor-1709\">\n\t\t\t\t\t\t<section class=\"elementor-section elementor-top-section elementor-element elementor-element-43204b9 elementor-section-boxed elementor-section-height-default elementor-section-height-default\" data-id=\"43204b9\" data-element_type=\"section\" data-e-type=\"section\">\n\t\t\t\t\t\t<div class=\"elementor-container elementor-column-gap-default\">\n\t\t\t\t\t<div class=\"elementor-column elementor-col-100 elementor-top-column elementor-element elementor-element-ea2d04b\" data-id=\"ea2d04b\" data-element_type=\"column\" data-e-type=\"column\">\n\t\t\t<div class=\"elementor-widget-wrap elementor-element-populated\">\n\t\t\t\t\t\t<div class=\"elementor-element elementor-element-8c1271b elementor-widget elementor-widget-heading\" data-id=\"8c1271b\" data-element_type=\"widget\" data-e-type=\"widget\" data-widget_type=\"heading.default\">\n\t\t\t\t<div class=\"elementor-widget-container\">\n\t\t\t\t\t<h2 class=\"elementor-heading-title elementor-size-medium\">L\u2019UNSA fonction publique demande au gouvernement d\u2019organiser une nouvelle conf\u00e9rence salariale afin de pouvoir tenir compte du taux d\u2019inflation de 2022 pour maintenir le niveau de pouvoir d\u2019achat de tous les agents publics en 2023.<\/h2>\t\t\t\t<\/div>\n\t\t\t\t<\/div>\n\t\t\t\t<div class=\"elementor-element elementor-element-fcc8427 elementor-widget elementor-widget-text-editor\" data-id=\"fcc8427\" data-element_type=\"widget\" data-e-type=\"widget\" data-widget_type=\"text-editor.default\">\n\t\t\t\t<div class=\"elementor-widget-container\">\n\t\t\t\t\t\t\t\t\t<p><span style=\"color: #000000;\">Selon l\u2019INSEE, la progression de l\u2019inflation en ao\u00fbt a marqu\u00e9 un l\u00e9ger tassement avec une hausse, sur un an, de 5,8%. Les mesures gouvernementales sur les prix de l\u2019\u00e9nergie montrent l\u00e0, en partie, leur efficacit\u00e9 mais aussi leurs limites. En effet, les hausses se r\u00e9percutent sur tous les produits. Sur l\u2019alimentaire, elles s\u2019\u00e9l\u00e8vent \u00e0 7,7% en ao\u00fbt, toujours sur un an.<\/span><\/p>\t\t\t\t\t\t\t\t<\/div>\n\t\t\t\t<\/div>\n\t\t\t\t<div class=\"elementor-element elementor-element-ec0ce78 elementor-widget elementor-widget-read-more\" data-id=\"ec0ce78\" data-element_type=\"widget\" data-e-type=\"widget\" data-widget_type=\"read-more.default\">\n\t\t\t\t<div class=\"elementor-widget-container\">\n\t\t\t\t\t<\/div><\/div><\/div><\/div><\/div><\/section><\/div> <a href=\"https:\/\/unsa-paris.fr\/savp\/2022\/09\/14\/lunsa-fonction-publique-demande-une-nouvelle-conference-salariale\/#more-1709\" class=\"more-link elementor-more-link\"><span aria-label=\"Poursuivre la lecture L\u2019UNSA Fonction Publique demande une nouvelle conf\u00e9rence salariale\">Poursuivre la lecture<\/span><\/a>","protected":false},"excerpt":{"rendered":"<p>L\u2019UNSA fonction publique demande au gouvernement d\u2019organiser une nouvelle conf\u00e9rence salariale afin de pouvoir tenir compte du taux d\u2019inflation de 2022 pour maintenir le niveau de pouvoir d\u2019achat de tous &hellip; <a href=\"https:\/\/unsa-paris.fr\/savp\/2022\/09\/14\/lunsa-fonction-publique-demande-une-nouvelle-conference-salariale\/\" class=\"more-link\">Continuer la lecture<span class=\"screen-reader-text\"> de &laquo;&nbsp;L\u2019UNSA Fonction Publique demande une nouvelle conf\u00e9rence salariale&nbsp;&raquo;<\/span><\/a><\/p>\n","protected":false},"author":1,"featured_media":0,"comment_status":"open","ping_status":"open","sticky":false,"template":"","format":"standard","meta":{"footnotes":""},"categories":[7,12,14],"tags":[],"class_list":["post-1709","post","type-post","status-publish","format-standard","hentry","category-actualite","category-dialogue-social","category-remuneration"],"yoast_head":"<!-- This site is optimized with the Yoast SEO plugin v27.5 - https:\/\/yoast.com\/product\/yoast-seo-wordpress\/ -->\n<title>L\u2019UNSA Fonction Publique demande une nouvelle conf\u00e9rence salariale - Syndicat Autonome UNSA<\/title>\n<meta name=\"robots\" content=\"index, follow, max-snippet:-1, max-image-preview:large, max-video-preview:-1\" \/>\n<link rel=\"canonical\" href=\"https:\/\/unsa-paris.fr\/savp\/2022\/09\/14\/lunsa-fonction-publique-demande-une-nouvelle-conference-salariale\/\" \/>\n<meta property=\"og:locale\" content=\"fr_FR\" \/>\n<meta property=\"og:type\" content=\"article\" \/>\n<meta property=\"og:title\" content=\"L\u2019UNSA Fonction Publique demande une nouvelle conf\u00e9rence salariale - Syndicat Autonome UNSA\" \/>\n<meta property=\"og:description\" content=\"L\u2019UNSA fonction publique demande au gouvernement d\u2019organiser une nouvelle conf\u00e9rence salariale afin de pouvoir tenir compte du taux d\u2019inflation de 2022 pour maintenir le niveau de pouvoir d\u2019achat de tous &hellip; Continuer la lecture de &laquo;&nbsp;L\u2019UNSA Fonction Publique demande une nouvelle conf\u00e9rence salariale&nbsp;&raquo;\" \/>\n<meta property=\"og:url\" content=\"https:\/\/unsa-paris.fr\/savp\/2022\/09\/14\/lunsa-fonction-publique-demande-une-nouvelle-conference-salariale\/\" \/>\n<meta property=\"og:site_name\" content=\"Syndicat Autonome UNSA\" \/>\n<meta property=\"article:published_time\" content=\"2022-09-14T14:34:50+00:00\" \/>\n<meta property=\"article:modified_time\" content=\"2022-09-14T14:42:58+00:00\" \/>\n<meta name=\"author\" content=\"militant\" \/>\n<meta name=\"twitter:card\" content=\"summary_large_image\" \/>\n<meta name=\"twitter:label1\" content=\"\u00c9crit par\" \/>\n\t<meta name=\"twitter:data1\" content=\"militant\" \/>\n\t<meta name=\"twitter:label2\" content=\"Dur\u00e9e de lecture estim\u00e9e\" \/>\n\t<meta name=\"twitter:data2\" content=\"2 minutes\" \/>\n<script type=\"application\/ld+json\" class=\"yoast-schema-graph\">{\"@context\":\"https:\\\/\\\/schema.org\",\"@graph\":[{\"@type\":\"Article\",\"@id\":\"https:\\\/\\\/unsa-paris.fr\\\/savp\\\/2022\\\/09\\\/14\\\/lunsa-fonction-publique-demande-une-nouvelle-conference-salariale\\\/#article\",\"isPartOf\":{\"@id\":\"https:\\\/\\\/unsa-paris.fr\\\/savp\\\/2022\\\/09\\\/14\\\/lunsa-fonction-publique-demande-une-nouvelle-conference-salariale\\\/\"},\"author\":{\"name\":\"militant\",\"@id\":\"https:\\\/\\\/unsa-paris.fr\\\/savp\\\/#\\\/schema\\\/person\\\/656755f73ac5921fc7e2e35124af2ae1\"},\"headline\":\"L\u2019UNSA Fonction Publique demande une nouvelle conf\u00e9rence salariale\",\"datePublished\":\"2022-09-14T14:34:50+00:00\",\"dateModified\":\"2022-09-14T14:42:58+00:00\",\"mainEntityOfPage\":{\"@id\":\"https:\\\/\\\/unsa-paris.fr\\\/savp\\\/2022\\\/09\\\/14\\\/lunsa-fonction-publique-demande-une-nouvelle-conference-salariale\\\/\"},\"wordCount\":390,\"commentCount\":0,\"publisher\":{\"@id\":\"https:\\\/\\\/unsa-paris.fr\\\/savp\\\/#organization\"},\"articleSection\":[\"Actualite\",\"Dialogue social\",\"R\u00e9mun\u00e9ration\"],\"inLanguage\":\"fr-FR\",\"potentialAction\":[{\"@type\":\"CommentAction\",\"name\":\"Comment\",\"target\":[\"https:\\\/\\\/unsa-paris.fr\\\/savp\\\/2022\\\/09\\\/14\\\/lunsa-fonction-publique-demande-une-nouvelle-conference-salariale\\\/#respond\"]}]},{\"@type\":\"WebPage\",\"@id\":\"https:\\\/\\\/unsa-paris.fr\\\/savp\\\/2022\\\/09\\\/14\\\/lunsa-fonction-publique-demande-une-nouvelle-conference-salariale\\\/\",\"url\":\"https:\\\/\\\/unsa-paris.fr\\\/savp\\\/2022\\\/09\\\/14\\\/lunsa-fonction-publique-demande-une-nouvelle-conference-salariale\\\/\",\"name\":\"L\u2019UNSA Fonction Publique demande une nouvelle conf\u00e9rence salariale - Syndicat Autonome UNSA\",\"isPartOf\":{\"@id\":\"https:\\\/\\\/unsa-paris.fr\\\/savp\\\/#website\"},\"datePublished\":\"2022-09-14T14:34:50+00:00\",\"dateModified\":\"2022-09-14T14:42:58+00:00\",\"breadcrumb\":{\"@id\":\"https:\\\/\\\/unsa-paris.fr\\\/savp\\\/2022\\\/09\\\/14\\\/lunsa-fonction-publique-demande-une-nouvelle-conference-salariale\\\/#breadcrumb\"},\"inLanguage\":\"fr-FR\",\"potentialAction\":[{\"@type\":\"ReadAction\",\"target\":[\"https:\\\/\\\/unsa-paris.fr\\\/savp\\\/2022\\\/09\\\/14\\\/lunsa-fonction-publique-demande-une-nouvelle-conference-salariale\\\/\"]}]},{\"@type\":\"BreadcrumbList\",\"@id\":\"https:\\\/\\\/unsa-paris.fr\\\/savp\\\/2022\\\/09\\\/14\\\/lunsa-fonction-publique-demande-une-nouvelle-conference-salariale\\\/#breadcrumb\",\"itemListElement\":[{\"@type\":\"ListItem\",\"position\":1,\"name\":\"Accueil\",\"item\":\"https:\\\/\\\/unsa-paris.fr\\\/savp\\\/\"},{\"@type\":\"ListItem\",\"position\":2,\"name\":\"L\u2019UNSA Fonction Publique demande une nouvelle conf\u00e9rence salariale\"}]},{\"@type\":\"WebSite\",\"@id\":\"https:\\\/\\\/unsa-paris.fr\\\/savp\\\/#website\",\"url\":\"https:\\\/\\\/unsa-paris.fr\\\/savp\\\/\",\"name\":\"Syndicat Autonome UNSA\",\"description\":\"Section des secr\u00e9taires administratifs et des techniciens sup\u00e9rieurs\",\"publisher\":{\"@id\":\"https:\\\/\\\/unsa-paris.fr\\\/savp\\\/#organization\"},\"potentialAction\":[{\"@type\":\"SearchAction\",\"target\":{\"@type\":\"EntryPoint\",\"urlTemplate\":\"https:\\\/\\\/unsa-paris.fr\\\/savp\\\/?s={search_term_string}\"},\"query-input\":{\"@type\":\"PropertyValueSpecification\",\"valueRequired\":true,\"valueName\":\"search_term_string\"}}],\"inLanguage\":\"fr-FR\"},{\"@type\":\"Organization\",\"@id\":\"https:\\\/\\\/unsa-paris.fr\\\/savp\\\/#organization\",\"name\":\"UNSA PARIS fili\u00e8re administrative\",\"url\":\"https:\\\/\\\/unsa-paris.fr\\\/savp\\\/\",\"logo\":{\"@type\":\"ImageObject\",\"inLanguage\":\"fr-FR\",\"@id\":\"https:\\\/\\\/unsa-paris.fr\\\/savp\\\/#\\\/schema\\\/logo\\\/image\\\/\",\"url\":\"https:\\\/\\\/unsa-paris.fr\\\/savp\\\/wp-content\\\/uploads\\\/2020\\\/10\\\/Logo_UNSA-V6.png\",\"contentUrl\":\"https:\\\/\\\/unsa-paris.fr\\\/savp\\\/wp-content\\\/uploads\\\/2020\\\/10\\\/Logo_UNSA-V6.png\",\"width\":986,\"height\":962,\"caption\":\"UNSA PARIS fili\u00e8re administrative\"},\"image\":{\"@id\":\"https:\\\/\\\/unsa-paris.fr\\\/savp\\\/#\\\/schema\\\/logo\\\/image\\\/\"}},{\"@type\":\"Person\",\"@id\":\"https:\\\/\\\/unsa-paris.fr\\\/savp\\\/#\\\/schema\\\/person\\\/656755f73ac5921fc7e2e35124af2ae1\",\"name\":\"militant\",\"image\":{\"@type\":\"ImageObject\",\"inLanguage\":\"fr-FR\",\"@id\":\"https:\\\/\\\/secure.gravatar.com\\\/avatar\\\/bafae66946efbf2980171a895ec279139a1dde2c6d953819f7e7270d582b48d2?s=96&d=mm&r=g\",\"url\":\"https:\\\/\\\/secure.gravatar.com\\\/avatar\\\/bafae66946efbf2980171a895ec279139a1dde2c6d953819f7e7270d582b48d2?s=96&d=mm&r=g\",\"contentUrl\":\"https:\\\/\\\/secure.gravatar.com\\\/avatar\\\/bafae66946efbf2980171a895ec279139a1dde2c6d953819f7e7270d582b48d2?s=96&d=mm&r=g\",\"caption\":\"militant\"},\"url\":\"https:\\\/\\\/unsa-paris.fr\\\/savp\\\/author\\\/militant\\\/\"}]}<\/script>\n<!-- \/ Yoast SEO plugin. -->","yoast_head_json":{"title":"L\u2019UNSA Fonction Publique demande une nouvelle conf\u00e9rence salariale - Syndicat Autonome UNSA","robots":{"index":"index","follow":"follow","max-snippet":"max-snippet:-1","max-image-preview":"max-image-preview:large","max-video-preview":"max-video-preview:-1"},"canonical":"https:\/\/unsa-paris.fr\/savp\/2022\/09\/14\/lunsa-fonction-publique-demande-une-nouvelle-conference-salariale\/","og_locale":"fr_FR","og_type":"article","og_title":"L\u2019UNSA Fonction Publique demande une nouvelle conf\u00e9rence salariale - Syndicat Autonome UNSA","og_description":"L\u2019UNSA fonction publique demande au gouvernement d\u2019organiser une nouvelle conf\u00e9rence salariale afin de pouvoir tenir compte du taux d\u2019inflation de 2022 pour maintenir le niveau de pouvoir d\u2019achat de tous &hellip; Continuer la lecture de &laquo;&nbsp;L\u2019UNSA Fonction Publique demande une nouvelle conf\u00e9rence salariale&nbsp;&raquo;","og_url":"https:\/\/unsa-paris.fr\/savp\/2022\/09\/14\/lunsa-fonction-publique-demande-une-nouvelle-conference-salariale\/","og_site_name":"Syndicat Autonome UNSA","article_published_time":"2022-09-14T14:34:50+00:00","article_modified_time":"2022-09-14T14:42:58+00:00","author":"militant","twitter_card":"summary_large_image","twitter_misc":{"\u00c9crit par":"militant","Dur\u00e9e de lecture estim\u00e9e":"2 minutes"},"schema":{"@context":"https:\/\/schema.org","@graph":[{"@type":"Article","@id":"https:\/\/unsa-paris.fr\/savp\/2022\/09\/14\/lunsa-fonction-publique-demande-une-nouvelle-conference-salariale\/#article","isPartOf":{"@id":"https:\/\/unsa-paris.fr\/savp\/2022\/09\/14\/lunsa-fonction-publique-demande-une-nouvelle-conference-salariale\/"},"author":{"name":"militant","@id":"https:\/\/unsa-paris.fr\/savp\/#\/schema\/person\/656755f73ac5921fc7e2e35124af2ae1"},"headline":"L\u2019UNSA Fonction Publique demande une nouvelle conf\u00e9rence salariale","datePublished":"2022-09-14T14:34:50+00:00","dateModified":"2022-09-14T14:42:58+00:00","mainEntityOfPage":{"@id":"https:\/\/unsa-paris.fr\/savp\/2022\/09\/14\/lunsa-fonction-publique-demande-une-nouvelle-conference-salariale\/"},"wordCount":390,"commentCount":0,"publisher":{"@id":"https:\/\/unsa-paris.fr\/savp\/#organization"},"articleSection":["Actualite","Dialogue social","R\u00e9mun\u00e9ration"],"inLanguage":"fr-FR","potentialAction":[{"@type":"CommentAction","name":"Comment","target":["https:\/\/unsa-paris.fr\/savp\/2022\/09\/14\/lunsa-fonction-publique-demande-une-nouvelle-conference-salariale\/#respond"]}]},{"@type":"WebPage","@id":"https:\/\/unsa-paris.fr\/savp\/2022\/09\/14\/lunsa-fonction-publique-demande-une-nouvelle-conference-salariale\/","url":"https:\/\/unsa-paris.fr\/savp\/2022\/09\/14\/lunsa-fonction-publique-demande-une-nouvelle-conference-salariale\/","name":"L\u2019UNSA Fonction Publique demande une nouvelle conf\u00e9rence salariale - Syndicat Autonome UNSA","isPartOf":{"@id":"https:\/\/unsa-paris.fr\/savp\/#website"},"datePublished":"2022-09-14T14:34:50+00:00","dateModified":"2022-09-14T14:42:58+00:00","breadcrumb":{"@id":"https:\/\/unsa-paris.fr\/savp\/2022\/09\/14\/lunsa-fonction-publique-demande-une-nouvelle-conference-salariale\/#breadcrumb"},"inLanguage":"fr-FR","potentialAction":[{"@type":"ReadAction","target":["https:\/\/unsa-paris.fr\/savp\/2022\/09\/14\/lunsa-fonction-publique-demande-une-nouvelle-conference-salariale\/"]}]},{"@type":"BreadcrumbList","@id":"https:\/\/unsa-paris.fr\/savp\/2022\/09\/14\/lunsa-fonction-publique-demande-une-nouvelle-conference-salariale\/#breadcrumb","itemListElement":[{"@type":"ListItem","position":1,"name":"Accueil","item":"https:\/\/unsa-paris.fr\/savp\/"},{"@type":"ListItem","position":2,"name":"L\u2019UNSA Fonction Publique demande une nouvelle conf\u00e9rence salariale"}]},{"@type":"WebSite","@id":"https:\/\/unsa-paris.fr\/savp\/#website","url":"https:\/\/unsa-paris.fr\/savp\/","name":"Syndicat Autonome UNSA","description":"Section des secr\u00e9taires administratifs et des techniciens sup\u00e9rieurs","publisher":{"@id":"https:\/\/unsa-paris.fr\/savp\/#organization"},"potentialAction":[{"@type":"SearchAction","target":{"@type":"EntryPoint","urlTemplate":"https:\/\/unsa-paris.fr\/savp\/?s={search_term_string}"},"query-input":{"@type":"PropertyValueSpecification","valueRequired":true,"valueName":"search_term_string"}}],"inLanguage":"fr-FR"},{"@type":"Organization","@id":"https:\/\/unsa-paris.fr\/savp\/#organization","name":"UNSA PARIS fili\u00e8re administrative","url":"https:\/\/unsa-paris.fr\/savp\/","logo":{"@type":"ImageObject","inLanguage":"fr-FR","@id":"https:\/\/unsa-paris.fr\/savp\/#\/schema\/logo\/image\/","url":"https:\/\/unsa-paris.fr\/savp\/wp-content\/uploads\/2020\/10\/Logo_UNSA-V6.png","contentUrl":"https:\/\/unsa-paris.fr\/savp\/wp-content\/uploads\/2020\/10\/Logo_UNSA-V6.png","width":986,"height":962,"caption":"UNSA PARIS fili\u00e8re administrative"},"image":{"@id":"https:\/\/unsa-paris.fr\/savp\/#\/schema\/logo\/image\/"}},{"@type":"Person","@id":"https:\/\/unsa-paris.fr\/savp\/#\/schema\/person\/656755f73ac5921fc7e2e35124af2ae1","name":"militant","image":{"@type":"ImageObject","inLanguage":"fr-FR","@id":"https:\/\/secure.gravatar.com\/avatar\/bafae66946efbf2980171a895ec279139a1dde2c6d953819f7e7270d582b48d2?s=96&d=mm&r=g","url":"https:\/\/secure.gravatar.com\/avatar\/bafae66946efbf2980171a895ec279139a1dde2c6d953819f7e7270d582b48d2?s=96&d=mm&r=g","contentUrl":"https:\/\/secure.gravatar.com\/avatar\/bafae66946efbf2980171a895ec279139a1dde2c6d953819f7e7270d582b48d2?s=96&d=mm&r=g","caption":"militant"},"url":"https:\/\/unsa-paris.fr\/savp\/author\/militant\/"}]}},"_links":{"self":[{"href":"https:\/\/unsa-paris.fr\/savp\/wp-json\/wp\/v2\/posts\/1709","targetHints":{"allow":["GET"]}}],"collection":[{"href":"https:\/\/unsa-paris.fr\/savp\/wp-json\/wp\/v2\/posts"}],"about":[{"href":"https:\/\/unsa-paris.fr\/savp\/wp-json\/wp\/v2\/types\/post"}],"author":[{"embeddable":true,"href":"https:\/\/unsa-paris.fr\/savp\/wp-json\/wp\/v2\/users\/1"}],"replies":[{"embeddable":true,"href":"https:\/\/unsa-paris.fr\/savp\/wp-json\/wp\/v2\/comments?post=1709"}],"version-history":[{"count":4,"href":"https:\/\/unsa-paris.fr\/savp\/wp-json\/wp\/v2\/posts\/1709\/revisions"}],"predecessor-version":[{"id":1713,"href":"https:\/\/unsa-paris.fr\/savp\/wp-json\/wp\/v2\/posts\/1709\/revisions\/1713"}],"wp:attachment":[{"href":"https:\/\/unsa-paris.fr\/savp\/wp-json\/wp\/v2\/media?parent=1709"}],"wp:term":[{"taxonomy":"category","embeddable":true,"href":"https:\/\/unsa-paris.fr\/savp\/wp-json\/wp\/v2\/categories?post=1709"},{"taxonomy":"post_tag","embeddable":true,"href":"https:\/\/unsa-paris.fr\/savp\/wp-json\/wp\/v2\/tags?post=1709"}],"curies":[{"name":"wp","href":"https:\/\/api.w.org\/{rel}","templated":true}]}}