{"id":1678,"date":"2022-06-29T14:50:17","date_gmt":"2022-06-29T12:50:17","guid":{"rendered":"https:\/\/unsa-paris.fr\/savp\/?p=1678"},"modified":"2022-06-29T14:54:32","modified_gmt":"2022-06-29T12:54:32","slug":"resume-de-la-conference-salariale-du-28-06-22","status":"publish","type":"post","link":"https:\/\/unsa-paris.fr\/savp\/2022\/06\/29\/resume-de-la-conference-salariale-du-28-06-22\/","title":{"rendered":"R\u00e9sum\u00e9 de la conf\u00e9rence salariale du 28\/06\/22"},"content":{"rendered":"\n<p><strong>La valeur du point d\u2019indice augmentera de 3,5% au premier juillet 2022.<br>Les 3 versants de la Fonction Publique sont concern\u00e9s.<br>Les agents publics devraient pouvoir en b\u00e9n\u00e9ficier concr\u00e8tement sur la fiche de paye \u00e0 partir du mois d\u2019ao\u00fbt.<\/strong><\/p>\n\n\n\n<p><strong>4 autres mesures ont \u00e9t\u00e9 annonc\u00e9es\u00a0: GIPA en 2022, r\u00e9vision grille d\u00e9but du B, \u00e9volution du forfait mobilit\u00e9 et PIM restauration augment\u00e9e pour les agents de l\u2019\u00c9tat.<\/strong><\/p>\n\n\n\n<p><strong>Confirmation d\u2019un chantier important sur la r\u00e9mun\u00e9ration des agents publics qui devraient aboutir apr\u00e8s les \u00e9lections professionnelles.<\/strong><\/p>\n\n\n\n<!--more-->\n\n\n\n<p><strong><em>Positionnement&nbsp;:<\/em><\/strong><\/p>\n\n\n\n<p><strong>Le d\u00e9gel du point d\u2019indice \u00e9tait attendue et n\u00e9cessaire.<\/strong><\/p>\n\n\n\n<ul class=\"wp-block-list\"><li><strong>+ 3,5% est une hausse insuffisante au regard de l\u2019inflation actuelle et de la dur\u00e9e du gel ant\u00e9rieur<\/strong><\/li><li><strong>L\u2019UNSA demande une nouvelle conf\u00e9rence salariale avant la fin de l\u2019ann\u00e9e 2022.<\/strong><\/li><\/ul>\n\n\n\n<p><strong>L\u2019am\u00e9lioration de la cat\u00e9gorie B \u00e9tait indispensable. L\u2019UNSA la demandait sans pour autant obtenir la r\u00e9ciprocit\u00e9 pour la cat\u00e9gorie C<\/strong><\/p>\n\n\n\n<p>Les mesures annonc\u00e9es hier sont importantes m\u00eame si elles ne r\u00e9pondent pas \u00e0 toutes nos revendications, en particulier, en mati\u00e8re de valeur du point d\u2019indice.<\/p>\n\n\n\n<p>Les 3,5\u00a0% correspondant \u00e0 un co\u00fbt de 7,47 milliards \u20ac.<br>L\u2019UNSA demande d\u2019ores et d\u00e9j\u00e0 une nouvelle conf\u00e9rence salariale afin de pouvoir tenir compte des \u00e9volutions de l\u2019inflation. Un nouveau chantier va s\u2019ouvrir autour de la r\u00e9mun\u00e9ration de tous les agents, fonctionnaires et contractuels qui devrait d\u00e9boucher apr\u00e8s les \u00e9lections professionnelles. Cette confirmation est d\u2019importance.<\/p>\n\n\n\n<p><strong>Mesure cat\u00e9gorie B&nbsp;:<\/strong><\/p>\n\n\n\n<ul class=\"wp-block-list\"><li>Les premiers \u00e9chelons du premier grade sont revus&nbsp;: 1er \u00e9chelon indice 356, 2\u1d49 \u00e9chelon indice 359, 3\u1d49 \u00e9chelon indice 361, 4\u1d49 \u00e9chelon indice 363 dont la dur\u00e9e est r\u00e9duite pour ces 4 \u00e9chelons \u00e0 1 an (acc\u00e9l\u00e9ration de carri\u00e8re)<\/li><li>Suppression du premier \u00e9chelon du second grade<\/li><li>Les 2 nouveaux premiers \u00e9chelon du second grade deviennent&nbsp;: 1er \u00e9chelon indice 363, 2\u1d49 \u00e9chelon indice 369 dont la dur\u00e9e est r\u00e9duite pour ces 2 \u00e9chelons \u00e0 1 an.<\/li><\/ul>\n\n\n\n<p>Cette acc\u00e9l\u00e9ration de carri\u00e8re du d\u00e9but de carri\u00e8re de la cat\u00e9gorie B \u00e9tait attendue et port\u00e9e par l\u2019UNSA.<\/p>\n\n\n\n<p><strong>Forfait mobilit\u00e9 durable (FMD)&nbsp;:<\/strong><\/p>\n\n\n\n<ul class=\"wp-block-list\"><li>Ce forfait devrait pouvoir \u00eatre cumul\u00e9 avec un remboursement partiel d\u2019un abonnement de transport en commun&#8230; (une demande de l\u2019UNSA depuis la cr\u00e9ation du FMD)<\/li><li>Diminution du nombre de d\u00e9placements en v\u00e9lo ou en covoiturage pour en b\u00e9n\u00e9ficier (aujourd\u2019hui 100 jours sont exig\u00e9s)<\/li><\/ul>\n\n\n\n<p><strong>Prestation Repas (PIM) pour les agents de l\u2019\u00c9tat&nbsp;:<\/strong><\/p>\n\n\n\n<ul class=\"wp-block-list\"><li>Augmentation de la PIM de plus de 6%<\/li><li>Revalorisation de l\u2019indice plafond pour en b\u00e9n\u00e9ficier&nbsp;: indice major\u00e9 534 (au lieu de 480) ouvrant ainsi \u00e0 de nombreux agents de cat\u00e9gorie B cette prestation.<br>(2 demandes de l\u2019UNSA \u00e9galement)<\/li><\/ul>\n\n\n\n<p><strong>P\u00e9tition Point d\u2019indice&nbsp;:<\/strong> La p\u00e9tition de l\u2019UNSA Fonction Publique a \u00e9t\u00e9 sign\u00e9e par plus de 50 000 agents.<\/p>\n","protected":false},"excerpt":{"rendered":"<p>La valeur du point d\u2019indice augmentera de 3,5% au premier juillet 2022.Les 3 versants de la Fonction Publique sont concern\u00e9s.Les agents publics devraient pouvoir en b\u00e9n\u00e9ficier concr\u00e8tement sur la fiche &hellip; <a href=\"https:\/\/unsa-paris.fr\/savp\/2022\/06\/29\/resume-de-la-conference-salariale-du-28-06-22\/\" class=\"more-link\">Continuer la lecture<span class=\"screen-reader-text\"> de &laquo;&nbsp;R\u00e9sum\u00e9 de la conf\u00e9rence salariale du 28\/06\/22&nbsp;&raquo;<\/span><\/a><\/p>\n","protected":false},"author":2,"featured_media":0,"comment_status":"open","ping_status":"open","sticky":false,"template":"","format":"standard","meta":{"footnotes":""},"categories":[7,9,11,14],"tags":[],"class_list":["post-1678","post","type-post","status-publish","format-standard","hentry","category-actualite","category-communique","category-compte-rendu","category-remuneration"],"yoast_head":"<!-- This site is optimized with the Yoast SEO plugin v27.5 - https:\/\/yoast.com\/product\/yoast-seo-wordpress\/ -->\n<title>R\u00e9sum\u00e9 de la conf\u00e9rence salariale du 28\/06\/22 - Syndicat Autonome UNSA<\/title>\n<meta name=\"robots\" content=\"index, follow, max-snippet:-1, max-image-preview:large, max-video-preview:-1\" \/>\n<link rel=\"canonical\" href=\"https:\/\/unsa-paris.fr\/savp\/2022\/06\/29\/resume-de-la-conference-salariale-du-28-06-22\/\" \/>\n<meta property=\"og:locale\" content=\"fr_FR\" \/>\n<meta property=\"og:type\" content=\"article\" \/>\n<meta property=\"og:title\" content=\"R\u00e9sum\u00e9 de la conf\u00e9rence salariale du 28\/06\/22 - Syndicat Autonome UNSA\" \/>\n<meta property=\"og:description\" content=\"La valeur du point d\u2019indice augmentera de 3,5% au premier juillet 2022.Les 3 versants de la Fonction Publique sont concern\u00e9s.Les agents publics devraient pouvoir en b\u00e9n\u00e9ficier concr\u00e8tement sur la fiche &hellip; Continuer la lecture de &laquo;&nbsp;R\u00e9sum\u00e9 de la conf\u00e9rence salariale du 28\/06\/22&nbsp;&raquo;\" \/>\n<meta property=\"og:url\" content=\"https:\/\/unsa-paris.fr\/savp\/2022\/06\/29\/resume-de-la-conference-salariale-du-28-06-22\/\" \/>\n<meta property=\"og:site_name\" content=\"Syndicat Autonome UNSA\" \/>\n<meta property=\"article:published_time\" content=\"2022-06-29T12:50:17+00:00\" \/>\n<meta property=\"article:modified_time\" content=\"2022-06-29T12:54:32+00:00\" \/>\n<meta name=\"author\" content=\"UNSA SA\" \/>\n<meta name=\"twitter:card\" content=\"summary_large_image\" \/>\n<meta name=\"twitter:label1\" content=\"\u00c9crit par\" \/>\n\t<meta name=\"twitter:data1\" content=\"UNSA SA\" \/>\n\t<meta name=\"twitter:label2\" content=\"Dur\u00e9e de lecture estim\u00e9e\" \/>\n\t<meta name=\"twitter:data2\" content=\"3 minutes\" \/>\n<script type=\"application\/ld+json\" class=\"yoast-schema-graph\">{\"@context\":\"https:\\\/\\\/schema.org\",\"@graph\":[{\"@type\":\"Article\",\"@id\":\"https:\\\/\\\/unsa-paris.fr\\\/savp\\\/2022\\\/06\\\/29\\\/resume-de-la-conference-salariale-du-28-06-22\\\/#article\",\"isPartOf\":{\"@id\":\"https:\\\/\\\/unsa-paris.fr\\\/savp\\\/2022\\\/06\\\/29\\\/resume-de-la-conference-salariale-du-28-06-22\\\/\"},\"author\":{\"name\":\"UNSA SA\",\"@id\":\"https:\\\/\\\/unsa-paris.fr\\\/savp\\\/#\\\/schema\\\/person\\\/7253f5acb55b402d9149796390e7bdde\"},\"headline\":\"R\u00e9sum\u00e9 de la conf\u00e9rence salariale du 28\\\/06\\\/22\",\"datePublished\":\"2022-06-29T12:50:17+00:00\",\"dateModified\":\"2022-06-29T12:54:32+00:00\",\"mainEntityOfPage\":{\"@id\":\"https:\\\/\\\/unsa-paris.fr\\\/savp\\\/2022\\\/06\\\/29\\\/resume-de-la-conference-salariale-du-28-06-22\\\/\"},\"wordCount\":492,\"commentCount\":0,\"publisher\":{\"@id\":\"https:\\\/\\\/unsa-paris.fr\\\/savp\\\/#organization\"},\"articleSection\":[\"Actualite\",\"Communique\",\"Compte rendu\",\"R\u00e9mun\u00e9ration\"],\"inLanguage\":\"fr-FR\",\"potentialAction\":[{\"@type\":\"CommentAction\",\"name\":\"Comment\",\"target\":[\"https:\\\/\\\/unsa-paris.fr\\\/savp\\\/2022\\\/06\\\/29\\\/resume-de-la-conference-salariale-du-28-06-22\\\/#respond\"]}]},{\"@type\":\"WebPage\",\"@id\":\"https:\\\/\\\/unsa-paris.fr\\\/savp\\\/2022\\\/06\\\/29\\\/resume-de-la-conference-salariale-du-28-06-22\\\/\",\"url\":\"https:\\\/\\\/unsa-paris.fr\\\/savp\\\/2022\\\/06\\\/29\\\/resume-de-la-conference-salariale-du-28-06-22\\\/\",\"name\":\"R\u00e9sum\u00e9 de la conf\u00e9rence salariale du 28\\\/06\\\/22 - Syndicat Autonome UNSA\",\"isPartOf\":{\"@id\":\"https:\\\/\\\/unsa-paris.fr\\\/savp\\\/#website\"},\"datePublished\":\"2022-06-29T12:50:17+00:00\",\"dateModified\":\"2022-06-29T12:54:32+00:00\",\"breadcrumb\":{\"@id\":\"https:\\\/\\\/unsa-paris.fr\\\/savp\\\/2022\\\/06\\\/29\\\/resume-de-la-conference-salariale-du-28-06-22\\\/#breadcrumb\"},\"inLanguage\":\"fr-FR\",\"potentialAction\":[{\"@type\":\"ReadAction\",\"target\":[\"https:\\\/\\\/unsa-paris.fr\\\/savp\\\/2022\\\/06\\\/29\\\/resume-de-la-conference-salariale-du-28-06-22\\\/\"]}]},{\"@type\":\"BreadcrumbList\",\"@id\":\"https:\\\/\\\/unsa-paris.fr\\\/savp\\\/2022\\\/06\\\/29\\\/resume-de-la-conference-salariale-du-28-06-22\\\/#breadcrumb\",\"itemListElement\":[{\"@type\":\"ListItem\",\"position\":1,\"name\":\"Accueil\",\"item\":\"https:\\\/\\\/unsa-paris.fr\\\/savp\\\/\"},{\"@type\":\"ListItem\",\"position\":2,\"name\":\"R\u00e9sum\u00e9 de la conf\u00e9rence salariale du 28\\\/06\\\/22\"}]},{\"@type\":\"WebSite\",\"@id\":\"https:\\\/\\\/unsa-paris.fr\\\/savp\\\/#website\",\"url\":\"https:\\\/\\\/unsa-paris.fr\\\/savp\\\/\",\"name\":\"Syndicat Autonome UNSA\",\"description\":\"Section des secr\u00e9taires administratifs et des techniciens sup\u00e9rieurs\",\"publisher\":{\"@id\":\"https:\\\/\\\/unsa-paris.fr\\\/savp\\\/#organization\"},\"potentialAction\":[{\"@type\":\"SearchAction\",\"target\":{\"@type\":\"EntryPoint\",\"urlTemplate\":\"https:\\\/\\\/unsa-paris.fr\\\/savp\\\/?s={search_term_string}\"},\"query-input\":{\"@type\":\"PropertyValueSpecification\",\"valueRequired\":true,\"valueName\":\"search_term_string\"}}],\"inLanguage\":\"fr-FR\"},{\"@type\":\"Organization\",\"@id\":\"https:\\\/\\\/unsa-paris.fr\\\/savp\\\/#organization\",\"name\":\"UNSA PARIS fili\u00e8re administrative\",\"url\":\"https:\\\/\\\/unsa-paris.fr\\\/savp\\\/\",\"logo\":{\"@type\":\"ImageObject\",\"inLanguage\":\"fr-FR\",\"@id\":\"https:\\\/\\\/unsa-paris.fr\\\/savp\\\/#\\\/schema\\\/logo\\\/image\\\/\",\"url\":\"https:\\\/\\\/unsa-paris.fr\\\/savp\\\/wp-content\\\/uploads\\\/2020\\\/10\\\/Logo_UNSA-V6.png\",\"contentUrl\":\"https:\\\/\\\/unsa-paris.fr\\\/savp\\\/wp-content\\\/uploads\\\/2020\\\/10\\\/Logo_UNSA-V6.png\",\"width\":986,\"height\":962,\"caption\":\"UNSA PARIS fili\u00e8re administrative\"},\"image\":{\"@id\":\"https:\\\/\\\/unsa-paris.fr\\\/savp\\\/#\\\/schema\\\/logo\\\/image\\\/\"}},{\"@type\":\"Person\",\"@id\":\"https:\\\/\\\/unsa-paris.fr\\\/savp\\\/#\\\/schema\\\/person\\\/7253f5acb55b402d9149796390e7bdde\",\"name\":\"UNSA SA\",\"image\":{\"@type\":\"ImageObject\",\"inLanguage\":\"fr-FR\",\"@id\":\"https:\\\/\\\/secure.gravatar.com\\\/avatar\\\/b78c582c0b7ba9a7147763b6638faa3db8f956662f0faffdc8b57058fad002f4?s=96&d=mm&r=g\",\"url\":\"https:\\\/\\\/secure.gravatar.com\\\/avatar\\\/b78c582c0b7ba9a7147763b6638faa3db8f956662f0faffdc8b57058fad002f4?s=96&d=mm&r=g\",\"contentUrl\":\"https:\\\/\\\/secure.gravatar.com\\\/avatar\\\/b78c582c0b7ba9a7147763b6638faa3db8f956662f0faffdc8b57058fad002f4?s=96&d=mm&r=g\",\"caption\":\"UNSA SA\"},\"sameAs\":[\"http:\\\/\\\/unsa-paris.fr\\\/savp\"],\"url\":\"https:\\\/\\\/unsa-paris.fr\\\/savp\\\/author\\\/fred\\\/\"}]}<\/script>\n<!-- \/ Yoast SEO plugin. -->","yoast_head_json":{"title":"R\u00e9sum\u00e9 de la conf\u00e9rence salariale du 28\/06\/22 - Syndicat Autonome UNSA","robots":{"index":"index","follow":"follow","max-snippet":"max-snippet:-1","max-image-preview":"max-image-preview:large","max-video-preview":"max-video-preview:-1"},"canonical":"https:\/\/unsa-paris.fr\/savp\/2022\/06\/29\/resume-de-la-conference-salariale-du-28-06-22\/","og_locale":"fr_FR","og_type":"article","og_title":"R\u00e9sum\u00e9 de la conf\u00e9rence salariale du 28\/06\/22 - Syndicat Autonome UNSA","og_description":"La valeur du point d\u2019indice augmentera de 3,5% au premier juillet 2022.Les 3 versants de la Fonction Publique sont concern\u00e9s.Les agents publics devraient pouvoir en b\u00e9n\u00e9ficier concr\u00e8tement sur la fiche &hellip; Continuer la lecture de &laquo;&nbsp;R\u00e9sum\u00e9 de la conf\u00e9rence salariale du 28\/06\/22&nbsp;&raquo;","og_url":"https:\/\/unsa-paris.fr\/savp\/2022\/06\/29\/resume-de-la-conference-salariale-du-28-06-22\/","og_site_name":"Syndicat Autonome UNSA","article_published_time":"2022-06-29T12:50:17+00:00","article_modified_time":"2022-06-29T12:54:32+00:00","author":"UNSA SA","twitter_card":"summary_large_image","twitter_misc":{"\u00c9crit par":"UNSA SA","Dur\u00e9e de lecture estim\u00e9e":"3 minutes"},"schema":{"@context":"https:\/\/schema.org","@graph":[{"@type":"Article","@id":"https:\/\/unsa-paris.fr\/savp\/2022\/06\/29\/resume-de-la-conference-salariale-du-28-06-22\/#article","isPartOf":{"@id":"https:\/\/unsa-paris.fr\/savp\/2022\/06\/29\/resume-de-la-conference-salariale-du-28-06-22\/"},"author":{"name":"UNSA SA","@id":"https:\/\/unsa-paris.fr\/savp\/#\/schema\/person\/7253f5acb55b402d9149796390e7bdde"},"headline":"R\u00e9sum\u00e9 de la conf\u00e9rence salariale du 28\/06\/22","datePublished":"2022-06-29T12:50:17+00:00","dateModified":"2022-06-29T12:54:32+00:00","mainEntityOfPage":{"@id":"https:\/\/unsa-paris.fr\/savp\/2022\/06\/29\/resume-de-la-conference-salariale-du-28-06-22\/"},"wordCount":492,"commentCount":0,"publisher":{"@id":"https:\/\/unsa-paris.fr\/savp\/#organization"},"articleSection":["Actualite","Communique","Compte rendu","R\u00e9mun\u00e9ration"],"inLanguage":"fr-FR","potentialAction":[{"@type":"CommentAction","name":"Comment","target":["https:\/\/unsa-paris.fr\/savp\/2022\/06\/29\/resume-de-la-conference-salariale-du-28-06-22\/#respond"]}]},{"@type":"WebPage","@id":"https:\/\/unsa-paris.fr\/savp\/2022\/06\/29\/resume-de-la-conference-salariale-du-28-06-22\/","url":"https:\/\/unsa-paris.fr\/savp\/2022\/06\/29\/resume-de-la-conference-salariale-du-28-06-22\/","name":"R\u00e9sum\u00e9 de la conf\u00e9rence salariale du 28\/06\/22 - Syndicat Autonome UNSA","isPartOf":{"@id":"https:\/\/unsa-paris.fr\/savp\/#website"},"datePublished":"2022-06-29T12:50:17+00:00","dateModified":"2022-06-29T12:54:32+00:00","breadcrumb":{"@id":"https:\/\/unsa-paris.fr\/savp\/2022\/06\/29\/resume-de-la-conference-salariale-du-28-06-22\/#breadcrumb"},"inLanguage":"fr-FR","potentialAction":[{"@type":"ReadAction","target":["https:\/\/unsa-paris.fr\/savp\/2022\/06\/29\/resume-de-la-conference-salariale-du-28-06-22\/"]}]},{"@type":"BreadcrumbList","@id":"https:\/\/unsa-paris.fr\/savp\/2022\/06\/29\/resume-de-la-conference-salariale-du-28-06-22\/#breadcrumb","itemListElement":[{"@type":"ListItem","position":1,"name":"Accueil","item":"https:\/\/unsa-paris.fr\/savp\/"},{"@type":"ListItem","position":2,"name":"R\u00e9sum\u00e9 de la conf\u00e9rence salariale du 28\/06\/22"}]},{"@type":"WebSite","@id":"https:\/\/unsa-paris.fr\/savp\/#website","url":"https:\/\/unsa-paris.fr\/savp\/","name":"Syndicat Autonome UNSA","description":"Section des secr\u00e9taires administratifs et des techniciens sup\u00e9rieurs","publisher":{"@id":"https:\/\/unsa-paris.fr\/savp\/#organization"},"potentialAction":[{"@type":"SearchAction","target":{"@type":"EntryPoint","urlTemplate":"https:\/\/unsa-paris.fr\/savp\/?s={search_term_string}"},"query-input":{"@type":"PropertyValueSpecification","valueRequired":true,"valueName":"search_term_string"}}],"inLanguage":"fr-FR"},{"@type":"Organization","@id":"https:\/\/unsa-paris.fr\/savp\/#organization","name":"UNSA PARIS fili\u00e8re administrative","url":"https:\/\/unsa-paris.fr\/savp\/","logo":{"@type":"ImageObject","inLanguage":"fr-FR","@id":"https:\/\/unsa-paris.fr\/savp\/#\/schema\/logo\/image\/","url":"https:\/\/unsa-paris.fr\/savp\/wp-content\/uploads\/2020\/10\/Logo_UNSA-V6.png","contentUrl":"https:\/\/unsa-paris.fr\/savp\/wp-content\/uploads\/2020\/10\/Logo_UNSA-V6.png","width":986,"height":962,"caption":"UNSA PARIS fili\u00e8re administrative"},"image":{"@id":"https:\/\/unsa-paris.fr\/savp\/#\/schema\/logo\/image\/"}},{"@type":"Person","@id":"https:\/\/unsa-paris.fr\/savp\/#\/schema\/person\/7253f5acb55b402d9149796390e7bdde","name":"UNSA SA","image":{"@type":"ImageObject","inLanguage":"fr-FR","@id":"https:\/\/secure.gravatar.com\/avatar\/b78c582c0b7ba9a7147763b6638faa3db8f956662f0faffdc8b57058fad002f4?s=96&d=mm&r=g","url":"https:\/\/secure.gravatar.com\/avatar\/b78c582c0b7ba9a7147763b6638faa3db8f956662f0faffdc8b57058fad002f4?s=96&d=mm&r=g","contentUrl":"https:\/\/secure.gravatar.com\/avatar\/b78c582c0b7ba9a7147763b6638faa3db8f956662f0faffdc8b57058fad002f4?s=96&d=mm&r=g","caption":"UNSA SA"},"sameAs":["http:\/\/unsa-paris.fr\/savp"],"url":"https:\/\/unsa-paris.fr\/savp\/author\/fred\/"}]}},"_links":{"self":[{"href":"https:\/\/unsa-paris.fr\/savp\/wp-json\/wp\/v2\/posts\/1678","targetHints":{"allow":["GET"]}}],"collection":[{"href":"https:\/\/unsa-paris.fr\/savp\/wp-json\/wp\/v2\/posts"}],"about":[{"href":"https:\/\/unsa-paris.fr\/savp\/wp-json\/wp\/v2\/types\/post"}],"author":[{"embeddable":true,"href":"https:\/\/unsa-paris.fr\/savp\/wp-json\/wp\/v2\/users\/2"}],"replies":[{"embeddable":true,"href":"https:\/\/unsa-paris.fr\/savp\/wp-json\/wp\/v2\/comments?post=1678"}],"version-history":[{"count":2,"href":"https:\/\/unsa-paris.fr\/savp\/wp-json\/wp\/v2\/posts\/1678\/revisions"}],"predecessor-version":[{"id":1681,"href":"https:\/\/unsa-paris.fr\/savp\/wp-json\/wp\/v2\/posts\/1678\/revisions\/1681"}],"wp:attachment":[{"href":"https:\/\/unsa-paris.fr\/savp\/wp-json\/wp\/v2\/media?parent=1678"}],"wp:term":[{"taxonomy":"category","embeddable":true,"href":"https:\/\/unsa-paris.fr\/savp\/wp-json\/wp\/v2\/categories?post=1678"},{"taxonomy":"post_tag","embeddable":true,"href":"https:\/\/unsa-paris.fr\/savp\/wp-json\/wp\/v2\/tags?post=1678"}],"curies":[{"name":"wp","href":"https:\/\/api.w.org\/{rel}","templated":true}]}}