{"id":1663,"date":"2022-06-28T17:00:00","date_gmt":"2022-06-28T15:00:00","guid":{"rendered":"https:\/\/unsa-paris.fr\/savp\/?p=1663"},"modified":"2022-06-28T17:16:03","modified_gmt":"2022-06-28T15:16:03","slug":"1663","status":"publish","type":"post","link":"https:\/\/unsa-paris.fr\/savp\/2022\/06\/28\/1663\/","title":{"rendered":"D\u00e9gel de la valeur du point d&rsquo;indice, enfin ! Mais avec une hausse limit\u00e9e \u00e0 +3,5%"},"content":{"rendered":"\n<p class=\"has-bright-blue-color has-text-color has-medium-font-size\">P<strong>ouvoir d&rsquo;achat et point d&rsquo;indice : pour l&rsquo;UNSA, le ministre Stanislas Guerini annonce un train de mesures a minima !<\/strong><\/p>\n\n\n\n<p><strong>Le gouvernement vient d\u2019annoncer, sous la contrainte de l\u2019inflation et la pression des organisations syndicales de la fonction publique, une hausse de 3,5% de la valeur du point d\u2019indice. Ce d\u00e9gel \u00e9tait attendu par tous les agents publics. L\u2019UNSA Fonction Publique prend acte de cette d\u00e9cision qu\u2019elle juge, cependant, insuffisante, mais qu\u2019elle consid\u00e8re comme \u00e9tant une premi\u00e8re \u00e9tape.<\/strong><\/p>\n\n\n\n<!--more-->\n\n\n\n<p>Cette hausse sera effective d\u00e8s le 1er juillet 2022. Elle devrait s\u2019exprimer sur les feuilles de paye du mois d\u2019ao\u00fbt, avec un effet r\u00e9troactif. Elle concernera tous les agents publics : titulaires, contractuels comme ouvriers de l\u2019\u00c9tat.<\/p>\n\n\n\n<p>Cette hausse repr\u00e9sente une augmentation mensuelle d\u2019au moins 45 euros nets pour les indices les moins \u00e9lev\u00e9s. Globalement, c\u2019est une enveloppe de 7,5 milliards d\u2019euros qui est mise sur la table pour les trois versants de la fonction publique.<\/p>\n\n\n\n<p>Pour l\u2019UNSA, le montant de cette enveloppe n\u2019est certes pas anecdotique, mais il ne compense malheureusement ni le niveau actuel de l\u2019inflation sur un an, ni le d\u00e9crochage induit par le gel du point d\u2019indice depuis 2010.<\/p>\n\n\n\n<p>Ce rel\u00e8vement du point d\u2019indice est accompagn\u00e9, pour la cat\u00e9gorie B, du r\u00e9\u00e9chelonnement des premiers indices et de l\u2019acc\u00e9l\u00e9ration des d\u00e9buts de carri\u00e8res, mesure indispensable, depuis la derni\u00e8re hausse du SMIC.&nbsp; C\u2019\u00e9tait une revendication port\u00e9e par l\u2019UNSA.&nbsp;<\/p>\n\n\n\n<p>Par ailleurs, le gouvernement confirme sa volont\u00e9 de revoir l\u2019ensemble du syst\u00e8me de r\u00e9mun\u00e9ration des agents publics. L\u2019UNSA demande une r\u00e9elle revalorisation des carri\u00e8res dont d\u00e9pend l\u2019attractivit\u00e9 de la fonction publique.<\/p>\n\n\n\n<p><em><strong>Mesures compl\u00e9mentaires <\/strong>:<\/em><\/p>\n\n\n\n<p><span style=\"text-decoration: underline;\">Mobilit\u00e9 durable<\/span>&nbsp;<\/p>\n\n\n\n<ul class=\"wp-block-list\"><li>Il sera possible de cumuler le forfait \u00ab\u00a0mobilit\u00e9 durable\u00a0\u00bb avec un \u00ab pass\u00bb transport comme le revendiquait l&rsquo;UNSA Fonction Publique.<\/li><li>Le seuil de 100 jours est supprim\u00e9 pour pouvoir b\u00e9n\u00e9ficier du forfait le rendant accessible \u00e0 plus d&rsquo;agents. Dans ce cas, le forfait sera proratis\u00e9.<\/li><li>L\u2019UNSA salue cet effort, mais regrette que son montant n\u2019ait pas \u00e9t\u00e9 am\u00e9lior\u00e9. Il reste fix\u00e9 \u00e0 200 \u20ac annuels.<\/li><\/ul>\n\n\n\n<p><span style=\"text-decoration: underline;\">Restauration collective pour les agents de l&rsquo;\u00c9tat<\/span><\/p>\n\n\n\n<ul class=\"wp-block-list\"><li>Revalorisation de 6 % de la PIM (Prestation interminist\u00e9rielle d\u2019action sociale) avec un \u00e9largissement de l\u2019acc\u00e8s jusqu\u2019\u00e0 l\u2019indice 534 permettant ainsi un acc\u00e8s aux agents de cat\u00e9gorie C et B.<\/li><\/ul>\n\n\n\n<p><span style=\"text-decoration: underline;\">La Garantie individuelle du pouvoir d\u2019achat (GIPA) est prolong\u00e9e en 2022<\/span><\/p>\n\n\n\n<p><em><strong>Le vote de la loi \u00ab\u00a0pouvoir d&rsquo;achat\u00a0\u00bb<\/strong><\/em><\/p>\n\n\n\n<p>Les d\u00e9bats \u00e0 l\u2019Assembl\u00e9e nationale pourraient conduire, dans les prochaines semaines ou les prochains mois, \u00e0 une am\u00e9lioration significative de ces mesures budg\u00e9taires d\u00e9cid\u00e9es par le gouvernement au profit du traitement des 5,5 millions d\u2019agents publics.<\/p>\n\n\n\n<p><em><strong>L&rsquo;avis de l&rsquo;UNSA Fonction Publique<\/strong><\/em><\/p>\n\n\n\n<p>Pour l\u2019UNSA Fonction publique, le gouvernement engage, \u00e0 bon escient, des mesures d\u2019urgence, <strong>mais il doit aller nettement plus loin. Ces premi\u00e8res mesures sont indispensables, mais elles restent insuffisantes.<\/strong><\/p>\n\n\n\n<p><strong>Un prochain rendez-vous salarial, avant la fin de l\u2019ann\u00e9e, s\u2019impose au regard des projections actuelles de l\u2019inflation pour 2022<\/strong> (6,8% selon l\u2019INSEE), <strong>du gel de la valeur du point d\u2019indice depuis plus de 10 ans<\/strong> (avec une inflation \u00e0 plus de 16% sur cette p\u00e9riode) <strong>et des besoins l\u00e9gitimes des agents publics, contractuels et fonctionnaires.&nbsp;<\/strong><\/p>\n\n\n\n<p><em>Bagnolet, le 28 juin 2022<\/em><\/p>\n\n\n\n<p><em>Luc Farr\u00e9<\/em><\/p>\n\n\n\n<p><em>Secr\u00e9taire g\u00e9n\u00e9rale de l&rsquo;UNSA Fonction Publique<\/em><\/p>\n","protected":false},"excerpt":{"rendered":"<p>Pouvoir d&rsquo;achat et point d&rsquo;indice : pour l&rsquo;UNSA, le ministre Stanislas Guerini annonce un train de mesures a minima ! Le gouvernement vient d\u2019annoncer, sous la contrainte de l\u2019inflation et &hellip; <a href=\"https:\/\/unsa-paris.fr\/savp\/2022\/06\/28\/1663\/\" class=\"more-link\">Continuer la lecture<span class=\"screen-reader-text\"> de &laquo;&nbsp;D\u00e9gel de la valeur du point d&rsquo;indice, enfin ! Mais avec une hausse limit\u00e9e \u00e0 +3,5%&nbsp;&raquo;<\/span><\/a><\/p>\n","protected":false},"author":2,"featured_media":0,"comment_status":"open","ping_status":"open","sticky":false,"template":"","format":"standard","meta":{"footnotes":""},"categories":[7,9,14],"tags":[],"class_list":["post-1663","post","type-post","status-publish","format-standard","hentry","category-actualite","category-communique","category-remuneration"],"yoast_head":"<!-- This site is optimized with the Yoast SEO plugin v27.4 - https:\/\/yoast.com\/product\/yoast-seo-wordpress\/ -->\n<title>D\u00e9gel de la valeur du point d&#039;indice, enfin ! Mais avec une hausse limit\u00e9e \u00e0 +3,5% - Syndicat Autonome UNSA<\/title>\n<meta name=\"robots\" content=\"index, follow, max-snippet:-1, max-image-preview:large, max-video-preview:-1\" \/>\n<link rel=\"canonical\" href=\"https:\/\/unsa-paris.fr\/savp\/2022\/06\/28\/1663\/\" \/>\n<meta property=\"og:locale\" content=\"fr_FR\" \/>\n<meta property=\"og:type\" content=\"article\" \/>\n<meta property=\"og:title\" content=\"D\u00e9gel de la valeur du point d&#039;indice, enfin ! Mais avec une hausse limit\u00e9e \u00e0 +3,5% - Syndicat Autonome UNSA\" \/>\n<meta property=\"og:description\" content=\"Pouvoir d&rsquo;achat et point d&rsquo;indice : pour l&rsquo;UNSA, le ministre Stanislas Guerini annonce un train de mesures a minima ! Le gouvernement vient d\u2019annoncer, sous la contrainte de l\u2019inflation et &hellip; Continuer la lecture de &laquo;&nbsp;D\u00e9gel de la valeur du point d&rsquo;indice, enfin ! Mais avec une hausse limit\u00e9e \u00e0 +3,5%&nbsp;&raquo;\" \/>\n<meta property=\"og:url\" content=\"https:\/\/unsa-paris.fr\/savp\/2022\/06\/28\/1663\/\" \/>\n<meta property=\"og:site_name\" content=\"Syndicat Autonome UNSA\" \/>\n<meta property=\"article:published_time\" content=\"2022-06-28T15:00:00+00:00\" \/>\n<meta property=\"article:modified_time\" content=\"2022-06-28T15:16:03+00:00\" \/>\n<meta name=\"author\" content=\"UNSA SA\" \/>\n<meta name=\"twitter:card\" content=\"summary_large_image\" \/>\n<meta name=\"twitter:label1\" content=\"\u00c9crit par\" \/>\n\t<meta name=\"twitter:data1\" content=\"UNSA SA\" \/>\n\t<meta name=\"twitter:label2\" content=\"Dur\u00e9e de lecture estim\u00e9e\" \/>\n\t<meta name=\"twitter:data2\" content=\"3 minutes\" \/>\n<script type=\"application\/ld+json\" class=\"yoast-schema-graph\">{\"@context\":\"https:\\\/\\\/schema.org\",\"@graph\":[{\"@type\":\"Article\",\"@id\":\"https:\\\/\\\/unsa-paris.fr\\\/savp\\\/2022\\\/06\\\/28\\\/1663\\\/#article\",\"isPartOf\":{\"@id\":\"https:\\\/\\\/unsa-paris.fr\\\/savp\\\/2022\\\/06\\\/28\\\/1663\\\/\"},\"author\":{\"name\":\"UNSA SA\",\"@id\":\"https:\\\/\\\/unsa-paris.fr\\\/savp\\\/#\\\/schema\\\/person\\\/7253f5acb55b402d9149796390e7bdde\"},\"headline\":\"D\u00e9gel de la valeur du point d&rsquo;indice, enfin ! Mais avec une hausse limit\u00e9e \u00e0 +3,5%\",\"datePublished\":\"2022-06-28T15:00:00+00:00\",\"dateModified\":\"2022-06-28T15:16:03+00:00\",\"mainEntityOfPage\":{\"@id\":\"https:\\\/\\\/unsa-paris.fr\\\/savp\\\/2022\\\/06\\\/28\\\/1663\\\/\"},\"wordCount\":607,\"commentCount\":0,\"publisher\":{\"@id\":\"https:\\\/\\\/unsa-paris.fr\\\/savp\\\/#organization\"},\"articleSection\":[\"Actualite\",\"Communique\",\"R\u00e9mun\u00e9ration\"],\"inLanguage\":\"fr-FR\",\"potentialAction\":[{\"@type\":\"CommentAction\",\"name\":\"Comment\",\"target\":[\"https:\\\/\\\/unsa-paris.fr\\\/savp\\\/2022\\\/06\\\/28\\\/1663\\\/#respond\"]}]},{\"@type\":\"WebPage\",\"@id\":\"https:\\\/\\\/unsa-paris.fr\\\/savp\\\/2022\\\/06\\\/28\\\/1663\\\/\",\"url\":\"https:\\\/\\\/unsa-paris.fr\\\/savp\\\/2022\\\/06\\\/28\\\/1663\\\/\",\"name\":\"D\u00e9gel de la valeur du point d'indice, enfin ! Mais avec une hausse limit\u00e9e \u00e0 +3,5% - Syndicat Autonome UNSA\",\"isPartOf\":{\"@id\":\"https:\\\/\\\/unsa-paris.fr\\\/savp\\\/#website\"},\"datePublished\":\"2022-06-28T15:00:00+00:00\",\"dateModified\":\"2022-06-28T15:16:03+00:00\",\"breadcrumb\":{\"@id\":\"https:\\\/\\\/unsa-paris.fr\\\/savp\\\/2022\\\/06\\\/28\\\/1663\\\/#breadcrumb\"},\"inLanguage\":\"fr-FR\",\"potentialAction\":[{\"@type\":\"ReadAction\",\"target\":[\"https:\\\/\\\/unsa-paris.fr\\\/savp\\\/2022\\\/06\\\/28\\\/1663\\\/\"]}]},{\"@type\":\"BreadcrumbList\",\"@id\":\"https:\\\/\\\/unsa-paris.fr\\\/savp\\\/2022\\\/06\\\/28\\\/1663\\\/#breadcrumb\",\"itemListElement\":[{\"@type\":\"ListItem\",\"position\":1,\"name\":\"Accueil\",\"item\":\"https:\\\/\\\/unsa-paris.fr\\\/savp\\\/\"},{\"@type\":\"ListItem\",\"position\":2,\"name\":\"D\u00e9gel de la valeur du point d&#8217;indice, enfin ! Mais avec une hausse limit\u00e9e \u00e0 +3,5%\"}]},{\"@type\":\"WebSite\",\"@id\":\"https:\\\/\\\/unsa-paris.fr\\\/savp\\\/#website\",\"url\":\"https:\\\/\\\/unsa-paris.fr\\\/savp\\\/\",\"name\":\"Syndicat Autonome UNSA\",\"description\":\"Section des secr\u00e9taires administratifs et des techniciens sup\u00e9rieurs\",\"publisher\":{\"@id\":\"https:\\\/\\\/unsa-paris.fr\\\/savp\\\/#organization\"},\"potentialAction\":[{\"@type\":\"SearchAction\",\"target\":{\"@type\":\"EntryPoint\",\"urlTemplate\":\"https:\\\/\\\/unsa-paris.fr\\\/savp\\\/?s={search_term_string}\"},\"query-input\":{\"@type\":\"PropertyValueSpecification\",\"valueRequired\":true,\"valueName\":\"search_term_string\"}}],\"inLanguage\":\"fr-FR\"},{\"@type\":\"Organization\",\"@id\":\"https:\\\/\\\/unsa-paris.fr\\\/savp\\\/#organization\",\"name\":\"UNSA PARIS fili\u00e8re administrative\",\"url\":\"https:\\\/\\\/unsa-paris.fr\\\/savp\\\/\",\"logo\":{\"@type\":\"ImageObject\",\"inLanguage\":\"fr-FR\",\"@id\":\"https:\\\/\\\/unsa-paris.fr\\\/savp\\\/#\\\/schema\\\/logo\\\/image\\\/\",\"url\":\"https:\\\/\\\/unsa-paris.fr\\\/savp\\\/wp-content\\\/uploads\\\/2020\\\/10\\\/Logo_UNSA-V6.png\",\"contentUrl\":\"https:\\\/\\\/unsa-paris.fr\\\/savp\\\/wp-content\\\/uploads\\\/2020\\\/10\\\/Logo_UNSA-V6.png\",\"width\":986,\"height\":962,\"caption\":\"UNSA PARIS fili\u00e8re administrative\"},\"image\":{\"@id\":\"https:\\\/\\\/unsa-paris.fr\\\/savp\\\/#\\\/schema\\\/logo\\\/image\\\/\"}},{\"@type\":\"Person\",\"@id\":\"https:\\\/\\\/unsa-paris.fr\\\/savp\\\/#\\\/schema\\\/person\\\/7253f5acb55b402d9149796390e7bdde\",\"name\":\"UNSA SA\",\"image\":{\"@type\":\"ImageObject\",\"inLanguage\":\"fr-FR\",\"@id\":\"https:\\\/\\\/secure.gravatar.com\\\/avatar\\\/b78c582c0b7ba9a7147763b6638faa3db8f956662f0faffdc8b57058fad002f4?s=96&d=mm&r=g\",\"url\":\"https:\\\/\\\/secure.gravatar.com\\\/avatar\\\/b78c582c0b7ba9a7147763b6638faa3db8f956662f0faffdc8b57058fad002f4?s=96&d=mm&r=g\",\"contentUrl\":\"https:\\\/\\\/secure.gravatar.com\\\/avatar\\\/b78c582c0b7ba9a7147763b6638faa3db8f956662f0faffdc8b57058fad002f4?s=96&d=mm&r=g\",\"caption\":\"UNSA SA\"},\"sameAs\":[\"http:\\\/\\\/unsa-paris.fr\\\/savp\"],\"url\":\"https:\\\/\\\/unsa-paris.fr\\\/savp\\\/author\\\/fred\\\/\"}]}<\/script>\n<!-- \/ Yoast SEO plugin. -->","yoast_head_json":{"title":"D\u00e9gel de la valeur du point d'indice, enfin ! Mais avec une hausse limit\u00e9e \u00e0 +3,5% - Syndicat Autonome UNSA","robots":{"index":"index","follow":"follow","max-snippet":"max-snippet:-1","max-image-preview":"max-image-preview:large","max-video-preview":"max-video-preview:-1"},"canonical":"https:\/\/unsa-paris.fr\/savp\/2022\/06\/28\/1663\/","og_locale":"fr_FR","og_type":"article","og_title":"D\u00e9gel de la valeur du point d'indice, enfin ! Mais avec une hausse limit\u00e9e \u00e0 +3,5% - Syndicat Autonome UNSA","og_description":"Pouvoir d&rsquo;achat et point d&rsquo;indice : pour l&rsquo;UNSA, le ministre Stanislas Guerini annonce un train de mesures a minima ! Le gouvernement vient d\u2019annoncer, sous la contrainte de l\u2019inflation et &hellip; Continuer la lecture de &laquo;&nbsp;D\u00e9gel de la valeur du point d&rsquo;indice, enfin ! Mais avec une hausse limit\u00e9e \u00e0 +3,5%&nbsp;&raquo;","og_url":"https:\/\/unsa-paris.fr\/savp\/2022\/06\/28\/1663\/","og_site_name":"Syndicat Autonome UNSA","article_published_time":"2022-06-28T15:00:00+00:00","article_modified_time":"2022-06-28T15:16:03+00:00","author":"UNSA SA","twitter_card":"summary_large_image","twitter_misc":{"\u00c9crit par":"UNSA SA","Dur\u00e9e de lecture estim\u00e9e":"3 minutes"},"schema":{"@context":"https:\/\/schema.org","@graph":[{"@type":"Article","@id":"https:\/\/unsa-paris.fr\/savp\/2022\/06\/28\/1663\/#article","isPartOf":{"@id":"https:\/\/unsa-paris.fr\/savp\/2022\/06\/28\/1663\/"},"author":{"name":"UNSA SA","@id":"https:\/\/unsa-paris.fr\/savp\/#\/schema\/person\/7253f5acb55b402d9149796390e7bdde"},"headline":"D\u00e9gel de la valeur du point d&rsquo;indice, enfin ! Mais avec une hausse limit\u00e9e \u00e0 +3,5%","datePublished":"2022-06-28T15:00:00+00:00","dateModified":"2022-06-28T15:16:03+00:00","mainEntityOfPage":{"@id":"https:\/\/unsa-paris.fr\/savp\/2022\/06\/28\/1663\/"},"wordCount":607,"commentCount":0,"publisher":{"@id":"https:\/\/unsa-paris.fr\/savp\/#organization"},"articleSection":["Actualite","Communique","R\u00e9mun\u00e9ration"],"inLanguage":"fr-FR","potentialAction":[{"@type":"CommentAction","name":"Comment","target":["https:\/\/unsa-paris.fr\/savp\/2022\/06\/28\/1663\/#respond"]}]},{"@type":"WebPage","@id":"https:\/\/unsa-paris.fr\/savp\/2022\/06\/28\/1663\/","url":"https:\/\/unsa-paris.fr\/savp\/2022\/06\/28\/1663\/","name":"D\u00e9gel de la valeur du point d'indice, enfin ! Mais avec une hausse limit\u00e9e \u00e0 +3,5% - Syndicat Autonome UNSA","isPartOf":{"@id":"https:\/\/unsa-paris.fr\/savp\/#website"},"datePublished":"2022-06-28T15:00:00+00:00","dateModified":"2022-06-28T15:16:03+00:00","breadcrumb":{"@id":"https:\/\/unsa-paris.fr\/savp\/2022\/06\/28\/1663\/#breadcrumb"},"inLanguage":"fr-FR","potentialAction":[{"@type":"ReadAction","target":["https:\/\/unsa-paris.fr\/savp\/2022\/06\/28\/1663\/"]}]},{"@type":"BreadcrumbList","@id":"https:\/\/unsa-paris.fr\/savp\/2022\/06\/28\/1663\/#breadcrumb","itemListElement":[{"@type":"ListItem","position":1,"name":"Accueil","item":"https:\/\/unsa-paris.fr\/savp\/"},{"@type":"ListItem","position":2,"name":"D\u00e9gel de la valeur du point d&#8217;indice, enfin ! Mais avec une hausse limit\u00e9e \u00e0 +3,5%"}]},{"@type":"WebSite","@id":"https:\/\/unsa-paris.fr\/savp\/#website","url":"https:\/\/unsa-paris.fr\/savp\/","name":"Syndicat Autonome UNSA","description":"Section des secr\u00e9taires administratifs et des techniciens sup\u00e9rieurs","publisher":{"@id":"https:\/\/unsa-paris.fr\/savp\/#organization"},"potentialAction":[{"@type":"SearchAction","target":{"@type":"EntryPoint","urlTemplate":"https:\/\/unsa-paris.fr\/savp\/?s={search_term_string}"},"query-input":{"@type":"PropertyValueSpecification","valueRequired":true,"valueName":"search_term_string"}}],"inLanguage":"fr-FR"},{"@type":"Organization","@id":"https:\/\/unsa-paris.fr\/savp\/#organization","name":"UNSA PARIS fili\u00e8re administrative","url":"https:\/\/unsa-paris.fr\/savp\/","logo":{"@type":"ImageObject","inLanguage":"fr-FR","@id":"https:\/\/unsa-paris.fr\/savp\/#\/schema\/logo\/image\/","url":"https:\/\/unsa-paris.fr\/savp\/wp-content\/uploads\/2020\/10\/Logo_UNSA-V6.png","contentUrl":"https:\/\/unsa-paris.fr\/savp\/wp-content\/uploads\/2020\/10\/Logo_UNSA-V6.png","width":986,"height":962,"caption":"UNSA PARIS fili\u00e8re administrative"},"image":{"@id":"https:\/\/unsa-paris.fr\/savp\/#\/schema\/logo\/image\/"}},{"@type":"Person","@id":"https:\/\/unsa-paris.fr\/savp\/#\/schema\/person\/7253f5acb55b402d9149796390e7bdde","name":"UNSA SA","image":{"@type":"ImageObject","inLanguage":"fr-FR","@id":"https:\/\/secure.gravatar.com\/avatar\/b78c582c0b7ba9a7147763b6638faa3db8f956662f0faffdc8b57058fad002f4?s=96&d=mm&r=g","url":"https:\/\/secure.gravatar.com\/avatar\/b78c582c0b7ba9a7147763b6638faa3db8f956662f0faffdc8b57058fad002f4?s=96&d=mm&r=g","contentUrl":"https:\/\/secure.gravatar.com\/avatar\/b78c582c0b7ba9a7147763b6638faa3db8f956662f0faffdc8b57058fad002f4?s=96&d=mm&r=g","caption":"UNSA SA"},"sameAs":["http:\/\/unsa-paris.fr\/savp"],"url":"https:\/\/unsa-paris.fr\/savp\/author\/fred\/"}]}},"_links":{"self":[{"href":"https:\/\/unsa-paris.fr\/savp\/wp-json\/wp\/v2\/posts\/1663","targetHints":{"allow":["GET"]}}],"collection":[{"href":"https:\/\/unsa-paris.fr\/savp\/wp-json\/wp\/v2\/posts"}],"about":[{"href":"https:\/\/unsa-paris.fr\/savp\/wp-json\/wp\/v2\/types\/post"}],"author":[{"embeddable":true,"href":"https:\/\/unsa-paris.fr\/savp\/wp-json\/wp\/v2\/users\/2"}],"replies":[{"embeddable":true,"href":"https:\/\/unsa-paris.fr\/savp\/wp-json\/wp\/v2\/comments?post=1663"}],"version-history":[{"count":11,"href":"https:\/\/unsa-paris.fr\/savp\/wp-json\/wp\/v2\/posts\/1663\/revisions"}],"predecessor-version":[{"id":1675,"href":"https:\/\/unsa-paris.fr\/savp\/wp-json\/wp\/v2\/posts\/1663\/revisions\/1675"}],"wp:attachment":[{"href":"https:\/\/unsa-paris.fr\/savp\/wp-json\/wp\/v2\/media?parent=1663"}],"wp:term":[{"taxonomy":"category","embeddable":true,"href":"https:\/\/unsa-paris.fr\/savp\/wp-json\/wp\/v2\/categories?post=1663"},{"taxonomy":"post_tag","embeddable":true,"href":"https:\/\/unsa-paris.fr\/savp\/wp-json\/wp\/v2\/tags?post=1663"}],"curies":[{"name":"wp","href":"https:\/\/api.w.org\/{rel}","templated":true}]}}