{"id":1648,"date":"2022-06-21T16:54:30","date_gmt":"2022-06-21T14:54:30","guid":{"rendered":"https:\/\/unsa-paris.fr\/savp\/?p=1648"},"modified":"2022-06-21T16:57:28","modified_gmt":"2022-06-21T14:57:28","slug":"point-dindice-et-pouvoir-dachat-lunsa-ne-veut-plus-attendre","status":"publish","type":"post","link":"https:\/\/unsa-paris.fr\/savp\/2022\/06\/21\/point-dindice-et-pouvoir-dachat-lunsa-ne-veut-plus-attendre\/","title":{"rendered":"Point d&rsquo;indice et pouvoir d&rsquo;achat, l&rsquo;UNSA ne veut plus attendre !"},"content":{"rendered":"\n<p><strong>Notre pays se r\u00e9veille sans majorit\u00e9 claire mais avec un score historique du RN.<\/strong><\/p>\n\n\n\n<p><strong>La recherche de majorit\u00e9 ne devra pas faire oublier les difficult\u00e9s de nombreux fran\u00e7ais et agents publics face \u00e0 la hausse continue de l\u2019inflation. L&rsquo;UNSA Fonction Publique rappelle ses priorit\u00e9s au lendemain des \u00e9lections l\u00e9gislatives.<\/strong><\/p>\n\n\n\n<!--more-->\n\n\n\n<p><em><strong>Le pouvoir d&rsquo;achat est une urgence qui doit se traduire sur les feuilles de paye<\/strong>.<\/em><\/p>\n\n\n\n<p>Les mesures attendues et promises devront \u00eatre prises rapidement tant sur les salaires que sur le point d\u2019indice et les pensions de retraite. Elles doivent \u00eatre effectives d\u00e8s le mois prochain.<\/p>\n\n\n\n<p><br>Ces d\u00e9cisions sont indispensables.&nbsp; Les Fran\u00e7ais les attendent. La responsabilit\u00e9 du parlement et du gouvernement est d&rsquo;apporter des r\u00e9ponses concr\u00e8tes pour am\u00e9liorer le quotidien de chacun dans le contexte inflationniste que nous connaissons.<\/p>\n\n\n\n<p>Les carri\u00e8res doivent \u00eatre revues afin de permettre une v\u00e9ritable progression au fil du temps. Il n&rsquo;est pas envisageable de conserver un salaire fond\u00e9 sur l&rsquo;indice minimum de traitement pendant des ann\u00e9es !<\/p>\n\n\n\n<p>De plus, si l&rsquo;augmentation de l&rsquo;inflation se poursuit, un dispositif permettant une indexation de la valeur du point d&rsquo;indice devra \u00eatre mis en place.<\/p>\n\n\n\n<p><em><strong>D&rsquo;autres mesures devront \u00eatre d\u00e9cid\u00e9es par le gouvernement<\/strong><\/em><\/p>\n\n\n\n<p>L&rsquo;UNSA Fonction Publique estime que les frais de mission et les frais kilom\u00e9triques doivent \u00e9galement \u00eatre r\u00e9actualis\u00e9s.<\/p>\n\n\n\n<p>A l&rsquo;instar du secteur priv\u00e9, le forfait mobilit\u00e9s durables doit aussi \u00eatre am\u00e9lior\u00e9. Il devrait pouvoir \u00eatre coupl\u00e9 avec la prise en charge par l&#8217;employeur public d&rsquo;une partie des frais de transport en commun.<\/p>\n\n\n\n<p>Enfin, pour l&rsquo;UNSA Fonction Publique, tous les bar\u00e8mes des prestations d&rsquo;action sociale doivent \u00eatre r\u00e9\u00e9valu\u00e9s pour tenir compte de l&rsquo;inflation.<\/p>\n\n\n\n<p><strong>L&rsquo;UNSA Fonction Publique, fort du succ\u00e8s de sa p\u00e9tition, \u00e9crit au Ministre Stanislas Guerini pour porter toutes ses propositions. Elles devront se traduire en d\u00e9cisions et en mesures urgentes.<\/strong><\/p>\n\n\n\n<p><em>Bagnolet le 21 juin 2022<\/em><\/p>\n\n\n\n<p><em>Luc Farr\u00e9 &#8211; Secr\u00e9taire g\u00e9n\u00e9ral de l&rsquo;UNSA Fonction Publique<\/em><\/p>\n\n\n\n<p><a href=\"https:\/\/unsa-paris.fr\/savp\/wp-content\/uploads\/2022\/06\/lettre_ministre.pdf\">Lire le courrier au Ministre de la transformation et de la Fonction Publiques<\/a><\/p>\n","protected":false},"excerpt":{"rendered":"<p>Notre pays se r\u00e9veille sans majorit\u00e9 claire mais avec un score historique du RN. La recherche de majorit\u00e9 ne devra pas faire oublier les difficult\u00e9s de nombreux fran\u00e7ais et agents &hellip; <a href=\"https:\/\/unsa-paris.fr\/savp\/2022\/06\/21\/point-dindice-et-pouvoir-dachat-lunsa-ne-veut-plus-attendre\/\" class=\"more-link\">Continuer la lecture<span class=\"screen-reader-text\"> de &laquo;&nbsp;Point d&rsquo;indice et pouvoir d&rsquo;achat, l&rsquo;UNSA ne veut plus attendre !&nbsp;&raquo;<\/span><\/a><\/p>\n","protected":false},"author":2,"featured_media":0,"comment_status":"open","ping_status":"open","sticky":false,"template":"","format":"standard","meta":{"footnotes":""},"categories":[7,9],"tags":[],"class_list":["post-1648","post","type-post","status-publish","format-standard","hentry","category-actualite","category-communique"],"yoast_head":"<!-- This site is optimized with the Yoast SEO plugin v27.4 - https:\/\/yoast.com\/product\/yoast-seo-wordpress\/ -->\n<title>Point d&#039;indice et pouvoir d&#039;achat, l&#039;UNSA ne veut plus attendre ! - Syndicat Autonome UNSA<\/title>\n<meta name=\"robots\" content=\"index, follow, max-snippet:-1, max-image-preview:large, max-video-preview:-1\" \/>\n<link rel=\"canonical\" href=\"https:\/\/unsa-paris.fr\/savp\/2022\/06\/21\/point-dindice-et-pouvoir-dachat-lunsa-ne-veut-plus-attendre\/\" \/>\n<meta property=\"og:locale\" content=\"fr_FR\" \/>\n<meta property=\"og:type\" content=\"article\" \/>\n<meta property=\"og:title\" content=\"Point d&#039;indice et pouvoir d&#039;achat, l&#039;UNSA ne veut plus attendre ! - Syndicat Autonome UNSA\" \/>\n<meta property=\"og:description\" content=\"Notre pays se r\u00e9veille sans majorit\u00e9 claire mais avec un score historique du RN. La recherche de majorit\u00e9 ne devra pas faire oublier les difficult\u00e9s de nombreux fran\u00e7ais et agents &hellip; Continuer la lecture de &laquo;&nbsp;Point d&rsquo;indice et pouvoir d&rsquo;achat, l&rsquo;UNSA ne veut plus attendre !&nbsp;&raquo;\" \/>\n<meta property=\"og:url\" content=\"https:\/\/unsa-paris.fr\/savp\/2022\/06\/21\/point-dindice-et-pouvoir-dachat-lunsa-ne-veut-plus-attendre\/\" \/>\n<meta property=\"og:site_name\" content=\"Syndicat Autonome UNSA\" \/>\n<meta property=\"article:published_time\" content=\"2022-06-21T14:54:30+00:00\" \/>\n<meta property=\"article:modified_time\" content=\"2022-06-21T14:57:28+00:00\" \/>\n<meta name=\"author\" content=\"UNSA SA\" \/>\n<meta name=\"twitter:card\" content=\"summary_large_image\" \/>\n<meta name=\"twitter:label1\" content=\"\u00c9crit par\" \/>\n\t<meta name=\"twitter:data1\" content=\"UNSA SA\" \/>\n\t<meta name=\"twitter:label2\" content=\"Dur\u00e9e de lecture estim\u00e9e\" \/>\n\t<meta name=\"twitter:data2\" content=\"2 minutes\" \/>\n<script type=\"application\/ld+json\" class=\"yoast-schema-graph\">{\"@context\":\"https:\\\/\\\/schema.org\",\"@graph\":[{\"@type\":\"Article\",\"@id\":\"https:\\\/\\\/unsa-paris.fr\\\/savp\\\/2022\\\/06\\\/21\\\/point-dindice-et-pouvoir-dachat-lunsa-ne-veut-plus-attendre\\\/#article\",\"isPartOf\":{\"@id\":\"https:\\\/\\\/unsa-paris.fr\\\/savp\\\/2022\\\/06\\\/21\\\/point-dindice-et-pouvoir-dachat-lunsa-ne-veut-plus-attendre\\\/\"},\"author\":{\"name\":\"UNSA SA\",\"@id\":\"https:\\\/\\\/unsa-paris.fr\\\/savp\\\/#\\\/schema\\\/person\\\/7253f5acb55b402d9149796390e7bdde\"},\"headline\":\"Point d&rsquo;indice et pouvoir d&rsquo;achat, l&rsquo;UNSA ne veut plus attendre !\",\"datePublished\":\"2022-06-21T14:54:30+00:00\",\"dateModified\":\"2022-06-21T14:57:28+00:00\",\"mainEntityOfPage\":{\"@id\":\"https:\\\/\\\/unsa-paris.fr\\\/savp\\\/2022\\\/06\\\/21\\\/point-dindice-et-pouvoir-dachat-lunsa-ne-veut-plus-attendre\\\/\"},\"wordCount\":380,\"commentCount\":0,\"publisher\":{\"@id\":\"https:\\\/\\\/unsa-paris.fr\\\/savp\\\/#organization\"},\"articleSection\":[\"Actualite\",\"Communique\"],\"inLanguage\":\"fr-FR\",\"potentialAction\":[{\"@type\":\"CommentAction\",\"name\":\"Comment\",\"target\":[\"https:\\\/\\\/unsa-paris.fr\\\/savp\\\/2022\\\/06\\\/21\\\/point-dindice-et-pouvoir-dachat-lunsa-ne-veut-plus-attendre\\\/#respond\"]}]},{\"@type\":\"WebPage\",\"@id\":\"https:\\\/\\\/unsa-paris.fr\\\/savp\\\/2022\\\/06\\\/21\\\/point-dindice-et-pouvoir-dachat-lunsa-ne-veut-plus-attendre\\\/\",\"url\":\"https:\\\/\\\/unsa-paris.fr\\\/savp\\\/2022\\\/06\\\/21\\\/point-dindice-et-pouvoir-dachat-lunsa-ne-veut-plus-attendre\\\/\",\"name\":\"Point d'indice et pouvoir d'achat, l'UNSA ne veut plus attendre ! - Syndicat Autonome UNSA\",\"isPartOf\":{\"@id\":\"https:\\\/\\\/unsa-paris.fr\\\/savp\\\/#website\"},\"datePublished\":\"2022-06-21T14:54:30+00:00\",\"dateModified\":\"2022-06-21T14:57:28+00:00\",\"breadcrumb\":{\"@id\":\"https:\\\/\\\/unsa-paris.fr\\\/savp\\\/2022\\\/06\\\/21\\\/point-dindice-et-pouvoir-dachat-lunsa-ne-veut-plus-attendre\\\/#breadcrumb\"},\"inLanguage\":\"fr-FR\",\"potentialAction\":[{\"@type\":\"ReadAction\",\"target\":[\"https:\\\/\\\/unsa-paris.fr\\\/savp\\\/2022\\\/06\\\/21\\\/point-dindice-et-pouvoir-dachat-lunsa-ne-veut-plus-attendre\\\/\"]}]},{\"@type\":\"BreadcrumbList\",\"@id\":\"https:\\\/\\\/unsa-paris.fr\\\/savp\\\/2022\\\/06\\\/21\\\/point-dindice-et-pouvoir-dachat-lunsa-ne-veut-plus-attendre\\\/#breadcrumb\",\"itemListElement\":[{\"@type\":\"ListItem\",\"position\":1,\"name\":\"Accueil\",\"item\":\"https:\\\/\\\/unsa-paris.fr\\\/savp\\\/\"},{\"@type\":\"ListItem\",\"position\":2,\"name\":\"Point d&#8217;indice et pouvoir d&#8217;achat, l&#8217;UNSA ne veut plus attendre !\"}]},{\"@type\":\"WebSite\",\"@id\":\"https:\\\/\\\/unsa-paris.fr\\\/savp\\\/#website\",\"url\":\"https:\\\/\\\/unsa-paris.fr\\\/savp\\\/\",\"name\":\"Syndicat Autonome UNSA\",\"description\":\"Section des secr\u00e9taires administratifs et des techniciens sup\u00e9rieurs\",\"publisher\":{\"@id\":\"https:\\\/\\\/unsa-paris.fr\\\/savp\\\/#organization\"},\"potentialAction\":[{\"@type\":\"SearchAction\",\"target\":{\"@type\":\"EntryPoint\",\"urlTemplate\":\"https:\\\/\\\/unsa-paris.fr\\\/savp\\\/?s={search_term_string}\"},\"query-input\":{\"@type\":\"PropertyValueSpecification\",\"valueRequired\":true,\"valueName\":\"search_term_string\"}}],\"inLanguage\":\"fr-FR\"},{\"@type\":\"Organization\",\"@id\":\"https:\\\/\\\/unsa-paris.fr\\\/savp\\\/#organization\",\"name\":\"UNSA PARIS fili\u00e8re administrative\",\"url\":\"https:\\\/\\\/unsa-paris.fr\\\/savp\\\/\",\"logo\":{\"@type\":\"ImageObject\",\"inLanguage\":\"fr-FR\",\"@id\":\"https:\\\/\\\/unsa-paris.fr\\\/savp\\\/#\\\/schema\\\/logo\\\/image\\\/\",\"url\":\"https:\\\/\\\/unsa-paris.fr\\\/savp\\\/wp-content\\\/uploads\\\/2020\\\/10\\\/Logo_UNSA-V6.png\",\"contentUrl\":\"https:\\\/\\\/unsa-paris.fr\\\/savp\\\/wp-content\\\/uploads\\\/2020\\\/10\\\/Logo_UNSA-V6.png\",\"width\":986,\"height\":962,\"caption\":\"UNSA PARIS fili\u00e8re administrative\"},\"image\":{\"@id\":\"https:\\\/\\\/unsa-paris.fr\\\/savp\\\/#\\\/schema\\\/logo\\\/image\\\/\"}},{\"@type\":\"Person\",\"@id\":\"https:\\\/\\\/unsa-paris.fr\\\/savp\\\/#\\\/schema\\\/person\\\/7253f5acb55b402d9149796390e7bdde\",\"name\":\"UNSA SA\",\"image\":{\"@type\":\"ImageObject\",\"inLanguage\":\"fr-FR\",\"@id\":\"https:\\\/\\\/secure.gravatar.com\\\/avatar\\\/b78c582c0b7ba9a7147763b6638faa3db8f956662f0faffdc8b57058fad002f4?s=96&d=mm&r=g\",\"url\":\"https:\\\/\\\/secure.gravatar.com\\\/avatar\\\/b78c582c0b7ba9a7147763b6638faa3db8f956662f0faffdc8b57058fad002f4?s=96&d=mm&r=g\",\"contentUrl\":\"https:\\\/\\\/secure.gravatar.com\\\/avatar\\\/b78c582c0b7ba9a7147763b6638faa3db8f956662f0faffdc8b57058fad002f4?s=96&d=mm&r=g\",\"caption\":\"UNSA SA\"},\"sameAs\":[\"http:\\\/\\\/unsa-paris.fr\\\/savp\"],\"url\":\"https:\\\/\\\/unsa-paris.fr\\\/savp\\\/author\\\/fred\\\/\"}]}<\/script>\n<!-- \/ Yoast SEO plugin. -->","yoast_head_json":{"title":"Point d'indice et pouvoir d'achat, l'UNSA ne veut plus attendre ! - Syndicat Autonome UNSA","robots":{"index":"index","follow":"follow","max-snippet":"max-snippet:-1","max-image-preview":"max-image-preview:large","max-video-preview":"max-video-preview:-1"},"canonical":"https:\/\/unsa-paris.fr\/savp\/2022\/06\/21\/point-dindice-et-pouvoir-dachat-lunsa-ne-veut-plus-attendre\/","og_locale":"fr_FR","og_type":"article","og_title":"Point d'indice et pouvoir d'achat, l'UNSA ne veut plus attendre ! - Syndicat Autonome UNSA","og_description":"Notre pays se r\u00e9veille sans majorit\u00e9 claire mais avec un score historique du RN. La recherche de majorit\u00e9 ne devra pas faire oublier les difficult\u00e9s de nombreux fran\u00e7ais et agents &hellip; Continuer la lecture de &laquo;&nbsp;Point d&rsquo;indice et pouvoir d&rsquo;achat, l&rsquo;UNSA ne veut plus attendre !&nbsp;&raquo;","og_url":"https:\/\/unsa-paris.fr\/savp\/2022\/06\/21\/point-dindice-et-pouvoir-dachat-lunsa-ne-veut-plus-attendre\/","og_site_name":"Syndicat Autonome UNSA","article_published_time":"2022-06-21T14:54:30+00:00","article_modified_time":"2022-06-21T14:57:28+00:00","author":"UNSA SA","twitter_card":"summary_large_image","twitter_misc":{"\u00c9crit par":"UNSA SA","Dur\u00e9e de lecture estim\u00e9e":"2 minutes"},"schema":{"@context":"https:\/\/schema.org","@graph":[{"@type":"Article","@id":"https:\/\/unsa-paris.fr\/savp\/2022\/06\/21\/point-dindice-et-pouvoir-dachat-lunsa-ne-veut-plus-attendre\/#article","isPartOf":{"@id":"https:\/\/unsa-paris.fr\/savp\/2022\/06\/21\/point-dindice-et-pouvoir-dachat-lunsa-ne-veut-plus-attendre\/"},"author":{"name":"UNSA SA","@id":"https:\/\/unsa-paris.fr\/savp\/#\/schema\/person\/7253f5acb55b402d9149796390e7bdde"},"headline":"Point d&rsquo;indice et pouvoir d&rsquo;achat, l&rsquo;UNSA ne veut plus attendre !","datePublished":"2022-06-21T14:54:30+00:00","dateModified":"2022-06-21T14:57:28+00:00","mainEntityOfPage":{"@id":"https:\/\/unsa-paris.fr\/savp\/2022\/06\/21\/point-dindice-et-pouvoir-dachat-lunsa-ne-veut-plus-attendre\/"},"wordCount":380,"commentCount":0,"publisher":{"@id":"https:\/\/unsa-paris.fr\/savp\/#organization"},"articleSection":["Actualite","Communique"],"inLanguage":"fr-FR","potentialAction":[{"@type":"CommentAction","name":"Comment","target":["https:\/\/unsa-paris.fr\/savp\/2022\/06\/21\/point-dindice-et-pouvoir-dachat-lunsa-ne-veut-plus-attendre\/#respond"]}]},{"@type":"WebPage","@id":"https:\/\/unsa-paris.fr\/savp\/2022\/06\/21\/point-dindice-et-pouvoir-dachat-lunsa-ne-veut-plus-attendre\/","url":"https:\/\/unsa-paris.fr\/savp\/2022\/06\/21\/point-dindice-et-pouvoir-dachat-lunsa-ne-veut-plus-attendre\/","name":"Point d'indice et pouvoir d'achat, l'UNSA ne veut plus attendre ! - Syndicat Autonome UNSA","isPartOf":{"@id":"https:\/\/unsa-paris.fr\/savp\/#website"},"datePublished":"2022-06-21T14:54:30+00:00","dateModified":"2022-06-21T14:57:28+00:00","breadcrumb":{"@id":"https:\/\/unsa-paris.fr\/savp\/2022\/06\/21\/point-dindice-et-pouvoir-dachat-lunsa-ne-veut-plus-attendre\/#breadcrumb"},"inLanguage":"fr-FR","potentialAction":[{"@type":"ReadAction","target":["https:\/\/unsa-paris.fr\/savp\/2022\/06\/21\/point-dindice-et-pouvoir-dachat-lunsa-ne-veut-plus-attendre\/"]}]},{"@type":"BreadcrumbList","@id":"https:\/\/unsa-paris.fr\/savp\/2022\/06\/21\/point-dindice-et-pouvoir-dachat-lunsa-ne-veut-plus-attendre\/#breadcrumb","itemListElement":[{"@type":"ListItem","position":1,"name":"Accueil","item":"https:\/\/unsa-paris.fr\/savp\/"},{"@type":"ListItem","position":2,"name":"Point d&#8217;indice et pouvoir d&#8217;achat, l&#8217;UNSA ne veut plus attendre !"}]},{"@type":"WebSite","@id":"https:\/\/unsa-paris.fr\/savp\/#website","url":"https:\/\/unsa-paris.fr\/savp\/","name":"Syndicat Autonome UNSA","description":"Section des secr\u00e9taires administratifs et des techniciens sup\u00e9rieurs","publisher":{"@id":"https:\/\/unsa-paris.fr\/savp\/#organization"},"potentialAction":[{"@type":"SearchAction","target":{"@type":"EntryPoint","urlTemplate":"https:\/\/unsa-paris.fr\/savp\/?s={search_term_string}"},"query-input":{"@type":"PropertyValueSpecification","valueRequired":true,"valueName":"search_term_string"}}],"inLanguage":"fr-FR"},{"@type":"Organization","@id":"https:\/\/unsa-paris.fr\/savp\/#organization","name":"UNSA PARIS fili\u00e8re administrative","url":"https:\/\/unsa-paris.fr\/savp\/","logo":{"@type":"ImageObject","inLanguage":"fr-FR","@id":"https:\/\/unsa-paris.fr\/savp\/#\/schema\/logo\/image\/","url":"https:\/\/unsa-paris.fr\/savp\/wp-content\/uploads\/2020\/10\/Logo_UNSA-V6.png","contentUrl":"https:\/\/unsa-paris.fr\/savp\/wp-content\/uploads\/2020\/10\/Logo_UNSA-V6.png","width":986,"height":962,"caption":"UNSA PARIS fili\u00e8re administrative"},"image":{"@id":"https:\/\/unsa-paris.fr\/savp\/#\/schema\/logo\/image\/"}},{"@type":"Person","@id":"https:\/\/unsa-paris.fr\/savp\/#\/schema\/person\/7253f5acb55b402d9149796390e7bdde","name":"UNSA SA","image":{"@type":"ImageObject","inLanguage":"fr-FR","@id":"https:\/\/secure.gravatar.com\/avatar\/b78c582c0b7ba9a7147763b6638faa3db8f956662f0faffdc8b57058fad002f4?s=96&d=mm&r=g","url":"https:\/\/secure.gravatar.com\/avatar\/b78c582c0b7ba9a7147763b6638faa3db8f956662f0faffdc8b57058fad002f4?s=96&d=mm&r=g","contentUrl":"https:\/\/secure.gravatar.com\/avatar\/b78c582c0b7ba9a7147763b6638faa3db8f956662f0faffdc8b57058fad002f4?s=96&d=mm&r=g","caption":"UNSA SA"},"sameAs":["http:\/\/unsa-paris.fr\/savp"],"url":"https:\/\/unsa-paris.fr\/savp\/author\/fred\/"}]}},"_links":{"self":[{"href":"https:\/\/unsa-paris.fr\/savp\/wp-json\/wp\/v2\/posts\/1648","targetHints":{"allow":["GET"]}}],"collection":[{"href":"https:\/\/unsa-paris.fr\/savp\/wp-json\/wp\/v2\/posts"}],"about":[{"href":"https:\/\/unsa-paris.fr\/savp\/wp-json\/wp\/v2\/types\/post"}],"author":[{"embeddable":true,"href":"https:\/\/unsa-paris.fr\/savp\/wp-json\/wp\/v2\/users\/2"}],"replies":[{"embeddable":true,"href":"https:\/\/unsa-paris.fr\/savp\/wp-json\/wp\/v2\/comments?post=1648"}],"version-history":[{"count":1,"href":"https:\/\/unsa-paris.fr\/savp\/wp-json\/wp\/v2\/posts\/1648\/revisions"}],"predecessor-version":[{"id":1649,"href":"https:\/\/unsa-paris.fr\/savp\/wp-json\/wp\/v2\/posts\/1648\/revisions\/1649"}],"wp:attachment":[{"href":"https:\/\/unsa-paris.fr\/savp\/wp-json\/wp\/v2\/media?parent=1648"}],"wp:term":[{"taxonomy":"category","embeddable":true,"href":"https:\/\/unsa-paris.fr\/savp\/wp-json\/wp\/v2\/categories?post=1648"},{"taxonomy":"post_tag","embeddable":true,"href":"https:\/\/unsa-paris.fr\/savp\/wp-json\/wp\/v2\/tags?post=1648"}],"curies":[{"name":"wp","href":"https:\/\/api.w.org\/{rel}","templated":true}]}}