{"id":1640,"date":"2022-06-20T11:35:42","date_gmt":"2022-06-20T09:35:42","guid":{"rendered":"https:\/\/unsa-paris.fr\/savp\/?p=1640"},"modified":"2022-06-20T11:38:08","modified_gmt":"2022-06-20T09:38:08","slug":"temps-de-travail-explication-de-texte","status":"publish","type":"post","link":"https:\/\/unsa-paris.fr\/savp\/2022\/06\/20\/temps-de-travail-explication-de-texte\/","title":{"rendered":"TEMPS DE TRAVAIL. EXPLICATION DE TEXTE"},"content":{"rendered":"\n<p>Apr\u00e8s un an et demi de discussions, n\u00e9gociations pour l&rsquo;administration ou d&rsquo;opposition et de lutte pour les syndicats, malgr\u00e9 le vote unanime d\u00e9favorable des organisations syndicales en Comit\u00e9 Technique Central, <strong>malgr\u00e9 l&rsquo;engagement jusqu&rsquo;au dernier jour de l&rsquo;intersyndicale \u00ab\u00a0Pas une minute de plus\u00a0\u00bb<\/strong>, le \u00ab\u00a0R\u00e8glement du temps de travail des personnels de la Ville de Paris\u00a0\u00bb et ses annexes ont \u00e9t\u00e9 d\u00e9finitivement adopt\u00e9s par le Conseil de Paris du mois de juin.<\/p>\n\n\n\n<p>Il sera en vigueur \u00e0 partir du 1er juillet 2022 et, m\u00eame si des modifications ult\u00e9rieures sont possibles, elles ne le seront qu&rsquo;\u00e0 la marge, c&rsquo;est ce r\u00e8glement qui va d\u00e9sormais rythmer le quotidien de tou.t.e.s les agent.e.s parisien.ne.s.<\/p>\n\n\n\n<!--more-->\n\n\n\n<p>Vous trouverez donc ci-joint les pi\u00e8ces officielles qui vont servir de r\u00e9f\u00e9rence pour les ann\u00e9es \u00e0 venir:<\/p>\n\n\n\n<ul class=\"wp-block-list\"><li><a href=\"https:\/\/unsa-paris.fr\/savp\/wp-content\/uploads\/2022\/06\/Reglement_temps_de_travail.pdf\" target=\"_blank\" rel=\"noreferrer noopener\">R\u00e8glement du temps de travail des personnels parisiens, juin 2022&nbsp;<\/a><\/li><li><a href=\"https:\/\/unsa-paris.fr\/savp\/wp-content\/uploads\/2022\/06\/Reglement_temps_de_travail.pdf\" target=\"_blank\" rel=\"noreferrer noopener\">A<\/a><a href=\"https:\/\/unsa-paris.fr\/savp\/wp-content\/uploads\/2022\/06\/Annexe_1_References_reglementaires_2021_DRH_63.pdf\">nnexe 1: Textes r\u00e9glementaires<\/a><\/li><li><a href=\"https:\/\/unsa-paris.fr\/savp\/wp-content\/uploads\/2022\/06\/Annexe_2_Catalogue_des_cycles.pdf\" target=\"_blank\" rel=\"noreferrer noopener\">Annexe 2: Catalogue des cycles<\/a><\/li><li><a href=\"https:\/\/unsa-paris.fr\/savp\/wp-content\/uploads\/2022\/06\/Annexe_3_Choix_des_cycles_par_direction.pdf\" target=\"_blank\" rel=\"noreferrer noopener\">Annexe 3: Choix des cycles par direction<\/a><\/li><li><a href=\"https:\/\/unsa-paris.fr\/savp\/wp-content\/uploads\/2022\/06\/Annexe_4_Attribution_sujetions.pdf\" target=\"_blank\" rel=\"noreferrer noopener\">Annexe 4: Attribution suj\u00e9tions<\/a><\/li><li><a href=\"https:\/\/unsa-paris.fr\/savp\/wp-content\/uploads\/2022\/06\/Annexe_5_Charte_2021_DRH_63.pdf\" target=\"_blank\" rel=\"noreferrer noopener\">Annexe 5: Charte de la d\u00e9connexion<\/a><\/li><li><a href=\"https:\/\/unsa-paris.fr\/savp\/wp-content\/uploads\/2022\/06\/Annexe_6_Temps_de_trajet_restaurants_adminsitratifs.pdf\" target=\"_blank\" rel=\"noreferrer noopener\">Annexe 6: Temps de trajet restaurant administratif&nbsp;<\/a><\/li><li><a href=\"https:\/\/unsa-paris.fr\/savp\/wp-content\/uploads\/2022\/06\/Annexe_7_Autorisations_speciales_d_absence_2021_DRH_63.pdf\" target=\"_blank\" rel=\"noreferrer noopener\">Annexe 7: Autorisations sp\u00e9ciales d&rsquo;absence<\/a><\/li><\/ul>\n\n\n\n<p>Cependant pour faciliter la lecture et la compr\u00e9hension de ces diff\u00e9rents textes, l&rsquo;UNSA va publier r\u00e9guli\u00e8rement des fiches explicatives afin que tous les personnels de la Ville de Paris puissent s&rsquo;approprier les \u00e9l\u00e9ments qui vont se d\u00e9cliner dans toutes les directions, comme a pu l&rsquo;\u00eatre le regrett\u00e9 ARTT de 2001.<\/p>\n\n\n\n<p>La premi\u00e8re fiche que nous vous proposons concerne le calcul du temps de travail, la suivante sera consacr\u00e9e aux suj\u00e9tions.<\/p>\n\n\n\n<p><a href=\"https:\/\/unsa-paris.fr\/savp\/wp-content\/uploads\/2022\/06\/Fiche_pratique_temps_de_travail.pdf\" target=\"_blank\" rel=\"noreferrer noopener\">Fiche Pratique Calcul du temps de travail<\/a><\/p>\n\n\n\n<p class=\"has-text-align-center\"><strong>Calcul du temps de travail,<\/strong><\/p>\n\n\n\n<p class=\"has-text-align-center\"><strong>Ce qu&rsquo;il faut savoir&nbsp;<\/strong><\/p>\n\n\n\n<p>\u00c0 l\u2019exception des agents charg\u00e9s de fonction d\u2019enseignement, des vacataires et des agents&nbsp;mis \u00e0 disposition, le r\u00e8glement du temps de travail s\u2019applique \u00e0 tous les agents des administrations parisiennes.<\/p>\n\n\n\n<p><strong>PRINCIPE G\u00c9N\u00c9RAL&nbsp;<\/strong>:<\/p>\n\n\n\n<p>La dur\u00e9e du travail effectif s\u2019entend comme le temps pendant lequel les agents sont \u00e0 disposition de leur employeur et doivent se conformer \u00e0 ses directives sans pouvoir vaquer librement \u00e0 des occupations personnelles.<br>Sont assimil\u00e9s \u00e0 du travail effectif&nbsp;:<\/p>\n\n\n\n<ul class=\"wp-block-list\"><li>Le temps de trajet entre deux lieux de travail&nbsp;;<\/li><li>Les d\u00e9placements professionnels sur ordre de mission&nbsp;;<\/li><li>Les temps d\u2019intervention pendant une p\u00e9riode d\u2019astreinte, y compris le temps de d\u00e9placement&nbsp;;<\/li><li>Les absences li\u00e9es \u00e0 l\u2019exercice du droit syndical&nbsp;;<\/li><li>Les temps de formation autoris\u00e9s par l\u2019administration<\/li><\/ul>\n\n\n\n<p>Sont exclus du temps de travail&nbsp;:<\/p>\n\n\n\n<ul class=\"wp-block-list\"><li>Le temps de trajet domicile \u2013 travail<\/li><li>Le temps pour se rendre sur un lieu de restauration (sauf mesures d\u00e9rogatoires&nbsp;: restaurant administratif situ\u00e9 \u00e0 plus de 15 mn du lieu de travail, annexe 6).<\/li><\/ul>\n\n\n\n<p><strong>LE CALCUL DU TEMPS DE TRAVAIL<\/strong><\/p>\n\n\n\n<p>La dur\u00e9e du travail th\u00e9orique est fix\u00e9e \u00e0 35 heures par semaine pour un temps complet, la dur\u00e9e quotidienne \u00e0 7h.<\/p>\n\n\n\n<p>La d\u00e9termination de la dur\u00e9e annuelle de 1607 heures r\u00e9sulte des param\u00e8tres suivants:<\/p>\n\n\n\n<ul class=\"wp-block-list\"><li>Nombre de jours dans l\u2019ann\u00e9e&nbsp;: 365<\/li><li>Nombre de jours de repos hebdomadaire an moyenne&nbsp;: 104<\/li><li>Nombre de jours de cong\u00e9s annuels&nbsp;: 25<\/li><li>Nombre de jours f\u00e9ri\u00e9s (en moyenne)&nbsp;: 8<\/li><li>Nombre de jours effectifs travaill\u00e9s&nbsp;(journ\u00e9e de 7h) : 228 (365 \u2013 104 \u2013 25 \u2013 8)<\/li><li>Dur\u00e9e annuelle du travail&nbsp;: 228 x 7h = 1596h arrondi \u00e0 1600h<\/li><li>Valorisation de la journ\u00e9e de solidarit\u00e9&nbsp;: 7h<\/li><li>Dur\u00e9e annuelle total du travail&nbsp;: 1600h +7h = 1607h<\/li><\/ul>\n\n\n\n<p><strong>LES JOURS DE FRACTIONNEMENT<\/strong><\/p>\n\n\n\n<p>Un ou deux jours de cong\u00e9s peuvent \u00eatre cr\u00e9dit\u00e9s au compte de l\u2019agent s\u2019il pose des cong\u00e9s annuels en p\u00e9riode hivernale (voir fiche cong\u00e9s)<\/p>\n\n\n\n<p><strong>LES GARANTIES MINIMALES<\/strong><\/p>\n\n\n\n<p>La dur\u00e9e quotidienne du travail&nbsp;:<\/p>\n\n\n\n<ul class=\"wp-block-list\"><li>La dur\u00e9e quotidienne du travail ne peut exc\u00e9der 10h&nbsp;;<\/li><li>Les agents b\u00e9n\u00e9ficient d\u2019un repos minimum quotidien de 11h&nbsp;;<\/li><li>L\u2019amplitude maximale de la journ\u00e9e de travail est fix\u00e9e \u00e0 12h (temps de pause inclus)&nbsp;;<\/li><\/ul>\n\n\n\n<p>Aucun temps de travail quotidien ne peut atteindre 6h sans que les agents b\u00e9n\u00e9ficient d\u2019un temps de pause d\u2019une dur\u00e9e minimale de 20mn. Le temps de pause est comptabilis\u00e9 comme du temps de travail effectif si l\u2019agent ne peut s\u2019\u00e9loigner de de son poste de travail et reste \u00e0 la disposition de l\u2019employeur.<\/p>\n\n\n\n<p>La dur\u00e9e hebdomadaire du travail effectif, heures suppl\u00e9mentaires incluses ne peut exc\u00e9der :<\/p>\n\n\n\n<ul class=\"wp-block-list\"><li>44h en moyenne sur une p\u00e9riode quelconque de 12 semaines cons\u00e9cutives&nbsp;;<\/li><li>48h au cours d\u2019une m\u00eame semaine \u00e0 titre exceptionnel.<\/li><\/ul>\n\n\n\n<p>Le repos hebdomadaire, comprenant en principe le dimanche, ne peut \u00eatre inf\u00e9rieur \u00e0 35h.<\/p>\n\n\n\n<p><strong>AVIS DE L\u2019UNSA<\/strong>&nbsp;:<\/p>\n\n\n\n<p>Le nombre de jours de cong\u00e9s pr\u00e9vus par l\u2019accord ARTT de 2001 \u00e9tait de 33. La perte s\u00e8che de 8 jours de cong\u00e9s ne sera pas compens\u00e9e par les jours de fractionnement.<\/p>\n\n\n\n<p>La perte pour de nombreux agents du temps de trajet pour se rendre au restaurant administratif risque de peser tr\u00e8s lourd en augmentant de fa\u00e7on consid\u00e9rable leur temps de travail. Exemple&nbsp;: les agents qui b\u00e9n\u00e9ficiaient de 10mn par jour vont travailler 50mn\/semaine en plus, soit potentiellement 35H\/an = une semaine.<\/p>\n","protected":false},"excerpt":{"rendered":"<p>Apr\u00e8s un an et demi de discussions, n\u00e9gociations pour l&rsquo;administration ou d&rsquo;opposition et de lutte pour les syndicats, malgr\u00e9 le vote unanime d\u00e9favorable des organisations syndicales en Comit\u00e9 Technique Central, &hellip; <a href=\"https:\/\/unsa-paris.fr\/savp\/2022\/06\/20\/temps-de-travail-explication-de-texte\/\" class=\"more-link\">Continuer la lecture<span class=\"screen-reader-text\"> de &laquo;&nbsp;TEMPS DE TRAVAIL. EXPLICATION DE TEXTE&nbsp;&raquo;<\/span><\/a><\/p>\n","protected":false},"author":2,"featured_media":0,"comment_status":"open","ping_status":"open","sticky":false,"template":"","format":"standard","meta":{"footnotes":""},"categories":[5],"tags":[],"class_list":["post-1640","post","type-post","status-publish","format-standard","hentry","category-tempsdetravail"],"yoast_head":"<!-- This site is optimized with the Yoast SEO plugin v27.4 - https:\/\/yoast.com\/product\/yoast-seo-wordpress\/ -->\n<title>TEMPS DE TRAVAIL. EXPLICATION DE TEXTE - Syndicat Autonome UNSA<\/title>\n<meta name=\"robots\" content=\"index, follow, max-snippet:-1, max-image-preview:large, max-video-preview:-1\" \/>\n<link rel=\"canonical\" href=\"https:\/\/unsa-paris.fr\/savp\/2022\/06\/20\/temps-de-travail-explication-de-texte\/\" \/>\n<meta property=\"og:locale\" content=\"fr_FR\" \/>\n<meta property=\"og:type\" content=\"article\" \/>\n<meta property=\"og:title\" content=\"TEMPS DE TRAVAIL. EXPLICATION DE TEXTE - Syndicat Autonome UNSA\" \/>\n<meta property=\"og:description\" content=\"Apr\u00e8s un an et demi de discussions, n\u00e9gociations pour l&rsquo;administration ou d&rsquo;opposition et de lutte pour les syndicats, malgr\u00e9 le vote unanime d\u00e9favorable des organisations syndicales en Comit\u00e9 Technique Central, &hellip; Continuer la lecture de &laquo;&nbsp;TEMPS DE TRAVAIL. EXPLICATION DE TEXTE&nbsp;&raquo;\" \/>\n<meta property=\"og:url\" content=\"https:\/\/unsa-paris.fr\/savp\/2022\/06\/20\/temps-de-travail-explication-de-texte\/\" \/>\n<meta property=\"og:site_name\" content=\"Syndicat Autonome UNSA\" \/>\n<meta property=\"article:published_time\" content=\"2022-06-20T09:35:42+00:00\" \/>\n<meta property=\"article:modified_time\" content=\"2022-06-20T09:38:08+00:00\" \/>\n<meta name=\"author\" content=\"UNSA SA\" \/>\n<meta name=\"twitter:card\" content=\"summary_large_image\" \/>\n<meta name=\"twitter:label1\" content=\"\u00c9crit par\" \/>\n\t<meta name=\"twitter:data1\" content=\"UNSA SA\" \/>\n\t<meta name=\"twitter:label2\" content=\"Dur\u00e9e de lecture estim\u00e9e\" \/>\n\t<meta name=\"twitter:data2\" content=\"4 minutes\" \/>\n<script type=\"application\/ld+json\" class=\"yoast-schema-graph\">{\"@context\":\"https:\\\/\\\/schema.org\",\"@graph\":[{\"@type\":\"Article\",\"@id\":\"https:\\\/\\\/unsa-paris.fr\\\/savp\\\/2022\\\/06\\\/20\\\/temps-de-travail-explication-de-texte\\\/#article\",\"isPartOf\":{\"@id\":\"https:\\\/\\\/unsa-paris.fr\\\/savp\\\/2022\\\/06\\\/20\\\/temps-de-travail-explication-de-texte\\\/\"},\"author\":{\"name\":\"UNSA SA\",\"@id\":\"https:\\\/\\\/unsa-paris.fr\\\/savp\\\/#\\\/schema\\\/person\\\/7253f5acb55b402d9149796390e7bdde\"},\"headline\":\"TEMPS DE TRAVAIL. EXPLICATION DE TEXTE\",\"datePublished\":\"2022-06-20T09:35:42+00:00\",\"dateModified\":\"2022-06-20T09:38:08+00:00\",\"mainEntityOfPage\":{\"@id\":\"https:\\\/\\\/unsa-paris.fr\\\/savp\\\/2022\\\/06\\\/20\\\/temps-de-travail-explication-de-texte\\\/\"},\"wordCount\":895,\"commentCount\":0,\"publisher\":{\"@id\":\"https:\\\/\\\/unsa-paris.fr\\\/savp\\\/#organization\"},\"articleSection\":[\"Tempsdetravail\"],\"inLanguage\":\"fr-FR\",\"potentialAction\":[{\"@type\":\"CommentAction\",\"name\":\"Comment\",\"target\":[\"https:\\\/\\\/unsa-paris.fr\\\/savp\\\/2022\\\/06\\\/20\\\/temps-de-travail-explication-de-texte\\\/#respond\"]}]},{\"@type\":\"WebPage\",\"@id\":\"https:\\\/\\\/unsa-paris.fr\\\/savp\\\/2022\\\/06\\\/20\\\/temps-de-travail-explication-de-texte\\\/\",\"url\":\"https:\\\/\\\/unsa-paris.fr\\\/savp\\\/2022\\\/06\\\/20\\\/temps-de-travail-explication-de-texte\\\/\",\"name\":\"TEMPS DE TRAVAIL. EXPLICATION DE TEXTE - Syndicat Autonome UNSA\",\"isPartOf\":{\"@id\":\"https:\\\/\\\/unsa-paris.fr\\\/savp\\\/#website\"},\"datePublished\":\"2022-06-20T09:35:42+00:00\",\"dateModified\":\"2022-06-20T09:38:08+00:00\",\"breadcrumb\":{\"@id\":\"https:\\\/\\\/unsa-paris.fr\\\/savp\\\/2022\\\/06\\\/20\\\/temps-de-travail-explication-de-texte\\\/#breadcrumb\"},\"inLanguage\":\"fr-FR\",\"potentialAction\":[{\"@type\":\"ReadAction\",\"target\":[\"https:\\\/\\\/unsa-paris.fr\\\/savp\\\/2022\\\/06\\\/20\\\/temps-de-travail-explication-de-texte\\\/\"]}]},{\"@type\":\"BreadcrumbList\",\"@id\":\"https:\\\/\\\/unsa-paris.fr\\\/savp\\\/2022\\\/06\\\/20\\\/temps-de-travail-explication-de-texte\\\/#breadcrumb\",\"itemListElement\":[{\"@type\":\"ListItem\",\"position\":1,\"name\":\"Accueil\",\"item\":\"https:\\\/\\\/unsa-paris.fr\\\/savp\\\/\"},{\"@type\":\"ListItem\",\"position\":2,\"name\":\"TEMPS DE TRAVAIL. EXPLICATION DE TEXTE\"}]},{\"@type\":\"WebSite\",\"@id\":\"https:\\\/\\\/unsa-paris.fr\\\/savp\\\/#website\",\"url\":\"https:\\\/\\\/unsa-paris.fr\\\/savp\\\/\",\"name\":\"Syndicat Autonome UNSA\",\"description\":\"Section des secr\u00e9taires administratifs et des techniciens sup\u00e9rieurs\",\"publisher\":{\"@id\":\"https:\\\/\\\/unsa-paris.fr\\\/savp\\\/#organization\"},\"potentialAction\":[{\"@type\":\"SearchAction\",\"target\":{\"@type\":\"EntryPoint\",\"urlTemplate\":\"https:\\\/\\\/unsa-paris.fr\\\/savp\\\/?s={search_term_string}\"},\"query-input\":{\"@type\":\"PropertyValueSpecification\",\"valueRequired\":true,\"valueName\":\"search_term_string\"}}],\"inLanguage\":\"fr-FR\"},{\"@type\":\"Organization\",\"@id\":\"https:\\\/\\\/unsa-paris.fr\\\/savp\\\/#organization\",\"name\":\"UNSA PARIS fili\u00e8re administrative\",\"url\":\"https:\\\/\\\/unsa-paris.fr\\\/savp\\\/\",\"logo\":{\"@type\":\"ImageObject\",\"inLanguage\":\"fr-FR\",\"@id\":\"https:\\\/\\\/unsa-paris.fr\\\/savp\\\/#\\\/schema\\\/logo\\\/image\\\/\",\"url\":\"https:\\\/\\\/unsa-paris.fr\\\/savp\\\/wp-content\\\/uploads\\\/2020\\\/10\\\/Logo_UNSA-V6.png\",\"contentUrl\":\"https:\\\/\\\/unsa-paris.fr\\\/savp\\\/wp-content\\\/uploads\\\/2020\\\/10\\\/Logo_UNSA-V6.png\",\"width\":986,\"height\":962,\"caption\":\"UNSA PARIS fili\u00e8re administrative\"},\"image\":{\"@id\":\"https:\\\/\\\/unsa-paris.fr\\\/savp\\\/#\\\/schema\\\/logo\\\/image\\\/\"}},{\"@type\":\"Person\",\"@id\":\"https:\\\/\\\/unsa-paris.fr\\\/savp\\\/#\\\/schema\\\/person\\\/7253f5acb55b402d9149796390e7bdde\",\"name\":\"UNSA SA\",\"image\":{\"@type\":\"ImageObject\",\"inLanguage\":\"fr-FR\",\"@id\":\"https:\\\/\\\/secure.gravatar.com\\\/avatar\\\/b78c582c0b7ba9a7147763b6638faa3db8f956662f0faffdc8b57058fad002f4?s=96&d=mm&r=g\",\"url\":\"https:\\\/\\\/secure.gravatar.com\\\/avatar\\\/b78c582c0b7ba9a7147763b6638faa3db8f956662f0faffdc8b57058fad002f4?s=96&d=mm&r=g\",\"contentUrl\":\"https:\\\/\\\/secure.gravatar.com\\\/avatar\\\/b78c582c0b7ba9a7147763b6638faa3db8f956662f0faffdc8b57058fad002f4?s=96&d=mm&r=g\",\"caption\":\"UNSA SA\"},\"sameAs\":[\"http:\\\/\\\/unsa-paris.fr\\\/savp\"],\"url\":\"https:\\\/\\\/unsa-paris.fr\\\/savp\\\/author\\\/fred\\\/\"}]}<\/script>\n<!-- \/ Yoast SEO plugin. -->","yoast_head_json":{"title":"TEMPS DE TRAVAIL. EXPLICATION DE TEXTE - Syndicat Autonome UNSA","robots":{"index":"index","follow":"follow","max-snippet":"max-snippet:-1","max-image-preview":"max-image-preview:large","max-video-preview":"max-video-preview:-1"},"canonical":"https:\/\/unsa-paris.fr\/savp\/2022\/06\/20\/temps-de-travail-explication-de-texte\/","og_locale":"fr_FR","og_type":"article","og_title":"TEMPS DE TRAVAIL. EXPLICATION DE TEXTE - Syndicat Autonome UNSA","og_description":"Apr\u00e8s un an et demi de discussions, n\u00e9gociations pour l&rsquo;administration ou d&rsquo;opposition et de lutte pour les syndicats, malgr\u00e9 le vote unanime d\u00e9favorable des organisations syndicales en Comit\u00e9 Technique Central, &hellip; Continuer la lecture de &laquo;&nbsp;TEMPS DE TRAVAIL. EXPLICATION DE TEXTE&nbsp;&raquo;","og_url":"https:\/\/unsa-paris.fr\/savp\/2022\/06\/20\/temps-de-travail-explication-de-texte\/","og_site_name":"Syndicat Autonome UNSA","article_published_time":"2022-06-20T09:35:42+00:00","article_modified_time":"2022-06-20T09:38:08+00:00","author":"UNSA SA","twitter_card":"summary_large_image","twitter_misc":{"\u00c9crit par":"UNSA SA","Dur\u00e9e de lecture estim\u00e9e":"4 minutes"},"schema":{"@context":"https:\/\/schema.org","@graph":[{"@type":"Article","@id":"https:\/\/unsa-paris.fr\/savp\/2022\/06\/20\/temps-de-travail-explication-de-texte\/#article","isPartOf":{"@id":"https:\/\/unsa-paris.fr\/savp\/2022\/06\/20\/temps-de-travail-explication-de-texte\/"},"author":{"name":"UNSA SA","@id":"https:\/\/unsa-paris.fr\/savp\/#\/schema\/person\/7253f5acb55b402d9149796390e7bdde"},"headline":"TEMPS DE TRAVAIL. EXPLICATION DE TEXTE","datePublished":"2022-06-20T09:35:42+00:00","dateModified":"2022-06-20T09:38:08+00:00","mainEntityOfPage":{"@id":"https:\/\/unsa-paris.fr\/savp\/2022\/06\/20\/temps-de-travail-explication-de-texte\/"},"wordCount":895,"commentCount":0,"publisher":{"@id":"https:\/\/unsa-paris.fr\/savp\/#organization"},"articleSection":["Tempsdetravail"],"inLanguage":"fr-FR","potentialAction":[{"@type":"CommentAction","name":"Comment","target":["https:\/\/unsa-paris.fr\/savp\/2022\/06\/20\/temps-de-travail-explication-de-texte\/#respond"]}]},{"@type":"WebPage","@id":"https:\/\/unsa-paris.fr\/savp\/2022\/06\/20\/temps-de-travail-explication-de-texte\/","url":"https:\/\/unsa-paris.fr\/savp\/2022\/06\/20\/temps-de-travail-explication-de-texte\/","name":"TEMPS DE TRAVAIL. EXPLICATION DE TEXTE - Syndicat Autonome UNSA","isPartOf":{"@id":"https:\/\/unsa-paris.fr\/savp\/#website"},"datePublished":"2022-06-20T09:35:42+00:00","dateModified":"2022-06-20T09:38:08+00:00","breadcrumb":{"@id":"https:\/\/unsa-paris.fr\/savp\/2022\/06\/20\/temps-de-travail-explication-de-texte\/#breadcrumb"},"inLanguage":"fr-FR","potentialAction":[{"@type":"ReadAction","target":["https:\/\/unsa-paris.fr\/savp\/2022\/06\/20\/temps-de-travail-explication-de-texte\/"]}]},{"@type":"BreadcrumbList","@id":"https:\/\/unsa-paris.fr\/savp\/2022\/06\/20\/temps-de-travail-explication-de-texte\/#breadcrumb","itemListElement":[{"@type":"ListItem","position":1,"name":"Accueil","item":"https:\/\/unsa-paris.fr\/savp\/"},{"@type":"ListItem","position":2,"name":"TEMPS DE TRAVAIL. EXPLICATION DE TEXTE"}]},{"@type":"WebSite","@id":"https:\/\/unsa-paris.fr\/savp\/#website","url":"https:\/\/unsa-paris.fr\/savp\/","name":"Syndicat Autonome UNSA","description":"Section des secr\u00e9taires administratifs et des techniciens sup\u00e9rieurs","publisher":{"@id":"https:\/\/unsa-paris.fr\/savp\/#organization"},"potentialAction":[{"@type":"SearchAction","target":{"@type":"EntryPoint","urlTemplate":"https:\/\/unsa-paris.fr\/savp\/?s={search_term_string}"},"query-input":{"@type":"PropertyValueSpecification","valueRequired":true,"valueName":"search_term_string"}}],"inLanguage":"fr-FR"},{"@type":"Organization","@id":"https:\/\/unsa-paris.fr\/savp\/#organization","name":"UNSA PARIS fili\u00e8re administrative","url":"https:\/\/unsa-paris.fr\/savp\/","logo":{"@type":"ImageObject","inLanguage":"fr-FR","@id":"https:\/\/unsa-paris.fr\/savp\/#\/schema\/logo\/image\/","url":"https:\/\/unsa-paris.fr\/savp\/wp-content\/uploads\/2020\/10\/Logo_UNSA-V6.png","contentUrl":"https:\/\/unsa-paris.fr\/savp\/wp-content\/uploads\/2020\/10\/Logo_UNSA-V6.png","width":986,"height":962,"caption":"UNSA PARIS fili\u00e8re administrative"},"image":{"@id":"https:\/\/unsa-paris.fr\/savp\/#\/schema\/logo\/image\/"}},{"@type":"Person","@id":"https:\/\/unsa-paris.fr\/savp\/#\/schema\/person\/7253f5acb55b402d9149796390e7bdde","name":"UNSA SA","image":{"@type":"ImageObject","inLanguage":"fr-FR","@id":"https:\/\/secure.gravatar.com\/avatar\/b78c582c0b7ba9a7147763b6638faa3db8f956662f0faffdc8b57058fad002f4?s=96&d=mm&r=g","url":"https:\/\/secure.gravatar.com\/avatar\/b78c582c0b7ba9a7147763b6638faa3db8f956662f0faffdc8b57058fad002f4?s=96&d=mm&r=g","contentUrl":"https:\/\/secure.gravatar.com\/avatar\/b78c582c0b7ba9a7147763b6638faa3db8f956662f0faffdc8b57058fad002f4?s=96&d=mm&r=g","caption":"UNSA SA"},"sameAs":["http:\/\/unsa-paris.fr\/savp"],"url":"https:\/\/unsa-paris.fr\/savp\/author\/fred\/"}]}},"_links":{"self":[{"href":"https:\/\/unsa-paris.fr\/savp\/wp-json\/wp\/v2\/posts\/1640","targetHints":{"allow":["GET"]}}],"collection":[{"href":"https:\/\/unsa-paris.fr\/savp\/wp-json\/wp\/v2\/posts"}],"about":[{"href":"https:\/\/unsa-paris.fr\/savp\/wp-json\/wp\/v2\/types\/post"}],"author":[{"embeddable":true,"href":"https:\/\/unsa-paris.fr\/savp\/wp-json\/wp\/v2\/users\/2"}],"replies":[{"embeddable":true,"href":"https:\/\/unsa-paris.fr\/savp\/wp-json\/wp\/v2\/comments?post=1640"}],"version-history":[{"count":5,"href":"https:\/\/unsa-paris.fr\/savp\/wp-json\/wp\/v2\/posts\/1640\/revisions"}],"predecessor-version":[{"id":1646,"href":"https:\/\/unsa-paris.fr\/savp\/wp-json\/wp\/v2\/posts\/1640\/revisions\/1646"}],"wp:attachment":[{"href":"https:\/\/unsa-paris.fr\/savp\/wp-json\/wp\/v2\/media?parent=1640"}],"wp:term":[{"taxonomy":"category","embeddable":true,"href":"https:\/\/unsa-paris.fr\/savp\/wp-json\/wp\/v2\/categories?post=1640"},{"taxonomy":"post_tag","embeddable":true,"href":"https:\/\/unsa-paris.fr\/savp\/wp-json\/wp\/v2\/tags?post=1640"}],"curies":[{"name":"wp","href":"https:\/\/api.w.org\/{rel}","templated":true}]}}