{"id":1630,"date":"2022-06-15T12:59:13","date_gmt":"2022-06-15T10:59:13","guid":{"rendered":"https:\/\/unsa-paris.fr\/savp\/?p=1630"},"modified":"2022-06-15T12:59:15","modified_gmt":"2022-06-15T10:59:15","slug":"reunion-dinformation-unsa","status":"publish","type":"post","link":"https:\/\/unsa-paris.fr\/savp\/2022\/06\/15\/reunion-dinformation-unsa\/","title":{"rendered":"R\u00c9UNION D&rsquo;INFORMATION UNSA"},"content":{"rendered":"\n<p class=\"has-text-align-center\"><strong>A tous les SECR\u00c9TAIRES ADMINISTRATIFS<\/strong><\/p>\n\n\n\n<p class=\"has-text-align-center\">Le syndicat Autonome UNSA VILLE DE PARIS<\/p>\n\n\n\n<p class=\"has-text-align-center\">vous convie \u00e0 une r\u00e9union d&rsquo;information syndicale<\/p>\n\n\n\n<p class=\"has-text-align-center\">LES ELECTIONS PROFESSIONNELLE 2022: ENJEUX ET PERSPECTIVES<\/p>\n\n\n\n<p class=\"has-text-align-center\">&nbsp;<strong>Le Mercredi 22 juin 2022 de 14h \u00e0 16H<\/strong><\/p>\n\n\n\n<p class=\"has-text-align-center\"><strong>2 bis square Georges Lesage 75012 PARIS. 3eme \u00e9tage<\/strong><\/p>\n\n\n\n<p class=\"has-text-align-center\"><strong>M\u00e9tro : Quai de la Rap\u00e9e- Gare de Lyon<\/strong><\/p>\n\n\n\n<!--more-->\n\n\n\n<p class=\"has-text-align-center\">*Repr\u00e9sentativit\u00e9 des \u00e9lus repr\u00e9sentants du personnel dans le cadre du nouveau format des instances paritaires instaur\u00e9 par la loi de la Transformation de la Fonction Publique (LTFP) selon le cadre d\u00e9fini&nbsp;:<\/p>\n\n\n\n<p class=\"has-text-align-center\">&nbsp;&#8211; Les situations individuelles : la CAP de Cat\u00e9gorie. B, les Cap de recours<\/p>\n\n\n\n<p class=\"has-text-align-center\">&nbsp;&#8211; Les situations collectives&nbsp;: le Comit\u00e9 Social Territorial&nbsp;(CST par Direction) : R\u00e9organisation des services, Lignes Directrices de Gestion &#8230;<\/p>\n\n\n\n<p class=\"has-text-align-center\">Venez nombreux afin de d\u00e9battre et poser toute question sur ces points concernant votre environnement professionnel et administratif. &nbsp;&nbsp;&nbsp;&nbsp;&nbsp;<\/p>\n\n\n\n<p class=\"has-text-align-center\">Rappel&nbsp;: Chaque agent peut b\u00e9n\u00e9ficier pendant ses heures de service d\u2019une autorisation d\u2019absence d\u2019une heure par mois pour assister \u00e0 une r\u00e9union d\u2019information syndicale. Cette heure est cumulable avec les heures des deux mois pr\u00e9c\u00e9dents. Ce cadre r\u00e9glementaire permet \u00e0 chacun d\u2019assister \u00e0 cette r\u00e9union d\u2019information.<\/p>\n\n\n\n<p class=\"has-text-align-center\">N&rsquo;h\u00e9sitez pas \u00e0 nous contacter pour toutes difficult\u00e9s rencontr\u00e9es au&nbsp;:<\/p>\n\n\n\n<p class=\"has-text-align-center\">01 43 47 84 88 ou 01 56 58 45 51 \u00a0<\/p>\n\n\n\n<p class=\"has-text-align-center\"><strong>L\u2019UNSA FORCE DE PROPOSITION<\/strong><\/p>\n","protected":false},"excerpt":{"rendered":"<p>A tous les SECR\u00c9TAIRES ADMINISTRATIFS Le syndicat Autonome UNSA VILLE DE PARIS vous convie \u00e0 une r\u00e9union d&rsquo;information syndicale LES ELECTIONS PROFESSIONNELLE 2022: ENJEUX ET PERSPECTIVES &nbsp;Le Mercredi 22 juin &hellip; <a href=\"https:\/\/unsa-paris.fr\/savp\/2022\/06\/15\/reunion-dinformation-unsa\/\" class=\"more-link\">Continuer la lecture<span class=\"screen-reader-text\"> de &laquo;&nbsp;R\u00c9UNION D&rsquo;INFORMATION UNSA&nbsp;&raquo;<\/span><\/a><\/p>\n","protected":false},"author":2,"featured_media":0,"comment_status":"open","ping_status":"open","sticky":false,"template":"","format":"standard","meta":{"footnotes":""},"categories":[16],"tags":[],"class_list":["post-1630","post","type-post","status-publish","format-standard","hentry","category-reunion"],"yoast_head":"<!-- This site is optimized with the Yoast SEO plugin v27.4 - https:\/\/yoast.com\/product\/yoast-seo-wordpress\/ -->\n<title>R\u00c9UNION D&#039;INFORMATION UNSA - Syndicat Autonome UNSA<\/title>\n<meta name=\"robots\" content=\"index, follow, max-snippet:-1, max-image-preview:large, max-video-preview:-1\" \/>\n<link rel=\"canonical\" href=\"https:\/\/unsa-paris.fr\/savp\/2022\/06\/15\/reunion-dinformation-unsa\/\" \/>\n<meta property=\"og:locale\" content=\"fr_FR\" \/>\n<meta property=\"og:type\" content=\"article\" \/>\n<meta property=\"og:title\" content=\"R\u00c9UNION D&#039;INFORMATION UNSA - Syndicat Autonome UNSA\" \/>\n<meta property=\"og:description\" content=\"A tous les SECR\u00c9TAIRES ADMINISTRATIFS Le syndicat Autonome UNSA VILLE DE PARIS vous convie \u00e0 une r\u00e9union d&rsquo;information syndicale LES ELECTIONS PROFESSIONNELLE 2022: ENJEUX ET PERSPECTIVES &nbsp;Le Mercredi 22 juin &hellip; Continuer la lecture de &laquo;&nbsp;R\u00c9UNION D&rsquo;INFORMATION UNSA&nbsp;&raquo;\" \/>\n<meta property=\"og:url\" content=\"https:\/\/unsa-paris.fr\/savp\/2022\/06\/15\/reunion-dinformation-unsa\/\" \/>\n<meta property=\"og:site_name\" content=\"Syndicat Autonome UNSA\" \/>\n<meta property=\"article:published_time\" content=\"2022-06-15T10:59:13+00:00\" \/>\n<meta property=\"article:modified_time\" content=\"2022-06-15T10:59:15+00:00\" \/>\n<meta name=\"author\" content=\"UNSA SA\" \/>\n<meta name=\"twitter:card\" content=\"summary_large_image\" \/>\n<meta name=\"twitter:label1\" content=\"\u00c9crit par\" \/>\n\t<meta name=\"twitter:data1\" content=\"UNSA SA\" \/>\n\t<meta name=\"twitter:label2\" content=\"Dur\u00e9e de lecture estim\u00e9e\" \/>\n\t<meta name=\"twitter:data2\" content=\"2 minutes\" \/>\n<script type=\"application\/ld+json\" class=\"yoast-schema-graph\">{\"@context\":\"https:\\\/\\\/schema.org\",\"@graph\":[{\"@type\":\"Article\",\"@id\":\"https:\\\/\\\/unsa-paris.fr\\\/savp\\\/2022\\\/06\\\/15\\\/reunion-dinformation-unsa\\\/#article\",\"isPartOf\":{\"@id\":\"https:\\\/\\\/unsa-paris.fr\\\/savp\\\/2022\\\/06\\\/15\\\/reunion-dinformation-unsa\\\/\"},\"author\":{\"name\":\"UNSA SA\",\"@id\":\"https:\\\/\\\/unsa-paris.fr\\\/savp\\\/#\\\/schema\\\/person\\\/7253f5acb55b402d9149796390e7bdde\"},\"headline\":\"R\u00c9UNION D&rsquo;INFORMATION UNSA\",\"datePublished\":\"2022-06-15T10:59:13+00:00\",\"dateModified\":\"2022-06-15T10:59:15+00:00\",\"mainEntityOfPage\":{\"@id\":\"https:\\\/\\\/unsa-paris.fr\\\/savp\\\/2022\\\/06\\\/15\\\/reunion-dinformation-unsa\\\/\"},\"wordCount\":229,\"commentCount\":0,\"publisher\":{\"@id\":\"https:\\\/\\\/unsa-paris.fr\\\/savp\\\/#organization\"},\"articleSection\":[\"R\u00e9union\"],\"inLanguage\":\"fr-FR\",\"potentialAction\":[{\"@type\":\"CommentAction\",\"name\":\"Comment\",\"target\":[\"https:\\\/\\\/unsa-paris.fr\\\/savp\\\/2022\\\/06\\\/15\\\/reunion-dinformation-unsa\\\/#respond\"]}]},{\"@type\":\"WebPage\",\"@id\":\"https:\\\/\\\/unsa-paris.fr\\\/savp\\\/2022\\\/06\\\/15\\\/reunion-dinformation-unsa\\\/\",\"url\":\"https:\\\/\\\/unsa-paris.fr\\\/savp\\\/2022\\\/06\\\/15\\\/reunion-dinformation-unsa\\\/\",\"name\":\"R\u00c9UNION D'INFORMATION UNSA - Syndicat Autonome UNSA\",\"isPartOf\":{\"@id\":\"https:\\\/\\\/unsa-paris.fr\\\/savp\\\/#website\"},\"datePublished\":\"2022-06-15T10:59:13+00:00\",\"dateModified\":\"2022-06-15T10:59:15+00:00\",\"breadcrumb\":{\"@id\":\"https:\\\/\\\/unsa-paris.fr\\\/savp\\\/2022\\\/06\\\/15\\\/reunion-dinformation-unsa\\\/#breadcrumb\"},\"inLanguage\":\"fr-FR\",\"potentialAction\":[{\"@type\":\"ReadAction\",\"target\":[\"https:\\\/\\\/unsa-paris.fr\\\/savp\\\/2022\\\/06\\\/15\\\/reunion-dinformation-unsa\\\/\"]}]},{\"@type\":\"BreadcrumbList\",\"@id\":\"https:\\\/\\\/unsa-paris.fr\\\/savp\\\/2022\\\/06\\\/15\\\/reunion-dinformation-unsa\\\/#breadcrumb\",\"itemListElement\":[{\"@type\":\"ListItem\",\"position\":1,\"name\":\"Accueil\",\"item\":\"https:\\\/\\\/unsa-paris.fr\\\/savp\\\/\"},{\"@type\":\"ListItem\",\"position\":2,\"name\":\"R\u00c9UNION D&#8217;INFORMATION UNSA\"}]},{\"@type\":\"WebSite\",\"@id\":\"https:\\\/\\\/unsa-paris.fr\\\/savp\\\/#website\",\"url\":\"https:\\\/\\\/unsa-paris.fr\\\/savp\\\/\",\"name\":\"Syndicat Autonome UNSA\",\"description\":\"Section des secr\u00e9taires administratifs et des techniciens sup\u00e9rieurs\",\"publisher\":{\"@id\":\"https:\\\/\\\/unsa-paris.fr\\\/savp\\\/#organization\"},\"potentialAction\":[{\"@type\":\"SearchAction\",\"target\":{\"@type\":\"EntryPoint\",\"urlTemplate\":\"https:\\\/\\\/unsa-paris.fr\\\/savp\\\/?s={search_term_string}\"},\"query-input\":{\"@type\":\"PropertyValueSpecification\",\"valueRequired\":true,\"valueName\":\"search_term_string\"}}],\"inLanguage\":\"fr-FR\"},{\"@type\":\"Organization\",\"@id\":\"https:\\\/\\\/unsa-paris.fr\\\/savp\\\/#organization\",\"name\":\"UNSA PARIS fili\u00e8re administrative\",\"url\":\"https:\\\/\\\/unsa-paris.fr\\\/savp\\\/\",\"logo\":{\"@type\":\"ImageObject\",\"inLanguage\":\"fr-FR\",\"@id\":\"https:\\\/\\\/unsa-paris.fr\\\/savp\\\/#\\\/schema\\\/logo\\\/image\\\/\",\"url\":\"https:\\\/\\\/unsa-paris.fr\\\/savp\\\/wp-content\\\/uploads\\\/2020\\\/10\\\/Logo_UNSA-V6.png\",\"contentUrl\":\"https:\\\/\\\/unsa-paris.fr\\\/savp\\\/wp-content\\\/uploads\\\/2020\\\/10\\\/Logo_UNSA-V6.png\",\"width\":986,\"height\":962,\"caption\":\"UNSA PARIS fili\u00e8re administrative\"},\"image\":{\"@id\":\"https:\\\/\\\/unsa-paris.fr\\\/savp\\\/#\\\/schema\\\/logo\\\/image\\\/\"}},{\"@type\":\"Person\",\"@id\":\"https:\\\/\\\/unsa-paris.fr\\\/savp\\\/#\\\/schema\\\/person\\\/7253f5acb55b402d9149796390e7bdde\",\"name\":\"UNSA SA\",\"image\":{\"@type\":\"ImageObject\",\"inLanguage\":\"fr-FR\",\"@id\":\"https:\\\/\\\/secure.gravatar.com\\\/avatar\\\/b78c582c0b7ba9a7147763b6638faa3db8f956662f0faffdc8b57058fad002f4?s=96&d=mm&r=g\",\"url\":\"https:\\\/\\\/secure.gravatar.com\\\/avatar\\\/b78c582c0b7ba9a7147763b6638faa3db8f956662f0faffdc8b57058fad002f4?s=96&d=mm&r=g\",\"contentUrl\":\"https:\\\/\\\/secure.gravatar.com\\\/avatar\\\/b78c582c0b7ba9a7147763b6638faa3db8f956662f0faffdc8b57058fad002f4?s=96&d=mm&r=g\",\"caption\":\"UNSA SA\"},\"sameAs\":[\"http:\\\/\\\/unsa-paris.fr\\\/savp\"],\"url\":\"https:\\\/\\\/unsa-paris.fr\\\/savp\\\/author\\\/fred\\\/\"}]}<\/script>\n<!-- \/ Yoast SEO plugin. -->","yoast_head_json":{"title":"R\u00c9UNION D'INFORMATION UNSA - Syndicat Autonome UNSA","robots":{"index":"index","follow":"follow","max-snippet":"max-snippet:-1","max-image-preview":"max-image-preview:large","max-video-preview":"max-video-preview:-1"},"canonical":"https:\/\/unsa-paris.fr\/savp\/2022\/06\/15\/reunion-dinformation-unsa\/","og_locale":"fr_FR","og_type":"article","og_title":"R\u00c9UNION D'INFORMATION UNSA - Syndicat Autonome UNSA","og_description":"A tous les SECR\u00c9TAIRES ADMINISTRATIFS Le syndicat Autonome UNSA VILLE DE PARIS vous convie \u00e0 une r\u00e9union d&rsquo;information syndicale LES ELECTIONS PROFESSIONNELLE 2022: ENJEUX ET PERSPECTIVES &nbsp;Le Mercredi 22 juin &hellip; Continuer la lecture de &laquo;&nbsp;R\u00c9UNION D&rsquo;INFORMATION UNSA&nbsp;&raquo;","og_url":"https:\/\/unsa-paris.fr\/savp\/2022\/06\/15\/reunion-dinformation-unsa\/","og_site_name":"Syndicat Autonome UNSA","article_published_time":"2022-06-15T10:59:13+00:00","article_modified_time":"2022-06-15T10:59:15+00:00","author":"UNSA SA","twitter_card":"summary_large_image","twitter_misc":{"\u00c9crit par":"UNSA SA","Dur\u00e9e de lecture estim\u00e9e":"2 minutes"},"schema":{"@context":"https:\/\/schema.org","@graph":[{"@type":"Article","@id":"https:\/\/unsa-paris.fr\/savp\/2022\/06\/15\/reunion-dinformation-unsa\/#article","isPartOf":{"@id":"https:\/\/unsa-paris.fr\/savp\/2022\/06\/15\/reunion-dinformation-unsa\/"},"author":{"name":"UNSA SA","@id":"https:\/\/unsa-paris.fr\/savp\/#\/schema\/person\/7253f5acb55b402d9149796390e7bdde"},"headline":"R\u00c9UNION D&rsquo;INFORMATION UNSA","datePublished":"2022-06-15T10:59:13+00:00","dateModified":"2022-06-15T10:59:15+00:00","mainEntityOfPage":{"@id":"https:\/\/unsa-paris.fr\/savp\/2022\/06\/15\/reunion-dinformation-unsa\/"},"wordCount":229,"commentCount":0,"publisher":{"@id":"https:\/\/unsa-paris.fr\/savp\/#organization"},"articleSection":["R\u00e9union"],"inLanguage":"fr-FR","potentialAction":[{"@type":"CommentAction","name":"Comment","target":["https:\/\/unsa-paris.fr\/savp\/2022\/06\/15\/reunion-dinformation-unsa\/#respond"]}]},{"@type":"WebPage","@id":"https:\/\/unsa-paris.fr\/savp\/2022\/06\/15\/reunion-dinformation-unsa\/","url":"https:\/\/unsa-paris.fr\/savp\/2022\/06\/15\/reunion-dinformation-unsa\/","name":"R\u00c9UNION D'INFORMATION UNSA - Syndicat Autonome UNSA","isPartOf":{"@id":"https:\/\/unsa-paris.fr\/savp\/#website"},"datePublished":"2022-06-15T10:59:13+00:00","dateModified":"2022-06-15T10:59:15+00:00","breadcrumb":{"@id":"https:\/\/unsa-paris.fr\/savp\/2022\/06\/15\/reunion-dinformation-unsa\/#breadcrumb"},"inLanguage":"fr-FR","potentialAction":[{"@type":"ReadAction","target":["https:\/\/unsa-paris.fr\/savp\/2022\/06\/15\/reunion-dinformation-unsa\/"]}]},{"@type":"BreadcrumbList","@id":"https:\/\/unsa-paris.fr\/savp\/2022\/06\/15\/reunion-dinformation-unsa\/#breadcrumb","itemListElement":[{"@type":"ListItem","position":1,"name":"Accueil","item":"https:\/\/unsa-paris.fr\/savp\/"},{"@type":"ListItem","position":2,"name":"R\u00c9UNION D&#8217;INFORMATION UNSA"}]},{"@type":"WebSite","@id":"https:\/\/unsa-paris.fr\/savp\/#website","url":"https:\/\/unsa-paris.fr\/savp\/","name":"Syndicat Autonome UNSA","description":"Section des secr\u00e9taires administratifs et des techniciens sup\u00e9rieurs","publisher":{"@id":"https:\/\/unsa-paris.fr\/savp\/#organization"},"potentialAction":[{"@type":"SearchAction","target":{"@type":"EntryPoint","urlTemplate":"https:\/\/unsa-paris.fr\/savp\/?s={search_term_string}"},"query-input":{"@type":"PropertyValueSpecification","valueRequired":true,"valueName":"search_term_string"}}],"inLanguage":"fr-FR"},{"@type":"Organization","@id":"https:\/\/unsa-paris.fr\/savp\/#organization","name":"UNSA PARIS fili\u00e8re administrative","url":"https:\/\/unsa-paris.fr\/savp\/","logo":{"@type":"ImageObject","inLanguage":"fr-FR","@id":"https:\/\/unsa-paris.fr\/savp\/#\/schema\/logo\/image\/","url":"https:\/\/unsa-paris.fr\/savp\/wp-content\/uploads\/2020\/10\/Logo_UNSA-V6.png","contentUrl":"https:\/\/unsa-paris.fr\/savp\/wp-content\/uploads\/2020\/10\/Logo_UNSA-V6.png","width":986,"height":962,"caption":"UNSA PARIS fili\u00e8re administrative"},"image":{"@id":"https:\/\/unsa-paris.fr\/savp\/#\/schema\/logo\/image\/"}},{"@type":"Person","@id":"https:\/\/unsa-paris.fr\/savp\/#\/schema\/person\/7253f5acb55b402d9149796390e7bdde","name":"UNSA SA","image":{"@type":"ImageObject","inLanguage":"fr-FR","@id":"https:\/\/secure.gravatar.com\/avatar\/b78c582c0b7ba9a7147763b6638faa3db8f956662f0faffdc8b57058fad002f4?s=96&d=mm&r=g","url":"https:\/\/secure.gravatar.com\/avatar\/b78c582c0b7ba9a7147763b6638faa3db8f956662f0faffdc8b57058fad002f4?s=96&d=mm&r=g","contentUrl":"https:\/\/secure.gravatar.com\/avatar\/b78c582c0b7ba9a7147763b6638faa3db8f956662f0faffdc8b57058fad002f4?s=96&d=mm&r=g","caption":"UNSA SA"},"sameAs":["http:\/\/unsa-paris.fr\/savp"],"url":"https:\/\/unsa-paris.fr\/savp\/author\/fred\/"}]}},"_links":{"self":[{"href":"https:\/\/unsa-paris.fr\/savp\/wp-json\/wp\/v2\/posts\/1630","targetHints":{"allow":["GET"]}}],"collection":[{"href":"https:\/\/unsa-paris.fr\/savp\/wp-json\/wp\/v2\/posts"}],"about":[{"href":"https:\/\/unsa-paris.fr\/savp\/wp-json\/wp\/v2\/types\/post"}],"author":[{"embeddable":true,"href":"https:\/\/unsa-paris.fr\/savp\/wp-json\/wp\/v2\/users\/2"}],"replies":[{"embeddable":true,"href":"https:\/\/unsa-paris.fr\/savp\/wp-json\/wp\/v2\/comments?post=1630"}],"version-history":[{"count":1,"href":"https:\/\/unsa-paris.fr\/savp\/wp-json\/wp\/v2\/posts\/1630\/revisions"}],"predecessor-version":[{"id":1631,"href":"https:\/\/unsa-paris.fr\/savp\/wp-json\/wp\/v2\/posts\/1630\/revisions\/1631"}],"wp:attachment":[{"href":"https:\/\/unsa-paris.fr\/savp\/wp-json\/wp\/v2\/media?parent=1630"}],"wp:term":[{"taxonomy":"category","embeddable":true,"href":"https:\/\/unsa-paris.fr\/savp\/wp-json\/wp\/v2\/categories?post=1630"},{"taxonomy":"post_tag","embeddable":true,"href":"https:\/\/unsa-paris.fr\/savp\/wp-json\/wp\/v2\/tags?post=1630"}],"curies":[{"name":"wp","href":"https:\/\/api.w.org\/{rel}","templated":true}]}}