{"id":1574,"date":"2022-04-27T11:55:12","date_gmt":"2022-04-27T09:55:12","guid":{"rendered":"https:\/\/unsa-paris.fr\/savp\/?p=1574"},"modified":"2022-04-27T11:55:13","modified_gmt":"2022-04-27T09:55:13","slug":"temps-de-travail-unanimite-contre-le-nouveau-reglement","status":"publish","type":"post","link":"https:\/\/unsa-paris.fr\/savp\/2022\/04\/27\/temps-de-travail-unanimite-contre-le-nouveau-reglement\/","title":{"rendered":"TEMPS DE TRAVAIL:  UNANIMIT\u00c9 CONTRE LE NOUVEAU R\u00c8GLEMENT!"},"content":{"rendered":"\n<figure class=\"wp-block-image size-full\"><img fetchpriority=\"high\" decoding=\"async\" width=\"716\" height=\"147\" src=\"https:\/\/unsa-paris.fr\/savp\/wp-content\/uploads\/2022\/04\/intersynd.png\" alt=\"\" class=\"wp-image-1580\" srcset=\"https:\/\/unsa-paris.fr\/savp\/wp-content\/uploads\/2022\/04\/intersynd.png 716w, https:\/\/unsa-paris.fr\/savp\/wp-content\/uploads\/2022\/04\/intersynd-300x62.png 300w\" sizes=\"(max-width: 709px) 85vw, (max-width: 909px) 67vw, (max-width: 984px) 61vw, (max-width: 1362px) 45vw, 600px\" \/><\/figure>\n\n\n\n<p>Le Comit\u00e9 Technique central consacr\u00e9 au nouveau r\u00e8glement temps de travail a eu lieu ce mardi 19 avril. <br>L\u2019intersyndicale \u00ab Pas une minute de plus ! \u00bb a demand\u00e9 que la Ville respecte son engagement de compenser la perte des 3 jours de suj\u00e9tion \u00ab Ville-capitale \u00bb pour tous les personnels.<br><\/p>\n\n\n\n<!--more-->\n\n\n\n<p>\u00c0 cet effet l\u2019intersyndicale a soumis par amendements&nbsp;:<\/p>\n\n\n\n<ul class=\"wp-block-list\"><li>Un tableau des suj\u00e9tions permettant la compensation des 3 jours perdus pour tous les coll\u00e8gues b\u00e9n\u00e9ficiant d\u00e9j\u00e0 d\u2019une suj\u00e9tion&nbsp;;<\/li><li>La cr\u00e9ation d\u2019une suj\u00e9tion li\u00e9e au travail sur \u00e9cran pour celles et ceux qui ne b\u00e9n\u00e9ficiaient d\u2019aucune suj\u00e9tion.<\/li><\/ul>\n\n\n\n<p>L\u2019ex\u00e9cutif repr\u00e9sent\u00e9 par M. Guillou a refus\u00e9 ces propositions vot\u00e9es par les repr\u00e9sentants des personnels. Il a aussi refus\u00e9 de soumettre au vote d\u2019autres amendements sous pr\u00e9texte qu\u2019ils avaient d\u00e9j\u00e0 re\u00e7us un avis d\u00e9favorable l\u2019an dernier, comme si la perte des 3 jours \u00ab\u00a0Ville-capitale\u00a0\u00bb ne modifiait pas largement la situation.<\/p>\n\n\n\n<p>M. Guillou a propos\u00e9, en s\u00e9ance, de compenser les niveaux de suj\u00e9tion 3, 4 et 5\u2026mais toujours pas les 0, 1 et 2 toujours largement l\u00e9s\u00e9s.<\/p>\n\n\n\n<p>Les syndicats n\u2019ayant pas eu la m\u00eame appr\u00e9ciation par rapport \u00e0 cette proposition, celle-ci n\u2019a pas recueilli de majorit\u00e9 favorable. L\u2019\u00e9lu a alors d\u00e9cid\u00e9 de\u2026la retirer&nbsp;!&nbsp;Alors qu\u2019il pouvait la maintenir.<\/p>\n\n\n\n<p>L\u2019ensemble des organisations syndicales a vot\u00e9 contre le r\u00e8glement temps de travail ce qui oblige la Ville \u00e0 convoquer une nouvelle fois le Comit\u00e9 Technique central (jeudi 28 avril prochain).<\/p>\n\n\n\n<p>L\u2019intersyndicale ne l\u00e2che rien. La Ville doit respecter sa parole et utiliser les moyens l\u00e9gaux \u00e0 sa disposition pour compenser la perte des 3 jours \u00ab&nbsp;Ville capitale&nbsp;\u00bb pour tous les personnels.<\/p>\n\n\n\n<p><strong>\u00c0 d\u00e9faut de nouvelles mesures permettant cette compensation pour tous, l\u2019intersyndicale s\u2019adressera aux groupes politiques d\u2019\u00e9lu.es pour que ses propositions soient relay\u00e9es au Conseil de Paris et donnera rendez-vous aux personnels le mardi 31 mai prochain \u00e0 l\u2019occasion de la r\u00e9union du Conseil de Paris.<\/strong><\/p>\n\n\n\n<p class=\"has-text-align-center\"><strong>pasuneminutedeplus@gmail.com<\/strong><\/p>\n\n\n\n<figure class=\"wp-block-table\"><table><tbody><tr><td class=\"has-text-align-center\" data-align=\"center\"><strong>PLUS QUE JAMAIS COMBATIFS ET D\u00c9TERMIN\u00c9S<\/strong> <br><strong>PAS UNE MINUTE DE PLUS\u00a0!<\/strong><\/td><\/tr><\/tbody><\/table><\/figure>\n","protected":false},"excerpt":{"rendered":"<p>Le Comit\u00e9 Technique central consacr\u00e9 au nouveau r\u00e8glement temps de travail a eu lieu ce mardi 19 avril. L\u2019intersyndicale \u00ab Pas une minute de plus ! \u00bb a demand\u00e9 que &hellip; <a href=\"https:\/\/unsa-paris.fr\/savp\/2022\/04\/27\/temps-de-travail-unanimite-contre-le-nouveau-reglement\/\" class=\"more-link\">Continuer la lecture<span class=\"screen-reader-text\"> de &laquo;&nbsp;TEMPS DE TRAVAIL:  UNANIMIT\u00c9 CONTRE LE NOUVEAU R\u00c8GLEMENT!&nbsp;&raquo;<\/span><\/a><\/p>\n","protected":false},"author":2,"featured_media":0,"comment_status":"open","ping_status":"open","sticky":false,"template":"","format":"standard","meta":{"footnotes":""},"categories":[9,12,5],"tags":[],"class_list":["post-1574","post","type-post","status-publish","format-standard","hentry","category-communique","category-dialogue-social","category-tempsdetravail"],"yoast_head":"<!-- This site is optimized with the Yoast SEO plugin v27.5 - https:\/\/yoast.com\/product\/yoast-seo-wordpress\/ -->\n<title>TEMPS DE TRAVAIL: UNANIMIT\u00c9 CONTRE LE NOUVEAU R\u00c8GLEMENT! - Syndicat Autonome UNSA<\/title>\n<meta name=\"robots\" content=\"index, follow, max-snippet:-1, max-image-preview:large, max-video-preview:-1\" \/>\n<link rel=\"canonical\" href=\"https:\/\/unsa-paris.fr\/savp\/2022\/04\/27\/temps-de-travail-unanimite-contre-le-nouveau-reglement\/\" \/>\n<meta property=\"og:locale\" content=\"fr_FR\" \/>\n<meta property=\"og:type\" content=\"article\" \/>\n<meta property=\"og:title\" content=\"TEMPS DE TRAVAIL: UNANIMIT\u00c9 CONTRE LE NOUVEAU R\u00c8GLEMENT! - Syndicat Autonome UNSA\" \/>\n<meta property=\"og:description\" content=\"Le Comit\u00e9 Technique central consacr\u00e9 au nouveau r\u00e8glement temps de travail a eu lieu ce mardi 19 avril. L\u2019intersyndicale \u00ab Pas une minute de plus ! \u00bb a demand\u00e9 que &hellip; Continuer la lecture de &laquo;&nbsp;TEMPS DE TRAVAIL: UNANIMIT\u00c9 CONTRE LE NOUVEAU R\u00c8GLEMENT!&nbsp;&raquo;\" \/>\n<meta property=\"og:url\" content=\"https:\/\/unsa-paris.fr\/savp\/2022\/04\/27\/temps-de-travail-unanimite-contre-le-nouveau-reglement\/\" \/>\n<meta property=\"og:site_name\" content=\"Syndicat Autonome UNSA\" \/>\n<meta property=\"article:published_time\" content=\"2022-04-27T09:55:12+00:00\" \/>\n<meta property=\"article:modified_time\" content=\"2022-04-27T09:55:13+00:00\" \/>\n<meta property=\"og:image\" content=\"https:\/\/unsa-paris.fr\/savp\/wp-content\/uploads\/2022\/04\/intersynd.png\" \/>\n<meta name=\"author\" content=\"UNSA SA\" \/>\n<meta name=\"twitter:card\" content=\"summary_large_image\" \/>\n<meta name=\"twitter:label1\" content=\"\u00c9crit par\" \/>\n\t<meta name=\"twitter:data1\" content=\"UNSA SA\" \/>\n\t<meta name=\"twitter:label2\" content=\"Dur\u00e9e de lecture estim\u00e9e\" \/>\n\t<meta name=\"twitter:data2\" content=\"2 minutes\" \/>\n<script type=\"application\/ld+json\" class=\"yoast-schema-graph\">{\"@context\":\"https:\\\/\\\/schema.org\",\"@graph\":[{\"@type\":\"Article\",\"@id\":\"https:\\\/\\\/unsa-paris.fr\\\/savp\\\/2022\\\/04\\\/27\\\/temps-de-travail-unanimite-contre-le-nouveau-reglement\\\/#article\",\"isPartOf\":{\"@id\":\"https:\\\/\\\/unsa-paris.fr\\\/savp\\\/2022\\\/04\\\/27\\\/temps-de-travail-unanimite-contre-le-nouveau-reglement\\\/\"},\"author\":{\"name\":\"UNSA SA\",\"@id\":\"https:\\\/\\\/unsa-paris.fr\\\/savp\\\/#\\\/schema\\\/person\\\/7253f5acb55b402d9149796390e7bdde\"},\"headline\":\"TEMPS DE TRAVAIL: UNANIMIT\u00c9 CONTRE LE NOUVEAU R\u00c8GLEMENT!\",\"datePublished\":\"2022-04-27T09:55:12+00:00\",\"dateModified\":\"2022-04-27T09:55:13+00:00\",\"mainEntityOfPage\":{\"@id\":\"https:\\\/\\\/unsa-paris.fr\\\/savp\\\/2022\\\/04\\\/27\\\/temps-de-travail-unanimite-contre-le-nouveau-reglement\\\/\"},\"wordCount\":373,\"commentCount\":0,\"publisher\":{\"@id\":\"https:\\\/\\\/unsa-paris.fr\\\/savp\\\/#organization\"},\"image\":{\"@id\":\"https:\\\/\\\/unsa-paris.fr\\\/savp\\\/2022\\\/04\\\/27\\\/temps-de-travail-unanimite-contre-le-nouveau-reglement\\\/#primaryimage\"},\"thumbnailUrl\":\"https:\\\/\\\/unsa-paris.fr\\\/savp\\\/wp-content\\\/uploads\\\/2022\\\/04\\\/intersynd.png\",\"articleSection\":[\"Communique\",\"Dialogue social\",\"Tempsdetravail\"],\"inLanguage\":\"fr-FR\",\"potentialAction\":[{\"@type\":\"CommentAction\",\"name\":\"Comment\",\"target\":[\"https:\\\/\\\/unsa-paris.fr\\\/savp\\\/2022\\\/04\\\/27\\\/temps-de-travail-unanimite-contre-le-nouveau-reglement\\\/#respond\"]}]},{\"@type\":\"WebPage\",\"@id\":\"https:\\\/\\\/unsa-paris.fr\\\/savp\\\/2022\\\/04\\\/27\\\/temps-de-travail-unanimite-contre-le-nouveau-reglement\\\/\",\"url\":\"https:\\\/\\\/unsa-paris.fr\\\/savp\\\/2022\\\/04\\\/27\\\/temps-de-travail-unanimite-contre-le-nouveau-reglement\\\/\",\"name\":\"TEMPS DE TRAVAIL: UNANIMIT\u00c9 CONTRE LE NOUVEAU R\u00c8GLEMENT! - Syndicat Autonome UNSA\",\"isPartOf\":{\"@id\":\"https:\\\/\\\/unsa-paris.fr\\\/savp\\\/#website\"},\"primaryImageOfPage\":{\"@id\":\"https:\\\/\\\/unsa-paris.fr\\\/savp\\\/2022\\\/04\\\/27\\\/temps-de-travail-unanimite-contre-le-nouveau-reglement\\\/#primaryimage\"},\"image\":{\"@id\":\"https:\\\/\\\/unsa-paris.fr\\\/savp\\\/2022\\\/04\\\/27\\\/temps-de-travail-unanimite-contre-le-nouveau-reglement\\\/#primaryimage\"},\"thumbnailUrl\":\"https:\\\/\\\/unsa-paris.fr\\\/savp\\\/wp-content\\\/uploads\\\/2022\\\/04\\\/intersynd.png\",\"datePublished\":\"2022-04-27T09:55:12+00:00\",\"dateModified\":\"2022-04-27T09:55:13+00:00\",\"breadcrumb\":{\"@id\":\"https:\\\/\\\/unsa-paris.fr\\\/savp\\\/2022\\\/04\\\/27\\\/temps-de-travail-unanimite-contre-le-nouveau-reglement\\\/#breadcrumb\"},\"inLanguage\":\"fr-FR\",\"potentialAction\":[{\"@type\":\"ReadAction\",\"target\":[\"https:\\\/\\\/unsa-paris.fr\\\/savp\\\/2022\\\/04\\\/27\\\/temps-de-travail-unanimite-contre-le-nouveau-reglement\\\/\"]}]},{\"@type\":\"ImageObject\",\"inLanguage\":\"fr-FR\",\"@id\":\"https:\\\/\\\/unsa-paris.fr\\\/savp\\\/2022\\\/04\\\/27\\\/temps-de-travail-unanimite-contre-le-nouveau-reglement\\\/#primaryimage\",\"url\":\"https:\\\/\\\/unsa-paris.fr\\\/savp\\\/wp-content\\\/uploads\\\/2022\\\/04\\\/intersynd.png\",\"contentUrl\":\"https:\\\/\\\/unsa-paris.fr\\\/savp\\\/wp-content\\\/uploads\\\/2022\\\/04\\\/intersynd.png\",\"width\":716,\"height\":147},{\"@type\":\"BreadcrumbList\",\"@id\":\"https:\\\/\\\/unsa-paris.fr\\\/savp\\\/2022\\\/04\\\/27\\\/temps-de-travail-unanimite-contre-le-nouveau-reglement\\\/#breadcrumb\",\"itemListElement\":[{\"@type\":\"ListItem\",\"position\":1,\"name\":\"Accueil\",\"item\":\"https:\\\/\\\/unsa-paris.fr\\\/savp\\\/\"},{\"@type\":\"ListItem\",\"position\":2,\"name\":\"TEMPS DE TRAVAIL: UNANIMIT\u00c9 CONTRE LE NOUVEAU R\u00c8GLEMENT!\"}]},{\"@type\":\"WebSite\",\"@id\":\"https:\\\/\\\/unsa-paris.fr\\\/savp\\\/#website\",\"url\":\"https:\\\/\\\/unsa-paris.fr\\\/savp\\\/\",\"name\":\"Syndicat Autonome UNSA\",\"description\":\"Section des secr\u00e9taires administratifs et des techniciens sup\u00e9rieurs\",\"publisher\":{\"@id\":\"https:\\\/\\\/unsa-paris.fr\\\/savp\\\/#organization\"},\"potentialAction\":[{\"@type\":\"SearchAction\",\"target\":{\"@type\":\"EntryPoint\",\"urlTemplate\":\"https:\\\/\\\/unsa-paris.fr\\\/savp\\\/?s={search_term_string}\"},\"query-input\":{\"@type\":\"PropertyValueSpecification\",\"valueRequired\":true,\"valueName\":\"search_term_string\"}}],\"inLanguage\":\"fr-FR\"},{\"@type\":\"Organization\",\"@id\":\"https:\\\/\\\/unsa-paris.fr\\\/savp\\\/#organization\",\"name\":\"UNSA PARIS fili\u00e8re administrative\",\"url\":\"https:\\\/\\\/unsa-paris.fr\\\/savp\\\/\",\"logo\":{\"@type\":\"ImageObject\",\"inLanguage\":\"fr-FR\",\"@id\":\"https:\\\/\\\/unsa-paris.fr\\\/savp\\\/#\\\/schema\\\/logo\\\/image\\\/\",\"url\":\"https:\\\/\\\/unsa-paris.fr\\\/savp\\\/wp-content\\\/uploads\\\/2020\\\/10\\\/Logo_UNSA-V6.png\",\"contentUrl\":\"https:\\\/\\\/unsa-paris.fr\\\/savp\\\/wp-content\\\/uploads\\\/2020\\\/10\\\/Logo_UNSA-V6.png\",\"width\":986,\"height\":962,\"caption\":\"UNSA PARIS fili\u00e8re administrative\"},\"image\":{\"@id\":\"https:\\\/\\\/unsa-paris.fr\\\/savp\\\/#\\\/schema\\\/logo\\\/image\\\/\"}},{\"@type\":\"Person\",\"@id\":\"https:\\\/\\\/unsa-paris.fr\\\/savp\\\/#\\\/schema\\\/person\\\/7253f5acb55b402d9149796390e7bdde\",\"name\":\"UNSA SA\",\"image\":{\"@type\":\"ImageObject\",\"inLanguage\":\"fr-FR\",\"@id\":\"https:\\\/\\\/secure.gravatar.com\\\/avatar\\\/b78c582c0b7ba9a7147763b6638faa3db8f956662f0faffdc8b57058fad002f4?s=96&d=mm&r=g\",\"url\":\"https:\\\/\\\/secure.gravatar.com\\\/avatar\\\/b78c582c0b7ba9a7147763b6638faa3db8f956662f0faffdc8b57058fad002f4?s=96&d=mm&r=g\",\"contentUrl\":\"https:\\\/\\\/secure.gravatar.com\\\/avatar\\\/b78c582c0b7ba9a7147763b6638faa3db8f956662f0faffdc8b57058fad002f4?s=96&d=mm&r=g\",\"caption\":\"UNSA SA\"},\"sameAs\":[\"http:\\\/\\\/unsa-paris.fr\\\/savp\"],\"url\":\"https:\\\/\\\/unsa-paris.fr\\\/savp\\\/author\\\/fred\\\/\"}]}<\/script>\n<!-- \/ Yoast SEO plugin. -->","yoast_head_json":{"title":"TEMPS DE TRAVAIL: UNANIMIT\u00c9 CONTRE LE NOUVEAU R\u00c8GLEMENT! - Syndicat Autonome UNSA","robots":{"index":"index","follow":"follow","max-snippet":"max-snippet:-1","max-image-preview":"max-image-preview:large","max-video-preview":"max-video-preview:-1"},"canonical":"https:\/\/unsa-paris.fr\/savp\/2022\/04\/27\/temps-de-travail-unanimite-contre-le-nouveau-reglement\/","og_locale":"fr_FR","og_type":"article","og_title":"TEMPS DE TRAVAIL: UNANIMIT\u00c9 CONTRE LE NOUVEAU R\u00c8GLEMENT! - Syndicat Autonome UNSA","og_description":"Le Comit\u00e9 Technique central consacr\u00e9 au nouveau r\u00e8glement temps de travail a eu lieu ce mardi 19 avril. L\u2019intersyndicale \u00ab Pas une minute de plus ! \u00bb a demand\u00e9 que &hellip; Continuer la lecture de &laquo;&nbsp;TEMPS DE TRAVAIL: UNANIMIT\u00c9 CONTRE LE NOUVEAU R\u00c8GLEMENT!&nbsp;&raquo;","og_url":"https:\/\/unsa-paris.fr\/savp\/2022\/04\/27\/temps-de-travail-unanimite-contre-le-nouveau-reglement\/","og_site_name":"Syndicat Autonome UNSA","article_published_time":"2022-04-27T09:55:12+00:00","article_modified_time":"2022-04-27T09:55:13+00:00","og_image":[{"url":"https:\/\/unsa-paris.fr\/savp\/wp-content\/uploads\/2022\/04\/intersynd.png","type":"","width":"","height":""}],"author":"UNSA SA","twitter_card":"summary_large_image","twitter_misc":{"\u00c9crit par":"UNSA SA","Dur\u00e9e de lecture estim\u00e9e":"2 minutes"},"schema":{"@context":"https:\/\/schema.org","@graph":[{"@type":"Article","@id":"https:\/\/unsa-paris.fr\/savp\/2022\/04\/27\/temps-de-travail-unanimite-contre-le-nouveau-reglement\/#article","isPartOf":{"@id":"https:\/\/unsa-paris.fr\/savp\/2022\/04\/27\/temps-de-travail-unanimite-contre-le-nouveau-reglement\/"},"author":{"name":"UNSA SA","@id":"https:\/\/unsa-paris.fr\/savp\/#\/schema\/person\/7253f5acb55b402d9149796390e7bdde"},"headline":"TEMPS DE TRAVAIL: UNANIMIT\u00c9 CONTRE LE NOUVEAU R\u00c8GLEMENT!","datePublished":"2022-04-27T09:55:12+00:00","dateModified":"2022-04-27T09:55:13+00:00","mainEntityOfPage":{"@id":"https:\/\/unsa-paris.fr\/savp\/2022\/04\/27\/temps-de-travail-unanimite-contre-le-nouveau-reglement\/"},"wordCount":373,"commentCount":0,"publisher":{"@id":"https:\/\/unsa-paris.fr\/savp\/#organization"},"image":{"@id":"https:\/\/unsa-paris.fr\/savp\/2022\/04\/27\/temps-de-travail-unanimite-contre-le-nouveau-reglement\/#primaryimage"},"thumbnailUrl":"https:\/\/unsa-paris.fr\/savp\/wp-content\/uploads\/2022\/04\/intersynd.png","articleSection":["Communique","Dialogue social","Tempsdetravail"],"inLanguage":"fr-FR","potentialAction":[{"@type":"CommentAction","name":"Comment","target":["https:\/\/unsa-paris.fr\/savp\/2022\/04\/27\/temps-de-travail-unanimite-contre-le-nouveau-reglement\/#respond"]}]},{"@type":"WebPage","@id":"https:\/\/unsa-paris.fr\/savp\/2022\/04\/27\/temps-de-travail-unanimite-contre-le-nouveau-reglement\/","url":"https:\/\/unsa-paris.fr\/savp\/2022\/04\/27\/temps-de-travail-unanimite-contre-le-nouveau-reglement\/","name":"TEMPS DE TRAVAIL: UNANIMIT\u00c9 CONTRE LE NOUVEAU R\u00c8GLEMENT! - Syndicat Autonome UNSA","isPartOf":{"@id":"https:\/\/unsa-paris.fr\/savp\/#website"},"primaryImageOfPage":{"@id":"https:\/\/unsa-paris.fr\/savp\/2022\/04\/27\/temps-de-travail-unanimite-contre-le-nouveau-reglement\/#primaryimage"},"image":{"@id":"https:\/\/unsa-paris.fr\/savp\/2022\/04\/27\/temps-de-travail-unanimite-contre-le-nouveau-reglement\/#primaryimage"},"thumbnailUrl":"https:\/\/unsa-paris.fr\/savp\/wp-content\/uploads\/2022\/04\/intersynd.png","datePublished":"2022-04-27T09:55:12+00:00","dateModified":"2022-04-27T09:55:13+00:00","breadcrumb":{"@id":"https:\/\/unsa-paris.fr\/savp\/2022\/04\/27\/temps-de-travail-unanimite-contre-le-nouveau-reglement\/#breadcrumb"},"inLanguage":"fr-FR","potentialAction":[{"@type":"ReadAction","target":["https:\/\/unsa-paris.fr\/savp\/2022\/04\/27\/temps-de-travail-unanimite-contre-le-nouveau-reglement\/"]}]},{"@type":"ImageObject","inLanguage":"fr-FR","@id":"https:\/\/unsa-paris.fr\/savp\/2022\/04\/27\/temps-de-travail-unanimite-contre-le-nouveau-reglement\/#primaryimage","url":"https:\/\/unsa-paris.fr\/savp\/wp-content\/uploads\/2022\/04\/intersynd.png","contentUrl":"https:\/\/unsa-paris.fr\/savp\/wp-content\/uploads\/2022\/04\/intersynd.png","width":716,"height":147},{"@type":"BreadcrumbList","@id":"https:\/\/unsa-paris.fr\/savp\/2022\/04\/27\/temps-de-travail-unanimite-contre-le-nouveau-reglement\/#breadcrumb","itemListElement":[{"@type":"ListItem","position":1,"name":"Accueil","item":"https:\/\/unsa-paris.fr\/savp\/"},{"@type":"ListItem","position":2,"name":"TEMPS DE TRAVAIL: UNANIMIT\u00c9 CONTRE LE NOUVEAU R\u00c8GLEMENT!"}]},{"@type":"WebSite","@id":"https:\/\/unsa-paris.fr\/savp\/#website","url":"https:\/\/unsa-paris.fr\/savp\/","name":"Syndicat Autonome UNSA","description":"Section des secr\u00e9taires administratifs et des techniciens sup\u00e9rieurs","publisher":{"@id":"https:\/\/unsa-paris.fr\/savp\/#organization"},"potentialAction":[{"@type":"SearchAction","target":{"@type":"EntryPoint","urlTemplate":"https:\/\/unsa-paris.fr\/savp\/?s={search_term_string}"},"query-input":{"@type":"PropertyValueSpecification","valueRequired":true,"valueName":"search_term_string"}}],"inLanguage":"fr-FR"},{"@type":"Organization","@id":"https:\/\/unsa-paris.fr\/savp\/#organization","name":"UNSA PARIS fili\u00e8re administrative","url":"https:\/\/unsa-paris.fr\/savp\/","logo":{"@type":"ImageObject","inLanguage":"fr-FR","@id":"https:\/\/unsa-paris.fr\/savp\/#\/schema\/logo\/image\/","url":"https:\/\/unsa-paris.fr\/savp\/wp-content\/uploads\/2020\/10\/Logo_UNSA-V6.png","contentUrl":"https:\/\/unsa-paris.fr\/savp\/wp-content\/uploads\/2020\/10\/Logo_UNSA-V6.png","width":986,"height":962,"caption":"UNSA PARIS fili\u00e8re administrative"},"image":{"@id":"https:\/\/unsa-paris.fr\/savp\/#\/schema\/logo\/image\/"}},{"@type":"Person","@id":"https:\/\/unsa-paris.fr\/savp\/#\/schema\/person\/7253f5acb55b402d9149796390e7bdde","name":"UNSA SA","image":{"@type":"ImageObject","inLanguage":"fr-FR","@id":"https:\/\/secure.gravatar.com\/avatar\/b78c582c0b7ba9a7147763b6638faa3db8f956662f0faffdc8b57058fad002f4?s=96&d=mm&r=g","url":"https:\/\/secure.gravatar.com\/avatar\/b78c582c0b7ba9a7147763b6638faa3db8f956662f0faffdc8b57058fad002f4?s=96&d=mm&r=g","contentUrl":"https:\/\/secure.gravatar.com\/avatar\/b78c582c0b7ba9a7147763b6638faa3db8f956662f0faffdc8b57058fad002f4?s=96&d=mm&r=g","caption":"UNSA SA"},"sameAs":["http:\/\/unsa-paris.fr\/savp"],"url":"https:\/\/unsa-paris.fr\/savp\/author\/fred\/"}]}},"_links":{"self":[{"href":"https:\/\/unsa-paris.fr\/savp\/wp-json\/wp\/v2\/posts\/1574","targetHints":{"allow":["GET"]}}],"collection":[{"href":"https:\/\/unsa-paris.fr\/savp\/wp-json\/wp\/v2\/posts"}],"about":[{"href":"https:\/\/unsa-paris.fr\/savp\/wp-json\/wp\/v2\/types\/post"}],"author":[{"embeddable":true,"href":"https:\/\/unsa-paris.fr\/savp\/wp-json\/wp\/v2\/users\/2"}],"replies":[{"embeddable":true,"href":"https:\/\/unsa-paris.fr\/savp\/wp-json\/wp\/v2\/comments?post=1574"}],"version-history":[{"count":4,"href":"https:\/\/unsa-paris.fr\/savp\/wp-json\/wp\/v2\/posts\/1574\/revisions"}],"predecessor-version":[{"id":1599,"href":"https:\/\/unsa-paris.fr\/savp\/wp-json\/wp\/v2\/posts\/1574\/revisions\/1599"}],"wp:attachment":[{"href":"https:\/\/unsa-paris.fr\/savp\/wp-json\/wp\/v2\/media?parent=1574"}],"wp:term":[{"taxonomy":"category","embeddable":true,"href":"https:\/\/unsa-paris.fr\/savp\/wp-json\/wp\/v2\/categories?post=1574"},{"taxonomy":"post_tag","embeddable":true,"href":"https:\/\/unsa-paris.fr\/savp\/wp-json\/wp\/v2\/tags?post=1574"}],"curies":[{"name":"wp","href":"https:\/\/api.w.org\/{rel}","templated":true}]}}