{"id":1486,"date":"2022-03-17T19:31:12","date_gmt":"2022-03-17T18:31:12","guid":{"rendered":"https:\/\/unsa-paris.fr\/savp\/?p=1486"},"modified":"2022-03-21T16:49:10","modified_gmt":"2022-03-21T15:49:10","slug":"temps-de-travail-lintersyndicale-pas-une-minute-de-plus-%ef%bf%bc-appelle-a-la-mobilisation-le-mardi-22-mars","status":"publish","type":"post","link":"https:\/\/unsa-paris.fr\/savp\/2022\/03\/17\/temps-de-travail-lintersyndicale-pas-une-minute-de-plus-%ef%bf%bc-appelle-a-la-mobilisation-le-mardi-22-mars\/","title":{"rendered":"Temps de travail: l\u2019intersyndicale \u00ab\u00a0Pas une minute de plus!\u00a0\u00bb appelle \u00e0 la mobilisation le mardi 22 mars."},"content":{"rendered":"\t\t<div data-elementor-type=\"wp-post\" data-elementor-id=\"1486\" class=\"elementor elementor-1486\">\n\t\t\t\t\t\t<section class=\"elementor-section elementor-top-section elementor-element elementor-element-5b0b034 elementor-section-boxed elementor-section-height-default elementor-section-height-default\" data-id=\"5b0b034\" data-element_type=\"section\" data-e-type=\"section\">\n\t\t\t\t\t\t<div class=\"elementor-container elementor-column-gap-default\">\n\t\t\t\t\t<div class=\"elementor-column elementor-col-100 elementor-top-column elementor-element elementor-element-6ca78f6\" data-id=\"6ca78f6\" data-element_type=\"column\" data-e-type=\"column\">\n\t\t\t<div class=\"elementor-widget-wrap elementor-element-populated\">\n\t\t\t\t\t\t<div class=\"elementor-element elementor-element-72c80bf elementor-widget elementor-widget-text-editor\" data-id=\"72c80bf\" data-element_type=\"widget\" data-e-type=\"widget\" data-widget_type=\"text-editor.default\">\n\t\t\t\t<div class=\"elementor-widget-container\">\n\t\t\t\t\t\t\t\t\t<p><span style=\"color: #000000;\"><span dir=\"ltr\" role=\"presentation\">En d\u00e9pit des engagements publics de Madame Hidalgo, la Ville confirme qu\u2019elle n\u2019entend <\/span><span dir=\"ltr\" role=\"presentation\">m\u00eame pas compenser totalement la perte des 3 jours de suj\u00e9tion \u00ab<\/span> <span dir=\"ltr\" role=\"presentation\">Ville Capitale<\/span> <span dir=\"ltr\" role=\"presentation\">\u00bb en cas de <\/span><span dir=\"ltr\" role=\"presentation\">suppression par le Tribunal Admini<\/span><span dir=\"ltr\" role=\"presentation\">stratif.<\/span><\/span><\/p><p><span style=\"color: #000000;\">Lire le pr\u00e9avis de gr\u00e8ve (<a href=\"https:\/\/unsa-paris.fr\/savp\/wp-content\/uploads\/2022\/03\/2022_03_11-pre\u0301avis-de-gre\u0300ve-Intersyndical-22-mars-2022.pdf\">ici<\/a>)<\/span><\/p>\t\t\t\t\t\t\t\t<\/div>\n\t\t\t\t<\/div>\n\t\t\t\t\t<\/div>\n\t\t<\/div>\n\t\t\t\t\t<\/div>\n\t\t<\/section>\n\t\t\t\t<\/div>\n\t\t","protected":false},"excerpt":{"rendered":"<p>En d\u00e9pit des engagements publics de Madame Hidalgo, la Ville confirme qu\u2019elle n\u2019entend m\u00eame pas compenser totalement la perte des 3 jours de suj\u00e9tion \u00ab Ville Capitale \u00bb en cas &hellip; <a href=\"https:\/\/unsa-paris.fr\/savp\/2022\/03\/17\/temps-de-travail-lintersyndicale-pas-une-minute-de-plus-%ef%bf%bc-appelle-a-la-mobilisation-le-mardi-22-mars\/\" class=\"more-link\">Continuer la lecture<span class=\"screen-reader-text\"> de &laquo;&nbsp;Temps de travail: l\u2019intersyndicale \u00ab\u00a0Pas une minute de plus!\u00a0\u00bb appelle \u00e0 la mobilisation le mardi 22 mars.&nbsp;&raquo;<\/span><\/a><\/p>\n","protected":false},"author":1,"featured_media":0,"comment_status":"open","ping_status":"open","sticky":false,"template":"","format":"standard","meta":{"footnotes":""},"categories":[1],"tags":[],"class_list":["post-1486","post","type-post","status-publish","format-standard","hentry","category-non-classe"],"yoast_head":"<!-- This site is optimized with the Yoast SEO plugin v27.4 - https:\/\/yoast.com\/product\/yoast-seo-wordpress\/ -->\n<title>Temps de travail: l\u2019intersyndicale &quot;Pas une minute de plus!&quot; appelle \u00e0 la mobilisation le mardi 22 mars. - Syndicat Autonome UNSA<\/title>\n<meta name=\"robots\" content=\"index, follow, max-snippet:-1, max-image-preview:large, max-video-preview:-1\" \/>\n<link rel=\"canonical\" href=\"https:\/\/unsa-paris.fr\/savp\/2022\/03\/17\/temps-de-travail-lintersyndicale-pas-une-minute-de-plus-\ufffc-appelle-a-la-mobilisation-le-mardi-22-mars\/\" \/>\n<meta property=\"og:locale\" content=\"fr_FR\" \/>\n<meta property=\"og:type\" content=\"article\" \/>\n<meta property=\"og:title\" content=\"Temps de travail: l\u2019intersyndicale &quot;Pas une minute de plus!&quot; appelle \u00e0 la mobilisation le mardi 22 mars. - Syndicat Autonome UNSA\" \/>\n<meta property=\"og:description\" content=\"En d\u00e9pit des engagements publics de Madame Hidalgo, la Ville confirme qu\u2019elle n\u2019entend m\u00eame pas compenser totalement la perte des 3 jours de suj\u00e9tion \u00ab Ville Capitale \u00bb en cas &hellip; Continuer la lecture de &laquo;&nbsp;Temps de travail: l\u2019intersyndicale \u00ab\u00a0Pas une minute de plus!\u00a0\u00bb appelle \u00e0 la mobilisation le mardi 22 mars.&nbsp;&raquo;\" \/>\n<meta property=\"og:url\" content=\"https:\/\/unsa-paris.fr\/savp\/2022\/03\/17\/temps-de-travail-lintersyndicale-pas-une-minute-de-plus-\ufffc-appelle-a-la-mobilisation-le-mardi-22-mars\/\" \/>\n<meta property=\"og:site_name\" content=\"Syndicat Autonome UNSA\" \/>\n<meta property=\"article:published_time\" content=\"2022-03-17T18:31:12+00:00\" \/>\n<meta property=\"article:modified_time\" content=\"2022-03-21T15:49:10+00:00\" \/>\n<meta name=\"author\" content=\"militant\" \/>\n<meta name=\"twitter:card\" content=\"summary_large_image\" \/>\n<meta name=\"twitter:label1\" content=\"\u00c9crit par\" \/>\n\t<meta name=\"twitter:data1\" content=\"militant\" \/>\n\t<meta name=\"twitter:label2\" content=\"Dur\u00e9e de lecture estim\u00e9e\" \/>\n\t<meta name=\"twitter:data2\" content=\"1 minute\" \/>\n<script type=\"application\/ld+json\" class=\"yoast-schema-graph\">{\"@context\":\"https:\\\/\\\/schema.org\",\"@graph\":[{\"@type\":\"Article\",\"@id\":\"https:\\\/\\\/unsa-paris.fr\\\/savp\\\/2022\\\/03\\\/17\\\/temps-de-travail-lintersyndicale-pas-une-minute-de-plus-%ef%bf%bc-appelle-a-la-mobilisation-le-mardi-22-mars\\\/#article\",\"isPartOf\":{\"@id\":\"https:\\\/\\\/unsa-paris.fr\\\/savp\\\/2022\\\/03\\\/17\\\/temps-de-travail-lintersyndicale-pas-une-minute-de-plus-%ef%bf%bc-appelle-a-la-mobilisation-le-mardi-22-mars\\\/\"},\"author\":{\"name\":\"militant\",\"@id\":\"https:\\\/\\\/unsa-paris.fr\\\/savp\\\/#\\\/schema\\\/person\\\/656755f73ac5921fc7e2e35124af2ae1\"},\"headline\":\"Temps de travail: l\u2019intersyndicale \u00ab\u00a0Pas une minute de plus!\u00a0\u00bb appelle \u00e0 la mobilisation le mardi 22 mars.\",\"datePublished\":\"2022-03-17T18:31:12+00:00\",\"dateModified\":\"2022-03-21T15:49:10+00:00\",\"mainEntityOfPage\":{\"@id\":\"https:\\\/\\\/unsa-paris.fr\\\/savp\\\/2022\\\/03\\\/17\\\/temps-de-travail-lintersyndicale-pas-une-minute-de-plus-%ef%bf%bc-appelle-a-la-mobilisation-le-mardi-22-mars\\\/\"},\"wordCount\":62,\"commentCount\":0,\"publisher\":{\"@id\":\"https:\\\/\\\/unsa-paris.fr\\\/savp\\\/#organization\"},\"articleSection\":[\"non-classe\"],\"inLanguage\":\"fr-FR\",\"potentialAction\":[{\"@type\":\"CommentAction\",\"name\":\"Comment\",\"target\":[\"https:\\\/\\\/unsa-paris.fr\\\/savp\\\/2022\\\/03\\\/17\\\/temps-de-travail-lintersyndicale-pas-une-minute-de-plus-%ef%bf%bc-appelle-a-la-mobilisation-le-mardi-22-mars\\\/#respond\"]}]},{\"@type\":\"WebPage\",\"@id\":\"https:\\\/\\\/unsa-paris.fr\\\/savp\\\/2022\\\/03\\\/17\\\/temps-de-travail-lintersyndicale-pas-une-minute-de-plus-%ef%bf%bc-appelle-a-la-mobilisation-le-mardi-22-mars\\\/\",\"url\":\"https:\\\/\\\/unsa-paris.fr\\\/savp\\\/2022\\\/03\\\/17\\\/temps-de-travail-lintersyndicale-pas-une-minute-de-plus-%ef%bf%bc-appelle-a-la-mobilisation-le-mardi-22-mars\\\/\",\"name\":\"Temps de travail: l\u2019intersyndicale \\\"Pas une minute de plus!\\\" appelle \u00e0 la mobilisation le mardi 22 mars. - Syndicat Autonome UNSA\",\"isPartOf\":{\"@id\":\"https:\\\/\\\/unsa-paris.fr\\\/savp\\\/#website\"},\"datePublished\":\"2022-03-17T18:31:12+00:00\",\"dateModified\":\"2022-03-21T15:49:10+00:00\",\"breadcrumb\":{\"@id\":\"https:\\\/\\\/unsa-paris.fr\\\/savp\\\/2022\\\/03\\\/17\\\/temps-de-travail-lintersyndicale-pas-une-minute-de-plus-%ef%bf%bc-appelle-a-la-mobilisation-le-mardi-22-mars\\\/#breadcrumb\"},\"inLanguage\":\"fr-FR\",\"potentialAction\":[{\"@type\":\"ReadAction\",\"target\":[\"https:\\\/\\\/unsa-paris.fr\\\/savp\\\/2022\\\/03\\\/17\\\/temps-de-travail-lintersyndicale-pas-une-minute-de-plus-%ef%bf%bc-appelle-a-la-mobilisation-le-mardi-22-mars\\\/\"]}]},{\"@type\":\"BreadcrumbList\",\"@id\":\"https:\\\/\\\/unsa-paris.fr\\\/savp\\\/2022\\\/03\\\/17\\\/temps-de-travail-lintersyndicale-pas-une-minute-de-plus-%ef%bf%bc-appelle-a-la-mobilisation-le-mardi-22-mars\\\/#breadcrumb\",\"itemListElement\":[{\"@type\":\"ListItem\",\"position\":1,\"name\":\"Accueil\",\"item\":\"https:\\\/\\\/unsa-paris.fr\\\/savp\\\/\"},{\"@type\":\"ListItem\",\"position\":2,\"name\":\"Temps de travail: l\u2019intersyndicale \u00ab\u00a0Pas une minute de plus!\u00a0\u00bb appelle \u00e0 la mobilisation le mardi 22 mars.\"}]},{\"@type\":\"WebSite\",\"@id\":\"https:\\\/\\\/unsa-paris.fr\\\/savp\\\/#website\",\"url\":\"https:\\\/\\\/unsa-paris.fr\\\/savp\\\/\",\"name\":\"Syndicat Autonome UNSA\",\"description\":\"Section des secr\u00e9taires administratifs et des techniciens sup\u00e9rieurs\",\"publisher\":{\"@id\":\"https:\\\/\\\/unsa-paris.fr\\\/savp\\\/#organization\"},\"potentialAction\":[{\"@type\":\"SearchAction\",\"target\":{\"@type\":\"EntryPoint\",\"urlTemplate\":\"https:\\\/\\\/unsa-paris.fr\\\/savp\\\/?s={search_term_string}\"},\"query-input\":{\"@type\":\"PropertyValueSpecification\",\"valueRequired\":true,\"valueName\":\"search_term_string\"}}],\"inLanguage\":\"fr-FR\"},{\"@type\":\"Organization\",\"@id\":\"https:\\\/\\\/unsa-paris.fr\\\/savp\\\/#organization\",\"name\":\"UNSA PARIS fili\u00e8re administrative\",\"url\":\"https:\\\/\\\/unsa-paris.fr\\\/savp\\\/\",\"logo\":{\"@type\":\"ImageObject\",\"inLanguage\":\"fr-FR\",\"@id\":\"https:\\\/\\\/unsa-paris.fr\\\/savp\\\/#\\\/schema\\\/logo\\\/image\\\/\",\"url\":\"https:\\\/\\\/unsa-paris.fr\\\/savp\\\/wp-content\\\/uploads\\\/2020\\\/10\\\/Logo_UNSA-V6.png\",\"contentUrl\":\"https:\\\/\\\/unsa-paris.fr\\\/savp\\\/wp-content\\\/uploads\\\/2020\\\/10\\\/Logo_UNSA-V6.png\",\"width\":986,\"height\":962,\"caption\":\"UNSA PARIS fili\u00e8re administrative\"},\"image\":{\"@id\":\"https:\\\/\\\/unsa-paris.fr\\\/savp\\\/#\\\/schema\\\/logo\\\/image\\\/\"}},{\"@type\":\"Person\",\"@id\":\"https:\\\/\\\/unsa-paris.fr\\\/savp\\\/#\\\/schema\\\/person\\\/656755f73ac5921fc7e2e35124af2ae1\",\"name\":\"militant\",\"image\":{\"@type\":\"ImageObject\",\"inLanguage\":\"fr-FR\",\"@id\":\"https:\\\/\\\/secure.gravatar.com\\\/avatar\\\/bafae66946efbf2980171a895ec279139a1dde2c6d953819f7e7270d582b48d2?s=96&d=mm&r=g\",\"url\":\"https:\\\/\\\/secure.gravatar.com\\\/avatar\\\/bafae66946efbf2980171a895ec279139a1dde2c6d953819f7e7270d582b48d2?s=96&d=mm&r=g\",\"contentUrl\":\"https:\\\/\\\/secure.gravatar.com\\\/avatar\\\/bafae66946efbf2980171a895ec279139a1dde2c6d953819f7e7270d582b48d2?s=96&d=mm&r=g\",\"caption\":\"militant\"},\"url\":\"https:\\\/\\\/unsa-paris.fr\\\/savp\\\/author\\\/militant\\\/\"}]}<\/script>\n<!-- \/ Yoast SEO plugin. -->","yoast_head_json":{"title":"Temps de travail: l\u2019intersyndicale \"Pas une minute de plus!\" appelle \u00e0 la mobilisation le mardi 22 mars. - Syndicat Autonome UNSA","robots":{"index":"index","follow":"follow","max-snippet":"max-snippet:-1","max-image-preview":"max-image-preview:large","max-video-preview":"max-video-preview:-1"},"canonical":"https:\/\/unsa-paris.fr\/savp\/2022\/03\/17\/temps-de-travail-lintersyndicale-pas-une-minute-de-plus-\ufffc-appelle-a-la-mobilisation-le-mardi-22-mars\/","og_locale":"fr_FR","og_type":"article","og_title":"Temps de travail: l\u2019intersyndicale \"Pas une minute de plus!\" appelle \u00e0 la mobilisation le mardi 22 mars. - Syndicat Autonome UNSA","og_description":"En d\u00e9pit des engagements publics de Madame Hidalgo, la Ville confirme qu\u2019elle n\u2019entend m\u00eame pas compenser totalement la perte des 3 jours de suj\u00e9tion \u00ab Ville Capitale \u00bb en cas &hellip; Continuer la lecture de &laquo;&nbsp;Temps de travail: l\u2019intersyndicale \u00ab\u00a0Pas une minute de plus!\u00a0\u00bb appelle \u00e0 la mobilisation le mardi 22 mars.&nbsp;&raquo;","og_url":"https:\/\/unsa-paris.fr\/savp\/2022\/03\/17\/temps-de-travail-lintersyndicale-pas-une-minute-de-plus-\ufffc-appelle-a-la-mobilisation-le-mardi-22-mars\/","og_site_name":"Syndicat Autonome UNSA","article_published_time":"2022-03-17T18:31:12+00:00","article_modified_time":"2022-03-21T15:49:10+00:00","author":"militant","twitter_card":"summary_large_image","twitter_misc":{"\u00c9crit par":"militant","Dur\u00e9e de lecture estim\u00e9e":"1 minute"},"schema":{"@context":"https:\/\/schema.org","@graph":[{"@type":"Article","@id":"https:\/\/unsa-paris.fr\/savp\/2022\/03\/17\/temps-de-travail-lintersyndicale-pas-une-minute-de-plus-%ef%bf%bc-appelle-a-la-mobilisation-le-mardi-22-mars\/#article","isPartOf":{"@id":"https:\/\/unsa-paris.fr\/savp\/2022\/03\/17\/temps-de-travail-lintersyndicale-pas-une-minute-de-plus-%ef%bf%bc-appelle-a-la-mobilisation-le-mardi-22-mars\/"},"author":{"name":"militant","@id":"https:\/\/unsa-paris.fr\/savp\/#\/schema\/person\/656755f73ac5921fc7e2e35124af2ae1"},"headline":"Temps de travail: l\u2019intersyndicale \u00ab\u00a0Pas une minute de plus!\u00a0\u00bb appelle \u00e0 la mobilisation le mardi 22 mars.","datePublished":"2022-03-17T18:31:12+00:00","dateModified":"2022-03-21T15:49:10+00:00","mainEntityOfPage":{"@id":"https:\/\/unsa-paris.fr\/savp\/2022\/03\/17\/temps-de-travail-lintersyndicale-pas-une-minute-de-plus-%ef%bf%bc-appelle-a-la-mobilisation-le-mardi-22-mars\/"},"wordCount":62,"commentCount":0,"publisher":{"@id":"https:\/\/unsa-paris.fr\/savp\/#organization"},"articleSection":["non-classe"],"inLanguage":"fr-FR","potentialAction":[{"@type":"CommentAction","name":"Comment","target":["https:\/\/unsa-paris.fr\/savp\/2022\/03\/17\/temps-de-travail-lintersyndicale-pas-une-minute-de-plus-%ef%bf%bc-appelle-a-la-mobilisation-le-mardi-22-mars\/#respond"]}]},{"@type":"WebPage","@id":"https:\/\/unsa-paris.fr\/savp\/2022\/03\/17\/temps-de-travail-lintersyndicale-pas-une-minute-de-plus-%ef%bf%bc-appelle-a-la-mobilisation-le-mardi-22-mars\/","url":"https:\/\/unsa-paris.fr\/savp\/2022\/03\/17\/temps-de-travail-lintersyndicale-pas-une-minute-de-plus-%ef%bf%bc-appelle-a-la-mobilisation-le-mardi-22-mars\/","name":"Temps de travail: l\u2019intersyndicale \"Pas une minute de plus!\" appelle \u00e0 la mobilisation le mardi 22 mars. - Syndicat Autonome UNSA","isPartOf":{"@id":"https:\/\/unsa-paris.fr\/savp\/#website"},"datePublished":"2022-03-17T18:31:12+00:00","dateModified":"2022-03-21T15:49:10+00:00","breadcrumb":{"@id":"https:\/\/unsa-paris.fr\/savp\/2022\/03\/17\/temps-de-travail-lintersyndicale-pas-une-minute-de-plus-%ef%bf%bc-appelle-a-la-mobilisation-le-mardi-22-mars\/#breadcrumb"},"inLanguage":"fr-FR","potentialAction":[{"@type":"ReadAction","target":["https:\/\/unsa-paris.fr\/savp\/2022\/03\/17\/temps-de-travail-lintersyndicale-pas-une-minute-de-plus-%ef%bf%bc-appelle-a-la-mobilisation-le-mardi-22-mars\/"]}]},{"@type":"BreadcrumbList","@id":"https:\/\/unsa-paris.fr\/savp\/2022\/03\/17\/temps-de-travail-lintersyndicale-pas-une-minute-de-plus-%ef%bf%bc-appelle-a-la-mobilisation-le-mardi-22-mars\/#breadcrumb","itemListElement":[{"@type":"ListItem","position":1,"name":"Accueil","item":"https:\/\/unsa-paris.fr\/savp\/"},{"@type":"ListItem","position":2,"name":"Temps de travail: l\u2019intersyndicale \u00ab\u00a0Pas une minute de plus!\u00a0\u00bb appelle \u00e0 la mobilisation le mardi 22 mars."}]},{"@type":"WebSite","@id":"https:\/\/unsa-paris.fr\/savp\/#website","url":"https:\/\/unsa-paris.fr\/savp\/","name":"Syndicat Autonome UNSA","description":"Section des secr\u00e9taires administratifs et des techniciens sup\u00e9rieurs","publisher":{"@id":"https:\/\/unsa-paris.fr\/savp\/#organization"},"potentialAction":[{"@type":"SearchAction","target":{"@type":"EntryPoint","urlTemplate":"https:\/\/unsa-paris.fr\/savp\/?s={search_term_string}"},"query-input":{"@type":"PropertyValueSpecification","valueRequired":true,"valueName":"search_term_string"}}],"inLanguage":"fr-FR"},{"@type":"Organization","@id":"https:\/\/unsa-paris.fr\/savp\/#organization","name":"UNSA PARIS fili\u00e8re administrative","url":"https:\/\/unsa-paris.fr\/savp\/","logo":{"@type":"ImageObject","inLanguage":"fr-FR","@id":"https:\/\/unsa-paris.fr\/savp\/#\/schema\/logo\/image\/","url":"https:\/\/unsa-paris.fr\/savp\/wp-content\/uploads\/2020\/10\/Logo_UNSA-V6.png","contentUrl":"https:\/\/unsa-paris.fr\/savp\/wp-content\/uploads\/2020\/10\/Logo_UNSA-V6.png","width":986,"height":962,"caption":"UNSA PARIS fili\u00e8re administrative"},"image":{"@id":"https:\/\/unsa-paris.fr\/savp\/#\/schema\/logo\/image\/"}},{"@type":"Person","@id":"https:\/\/unsa-paris.fr\/savp\/#\/schema\/person\/656755f73ac5921fc7e2e35124af2ae1","name":"militant","image":{"@type":"ImageObject","inLanguage":"fr-FR","@id":"https:\/\/secure.gravatar.com\/avatar\/bafae66946efbf2980171a895ec279139a1dde2c6d953819f7e7270d582b48d2?s=96&d=mm&r=g","url":"https:\/\/secure.gravatar.com\/avatar\/bafae66946efbf2980171a895ec279139a1dde2c6d953819f7e7270d582b48d2?s=96&d=mm&r=g","contentUrl":"https:\/\/secure.gravatar.com\/avatar\/bafae66946efbf2980171a895ec279139a1dde2c6d953819f7e7270d582b48d2?s=96&d=mm&r=g","caption":"militant"},"url":"https:\/\/unsa-paris.fr\/savp\/author\/militant\/"}]}},"_links":{"self":[{"href":"https:\/\/unsa-paris.fr\/savp\/wp-json\/wp\/v2\/posts\/1486","targetHints":{"allow":["GET"]}}],"collection":[{"href":"https:\/\/unsa-paris.fr\/savp\/wp-json\/wp\/v2\/posts"}],"about":[{"href":"https:\/\/unsa-paris.fr\/savp\/wp-json\/wp\/v2\/types\/post"}],"author":[{"embeddable":true,"href":"https:\/\/unsa-paris.fr\/savp\/wp-json\/wp\/v2\/users\/1"}],"replies":[{"embeddable":true,"href":"https:\/\/unsa-paris.fr\/savp\/wp-json\/wp\/v2\/comments?post=1486"}],"version-history":[{"count":9,"href":"https:\/\/unsa-paris.fr\/savp\/wp-json\/wp\/v2\/posts\/1486\/revisions"}],"predecessor-version":[{"id":1506,"href":"https:\/\/unsa-paris.fr\/savp\/wp-json\/wp\/v2\/posts\/1486\/revisions\/1506"}],"wp:attachment":[{"href":"https:\/\/unsa-paris.fr\/savp\/wp-json\/wp\/v2\/media?parent=1486"}],"wp:term":[{"taxonomy":"category","embeddable":true,"href":"https:\/\/unsa-paris.fr\/savp\/wp-json\/wp\/v2\/categories?post=1486"},{"taxonomy":"post_tag","embeddable":true,"href":"https:\/\/unsa-paris.fr\/savp\/wp-json\/wp\/v2\/tags?post=1486"}],"curies":[{"name":"wp","href":"https:\/\/api.w.org\/{rel}","templated":true}]}}