{"id":1473,"date":"2022-03-15T19:10:00","date_gmt":"2022-03-15T18:10:00","guid":{"rendered":"https:\/\/unsa-paris.fr\/savp\/?p=1473"},"modified":"2022-03-17T19:21:31","modified_gmt":"2022-03-17T18:21:31","slug":"degel-du-point-dindice-le-gouvernement-doit-negocier-pour-une-augmentation-immediate","status":"publish","type":"post","link":"https:\/\/unsa-paris.fr\/savp\/2022\/03\/15\/degel-du-point-dindice-le-gouvernement-doit-negocier-pour-une-augmentation-immediate\/","title":{"rendered":"D\u00e9gel du point d&rsquo;indice : le gouvernement doit n\u00e9gocier pour une augmentation imm\u00e9diate !"},"content":{"rendered":"\t\t<div data-elementor-type=\"wp-post\" data-elementor-id=\"1473\" class=\"elementor elementor-1473\">\n\t\t\t\t\t\t<section class=\"elementor-section elementor-top-section elementor-element elementor-element-ec5a9be elementor-section-boxed elementor-section-height-default elementor-section-height-default\" data-id=\"ec5a9be\" data-element_type=\"section\" data-e-type=\"section\">\n\t\t\t\t\t\t<div class=\"elementor-container elementor-column-gap-default\">\n\t\t\t\t\t<div class=\"elementor-column elementor-col-100 elementor-top-column elementor-element elementor-element-d1456f0\" data-id=\"d1456f0\" data-element_type=\"column\" data-e-type=\"column\">\n\t\t\t<div class=\"elementor-widget-wrap elementor-element-populated\">\n\t\t\t\t\t\t<div class=\"elementor-element elementor-element-91fc506 elementor-widget elementor-widget-text-editor\" data-id=\"91fc506\" data-element_type=\"widget\" data-e-type=\"widget\" data-widget_type=\"text-editor.default\">\n\t\t\t\t<div class=\"elementor-widget-container\">\n\t\t\t\t\t\t\t\t\t<p><span style=\"color: #000000;\">Le gouvernement vient d&rsquo;annoncer, par la voix de la ministre de Montchalin, une <\/span><span style=\"color: #000000;\">augmentation de la valeur du point d&rsquo;indice \u00ab\u00a0d&rsquo;ici l&rsquo;\u00e9t\u00e9\u00a0\u00bb.<\/span><br \/><span style=\"color: #000000;\">C&rsquo;est gr\u00e2ce \u00e0 la pers\u00e9v\u00e9rance des personnels et de leurs organisations syndicales, c&rsquo;est gr\u00e2ce <\/span><span style=\"color: #000000;\">\u00e0 la mobilisation unitaire pr\u00e9vue le 17 mars que le d\u00e9gel est annonc\u00e9. <\/span><\/p><p><span style=\"color: #000000;\">Le communiqu\u00e9 de presse de l&rsquo;intersyndicale <a href=\"https:\/\/unsa-paris.fr\/savp\/wp-content\/uploads\/2022\/03\/De\u0301gel-du-point-dindice-15.3.22.pdf\">(ici)<\/a><br \/><\/span><\/p>\t\t\t\t\t\t\t\t<\/div>\n\t\t\t\t<\/div>\n\t\t\t\t\t<\/div>\n\t\t<\/div>\n\t\t\t\t\t<\/div>\n\t\t<\/section>\n\t\t\t\t<\/div>\n\t\t","protected":false},"excerpt":{"rendered":"<p>Le gouvernement vient d&rsquo;annoncer, par la voix de la ministre de Montchalin, une augmentation de la valeur du point d&rsquo;indice \u00ab\u00a0d&rsquo;ici l&rsquo;\u00e9t\u00e9\u00a0\u00bb.C&rsquo;est gr\u00e2ce \u00e0 la pers\u00e9v\u00e9rance des personnels et de &hellip; <a href=\"https:\/\/unsa-paris.fr\/savp\/2022\/03\/15\/degel-du-point-dindice-le-gouvernement-doit-negocier-pour-une-augmentation-immediate\/\" class=\"more-link\">Continuer la lecture<span class=\"screen-reader-text\"> de &laquo;&nbsp;D\u00e9gel du point d&rsquo;indice : le gouvernement doit n\u00e9gocier pour une augmentation imm\u00e9diate !&nbsp;&raquo;<\/span><\/a><\/p>\n","protected":false},"author":1,"featured_media":0,"comment_status":"open","ping_status":"open","sticky":false,"template":"","format":"standard","meta":{"footnotes":""},"categories":[7,4,1,14],"tags":[],"class_list":["post-1473","post","type-post","status-publish","format-standard","hentry","category-actualite","category-carriere","category-non-classe","category-remuneration"],"yoast_head":"<!-- This site is optimized with the Yoast SEO plugin v27.4 - https:\/\/yoast.com\/product\/yoast-seo-wordpress\/ -->\n<title>D\u00e9gel du point d&#039;indice : le gouvernement doit n\u00e9gocier pour une augmentation imm\u00e9diate ! - Syndicat Autonome UNSA<\/title>\n<meta name=\"robots\" content=\"index, follow, max-snippet:-1, max-image-preview:large, max-video-preview:-1\" \/>\n<link rel=\"canonical\" href=\"https:\/\/unsa-paris.fr\/savp\/2022\/03\/15\/degel-du-point-dindice-le-gouvernement-doit-negocier-pour-une-augmentation-immediate\/\" \/>\n<meta property=\"og:locale\" content=\"fr_FR\" \/>\n<meta property=\"og:type\" content=\"article\" \/>\n<meta property=\"og:title\" content=\"D\u00e9gel du point d&#039;indice : le gouvernement doit n\u00e9gocier pour une augmentation imm\u00e9diate ! - Syndicat Autonome UNSA\" \/>\n<meta property=\"og:description\" content=\"Le gouvernement vient d&rsquo;annoncer, par la voix de la ministre de Montchalin, une augmentation de la valeur du point d&rsquo;indice \u00ab\u00a0d&rsquo;ici l&rsquo;\u00e9t\u00e9\u00a0\u00bb.C&rsquo;est gr\u00e2ce \u00e0 la pers\u00e9v\u00e9rance des personnels et de &hellip; Continuer la lecture de &laquo;&nbsp;D\u00e9gel du point d&rsquo;indice : le gouvernement doit n\u00e9gocier pour une augmentation imm\u00e9diate !&nbsp;&raquo;\" \/>\n<meta property=\"og:url\" content=\"https:\/\/unsa-paris.fr\/savp\/2022\/03\/15\/degel-du-point-dindice-le-gouvernement-doit-negocier-pour-une-augmentation-immediate\/\" \/>\n<meta property=\"og:site_name\" content=\"Syndicat Autonome UNSA\" \/>\n<meta property=\"article:published_time\" content=\"2022-03-15T18:10:00+00:00\" \/>\n<meta property=\"article:modified_time\" content=\"2022-03-17T18:21:31+00:00\" \/>\n<meta name=\"author\" content=\"militant\" \/>\n<meta name=\"twitter:card\" content=\"summary_large_image\" \/>\n<meta name=\"twitter:label1\" content=\"\u00c9crit par\" \/>\n\t<meta name=\"twitter:data1\" content=\"militant\" \/>\n\t<meta name=\"twitter:label2\" content=\"Dur\u00e9e de lecture estim\u00e9e\" \/>\n\t<meta name=\"twitter:data2\" content=\"1 minute\" \/>\n<script type=\"application\/ld+json\" class=\"yoast-schema-graph\">{\"@context\":\"https:\\\/\\\/schema.org\",\"@graph\":[{\"@type\":\"Article\",\"@id\":\"https:\\\/\\\/unsa-paris.fr\\\/savp\\\/2022\\\/03\\\/15\\\/degel-du-point-dindice-le-gouvernement-doit-negocier-pour-une-augmentation-immediate\\\/#article\",\"isPartOf\":{\"@id\":\"https:\\\/\\\/unsa-paris.fr\\\/savp\\\/2022\\\/03\\\/15\\\/degel-du-point-dindice-le-gouvernement-doit-negocier-pour-une-augmentation-immediate\\\/\"},\"author\":{\"name\":\"militant\",\"@id\":\"https:\\\/\\\/unsa-paris.fr\\\/savp\\\/#\\\/schema\\\/person\\\/656755f73ac5921fc7e2e35124af2ae1\"},\"headline\":\"D\u00e9gel du point d&rsquo;indice : le gouvernement doit n\u00e9gocier pour une augmentation imm\u00e9diate !\",\"datePublished\":\"2022-03-15T18:10:00+00:00\",\"dateModified\":\"2022-03-17T18:21:31+00:00\",\"mainEntityOfPage\":{\"@id\":\"https:\\\/\\\/unsa-paris.fr\\\/savp\\\/2022\\\/03\\\/15\\\/degel-du-point-dindice-le-gouvernement-doit-negocier-pour-une-augmentation-immediate\\\/\"},\"wordCount\":82,\"commentCount\":0,\"publisher\":{\"@id\":\"https:\\\/\\\/unsa-paris.fr\\\/savp\\\/#organization\"},\"articleSection\":[\"Actualite\",\"Carriere\",\"non-classe\",\"R\u00e9mun\u00e9ration\"],\"inLanguage\":\"fr-FR\",\"potentialAction\":[{\"@type\":\"CommentAction\",\"name\":\"Comment\",\"target\":[\"https:\\\/\\\/unsa-paris.fr\\\/savp\\\/2022\\\/03\\\/15\\\/degel-du-point-dindice-le-gouvernement-doit-negocier-pour-une-augmentation-immediate\\\/#respond\"]}]},{\"@type\":\"WebPage\",\"@id\":\"https:\\\/\\\/unsa-paris.fr\\\/savp\\\/2022\\\/03\\\/15\\\/degel-du-point-dindice-le-gouvernement-doit-negocier-pour-une-augmentation-immediate\\\/\",\"url\":\"https:\\\/\\\/unsa-paris.fr\\\/savp\\\/2022\\\/03\\\/15\\\/degel-du-point-dindice-le-gouvernement-doit-negocier-pour-une-augmentation-immediate\\\/\",\"name\":\"D\u00e9gel du point d'indice : le gouvernement doit n\u00e9gocier pour une augmentation imm\u00e9diate ! - Syndicat Autonome UNSA\",\"isPartOf\":{\"@id\":\"https:\\\/\\\/unsa-paris.fr\\\/savp\\\/#website\"},\"datePublished\":\"2022-03-15T18:10:00+00:00\",\"dateModified\":\"2022-03-17T18:21:31+00:00\",\"breadcrumb\":{\"@id\":\"https:\\\/\\\/unsa-paris.fr\\\/savp\\\/2022\\\/03\\\/15\\\/degel-du-point-dindice-le-gouvernement-doit-negocier-pour-une-augmentation-immediate\\\/#breadcrumb\"},\"inLanguage\":\"fr-FR\",\"potentialAction\":[{\"@type\":\"ReadAction\",\"target\":[\"https:\\\/\\\/unsa-paris.fr\\\/savp\\\/2022\\\/03\\\/15\\\/degel-du-point-dindice-le-gouvernement-doit-negocier-pour-une-augmentation-immediate\\\/\"]}]},{\"@type\":\"BreadcrumbList\",\"@id\":\"https:\\\/\\\/unsa-paris.fr\\\/savp\\\/2022\\\/03\\\/15\\\/degel-du-point-dindice-le-gouvernement-doit-negocier-pour-une-augmentation-immediate\\\/#breadcrumb\",\"itemListElement\":[{\"@type\":\"ListItem\",\"position\":1,\"name\":\"Accueil\",\"item\":\"https:\\\/\\\/unsa-paris.fr\\\/savp\\\/\"},{\"@type\":\"ListItem\",\"position\":2,\"name\":\"D\u00e9gel du point d&rsquo;indice : le gouvernement doit n\u00e9gocier pour une augmentation imm\u00e9diate !\"}]},{\"@type\":\"WebSite\",\"@id\":\"https:\\\/\\\/unsa-paris.fr\\\/savp\\\/#website\",\"url\":\"https:\\\/\\\/unsa-paris.fr\\\/savp\\\/\",\"name\":\"Syndicat Autonome UNSA\",\"description\":\"Section des secr\u00e9taires administratifs et des techniciens sup\u00e9rieurs\",\"publisher\":{\"@id\":\"https:\\\/\\\/unsa-paris.fr\\\/savp\\\/#organization\"},\"potentialAction\":[{\"@type\":\"SearchAction\",\"target\":{\"@type\":\"EntryPoint\",\"urlTemplate\":\"https:\\\/\\\/unsa-paris.fr\\\/savp\\\/?s={search_term_string}\"},\"query-input\":{\"@type\":\"PropertyValueSpecification\",\"valueRequired\":true,\"valueName\":\"search_term_string\"}}],\"inLanguage\":\"fr-FR\"},{\"@type\":\"Organization\",\"@id\":\"https:\\\/\\\/unsa-paris.fr\\\/savp\\\/#organization\",\"name\":\"UNSA PARIS fili\u00e8re administrative\",\"url\":\"https:\\\/\\\/unsa-paris.fr\\\/savp\\\/\",\"logo\":{\"@type\":\"ImageObject\",\"inLanguage\":\"fr-FR\",\"@id\":\"https:\\\/\\\/unsa-paris.fr\\\/savp\\\/#\\\/schema\\\/logo\\\/image\\\/\",\"url\":\"https:\\\/\\\/unsa-paris.fr\\\/savp\\\/wp-content\\\/uploads\\\/2020\\\/10\\\/Logo_UNSA-V6.png\",\"contentUrl\":\"https:\\\/\\\/unsa-paris.fr\\\/savp\\\/wp-content\\\/uploads\\\/2020\\\/10\\\/Logo_UNSA-V6.png\",\"width\":986,\"height\":962,\"caption\":\"UNSA PARIS fili\u00e8re administrative\"},\"image\":{\"@id\":\"https:\\\/\\\/unsa-paris.fr\\\/savp\\\/#\\\/schema\\\/logo\\\/image\\\/\"}},{\"@type\":\"Person\",\"@id\":\"https:\\\/\\\/unsa-paris.fr\\\/savp\\\/#\\\/schema\\\/person\\\/656755f73ac5921fc7e2e35124af2ae1\",\"name\":\"militant\",\"image\":{\"@type\":\"ImageObject\",\"inLanguage\":\"fr-FR\",\"@id\":\"https:\\\/\\\/secure.gravatar.com\\\/avatar\\\/bafae66946efbf2980171a895ec279139a1dde2c6d953819f7e7270d582b48d2?s=96&d=mm&r=g\",\"url\":\"https:\\\/\\\/secure.gravatar.com\\\/avatar\\\/bafae66946efbf2980171a895ec279139a1dde2c6d953819f7e7270d582b48d2?s=96&d=mm&r=g\",\"contentUrl\":\"https:\\\/\\\/secure.gravatar.com\\\/avatar\\\/bafae66946efbf2980171a895ec279139a1dde2c6d953819f7e7270d582b48d2?s=96&d=mm&r=g\",\"caption\":\"militant\"},\"url\":\"https:\\\/\\\/unsa-paris.fr\\\/savp\\\/author\\\/militant\\\/\"}]}<\/script>\n<!-- \/ Yoast SEO plugin. -->","yoast_head_json":{"title":"D\u00e9gel du point d'indice : le gouvernement doit n\u00e9gocier pour une augmentation imm\u00e9diate ! - Syndicat Autonome UNSA","robots":{"index":"index","follow":"follow","max-snippet":"max-snippet:-1","max-image-preview":"max-image-preview:large","max-video-preview":"max-video-preview:-1"},"canonical":"https:\/\/unsa-paris.fr\/savp\/2022\/03\/15\/degel-du-point-dindice-le-gouvernement-doit-negocier-pour-une-augmentation-immediate\/","og_locale":"fr_FR","og_type":"article","og_title":"D\u00e9gel du point d'indice : le gouvernement doit n\u00e9gocier pour une augmentation imm\u00e9diate ! - Syndicat Autonome UNSA","og_description":"Le gouvernement vient d&rsquo;annoncer, par la voix de la ministre de Montchalin, une augmentation de la valeur du point d&rsquo;indice \u00ab\u00a0d&rsquo;ici l&rsquo;\u00e9t\u00e9\u00a0\u00bb.C&rsquo;est gr\u00e2ce \u00e0 la pers\u00e9v\u00e9rance des personnels et de &hellip; Continuer la lecture de &laquo;&nbsp;D\u00e9gel du point d&rsquo;indice : le gouvernement doit n\u00e9gocier pour une augmentation imm\u00e9diate !&nbsp;&raquo;","og_url":"https:\/\/unsa-paris.fr\/savp\/2022\/03\/15\/degel-du-point-dindice-le-gouvernement-doit-negocier-pour-une-augmentation-immediate\/","og_site_name":"Syndicat Autonome UNSA","article_published_time":"2022-03-15T18:10:00+00:00","article_modified_time":"2022-03-17T18:21:31+00:00","author":"militant","twitter_card":"summary_large_image","twitter_misc":{"\u00c9crit par":"militant","Dur\u00e9e de lecture estim\u00e9e":"1 minute"},"schema":{"@context":"https:\/\/schema.org","@graph":[{"@type":"Article","@id":"https:\/\/unsa-paris.fr\/savp\/2022\/03\/15\/degel-du-point-dindice-le-gouvernement-doit-negocier-pour-une-augmentation-immediate\/#article","isPartOf":{"@id":"https:\/\/unsa-paris.fr\/savp\/2022\/03\/15\/degel-du-point-dindice-le-gouvernement-doit-negocier-pour-une-augmentation-immediate\/"},"author":{"name":"militant","@id":"https:\/\/unsa-paris.fr\/savp\/#\/schema\/person\/656755f73ac5921fc7e2e35124af2ae1"},"headline":"D\u00e9gel du point d&rsquo;indice : le gouvernement doit n\u00e9gocier pour une augmentation imm\u00e9diate !","datePublished":"2022-03-15T18:10:00+00:00","dateModified":"2022-03-17T18:21:31+00:00","mainEntityOfPage":{"@id":"https:\/\/unsa-paris.fr\/savp\/2022\/03\/15\/degel-du-point-dindice-le-gouvernement-doit-negocier-pour-une-augmentation-immediate\/"},"wordCount":82,"commentCount":0,"publisher":{"@id":"https:\/\/unsa-paris.fr\/savp\/#organization"},"articleSection":["Actualite","Carriere","non-classe","R\u00e9mun\u00e9ration"],"inLanguage":"fr-FR","potentialAction":[{"@type":"CommentAction","name":"Comment","target":["https:\/\/unsa-paris.fr\/savp\/2022\/03\/15\/degel-du-point-dindice-le-gouvernement-doit-negocier-pour-une-augmentation-immediate\/#respond"]}]},{"@type":"WebPage","@id":"https:\/\/unsa-paris.fr\/savp\/2022\/03\/15\/degel-du-point-dindice-le-gouvernement-doit-negocier-pour-une-augmentation-immediate\/","url":"https:\/\/unsa-paris.fr\/savp\/2022\/03\/15\/degel-du-point-dindice-le-gouvernement-doit-negocier-pour-une-augmentation-immediate\/","name":"D\u00e9gel du point d'indice : le gouvernement doit n\u00e9gocier pour une augmentation imm\u00e9diate ! - Syndicat Autonome UNSA","isPartOf":{"@id":"https:\/\/unsa-paris.fr\/savp\/#website"},"datePublished":"2022-03-15T18:10:00+00:00","dateModified":"2022-03-17T18:21:31+00:00","breadcrumb":{"@id":"https:\/\/unsa-paris.fr\/savp\/2022\/03\/15\/degel-du-point-dindice-le-gouvernement-doit-negocier-pour-une-augmentation-immediate\/#breadcrumb"},"inLanguage":"fr-FR","potentialAction":[{"@type":"ReadAction","target":["https:\/\/unsa-paris.fr\/savp\/2022\/03\/15\/degel-du-point-dindice-le-gouvernement-doit-negocier-pour-une-augmentation-immediate\/"]}]},{"@type":"BreadcrumbList","@id":"https:\/\/unsa-paris.fr\/savp\/2022\/03\/15\/degel-du-point-dindice-le-gouvernement-doit-negocier-pour-une-augmentation-immediate\/#breadcrumb","itemListElement":[{"@type":"ListItem","position":1,"name":"Accueil","item":"https:\/\/unsa-paris.fr\/savp\/"},{"@type":"ListItem","position":2,"name":"D\u00e9gel du point d&rsquo;indice : le gouvernement doit n\u00e9gocier pour une augmentation imm\u00e9diate !"}]},{"@type":"WebSite","@id":"https:\/\/unsa-paris.fr\/savp\/#website","url":"https:\/\/unsa-paris.fr\/savp\/","name":"Syndicat Autonome UNSA","description":"Section des secr\u00e9taires administratifs et des techniciens sup\u00e9rieurs","publisher":{"@id":"https:\/\/unsa-paris.fr\/savp\/#organization"},"potentialAction":[{"@type":"SearchAction","target":{"@type":"EntryPoint","urlTemplate":"https:\/\/unsa-paris.fr\/savp\/?s={search_term_string}"},"query-input":{"@type":"PropertyValueSpecification","valueRequired":true,"valueName":"search_term_string"}}],"inLanguage":"fr-FR"},{"@type":"Organization","@id":"https:\/\/unsa-paris.fr\/savp\/#organization","name":"UNSA PARIS fili\u00e8re administrative","url":"https:\/\/unsa-paris.fr\/savp\/","logo":{"@type":"ImageObject","inLanguage":"fr-FR","@id":"https:\/\/unsa-paris.fr\/savp\/#\/schema\/logo\/image\/","url":"https:\/\/unsa-paris.fr\/savp\/wp-content\/uploads\/2020\/10\/Logo_UNSA-V6.png","contentUrl":"https:\/\/unsa-paris.fr\/savp\/wp-content\/uploads\/2020\/10\/Logo_UNSA-V6.png","width":986,"height":962,"caption":"UNSA PARIS fili\u00e8re administrative"},"image":{"@id":"https:\/\/unsa-paris.fr\/savp\/#\/schema\/logo\/image\/"}},{"@type":"Person","@id":"https:\/\/unsa-paris.fr\/savp\/#\/schema\/person\/656755f73ac5921fc7e2e35124af2ae1","name":"militant","image":{"@type":"ImageObject","inLanguage":"fr-FR","@id":"https:\/\/secure.gravatar.com\/avatar\/bafae66946efbf2980171a895ec279139a1dde2c6d953819f7e7270d582b48d2?s=96&d=mm&r=g","url":"https:\/\/secure.gravatar.com\/avatar\/bafae66946efbf2980171a895ec279139a1dde2c6d953819f7e7270d582b48d2?s=96&d=mm&r=g","contentUrl":"https:\/\/secure.gravatar.com\/avatar\/bafae66946efbf2980171a895ec279139a1dde2c6d953819f7e7270d582b48d2?s=96&d=mm&r=g","caption":"militant"},"url":"https:\/\/unsa-paris.fr\/savp\/author\/militant\/"}]}},"_links":{"self":[{"href":"https:\/\/unsa-paris.fr\/savp\/wp-json\/wp\/v2\/posts\/1473","targetHints":{"allow":["GET"]}}],"collection":[{"href":"https:\/\/unsa-paris.fr\/savp\/wp-json\/wp\/v2\/posts"}],"about":[{"href":"https:\/\/unsa-paris.fr\/savp\/wp-json\/wp\/v2\/types\/post"}],"author":[{"embeddable":true,"href":"https:\/\/unsa-paris.fr\/savp\/wp-json\/wp\/v2\/users\/1"}],"replies":[{"embeddable":true,"href":"https:\/\/unsa-paris.fr\/savp\/wp-json\/wp\/v2\/comments?post=1473"}],"version-history":[{"count":5,"href":"https:\/\/unsa-paris.fr\/savp\/wp-json\/wp\/v2\/posts\/1473\/revisions"}],"predecessor-version":[{"id":1479,"href":"https:\/\/unsa-paris.fr\/savp\/wp-json\/wp\/v2\/posts\/1473\/revisions\/1479"}],"wp:attachment":[{"href":"https:\/\/unsa-paris.fr\/savp\/wp-json\/wp\/v2\/media?parent=1473"}],"wp:term":[{"taxonomy":"category","embeddable":true,"href":"https:\/\/unsa-paris.fr\/savp\/wp-json\/wp\/v2\/categories?post=1473"},{"taxonomy":"post_tag","embeddable":true,"href":"https:\/\/unsa-paris.fr\/savp\/wp-json\/wp\/v2\/tags?post=1473"}],"curies":[{"name":"wp","href":"https:\/\/api.w.org\/{rel}","templated":true}]}}