{"id":1346,"date":"2021-12-24T11:57:08","date_gmt":"2021-12-24T10:57:08","guid":{"rendered":"https:\/\/unsa-paris.fr\/savp\/?p=1346"},"modified":"2021-12-24T12:18:55","modified_gmt":"2021-12-24T11:18:55","slug":"toute-lequipe-de-lunsa-ville-de-paris-section-des-secretaires-administratifs-vous-souhaite-de-passer-de-tres-belles-fetes-de-fin-dannee","status":"publish","type":"post","link":"https:\/\/unsa-paris.fr\/savp\/2021\/12\/24\/toute-lequipe-de-lunsa-ville-de-paris-section-des-secretaires-administratifs-vous-souhaite-de-passer-de-tres-belles-fetes-de-fin-dannee\/","title":{"rendered":"Toute l\u2019\u00e9quipe de l\u2019UNSA Ville de Paris, section des secr\u00e9taires administratifs, vous souhaite de passer de tr\u00e8s belles f\u00eates de fin d\u2019ann\u00e9e !!"},"content":{"rendered":"\n<figure class=\"wp-block-image size-full\"><img fetchpriority=\"high\" decoding=\"async\" width=\"1024\" height=\"706\" src=\"https:\/\/unsa-paris.fr\/savp\/wp-content\/uploads\/2021\/12\/UNSA1.jpg\" alt=\"\" class=\"wp-image-1349\" srcset=\"https:\/\/unsa-paris.fr\/savp\/wp-content\/uploads\/2021\/12\/UNSA1.jpg 1024w, https:\/\/unsa-paris.fr\/savp\/wp-content\/uploads\/2021\/12\/UNSA1-300x207.jpg 300w, https:\/\/unsa-paris.fr\/savp\/wp-content\/uploads\/2021\/12\/UNSA1-768x530.jpg 768w\" sizes=\"(max-width: 709px) 85vw, (max-width: 909px) 67vw, (max-width: 1362px) 62vw, 840px\" \/><\/figure>\n\n\n\n<p><\/p>\n","protected":false},"excerpt":{"rendered":"","protected":false},"author":2,"featured_media":0,"comment_status":"open","ping_status":"open","sticky":false,"template":"","format":"standard","meta":{"footnotes":""},"categories":[1],"tags":[],"class_list":["post-1346","post","type-post","status-publish","format-standard","hentry","category-non-classe"],"yoast_head":"<!-- This site is optimized with the Yoast SEO plugin v27.4 - https:\/\/yoast.com\/product\/yoast-seo-wordpress\/ -->\n<title>Toute l\u2019\u00e9quipe de l\u2019UNSA Ville de Paris, section des secr\u00e9taires administratifs, vous souhaite de passer de tr\u00e8s belles f\u00eates de fin d\u2019ann\u00e9e !! - Syndicat Autonome UNSA<\/title>\n<meta name=\"robots\" content=\"index, follow, max-snippet:-1, max-image-preview:large, max-video-preview:-1\" \/>\n<link rel=\"canonical\" href=\"https:\/\/unsa-paris.fr\/savp\/2021\/12\/24\/toute-lequipe-de-lunsa-ville-de-paris-section-des-secretaires-administratifs-vous-souhaite-de-passer-de-tres-belles-fetes-de-fin-dannee\/\" \/>\n<meta property=\"og:locale\" content=\"fr_FR\" \/>\n<meta property=\"og:type\" content=\"article\" \/>\n<meta property=\"og:title\" content=\"Toute l\u2019\u00e9quipe de l\u2019UNSA Ville de Paris, section des secr\u00e9taires administratifs, vous souhaite de passer de tr\u00e8s belles f\u00eates de fin d\u2019ann\u00e9e !! - Syndicat Autonome UNSA\" \/>\n<meta property=\"og:url\" content=\"https:\/\/unsa-paris.fr\/savp\/2021\/12\/24\/toute-lequipe-de-lunsa-ville-de-paris-section-des-secretaires-administratifs-vous-souhaite-de-passer-de-tres-belles-fetes-de-fin-dannee\/\" \/>\n<meta property=\"og:site_name\" content=\"Syndicat Autonome UNSA\" \/>\n<meta property=\"article:published_time\" content=\"2021-12-24T10:57:08+00:00\" \/>\n<meta property=\"article:modified_time\" content=\"2021-12-24T11:18:55+00:00\" \/>\n<meta property=\"og:image\" content=\"https:\/\/unsa-paris.fr\/savp\/wp-content\/uploads\/2021\/12\/UNSA1.jpg\" \/>\n<meta name=\"author\" content=\"UNSA SA\" \/>\n<meta name=\"twitter:card\" content=\"summary_large_image\" \/>\n<meta name=\"twitter:label1\" content=\"\u00c9crit par\" \/>\n\t<meta name=\"twitter:data1\" content=\"UNSA SA\" \/>\n\t<meta name=\"twitter:label2\" content=\"Dur\u00e9e de lecture estim\u00e9e\" \/>\n\t<meta name=\"twitter:data2\" content=\"1 minute\" \/>\n<script type=\"application\/ld+json\" class=\"yoast-schema-graph\">{\"@context\":\"https:\\\/\\\/schema.org\",\"@graph\":[{\"@type\":\"Article\",\"@id\":\"https:\\\/\\\/unsa-paris.fr\\\/savp\\\/2021\\\/12\\\/24\\\/toute-lequipe-de-lunsa-ville-de-paris-section-des-secretaires-administratifs-vous-souhaite-de-passer-de-tres-belles-fetes-de-fin-dannee\\\/#article\",\"isPartOf\":{\"@id\":\"https:\\\/\\\/unsa-paris.fr\\\/savp\\\/2021\\\/12\\\/24\\\/toute-lequipe-de-lunsa-ville-de-paris-section-des-secretaires-administratifs-vous-souhaite-de-passer-de-tres-belles-fetes-de-fin-dannee\\\/\"},\"author\":{\"name\":\"UNSA SA\",\"@id\":\"https:\\\/\\\/unsa-paris.fr\\\/savp\\\/#\\\/schema\\\/person\\\/7253f5acb55b402d9149796390e7bdde\"},\"headline\":\"Toute l\u2019\u00e9quipe de l\u2019UNSA Ville de Paris, section des secr\u00e9taires administratifs, vous souhaite de passer de tr\u00e8s belles f\u00eates de fin d\u2019ann\u00e9e !!\",\"datePublished\":\"2021-12-24T10:57:08+00:00\",\"dateModified\":\"2021-12-24T11:18:55+00:00\",\"mainEntityOfPage\":{\"@id\":\"https:\\\/\\\/unsa-paris.fr\\\/savp\\\/2021\\\/12\\\/24\\\/toute-lequipe-de-lunsa-ville-de-paris-section-des-secretaires-administratifs-vous-souhaite-de-passer-de-tres-belles-fetes-de-fin-dannee\\\/\"},\"wordCount\":29,\"commentCount\":0,\"publisher\":{\"@id\":\"https:\\\/\\\/unsa-paris.fr\\\/savp\\\/#organization\"},\"image\":{\"@id\":\"https:\\\/\\\/unsa-paris.fr\\\/savp\\\/2021\\\/12\\\/24\\\/toute-lequipe-de-lunsa-ville-de-paris-section-des-secretaires-administratifs-vous-souhaite-de-passer-de-tres-belles-fetes-de-fin-dannee\\\/#primaryimage\"},\"thumbnailUrl\":\"https:\\\/\\\/unsa-paris.fr\\\/savp\\\/wp-content\\\/uploads\\\/2021\\\/12\\\/UNSA1.jpg\",\"articleSection\":[\"non-classe\"],\"inLanguage\":\"fr-FR\",\"potentialAction\":[{\"@type\":\"CommentAction\",\"name\":\"Comment\",\"target\":[\"https:\\\/\\\/unsa-paris.fr\\\/savp\\\/2021\\\/12\\\/24\\\/toute-lequipe-de-lunsa-ville-de-paris-section-des-secretaires-administratifs-vous-souhaite-de-passer-de-tres-belles-fetes-de-fin-dannee\\\/#respond\"]}]},{\"@type\":\"WebPage\",\"@id\":\"https:\\\/\\\/unsa-paris.fr\\\/savp\\\/2021\\\/12\\\/24\\\/toute-lequipe-de-lunsa-ville-de-paris-section-des-secretaires-administratifs-vous-souhaite-de-passer-de-tres-belles-fetes-de-fin-dannee\\\/\",\"url\":\"https:\\\/\\\/unsa-paris.fr\\\/savp\\\/2021\\\/12\\\/24\\\/toute-lequipe-de-lunsa-ville-de-paris-section-des-secretaires-administratifs-vous-souhaite-de-passer-de-tres-belles-fetes-de-fin-dannee\\\/\",\"name\":\"Toute l\u2019\u00e9quipe de l\u2019UNSA Ville de Paris, section des secr\u00e9taires administratifs, vous souhaite de passer de tr\u00e8s belles f\u00eates de fin d\u2019ann\u00e9e !! - Syndicat Autonome UNSA\",\"isPartOf\":{\"@id\":\"https:\\\/\\\/unsa-paris.fr\\\/savp\\\/#website\"},\"primaryImageOfPage\":{\"@id\":\"https:\\\/\\\/unsa-paris.fr\\\/savp\\\/2021\\\/12\\\/24\\\/toute-lequipe-de-lunsa-ville-de-paris-section-des-secretaires-administratifs-vous-souhaite-de-passer-de-tres-belles-fetes-de-fin-dannee\\\/#primaryimage\"},\"image\":{\"@id\":\"https:\\\/\\\/unsa-paris.fr\\\/savp\\\/2021\\\/12\\\/24\\\/toute-lequipe-de-lunsa-ville-de-paris-section-des-secretaires-administratifs-vous-souhaite-de-passer-de-tres-belles-fetes-de-fin-dannee\\\/#primaryimage\"},\"thumbnailUrl\":\"https:\\\/\\\/unsa-paris.fr\\\/savp\\\/wp-content\\\/uploads\\\/2021\\\/12\\\/UNSA1.jpg\",\"datePublished\":\"2021-12-24T10:57:08+00:00\",\"dateModified\":\"2021-12-24T11:18:55+00:00\",\"breadcrumb\":{\"@id\":\"https:\\\/\\\/unsa-paris.fr\\\/savp\\\/2021\\\/12\\\/24\\\/toute-lequipe-de-lunsa-ville-de-paris-section-des-secretaires-administratifs-vous-souhaite-de-passer-de-tres-belles-fetes-de-fin-dannee\\\/#breadcrumb\"},\"inLanguage\":\"fr-FR\",\"potentialAction\":[{\"@type\":\"ReadAction\",\"target\":[\"https:\\\/\\\/unsa-paris.fr\\\/savp\\\/2021\\\/12\\\/24\\\/toute-lequipe-de-lunsa-ville-de-paris-section-des-secretaires-administratifs-vous-souhaite-de-passer-de-tres-belles-fetes-de-fin-dannee\\\/\"]}]},{\"@type\":\"ImageObject\",\"inLanguage\":\"fr-FR\",\"@id\":\"https:\\\/\\\/unsa-paris.fr\\\/savp\\\/2021\\\/12\\\/24\\\/toute-lequipe-de-lunsa-ville-de-paris-section-des-secretaires-administratifs-vous-souhaite-de-passer-de-tres-belles-fetes-de-fin-dannee\\\/#primaryimage\",\"url\":\"https:\\\/\\\/unsa-paris.fr\\\/savp\\\/wp-content\\\/uploads\\\/2021\\\/12\\\/UNSA1.jpg\",\"contentUrl\":\"https:\\\/\\\/unsa-paris.fr\\\/savp\\\/wp-content\\\/uploads\\\/2021\\\/12\\\/UNSA1.jpg\",\"width\":1024,\"height\":706},{\"@type\":\"BreadcrumbList\",\"@id\":\"https:\\\/\\\/unsa-paris.fr\\\/savp\\\/2021\\\/12\\\/24\\\/toute-lequipe-de-lunsa-ville-de-paris-section-des-secretaires-administratifs-vous-souhaite-de-passer-de-tres-belles-fetes-de-fin-dannee\\\/#breadcrumb\",\"itemListElement\":[{\"@type\":\"ListItem\",\"position\":1,\"name\":\"Accueil\",\"item\":\"https:\\\/\\\/unsa-paris.fr\\\/savp\\\/\"},{\"@type\":\"ListItem\",\"position\":2,\"name\":\"Toute l\u2019\u00e9quipe de l\u2019UNSA Ville de Paris, section des secr\u00e9taires administratifs, vous souhaite de passer de tr\u00e8s belles f\u00eates de fin d\u2019ann\u00e9e !!\"}]},{\"@type\":\"WebSite\",\"@id\":\"https:\\\/\\\/unsa-paris.fr\\\/savp\\\/#website\",\"url\":\"https:\\\/\\\/unsa-paris.fr\\\/savp\\\/\",\"name\":\"Syndicat Autonome UNSA\",\"description\":\"Section des secr\u00e9taires administratifs et des techniciens sup\u00e9rieurs\",\"publisher\":{\"@id\":\"https:\\\/\\\/unsa-paris.fr\\\/savp\\\/#organization\"},\"potentialAction\":[{\"@type\":\"SearchAction\",\"target\":{\"@type\":\"EntryPoint\",\"urlTemplate\":\"https:\\\/\\\/unsa-paris.fr\\\/savp\\\/?s={search_term_string}\"},\"query-input\":{\"@type\":\"PropertyValueSpecification\",\"valueRequired\":true,\"valueName\":\"search_term_string\"}}],\"inLanguage\":\"fr-FR\"},{\"@type\":\"Organization\",\"@id\":\"https:\\\/\\\/unsa-paris.fr\\\/savp\\\/#organization\",\"name\":\"UNSA PARIS fili\u00e8re administrative\",\"url\":\"https:\\\/\\\/unsa-paris.fr\\\/savp\\\/\",\"logo\":{\"@type\":\"ImageObject\",\"inLanguage\":\"fr-FR\",\"@id\":\"https:\\\/\\\/unsa-paris.fr\\\/savp\\\/#\\\/schema\\\/logo\\\/image\\\/\",\"url\":\"https:\\\/\\\/unsa-paris.fr\\\/savp\\\/wp-content\\\/uploads\\\/2020\\\/10\\\/Logo_UNSA-V6.png\",\"contentUrl\":\"https:\\\/\\\/unsa-paris.fr\\\/savp\\\/wp-content\\\/uploads\\\/2020\\\/10\\\/Logo_UNSA-V6.png\",\"width\":986,\"height\":962,\"caption\":\"UNSA PARIS fili\u00e8re administrative\"},\"image\":{\"@id\":\"https:\\\/\\\/unsa-paris.fr\\\/savp\\\/#\\\/schema\\\/logo\\\/image\\\/\"}},{\"@type\":\"Person\",\"@id\":\"https:\\\/\\\/unsa-paris.fr\\\/savp\\\/#\\\/schema\\\/person\\\/7253f5acb55b402d9149796390e7bdde\",\"name\":\"UNSA SA\",\"image\":{\"@type\":\"ImageObject\",\"inLanguage\":\"fr-FR\",\"@id\":\"https:\\\/\\\/secure.gravatar.com\\\/avatar\\\/b78c582c0b7ba9a7147763b6638faa3db8f956662f0faffdc8b57058fad002f4?s=96&d=mm&r=g\",\"url\":\"https:\\\/\\\/secure.gravatar.com\\\/avatar\\\/b78c582c0b7ba9a7147763b6638faa3db8f956662f0faffdc8b57058fad002f4?s=96&d=mm&r=g\",\"contentUrl\":\"https:\\\/\\\/secure.gravatar.com\\\/avatar\\\/b78c582c0b7ba9a7147763b6638faa3db8f956662f0faffdc8b57058fad002f4?s=96&d=mm&r=g\",\"caption\":\"UNSA SA\"},\"sameAs\":[\"http:\\\/\\\/unsa-paris.fr\\\/savp\"],\"url\":\"https:\\\/\\\/unsa-paris.fr\\\/savp\\\/author\\\/fred\\\/\"}]}<\/script>\n<!-- \/ Yoast SEO plugin. -->","yoast_head_json":{"title":"Toute l\u2019\u00e9quipe de l\u2019UNSA Ville de Paris, section des secr\u00e9taires administratifs, vous souhaite de passer de tr\u00e8s belles f\u00eates de fin d\u2019ann\u00e9e !! - Syndicat Autonome UNSA","robots":{"index":"index","follow":"follow","max-snippet":"max-snippet:-1","max-image-preview":"max-image-preview:large","max-video-preview":"max-video-preview:-1"},"canonical":"https:\/\/unsa-paris.fr\/savp\/2021\/12\/24\/toute-lequipe-de-lunsa-ville-de-paris-section-des-secretaires-administratifs-vous-souhaite-de-passer-de-tres-belles-fetes-de-fin-dannee\/","og_locale":"fr_FR","og_type":"article","og_title":"Toute l\u2019\u00e9quipe de l\u2019UNSA Ville de Paris, section des secr\u00e9taires administratifs, vous souhaite de passer de tr\u00e8s belles f\u00eates de fin d\u2019ann\u00e9e !! - Syndicat Autonome UNSA","og_url":"https:\/\/unsa-paris.fr\/savp\/2021\/12\/24\/toute-lequipe-de-lunsa-ville-de-paris-section-des-secretaires-administratifs-vous-souhaite-de-passer-de-tres-belles-fetes-de-fin-dannee\/","og_site_name":"Syndicat Autonome UNSA","article_published_time":"2021-12-24T10:57:08+00:00","article_modified_time":"2021-12-24T11:18:55+00:00","og_image":[{"url":"https:\/\/unsa-paris.fr\/savp\/wp-content\/uploads\/2021\/12\/UNSA1.jpg","type":"","width":"","height":""}],"author":"UNSA SA","twitter_card":"summary_large_image","twitter_misc":{"\u00c9crit par":"UNSA SA","Dur\u00e9e de lecture estim\u00e9e":"1 minute"},"schema":{"@context":"https:\/\/schema.org","@graph":[{"@type":"Article","@id":"https:\/\/unsa-paris.fr\/savp\/2021\/12\/24\/toute-lequipe-de-lunsa-ville-de-paris-section-des-secretaires-administratifs-vous-souhaite-de-passer-de-tres-belles-fetes-de-fin-dannee\/#article","isPartOf":{"@id":"https:\/\/unsa-paris.fr\/savp\/2021\/12\/24\/toute-lequipe-de-lunsa-ville-de-paris-section-des-secretaires-administratifs-vous-souhaite-de-passer-de-tres-belles-fetes-de-fin-dannee\/"},"author":{"name":"UNSA SA","@id":"https:\/\/unsa-paris.fr\/savp\/#\/schema\/person\/7253f5acb55b402d9149796390e7bdde"},"headline":"Toute l\u2019\u00e9quipe de l\u2019UNSA Ville de Paris, section des secr\u00e9taires administratifs, vous souhaite de passer de tr\u00e8s belles f\u00eates de fin d\u2019ann\u00e9e !!","datePublished":"2021-12-24T10:57:08+00:00","dateModified":"2021-12-24T11:18:55+00:00","mainEntityOfPage":{"@id":"https:\/\/unsa-paris.fr\/savp\/2021\/12\/24\/toute-lequipe-de-lunsa-ville-de-paris-section-des-secretaires-administratifs-vous-souhaite-de-passer-de-tres-belles-fetes-de-fin-dannee\/"},"wordCount":29,"commentCount":0,"publisher":{"@id":"https:\/\/unsa-paris.fr\/savp\/#organization"},"image":{"@id":"https:\/\/unsa-paris.fr\/savp\/2021\/12\/24\/toute-lequipe-de-lunsa-ville-de-paris-section-des-secretaires-administratifs-vous-souhaite-de-passer-de-tres-belles-fetes-de-fin-dannee\/#primaryimage"},"thumbnailUrl":"https:\/\/unsa-paris.fr\/savp\/wp-content\/uploads\/2021\/12\/UNSA1.jpg","articleSection":["non-classe"],"inLanguage":"fr-FR","potentialAction":[{"@type":"CommentAction","name":"Comment","target":["https:\/\/unsa-paris.fr\/savp\/2021\/12\/24\/toute-lequipe-de-lunsa-ville-de-paris-section-des-secretaires-administratifs-vous-souhaite-de-passer-de-tres-belles-fetes-de-fin-dannee\/#respond"]}]},{"@type":"WebPage","@id":"https:\/\/unsa-paris.fr\/savp\/2021\/12\/24\/toute-lequipe-de-lunsa-ville-de-paris-section-des-secretaires-administratifs-vous-souhaite-de-passer-de-tres-belles-fetes-de-fin-dannee\/","url":"https:\/\/unsa-paris.fr\/savp\/2021\/12\/24\/toute-lequipe-de-lunsa-ville-de-paris-section-des-secretaires-administratifs-vous-souhaite-de-passer-de-tres-belles-fetes-de-fin-dannee\/","name":"Toute l\u2019\u00e9quipe de l\u2019UNSA Ville de Paris, section des secr\u00e9taires administratifs, vous souhaite de passer de tr\u00e8s belles f\u00eates de fin d\u2019ann\u00e9e !! - Syndicat Autonome UNSA","isPartOf":{"@id":"https:\/\/unsa-paris.fr\/savp\/#website"},"primaryImageOfPage":{"@id":"https:\/\/unsa-paris.fr\/savp\/2021\/12\/24\/toute-lequipe-de-lunsa-ville-de-paris-section-des-secretaires-administratifs-vous-souhaite-de-passer-de-tres-belles-fetes-de-fin-dannee\/#primaryimage"},"image":{"@id":"https:\/\/unsa-paris.fr\/savp\/2021\/12\/24\/toute-lequipe-de-lunsa-ville-de-paris-section-des-secretaires-administratifs-vous-souhaite-de-passer-de-tres-belles-fetes-de-fin-dannee\/#primaryimage"},"thumbnailUrl":"https:\/\/unsa-paris.fr\/savp\/wp-content\/uploads\/2021\/12\/UNSA1.jpg","datePublished":"2021-12-24T10:57:08+00:00","dateModified":"2021-12-24T11:18:55+00:00","breadcrumb":{"@id":"https:\/\/unsa-paris.fr\/savp\/2021\/12\/24\/toute-lequipe-de-lunsa-ville-de-paris-section-des-secretaires-administratifs-vous-souhaite-de-passer-de-tres-belles-fetes-de-fin-dannee\/#breadcrumb"},"inLanguage":"fr-FR","potentialAction":[{"@type":"ReadAction","target":["https:\/\/unsa-paris.fr\/savp\/2021\/12\/24\/toute-lequipe-de-lunsa-ville-de-paris-section-des-secretaires-administratifs-vous-souhaite-de-passer-de-tres-belles-fetes-de-fin-dannee\/"]}]},{"@type":"ImageObject","inLanguage":"fr-FR","@id":"https:\/\/unsa-paris.fr\/savp\/2021\/12\/24\/toute-lequipe-de-lunsa-ville-de-paris-section-des-secretaires-administratifs-vous-souhaite-de-passer-de-tres-belles-fetes-de-fin-dannee\/#primaryimage","url":"https:\/\/unsa-paris.fr\/savp\/wp-content\/uploads\/2021\/12\/UNSA1.jpg","contentUrl":"https:\/\/unsa-paris.fr\/savp\/wp-content\/uploads\/2021\/12\/UNSA1.jpg","width":1024,"height":706},{"@type":"BreadcrumbList","@id":"https:\/\/unsa-paris.fr\/savp\/2021\/12\/24\/toute-lequipe-de-lunsa-ville-de-paris-section-des-secretaires-administratifs-vous-souhaite-de-passer-de-tres-belles-fetes-de-fin-dannee\/#breadcrumb","itemListElement":[{"@type":"ListItem","position":1,"name":"Accueil","item":"https:\/\/unsa-paris.fr\/savp\/"},{"@type":"ListItem","position":2,"name":"Toute l\u2019\u00e9quipe de l\u2019UNSA Ville de Paris, section des secr\u00e9taires administratifs, vous souhaite de passer de tr\u00e8s belles f\u00eates de fin d\u2019ann\u00e9e !!"}]},{"@type":"WebSite","@id":"https:\/\/unsa-paris.fr\/savp\/#website","url":"https:\/\/unsa-paris.fr\/savp\/","name":"Syndicat Autonome UNSA","description":"Section des secr\u00e9taires administratifs et des techniciens sup\u00e9rieurs","publisher":{"@id":"https:\/\/unsa-paris.fr\/savp\/#organization"},"potentialAction":[{"@type":"SearchAction","target":{"@type":"EntryPoint","urlTemplate":"https:\/\/unsa-paris.fr\/savp\/?s={search_term_string}"},"query-input":{"@type":"PropertyValueSpecification","valueRequired":true,"valueName":"search_term_string"}}],"inLanguage":"fr-FR"},{"@type":"Organization","@id":"https:\/\/unsa-paris.fr\/savp\/#organization","name":"UNSA PARIS fili\u00e8re administrative","url":"https:\/\/unsa-paris.fr\/savp\/","logo":{"@type":"ImageObject","inLanguage":"fr-FR","@id":"https:\/\/unsa-paris.fr\/savp\/#\/schema\/logo\/image\/","url":"https:\/\/unsa-paris.fr\/savp\/wp-content\/uploads\/2020\/10\/Logo_UNSA-V6.png","contentUrl":"https:\/\/unsa-paris.fr\/savp\/wp-content\/uploads\/2020\/10\/Logo_UNSA-V6.png","width":986,"height":962,"caption":"UNSA PARIS fili\u00e8re administrative"},"image":{"@id":"https:\/\/unsa-paris.fr\/savp\/#\/schema\/logo\/image\/"}},{"@type":"Person","@id":"https:\/\/unsa-paris.fr\/savp\/#\/schema\/person\/7253f5acb55b402d9149796390e7bdde","name":"UNSA SA","image":{"@type":"ImageObject","inLanguage":"fr-FR","@id":"https:\/\/secure.gravatar.com\/avatar\/b78c582c0b7ba9a7147763b6638faa3db8f956662f0faffdc8b57058fad002f4?s=96&d=mm&r=g","url":"https:\/\/secure.gravatar.com\/avatar\/b78c582c0b7ba9a7147763b6638faa3db8f956662f0faffdc8b57058fad002f4?s=96&d=mm&r=g","contentUrl":"https:\/\/secure.gravatar.com\/avatar\/b78c582c0b7ba9a7147763b6638faa3db8f956662f0faffdc8b57058fad002f4?s=96&d=mm&r=g","caption":"UNSA SA"},"sameAs":["http:\/\/unsa-paris.fr\/savp"],"url":"https:\/\/unsa-paris.fr\/savp\/author\/fred\/"}]}},"_links":{"self":[{"href":"https:\/\/unsa-paris.fr\/savp\/wp-json\/wp\/v2\/posts\/1346","targetHints":{"allow":["GET"]}}],"collection":[{"href":"https:\/\/unsa-paris.fr\/savp\/wp-json\/wp\/v2\/posts"}],"about":[{"href":"https:\/\/unsa-paris.fr\/savp\/wp-json\/wp\/v2\/types\/post"}],"author":[{"embeddable":true,"href":"https:\/\/unsa-paris.fr\/savp\/wp-json\/wp\/v2\/users\/2"}],"replies":[{"embeddable":true,"href":"https:\/\/unsa-paris.fr\/savp\/wp-json\/wp\/v2\/comments?post=1346"}],"version-history":[{"count":4,"href":"https:\/\/unsa-paris.fr\/savp\/wp-json\/wp\/v2\/posts\/1346\/revisions"}],"predecessor-version":[{"id":1354,"href":"https:\/\/unsa-paris.fr\/savp\/wp-json\/wp\/v2\/posts\/1346\/revisions\/1354"}],"wp:attachment":[{"href":"https:\/\/unsa-paris.fr\/savp\/wp-json\/wp\/v2\/media?parent=1346"}],"wp:term":[{"taxonomy":"category","embeddable":true,"href":"https:\/\/unsa-paris.fr\/savp\/wp-json\/wp\/v2\/categories?post=1346"},{"taxonomy":"post_tag","embeddable":true,"href":"https:\/\/unsa-paris.fr\/savp\/wp-json\/wp\/v2\/tags?post=1346"}],"curies":[{"name":"wp","href":"https:\/\/api.w.org\/{rel}","templated":true}]}}