{"id":1342,"date":"2021-12-19T16:09:45","date_gmt":"2021-12-19T15:09:45","guid":{"rendered":"https:\/\/unsa-paris.fr\/savp\/?p=1342"},"modified":"2021-12-19T16:20:07","modified_gmt":"2021-12-19T15:20:07","slug":"lunsa-demande-au-premier-ministre-le-degel-du-point-dindice","status":"publish","type":"post","link":"https:\/\/unsa-paris.fr\/savp\/2021\/12\/19\/lunsa-demande-au-premier-ministre-le-degel-du-point-dindice\/","title":{"rendered":"L\u2019UNSA demande au Premier Ministre le d\u00e9gel du point d\u2019indice"},"content":{"rendered":"\t\t<div data-elementor-type=\"wp-post\" data-elementor-id=\"1342\" class=\"elementor elementor-1342\">\n\t\t\t\t\t\t<section class=\"elementor-section elementor-top-section elementor-element elementor-element-f5d1472 elementor-section-boxed elementor-section-height-default elementor-section-height-default\" data-id=\"f5d1472\" data-element_type=\"section\" data-e-type=\"section\">\n\t\t\t\t\t\t<div class=\"elementor-container elementor-column-gap-default\">\n\t\t\t\t\t<div class=\"elementor-column elementor-col-100 elementor-top-column elementor-element elementor-element-79f1ec4\" data-id=\"79f1ec4\" data-element_type=\"column\" data-e-type=\"column\">\n\t\t\t<div class=\"elementor-widget-wrap elementor-element-populated\">\n\t\t\t\t\t\t<div class=\"elementor-element elementor-element-16f81a8 elementor-widget elementor-widget-heading\" data-id=\"16f81a8\" data-element_type=\"widget\" data-e-type=\"widget\" data-widget_type=\"heading.default\">\n\t\t\t\t<div class=\"elementor-widget-container\">\n\t\t\t\t\t<h2 class=\"elementor-heading-title elementor-size-medium\">L\u2019UNSA demande \u00e0 Jean Castex de prendre une d\u00e9cision politique importante : augmenter la valeur du point d\u2019indice, base de la r\u00e9mun\u00e9ration de tous les agents publics.\n<\/h2>\t\t\t\t<\/div>\n\t\t\t\t<\/div>\n\t\t\t\t<div class=\"elementor-element elementor-element-c374923 elementor-widget elementor-widget-text-editor\" data-id=\"c374923\" data-element_type=\"widget\" data-e-type=\"widget\" data-widget_type=\"text-editor.default\">\n\t\t\t\t<div class=\"elementor-widget-container\">\n\t\t\t\t\t\t\t\t\t<p><span style=\"color: #000000;\">Lisez le courrier envoy\u00e9 par Luc Farr\u00e9, secr\u00e9taire g\u00e9n\u00e9ral de l&rsquo;UNSA fonction Publique, au Premier Ministre.<\/span><\/p>\t\t\t\t\t\t\t\t<\/div>\n\t\t\t\t<\/div>\n\t\t\t\t<div class=\"elementor-element elementor-element-5021815 elementor-widget elementor-widget-text-editor\" data-id=\"5021815\" data-element_type=\"widget\" data-e-type=\"widget\" data-widget_type=\"text-editor.default\">\n\t\t\t\t<div class=\"elementor-widget-container\">\n\t\t\t\t\t\t\t\t\t<p><span style=\"color: #000000;\">Monsieur le Premier Ministre,<\/span><\/p><p><span style=\"color: #000000;\">Dans de nombreuses expressions publiques, le gouvernement, par vos interventions ou par celles de vos ministres, a r\u00e9affirm\u00e9 son attachement au service public, \u00e0 la fonction publique et surtout a reconnu l\u2019engagement des agents publics au service des fran\u00e7ais et de l\u2019int\u00e9r\u00eat g\u00e9n\u00e9ral.<\/span><\/p>\t\t\t\t\t\t\t\t<\/div>\n\t\t\t\t<\/div>\n\t\t\t\t<div class=\"elementor-element elementor-element-33bf3a4 elementor-widget elementor-widget-read-more\" data-id=\"33bf3a4\" data-element_type=\"widget\" data-e-type=\"widget\" data-widget_type=\"read-more.default\">\n\t\t\t\t<div class=\"elementor-widget-container\">\n\t\t\t\t\t<\/div><\/div><\/div><\/div><\/div><\/section><\/div> <a href=\"https:\/\/unsa-paris.fr\/savp\/2021\/12\/19\/lunsa-demande-au-premier-ministre-le-degel-du-point-dindice\/#more-1342\" class=\"more-link elementor-more-link\"><span aria-label=\"Poursuivre la lecture L\u2019UNSA demande au Premier Ministre le d\u00e9gel du point d\u2019indice\">Poursuivre la lecture<\/span><\/a>","protected":false},"excerpt":{"rendered":"<p>L\u2019UNSA demande \u00e0 Jean Castex de prendre une d\u00e9cision politique importante : augmenter la valeur du point d\u2019indice, base de la r\u00e9mun\u00e9ration de tous les agents publics. Lisez le courrier &hellip; <a href=\"https:\/\/unsa-paris.fr\/savp\/2021\/12\/19\/lunsa-demande-au-premier-ministre-le-degel-du-point-dindice\/\" class=\"more-link\">Continuer la lecture<span class=\"screen-reader-text\"> de &laquo;&nbsp;L\u2019UNSA demande au Premier Ministre le d\u00e9gel du point d\u2019indice&nbsp;&raquo;<\/span><\/a><\/p>\n","protected":false},"author":1,"featured_media":0,"comment_status":"open","ping_status":"open","sticky":false,"template":"","format":"standard","meta":{"footnotes":""},"categories":[9,12,1,14],"tags":[],"class_list":["post-1342","post","type-post","status-publish","format-standard","hentry","category-communique","category-dialogue-social","category-non-classe","category-remuneration"],"yoast_head":"<!-- This site is optimized with the Yoast SEO plugin v27.4 - https:\/\/yoast.com\/product\/yoast-seo-wordpress\/ -->\n<title>L\u2019UNSA demande au Premier Ministre le d\u00e9gel du point d\u2019indice - Syndicat Autonome UNSA<\/title>\n<meta name=\"robots\" content=\"index, follow, max-snippet:-1, max-image-preview:large, max-video-preview:-1\" \/>\n<link rel=\"canonical\" href=\"https:\/\/unsa-paris.fr\/savp\/2021\/12\/19\/lunsa-demande-au-premier-ministre-le-degel-du-point-dindice\/\" \/>\n<meta property=\"og:locale\" content=\"fr_FR\" \/>\n<meta property=\"og:type\" content=\"article\" \/>\n<meta property=\"og:title\" content=\"L\u2019UNSA demande au Premier Ministre le d\u00e9gel du point d\u2019indice - Syndicat Autonome UNSA\" \/>\n<meta property=\"og:description\" content=\"L\u2019UNSA demande \u00e0 Jean Castex de prendre une d\u00e9cision politique importante : augmenter la valeur du point d\u2019indice, base de la r\u00e9mun\u00e9ration de tous les agents publics. Lisez le courrier &hellip; Continuer la lecture de &laquo;&nbsp;L\u2019UNSA demande au Premier Ministre le d\u00e9gel du point d\u2019indice&nbsp;&raquo;\" \/>\n<meta property=\"og:url\" content=\"https:\/\/unsa-paris.fr\/savp\/2021\/12\/19\/lunsa-demande-au-premier-ministre-le-degel-du-point-dindice\/\" \/>\n<meta property=\"og:site_name\" content=\"Syndicat Autonome UNSA\" \/>\n<meta property=\"article:published_time\" content=\"2021-12-19T15:09:45+00:00\" \/>\n<meta property=\"article:modified_time\" content=\"2021-12-19T15:20:07+00:00\" \/>\n<meta name=\"author\" content=\"militant\" \/>\n<meta name=\"twitter:card\" content=\"summary_large_image\" \/>\n<meta name=\"twitter:label1\" content=\"\u00c9crit par\" \/>\n\t<meta name=\"twitter:data1\" content=\"militant\" \/>\n\t<meta name=\"twitter:label2\" content=\"Dur\u00e9e de lecture estim\u00e9e\" \/>\n\t<meta name=\"twitter:data2\" content=\"3 minutes\" \/>\n<script type=\"application\/ld+json\" class=\"yoast-schema-graph\">{\"@context\":\"https:\\\/\\\/schema.org\",\"@graph\":[{\"@type\":\"Article\",\"@id\":\"https:\\\/\\\/unsa-paris.fr\\\/savp\\\/2021\\\/12\\\/19\\\/lunsa-demande-au-premier-ministre-le-degel-du-point-dindice\\\/#article\",\"isPartOf\":{\"@id\":\"https:\\\/\\\/unsa-paris.fr\\\/savp\\\/2021\\\/12\\\/19\\\/lunsa-demande-au-premier-ministre-le-degel-du-point-dindice\\\/\"},\"author\":{\"name\":\"militant\",\"@id\":\"https:\\\/\\\/unsa-paris.fr\\\/savp\\\/#\\\/schema\\\/person\\\/656755f73ac5921fc7e2e35124af2ae1\"},\"headline\":\"L\u2019UNSA demande au Premier Ministre le d\u00e9gel du point d\u2019indice\",\"datePublished\":\"2021-12-19T15:09:45+00:00\",\"dateModified\":\"2021-12-19T15:20:07+00:00\",\"mainEntityOfPage\":{\"@id\":\"https:\\\/\\\/unsa-paris.fr\\\/savp\\\/2021\\\/12\\\/19\\\/lunsa-demande-au-premier-ministre-le-degel-du-point-dindice\\\/\"},\"wordCount\":551,\"commentCount\":0,\"publisher\":{\"@id\":\"https:\\\/\\\/unsa-paris.fr\\\/savp\\\/#organization\"},\"articleSection\":[\"Communique\",\"Dialogue social\",\"non-classe\",\"R\u00e9mun\u00e9ration\"],\"inLanguage\":\"fr-FR\",\"potentialAction\":[{\"@type\":\"CommentAction\",\"name\":\"Comment\",\"target\":[\"https:\\\/\\\/unsa-paris.fr\\\/savp\\\/2021\\\/12\\\/19\\\/lunsa-demande-au-premier-ministre-le-degel-du-point-dindice\\\/#respond\"]}]},{\"@type\":\"WebPage\",\"@id\":\"https:\\\/\\\/unsa-paris.fr\\\/savp\\\/2021\\\/12\\\/19\\\/lunsa-demande-au-premier-ministre-le-degel-du-point-dindice\\\/\",\"url\":\"https:\\\/\\\/unsa-paris.fr\\\/savp\\\/2021\\\/12\\\/19\\\/lunsa-demande-au-premier-ministre-le-degel-du-point-dindice\\\/\",\"name\":\"L\u2019UNSA demande au Premier Ministre le d\u00e9gel du point d\u2019indice - Syndicat Autonome UNSA\",\"isPartOf\":{\"@id\":\"https:\\\/\\\/unsa-paris.fr\\\/savp\\\/#website\"},\"datePublished\":\"2021-12-19T15:09:45+00:00\",\"dateModified\":\"2021-12-19T15:20:07+00:00\",\"breadcrumb\":{\"@id\":\"https:\\\/\\\/unsa-paris.fr\\\/savp\\\/2021\\\/12\\\/19\\\/lunsa-demande-au-premier-ministre-le-degel-du-point-dindice\\\/#breadcrumb\"},\"inLanguage\":\"fr-FR\",\"potentialAction\":[{\"@type\":\"ReadAction\",\"target\":[\"https:\\\/\\\/unsa-paris.fr\\\/savp\\\/2021\\\/12\\\/19\\\/lunsa-demande-au-premier-ministre-le-degel-du-point-dindice\\\/\"]}]},{\"@type\":\"BreadcrumbList\",\"@id\":\"https:\\\/\\\/unsa-paris.fr\\\/savp\\\/2021\\\/12\\\/19\\\/lunsa-demande-au-premier-ministre-le-degel-du-point-dindice\\\/#breadcrumb\",\"itemListElement\":[{\"@type\":\"ListItem\",\"position\":1,\"name\":\"Accueil\",\"item\":\"https:\\\/\\\/unsa-paris.fr\\\/savp\\\/\"},{\"@type\":\"ListItem\",\"position\":2,\"name\":\"L\u2019UNSA demande au Premier Ministre le d\u00e9gel du point d\u2019indice\"}]},{\"@type\":\"WebSite\",\"@id\":\"https:\\\/\\\/unsa-paris.fr\\\/savp\\\/#website\",\"url\":\"https:\\\/\\\/unsa-paris.fr\\\/savp\\\/\",\"name\":\"Syndicat Autonome UNSA\",\"description\":\"Section des secr\u00e9taires administratifs et des techniciens sup\u00e9rieurs\",\"publisher\":{\"@id\":\"https:\\\/\\\/unsa-paris.fr\\\/savp\\\/#organization\"},\"potentialAction\":[{\"@type\":\"SearchAction\",\"target\":{\"@type\":\"EntryPoint\",\"urlTemplate\":\"https:\\\/\\\/unsa-paris.fr\\\/savp\\\/?s={search_term_string}\"},\"query-input\":{\"@type\":\"PropertyValueSpecification\",\"valueRequired\":true,\"valueName\":\"search_term_string\"}}],\"inLanguage\":\"fr-FR\"},{\"@type\":\"Organization\",\"@id\":\"https:\\\/\\\/unsa-paris.fr\\\/savp\\\/#organization\",\"name\":\"UNSA PARIS fili\u00e8re administrative\",\"url\":\"https:\\\/\\\/unsa-paris.fr\\\/savp\\\/\",\"logo\":{\"@type\":\"ImageObject\",\"inLanguage\":\"fr-FR\",\"@id\":\"https:\\\/\\\/unsa-paris.fr\\\/savp\\\/#\\\/schema\\\/logo\\\/image\\\/\",\"url\":\"https:\\\/\\\/unsa-paris.fr\\\/savp\\\/wp-content\\\/uploads\\\/2020\\\/10\\\/Logo_UNSA-V6.png\",\"contentUrl\":\"https:\\\/\\\/unsa-paris.fr\\\/savp\\\/wp-content\\\/uploads\\\/2020\\\/10\\\/Logo_UNSA-V6.png\",\"width\":986,\"height\":962,\"caption\":\"UNSA PARIS fili\u00e8re administrative\"},\"image\":{\"@id\":\"https:\\\/\\\/unsa-paris.fr\\\/savp\\\/#\\\/schema\\\/logo\\\/image\\\/\"}},{\"@type\":\"Person\",\"@id\":\"https:\\\/\\\/unsa-paris.fr\\\/savp\\\/#\\\/schema\\\/person\\\/656755f73ac5921fc7e2e35124af2ae1\",\"name\":\"militant\",\"image\":{\"@type\":\"ImageObject\",\"inLanguage\":\"fr-FR\",\"@id\":\"https:\\\/\\\/secure.gravatar.com\\\/avatar\\\/bafae66946efbf2980171a895ec279139a1dde2c6d953819f7e7270d582b48d2?s=96&d=mm&r=g\",\"url\":\"https:\\\/\\\/secure.gravatar.com\\\/avatar\\\/bafae66946efbf2980171a895ec279139a1dde2c6d953819f7e7270d582b48d2?s=96&d=mm&r=g\",\"contentUrl\":\"https:\\\/\\\/secure.gravatar.com\\\/avatar\\\/bafae66946efbf2980171a895ec279139a1dde2c6d953819f7e7270d582b48d2?s=96&d=mm&r=g\",\"caption\":\"militant\"},\"url\":\"https:\\\/\\\/unsa-paris.fr\\\/savp\\\/author\\\/militant\\\/\"}]}<\/script>\n<!-- \/ Yoast SEO plugin. -->","yoast_head_json":{"title":"L\u2019UNSA demande au Premier Ministre le d\u00e9gel du point d\u2019indice - Syndicat Autonome UNSA","robots":{"index":"index","follow":"follow","max-snippet":"max-snippet:-1","max-image-preview":"max-image-preview:large","max-video-preview":"max-video-preview:-1"},"canonical":"https:\/\/unsa-paris.fr\/savp\/2021\/12\/19\/lunsa-demande-au-premier-ministre-le-degel-du-point-dindice\/","og_locale":"fr_FR","og_type":"article","og_title":"L\u2019UNSA demande au Premier Ministre le d\u00e9gel du point d\u2019indice - Syndicat Autonome UNSA","og_description":"L\u2019UNSA demande \u00e0 Jean Castex de prendre une d\u00e9cision politique importante : augmenter la valeur du point d\u2019indice, base de la r\u00e9mun\u00e9ration de tous les agents publics. Lisez le courrier &hellip; Continuer la lecture de &laquo;&nbsp;L\u2019UNSA demande au Premier Ministre le d\u00e9gel du point d\u2019indice&nbsp;&raquo;","og_url":"https:\/\/unsa-paris.fr\/savp\/2021\/12\/19\/lunsa-demande-au-premier-ministre-le-degel-du-point-dindice\/","og_site_name":"Syndicat Autonome UNSA","article_published_time":"2021-12-19T15:09:45+00:00","article_modified_time":"2021-12-19T15:20:07+00:00","author":"militant","twitter_card":"summary_large_image","twitter_misc":{"\u00c9crit par":"militant","Dur\u00e9e de lecture estim\u00e9e":"3 minutes"},"schema":{"@context":"https:\/\/schema.org","@graph":[{"@type":"Article","@id":"https:\/\/unsa-paris.fr\/savp\/2021\/12\/19\/lunsa-demande-au-premier-ministre-le-degel-du-point-dindice\/#article","isPartOf":{"@id":"https:\/\/unsa-paris.fr\/savp\/2021\/12\/19\/lunsa-demande-au-premier-ministre-le-degel-du-point-dindice\/"},"author":{"name":"militant","@id":"https:\/\/unsa-paris.fr\/savp\/#\/schema\/person\/656755f73ac5921fc7e2e35124af2ae1"},"headline":"L\u2019UNSA demande au Premier Ministre le d\u00e9gel du point d\u2019indice","datePublished":"2021-12-19T15:09:45+00:00","dateModified":"2021-12-19T15:20:07+00:00","mainEntityOfPage":{"@id":"https:\/\/unsa-paris.fr\/savp\/2021\/12\/19\/lunsa-demande-au-premier-ministre-le-degel-du-point-dindice\/"},"wordCount":551,"commentCount":0,"publisher":{"@id":"https:\/\/unsa-paris.fr\/savp\/#organization"},"articleSection":["Communique","Dialogue social","non-classe","R\u00e9mun\u00e9ration"],"inLanguage":"fr-FR","potentialAction":[{"@type":"CommentAction","name":"Comment","target":["https:\/\/unsa-paris.fr\/savp\/2021\/12\/19\/lunsa-demande-au-premier-ministre-le-degel-du-point-dindice\/#respond"]}]},{"@type":"WebPage","@id":"https:\/\/unsa-paris.fr\/savp\/2021\/12\/19\/lunsa-demande-au-premier-ministre-le-degel-du-point-dindice\/","url":"https:\/\/unsa-paris.fr\/savp\/2021\/12\/19\/lunsa-demande-au-premier-ministre-le-degel-du-point-dindice\/","name":"L\u2019UNSA demande au Premier Ministre le d\u00e9gel du point d\u2019indice - Syndicat Autonome UNSA","isPartOf":{"@id":"https:\/\/unsa-paris.fr\/savp\/#website"},"datePublished":"2021-12-19T15:09:45+00:00","dateModified":"2021-12-19T15:20:07+00:00","breadcrumb":{"@id":"https:\/\/unsa-paris.fr\/savp\/2021\/12\/19\/lunsa-demande-au-premier-ministre-le-degel-du-point-dindice\/#breadcrumb"},"inLanguage":"fr-FR","potentialAction":[{"@type":"ReadAction","target":["https:\/\/unsa-paris.fr\/savp\/2021\/12\/19\/lunsa-demande-au-premier-ministre-le-degel-du-point-dindice\/"]}]},{"@type":"BreadcrumbList","@id":"https:\/\/unsa-paris.fr\/savp\/2021\/12\/19\/lunsa-demande-au-premier-ministre-le-degel-du-point-dindice\/#breadcrumb","itemListElement":[{"@type":"ListItem","position":1,"name":"Accueil","item":"https:\/\/unsa-paris.fr\/savp\/"},{"@type":"ListItem","position":2,"name":"L\u2019UNSA demande au Premier Ministre le d\u00e9gel du point d\u2019indice"}]},{"@type":"WebSite","@id":"https:\/\/unsa-paris.fr\/savp\/#website","url":"https:\/\/unsa-paris.fr\/savp\/","name":"Syndicat Autonome UNSA","description":"Section des secr\u00e9taires administratifs et des techniciens sup\u00e9rieurs","publisher":{"@id":"https:\/\/unsa-paris.fr\/savp\/#organization"},"potentialAction":[{"@type":"SearchAction","target":{"@type":"EntryPoint","urlTemplate":"https:\/\/unsa-paris.fr\/savp\/?s={search_term_string}"},"query-input":{"@type":"PropertyValueSpecification","valueRequired":true,"valueName":"search_term_string"}}],"inLanguage":"fr-FR"},{"@type":"Organization","@id":"https:\/\/unsa-paris.fr\/savp\/#organization","name":"UNSA PARIS fili\u00e8re administrative","url":"https:\/\/unsa-paris.fr\/savp\/","logo":{"@type":"ImageObject","inLanguage":"fr-FR","@id":"https:\/\/unsa-paris.fr\/savp\/#\/schema\/logo\/image\/","url":"https:\/\/unsa-paris.fr\/savp\/wp-content\/uploads\/2020\/10\/Logo_UNSA-V6.png","contentUrl":"https:\/\/unsa-paris.fr\/savp\/wp-content\/uploads\/2020\/10\/Logo_UNSA-V6.png","width":986,"height":962,"caption":"UNSA PARIS fili\u00e8re administrative"},"image":{"@id":"https:\/\/unsa-paris.fr\/savp\/#\/schema\/logo\/image\/"}},{"@type":"Person","@id":"https:\/\/unsa-paris.fr\/savp\/#\/schema\/person\/656755f73ac5921fc7e2e35124af2ae1","name":"militant","image":{"@type":"ImageObject","inLanguage":"fr-FR","@id":"https:\/\/secure.gravatar.com\/avatar\/bafae66946efbf2980171a895ec279139a1dde2c6d953819f7e7270d582b48d2?s=96&d=mm&r=g","url":"https:\/\/secure.gravatar.com\/avatar\/bafae66946efbf2980171a895ec279139a1dde2c6d953819f7e7270d582b48d2?s=96&d=mm&r=g","contentUrl":"https:\/\/secure.gravatar.com\/avatar\/bafae66946efbf2980171a895ec279139a1dde2c6d953819f7e7270d582b48d2?s=96&d=mm&r=g","caption":"militant"},"url":"https:\/\/unsa-paris.fr\/savp\/author\/militant\/"}]}},"_links":{"self":[{"href":"https:\/\/unsa-paris.fr\/savp\/wp-json\/wp\/v2\/posts\/1342","targetHints":{"allow":["GET"]}}],"collection":[{"href":"https:\/\/unsa-paris.fr\/savp\/wp-json\/wp\/v2\/posts"}],"about":[{"href":"https:\/\/unsa-paris.fr\/savp\/wp-json\/wp\/v2\/types\/post"}],"author":[{"embeddable":true,"href":"https:\/\/unsa-paris.fr\/savp\/wp-json\/wp\/v2\/users\/1"}],"replies":[{"embeddable":true,"href":"https:\/\/unsa-paris.fr\/savp\/wp-json\/wp\/v2\/comments?post=1342"}],"version-history":[{"count":3,"href":"https:\/\/unsa-paris.fr\/savp\/wp-json\/wp\/v2\/posts\/1342\/revisions"}],"predecessor-version":[{"id":1345,"href":"https:\/\/unsa-paris.fr\/savp\/wp-json\/wp\/v2\/posts\/1342\/revisions\/1345"}],"wp:attachment":[{"href":"https:\/\/unsa-paris.fr\/savp\/wp-json\/wp\/v2\/media?parent=1342"}],"wp:term":[{"taxonomy":"category","embeddable":true,"href":"https:\/\/unsa-paris.fr\/savp\/wp-json\/wp\/v2\/categories?post=1342"},{"taxonomy":"post_tag","embeddable":true,"href":"https:\/\/unsa-paris.fr\/savp\/wp-json\/wp\/v2\/tags?post=1342"}],"curies":[{"name":"wp","href":"https:\/\/api.w.org\/{rel}","templated":true}]}}