{"id":1245,"date":"2021-10-19T18:57:31","date_gmt":"2021-10-19T16:57:31","guid":{"rendered":"https:\/\/unsa-paris.fr\/savp\/?p=1245"},"modified":"2021-10-19T19:00:55","modified_gmt":"2021-10-19T17:00:55","slug":"declaration-suite-au-boycott-du-comite-technique-central-du-19-octobre","status":"publish","type":"post","link":"https:\/\/unsa-paris.fr\/savp\/2021\/10\/19\/declaration-suite-au-boycott-du-comite-technique-central-du-19-octobre\/","title":{"rendered":"D\u00e9claration suite au boycott du Comit\u00e9 Technique Central du 19 octobre"},"content":{"rendered":"\t\t<div data-elementor-type=\"wp-post\" data-elementor-id=\"1245\" class=\"elementor elementor-1245\">\n\t\t\t\t\t\t<section class=\"elementor-section elementor-top-section elementor-element elementor-element-0dd6773 elementor-section-boxed elementor-section-height-default elementor-section-height-default\" data-id=\"0dd6773\" data-element_type=\"section\" data-e-type=\"section\">\n\t\t\t\t\t\t<div class=\"elementor-container elementor-column-gap-default\">\n\t\t\t\t\t<div class=\"elementor-column elementor-col-100 elementor-top-column elementor-element elementor-element-4410758\" data-id=\"4410758\" data-element_type=\"column\" data-e-type=\"column\">\n\t\t\t<div class=\"elementor-widget-wrap elementor-element-populated\">\n\t\t\t\t\t\t<div class=\"elementor-element elementor-element-0f4f82e elementor-widget elementor-widget-text-editor\" data-id=\"0f4f82e\" data-element_type=\"widget\" data-e-type=\"widget\" data-widget_type=\"text-editor.default\">\n\t\t\t\t<div class=\"elementor-widget-container\">\n\t\t\t\t\t\t\t\t\t<p><span style=\"color: #000000;\">Monsieur le Maire, Mesdames, Messieurs, <\/span><\/p><p><span style=\"color: #000000;\">Nos organisations syndicales CGT, UNSA, UCP, SUPAP-FSU, FO, CFTC, ne participeront pas \u00e0 l\u2019instance de ce jour. <\/span><\/p><p><span style=\"color: #000000;\">Par cette action, nous souhaitons manifester notre opposition, dont la vigueur ne s\u2019est jamais d\u00e9mentie, au projet de r\u00e9gression sociale que constitue la proposition de r\u00e8glement du temps de travail des personnels de la Ville de Paris et qui verra la tr\u00e8s grande majorit\u00e9 des agents travailler plus.<\/span><\/p>\t\t\t\t\t\t\t\t<\/div>\n\t\t\t\t<\/div>\n\t\t\t\t<div class=\"elementor-element elementor-element-16cc7eb elementor-widget elementor-widget-read-more\" data-id=\"16cc7eb\" data-element_type=\"widget\" data-e-type=\"widget\" data-widget_type=\"read-more.default\">\n\t\t\t\t<div class=\"elementor-widget-container\">\n\t\t\t\t\t<\/div><\/div><\/div><\/div><\/div><\/section><\/div> <a href=\"https:\/\/unsa-paris.fr\/savp\/2021\/10\/19\/declaration-suite-au-boycott-du-comite-technique-central-du-19-octobre\/#more-1245\" class=\"more-link elementor-more-link\"><span aria-label=\"Poursuivre la lecture D\u00e9claration suite au boycott du Comit\u00e9 Technique Central du 19 octobre\">Poursuivre la lecture<\/span><\/a>","protected":false},"excerpt":{"rendered":"<p>Monsieur le Maire, Mesdames, Messieurs, Nos organisations syndicales CGT, UNSA, UCP, SUPAP-FSU, FO, CFTC, ne participeront pas \u00e0 l\u2019instance de ce jour. Par cette action, nous souhaitons manifester notre opposition, &hellip; <a href=\"https:\/\/unsa-paris.fr\/savp\/2021\/10\/19\/declaration-suite-au-boycott-du-comite-technique-central-du-19-octobre\/\" class=\"more-link\">Continuer la lecture<span class=\"screen-reader-text\"> de &laquo;&nbsp;D\u00e9claration suite au boycott du Comit\u00e9 Technique Central du 19 octobre&nbsp;&raquo;<\/span><\/a><\/p>\n","protected":false},"author":1,"featured_media":0,"comment_status":"open","ping_status":"open","sticky":false,"template":"","format":"standard","meta":{"footnotes":""},"categories":[9,12,5],"tags":[],"class_list":["post-1245","post","type-post","status-publish","format-standard","hentry","category-communique","category-dialogue-social","category-tempsdetravail"],"yoast_head":"<!-- This site is optimized with the Yoast SEO plugin v27.4 - https:\/\/yoast.com\/product\/yoast-seo-wordpress\/ -->\n<title>D\u00e9claration suite au boycott du Comit\u00e9 Technique Central du 19 octobre - Syndicat Autonome UNSA<\/title>\n<meta name=\"robots\" content=\"index, follow, max-snippet:-1, max-image-preview:large, max-video-preview:-1\" \/>\n<link rel=\"canonical\" href=\"https:\/\/unsa-paris.fr\/savp\/2021\/10\/19\/declaration-suite-au-boycott-du-comite-technique-central-du-19-octobre\/\" \/>\n<meta property=\"og:locale\" content=\"fr_FR\" \/>\n<meta property=\"og:type\" content=\"article\" \/>\n<meta property=\"og:title\" content=\"D\u00e9claration suite au boycott du Comit\u00e9 Technique Central du 19 octobre - Syndicat Autonome UNSA\" \/>\n<meta property=\"og:description\" content=\"Monsieur le Maire, Mesdames, Messieurs, Nos organisations syndicales CGT, UNSA, UCP, SUPAP-FSU, FO, CFTC, ne participeront pas \u00e0 l\u2019instance de ce jour. Par cette action, nous souhaitons manifester notre opposition, &hellip; Continuer la lecture de &laquo;&nbsp;D\u00e9claration suite au boycott du Comit\u00e9 Technique Central du 19 octobre&nbsp;&raquo;\" \/>\n<meta property=\"og:url\" content=\"https:\/\/unsa-paris.fr\/savp\/2021\/10\/19\/declaration-suite-au-boycott-du-comite-technique-central-du-19-octobre\/\" \/>\n<meta property=\"og:site_name\" content=\"Syndicat Autonome UNSA\" \/>\n<meta property=\"article:published_time\" content=\"2021-10-19T16:57:31+00:00\" \/>\n<meta property=\"article:modified_time\" content=\"2021-10-19T17:00:55+00:00\" \/>\n<meta name=\"author\" content=\"militant\" \/>\n<meta name=\"twitter:card\" content=\"summary_large_image\" \/>\n<meta name=\"twitter:label1\" content=\"\u00c9crit par\" \/>\n\t<meta name=\"twitter:data1\" content=\"militant\" \/>\n\t<meta name=\"twitter:label2\" content=\"Dur\u00e9e de lecture estim\u00e9e\" \/>\n\t<meta name=\"twitter:data2\" content=\"3 minutes\" \/>\n<script type=\"application\/ld+json\" class=\"yoast-schema-graph\">{\"@context\":\"https:\\\/\\\/schema.org\",\"@graph\":[{\"@type\":\"Article\",\"@id\":\"https:\\\/\\\/unsa-paris.fr\\\/savp\\\/2021\\\/10\\\/19\\\/declaration-suite-au-boycott-du-comite-technique-central-du-19-octobre\\\/#article\",\"isPartOf\":{\"@id\":\"https:\\\/\\\/unsa-paris.fr\\\/savp\\\/2021\\\/10\\\/19\\\/declaration-suite-au-boycott-du-comite-technique-central-du-19-octobre\\\/\"},\"author\":{\"name\":\"militant\",\"@id\":\"https:\\\/\\\/unsa-paris.fr\\\/savp\\\/#\\\/schema\\\/person\\\/656755f73ac5921fc7e2e35124af2ae1\"},\"headline\":\"D\u00e9claration suite au boycott du Comit\u00e9 Technique Central du 19 octobre\",\"datePublished\":\"2021-10-19T16:57:31+00:00\",\"dateModified\":\"2021-10-19T17:00:55+00:00\",\"mainEntityOfPage\":{\"@id\":\"https:\\\/\\\/unsa-paris.fr\\\/savp\\\/2021\\\/10\\\/19\\\/declaration-suite-au-boycott-du-comite-technique-central-du-19-octobre\\\/\"},\"wordCount\":569,\"commentCount\":0,\"publisher\":{\"@id\":\"https:\\\/\\\/unsa-paris.fr\\\/savp\\\/#organization\"},\"articleSection\":[\"Communique\",\"Dialogue social\",\"Tempsdetravail\"],\"inLanguage\":\"fr-FR\",\"potentialAction\":[{\"@type\":\"CommentAction\",\"name\":\"Comment\",\"target\":[\"https:\\\/\\\/unsa-paris.fr\\\/savp\\\/2021\\\/10\\\/19\\\/declaration-suite-au-boycott-du-comite-technique-central-du-19-octobre\\\/#respond\"]}]},{\"@type\":\"WebPage\",\"@id\":\"https:\\\/\\\/unsa-paris.fr\\\/savp\\\/2021\\\/10\\\/19\\\/declaration-suite-au-boycott-du-comite-technique-central-du-19-octobre\\\/\",\"url\":\"https:\\\/\\\/unsa-paris.fr\\\/savp\\\/2021\\\/10\\\/19\\\/declaration-suite-au-boycott-du-comite-technique-central-du-19-octobre\\\/\",\"name\":\"D\u00e9claration suite au boycott du Comit\u00e9 Technique Central du 19 octobre - Syndicat Autonome UNSA\",\"isPartOf\":{\"@id\":\"https:\\\/\\\/unsa-paris.fr\\\/savp\\\/#website\"},\"datePublished\":\"2021-10-19T16:57:31+00:00\",\"dateModified\":\"2021-10-19T17:00:55+00:00\",\"breadcrumb\":{\"@id\":\"https:\\\/\\\/unsa-paris.fr\\\/savp\\\/2021\\\/10\\\/19\\\/declaration-suite-au-boycott-du-comite-technique-central-du-19-octobre\\\/#breadcrumb\"},\"inLanguage\":\"fr-FR\",\"potentialAction\":[{\"@type\":\"ReadAction\",\"target\":[\"https:\\\/\\\/unsa-paris.fr\\\/savp\\\/2021\\\/10\\\/19\\\/declaration-suite-au-boycott-du-comite-technique-central-du-19-octobre\\\/\"]}]},{\"@type\":\"BreadcrumbList\",\"@id\":\"https:\\\/\\\/unsa-paris.fr\\\/savp\\\/2021\\\/10\\\/19\\\/declaration-suite-au-boycott-du-comite-technique-central-du-19-octobre\\\/#breadcrumb\",\"itemListElement\":[{\"@type\":\"ListItem\",\"position\":1,\"name\":\"Accueil\",\"item\":\"https:\\\/\\\/unsa-paris.fr\\\/savp\\\/\"},{\"@type\":\"ListItem\",\"position\":2,\"name\":\"D\u00e9claration suite au boycott du Comit\u00e9 Technique Central du 19 octobre\"}]},{\"@type\":\"WebSite\",\"@id\":\"https:\\\/\\\/unsa-paris.fr\\\/savp\\\/#website\",\"url\":\"https:\\\/\\\/unsa-paris.fr\\\/savp\\\/\",\"name\":\"Syndicat Autonome UNSA\",\"description\":\"Section des secr\u00e9taires administratifs et des techniciens sup\u00e9rieurs\",\"publisher\":{\"@id\":\"https:\\\/\\\/unsa-paris.fr\\\/savp\\\/#organization\"},\"potentialAction\":[{\"@type\":\"SearchAction\",\"target\":{\"@type\":\"EntryPoint\",\"urlTemplate\":\"https:\\\/\\\/unsa-paris.fr\\\/savp\\\/?s={search_term_string}\"},\"query-input\":{\"@type\":\"PropertyValueSpecification\",\"valueRequired\":true,\"valueName\":\"search_term_string\"}}],\"inLanguage\":\"fr-FR\"},{\"@type\":\"Organization\",\"@id\":\"https:\\\/\\\/unsa-paris.fr\\\/savp\\\/#organization\",\"name\":\"UNSA PARIS fili\u00e8re administrative\",\"url\":\"https:\\\/\\\/unsa-paris.fr\\\/savp\\\/\",\"logo\":{\"@type\":\"ImageObject\",\"inLanguage\":\"fr-FR\",\"@id\":\"https:\\\/\\\/unsa-paris.fr\\\/savp\\\/#\\\/schema\\\/logo\\\/image\\\/\",\"url\":\"https:\\\/\\\/unsa-paris.fr\\\/savp\\\/wp-content\\\/uploads\\\/2020\\\/10\\\/Logo_UNSA-V6.png\",\"contentUrl\":\"https:\\\/\\\/unsa-paris.fr\\\/savp\\\/wp-content\\\/uploads\\\/2020\\\/10\\\/Logo_UNSA-V6.png\",\"width\":986,\"height\":962,\"caption\":\"UNSA PARIS fili\u00e8re administrative\"},\"image\":{\"@id\":\"https:\\\/\\\/unsa-paris.fr\\\/savp\\\/#\\\/schema\\\/logo\\\/image\\\/\"}},{\"@type\":\"Person\",\"@id\":\"https:\\\/\\\/unsa-paris.fr\\\/savp\\\/#\\\/schema\\\/person\\\/656755f73ac5921fc7e2e35124af2ae1\",\"name\":\"militant\",\"image\":{\"@type\":\"ImageObject\",\"inLanguage\":\"fr-FR\",\"@id\":\"https:\\\/\\\/secure.gravatar.com\\\/avatar\\\/bafae66946efbf2980171a895ec279139a1dde2c6d953819f7e7270d582b48d2?s=96&d=mm&r=g\",\"url\":\"https:\\\/\\\/secure.gravatar.com\\\/avatar\\\/bafae66946efbf2980171a895ec279139a1dde2c6d953819f7e7270d582b48d2?s=96&d=mm&r=g\",\"contentUrl\":\"https:\\\/\\\/secure.gravatar.com\\\/avatar\\\/bafae66946efbf2980171a895ec279139a1dde2c6d953819f7e7270d582b48d2?s=96&d=mm&r=g\",\"caption\":\"militant\"},\"url\":\"https:\\\/\\\/unsa-paris.fr\\\/savp\\\/author\\\/militant\\\/\"}]}<\/script>\n<!-- \/ Yoast SEO plugin. -->","yoast_head_json":{"title":"D\u00e9claration suite au boycott du Comit\u00e9 Technique Central du 19 octobre - Syndicat Autonome UNSA","robots":{"index":"index","follow":"follow","max-snippet":"max-snippet:-1","max-image-preview":"max-image-preview:large","max-video-preview":"max-video-preview:-1"},"canonical":"https:\/\/unsa-paris.fr\/savp\/2021\/10\/19\/declaration-suite-au-boycott-du-comite-technique-central-du-19-octobre\/","og_locale":"fr_FR","og_type":"article","og_title":"D\u00e9claration suite au boycott du Comit\u00e9 Technique Central du 19 octobre - Syndicat Autonome UNSA","og_description":"Monsieur le Maire, Mesdames, Messieurs, Nos organisations syndicales CGT, UNSA, UCP, SUPAP-FSU, FO, CFTC, ne participeront pas \u00e0 l\u2019instance de ce jour. Par cette action, nous souhaitons manifester notre opposition, &hellip; Continuer la lecture de &laquo;&nbsp;D\u00e9claration suite au boycott du Comit\u00e9 Technique Central du 19 octobre&nbsp;&raquo;","og_url":"https:\/\/unsa-paris.fr\/savp\/2021\/10\/19\/declaration-suite-au-boycott-du-comite-technique-central-du-19-octobre\/","og_site_name":"Syndicat Autonome UNSA","article_published_time":"2021-10-19T16:57:31+00:00","article_modified_time":"2021-10-19T17:00:55+00:00","author":"militant","twitter_card":"summary_large_image","twitter_misc":{"\u00c9crit par":"militant","Dur\u00e9e de lecture estim\u00e9e":"3 minutes"},"schema":{"@context":"https:\/\/schema.org","@graph":[{"@type":"Article","@id":"https:\/\/unsa-paris.fr\/savp\/2021\/10\/19\/declaration-suite-au-boycott-du-comite-technique-central-du-19-octobre\/#article","isPartOf":{"@id":"https:\/\/unsa-paris.fr\/savp\/2021\/10\/19\/declaration-suite-au-boycott-du-comite-technique-central-du-19-octobre\/"},"author":{"name":"militant","@id":"https:\/\/unsa-paris.fr\/savp\/#\/schema\/person\/656755f73ac5921fc7e2e35124af2ae1"},"headline":"D\u00e9claration suite au boycott du Comit\u00e9 Technique Central du 19 octobre","datePublished":"2021-10-19T16:57:31+00:00","dateModified":"2021-10-19T17:00:55+00:00","mainEntityOfPage":{"@id":"https:\/\/unsa-paris.fr\/savp\/2021\/10\/19\/declaration-suite-au-boycott-du-comite-technique-central-du-19-octobre\/"},"wordCount":569,"commentCount":0,"publisher":{"@id":"https:\/\/unsa-paris.fr\/savp\/#organization"},"articleSection":["Communique","Dialogue social","Tempsdetravail"],"inLanguage":"fr-FR","potentialAction":[{"@type":"CommentAction","name":"Comment","target":["https:\/\/unsa-paris.fr\/savp\/2021\/10\/19\/declaration-suite-au-boycott-du-comite-technique-central-du-19-octobre\/#respond"]}]},{"@type":"WebPage","@id":"https:\/\/unsa-paris.fr\/savp\/2021\/10\/19\/declaration-suite-au-boycott-du-comite-technique-central-du-19-octobre\/","url":"https:\/\/unsa-paris.fr\/savp\/2021\/10\/19\/declaration-suite-au-boycott-du-comite-technique-central-du-19-octobre\/","name":"D\u00e9claration suite au boycott du Comit\u00e9 Technique Central du 19 octobre - Syndicat Autonome UNSA","isPartOf":{"@id":"https:\/\/unsa-paris.fr\/savp\/#website"},"datePublished":"2021-10-19T16:57:31+00:00","dateModified":"2021-10-19T17:00:55+00:00","breadcrumb":{"@id":"https:\/\/unsa-paris.fr\/savp\/2021\/10\/19\/declaration-suite-au-boycott-du-comite-technique-central-du-19-octobre\/#breadcrumb"},"inLanguage":"fr-FR","potentialAction":[{"@type":"ReadAction","target":["https:\/\/unsa-paris.fr\/savp\/2021\/10\/19\/declaration-suite-au-boycott-du-comite-technique-central-du-19-octobre\/"]}]},{"@type":"BreadcrumbList","@id":"https:\/\/unsa-paris.fr\/savp\/2021\/10\/19\/declaration-suite-au-boycott-du-comite-technique-central-du-19-octobre\/#breadcrumb","itemListElement":[{"@type":"ListItem","position":1,"name":"Accueil","item":"https:\/\/unsa-paris.fr\/savp\/"},{"@type":"ListItem","position":2,"name":"D\u00e9claration suite au boycott du Comit\u00e9 Technique Central du 19 octobre"}]},{"@type":"WebSite","@id":"https:\/\/unsa-paris.fr\/savp\/#website","url":"https:\/\/unsa-paris.fr\/savp\/","name":"Syndicat Autonome UNSA","description":"Section des secr\u00e9taires administratifs et des techniciens sup\u00e9rieurs","publisher":{"@id":"https:\/\/unsa-paris.fr\/savp\/#organization"},"potentialAction":[{"@type":"SearchAction","target":{"@type":"EntryPoint","urlTemplate":"https:\/\/unsa-paris.fr\/savp\/?s={search_term_string}"},"query-input":{"@type":"PropertyValueSpecification","valueRequired":true,"valueName":"search_term_string"}}],"inLanguage":"fr-FR"},{"@type":"Organization","@id":"https:\/\/unsa-paris.fr\/savp\/#organization","name":"UNSA PARIS fili\u00e8re administrative","url":"https:\/\/unsa-paris.fr\/savp\/","logo":{"@type":"ImageObject","inLanguage":"fr-FR","@id":"https:\/\/unsa-paris.fr\/savp\/#\/schema\/logo\/image\/","url":"https:\/\/unsa-paris.fr\/savp\/wp-content\/uploads\/2020\/10\/Logo_UNSA-V6.png","contentUrl":"https:\/\/unsa-paris.fr\/savp\/wp-content\/uploads\/2020\/10\/Logo_UNSA-V6.png","width":986,"height":962,"caption":"UNSA PARIS fili\u00e8re administrative"},"image":{"@id":"https:\/\/unsa-paris.fr\/savp\/#\/schema\/logo\/image\/"}},{"@type":"Person","@id":"https:\/\/unsa-paris.fr\/savp\/#\/schema\/person\/656755f73ac5921fc7e2e35124af2ae1","name":"militant","image":{"@type":"ImageObject","inLanguage":"fr-FR","@id":"https:\/\/secure.gravatar.com\/avatar\/bafae66946efbf2980171a895ec279139a1dde2c6d953819f7e7270d582b48d2?s=96&d=mm&r=g","url":"https:\/\/secure.gravatar.com\/avatar\/bafae66946efbf2980171a895ec279139a1dde2c6d953819f7e7270d582b48d2?s=96&d=mm&r=g","contentUrl":"https:\/\/secure.gravatar.com\/avatar\/bafae66946efbf2980171a895ec279139a1dde2c6d953819f7e7270d582b48d2?s=96&d=mm&r=g","caption":"militant"},"url":"https:\/\/unsa-paris.fr\/savp\/author\/militant\/"}]}},"_links":{"self":[{"href":"https:\/\/unsa-paris.fr\/savp\/wp-json\/wp\/v2\/posts\/1245","targetHints":{"allow":["GET"]}}],"collection":[{"href":"https:\/\/unsa-paris.fr\/savp\/wp-json\/wp\/v2\/posts"}],"about":[{"href":"https:\/\/unsa-paris.fr\/savp\/wp-json\/wp\/v2\/types\/post"}],"author":[{"embeddable":true,"href":"https:\/\/unsa-paris.fr\/savp\/wp-json\/wp\/v2\/users\/1"}],"replies":[{"embeddable":true,"href":"https:\/\/unsa-paris.fr\/savp\/wp-json\/wp\/v2\/comments?post=1245"}],"version-history":[{"count":4,"href":"https:\/\/unsa-paris.fr\/savp\/wp-json\/wp\/v2\/posts\/1245\/revisions"}],"predecessor-version":[{"id":1249,"href":"https:\/\/unsa-paris.fr\/savp\/wp-json\/wp\/v2\/posts\/1245\/revisions\/1249"}],"wp:attachment":[{"href":"https:\/\/unsa-paris.fr\/savp\/wp-json\/wp\/v2\/media?parent=1245"}],"wp:term":[{"taxonomy":"category","embeddable":true,"href":"https:\/\/unsa-paris.fr\/savp\/wp-json\/wp\/v2\/categories?post=1245"},{"taxonomy":"post_tag","embeddable":true,"href":"https:\/\/unsa-paris.fr\/savp\/wp-json\/wp\/v2\/tags?post=1245"}],"curies":[{"name":"wp","href":"https:\/\/api.w.org\/{rel}","templated":true}]}}