{"id":1203,"date":"2021-10-15T11:01:14","date_gmt":"2021-10-15T09:01:14","guid":{"rendered":"https:\/\/unsa-paris.fr\/savp\/?p=1203"},"modified":"2021-10-18T18:39:25","modified_gmt":"2021-10-18T16:39:25","slug":"le-nouveau-reglement-du-temps-de-travail-defere-devant-le-tribunal-administratif","status":"publish","type":"post","link":"https:\/\/unsa-paris.fr\/savp\/2021\/10\/15\/le-nouveau-reglement-du-temps-de-travail-defere-devant-le-tribunal-administratif\/","title":{"rendered":"Le nouveau r\u00e8glement du temps de travail d\u00e9f\u00e9r\u00e9 devant le tribunal administratif"},"content":{"rendered":"\t\t<div data-elementor-type=\"wp-post\" data-elementor-id=\"1203\" class=\"elementor elementor-1203\">\n\t\t\t\t\t\t<section class=\"elementor-section elementor-top-section elementor-element elementor-element-1817069 elementor-section-boxed elementor-section-height-default elementor-section-height-default\" data-id=\"1817069\" data-element_type=\"section\" data-e-type=\"section\">\n\t\t\t\t\t\t<div class=\"elementor-container elementor-column-gap-default\">\n\t\t\t\t\t<div class=\"elementor-column elementor-col-100 elementor-top-column elementor-element elementor-element-b78ea9e\" data-id=\"b78ea9e\" data-element_type=\"column\" data-e-type=\"column\">\n\t\t\t<div class=\"elementor-widget-wrap elementor-element-populated\">\n\t\t\t\t\t\t<div class=\"elementor-element elementor-element-d7e8d1a elementor-widget elementor-widget-text-editor\" data-id=\"d7e8d1a\" data-element_type=\"widget\" data-e-type=\"widget\" data-widget_type=\"text-editor.default\">\n\t\t\t\t<div class=\"elementor-widget-container\">\n\t\t\t\t\t\t\t\t\t<p><span style=\"color: #000000;\">Le pr\u00e9fet de Paris a d\u00e9f\u00e9r\u00e9 devant le tribunal administratif le r\u00e8glement du temps de travail des personnels de la ville de Paris, remettant en cause notamment\u00a0 le d\u00e9calage de la mise en place du r\u00e8glement \u00e0 septembre 2022 pour les personnels des Affaires Scolaires ainsi que la suj\u00e9tion g\u00e9n\u00e9rale de trois jours.<\/span><\/p>\t\t\t\t\t\t\t\t<\/div>\n\t\t\t\t<\/div>\n\t\t\t\t<div class=\"elementor-element elementor-element-6b0a355 elementor-widget elementor-widget-read-more\" data-id=\"6b0a355\" data-element_type=\"widget\" data-e-type=\"widget\" data-widget_type=\"read-more.default\">\n\t\t\t\t<div class=\"elementor-widget-container\">\n\t\t\t\t\t<\/div><\/div><\/div><\/div><\/div><\/section><\/div> <a href=\"https:\/\/unsa-paris.fr\/savp\/2021\/10\/15\/le-nouveau-reglement-du-temps-de-travail-defere-devant-le-tribunal-administratif\/#more-1203\" class=\"more-link elementor-more-link\"><span aria-label=\"Poursuivre la lecture Le nouveau r\u00e8glement du temps de travail d\u00e9f\u00e9r\u00e9 devant le tribunal administratif\">Poursuivre la lecture<\/span><\/a>","protected":false},"excerpt":{"rendered":"<p>Le pr\u00e9fet de Paris a d\u00e9f\u00e9r\u00e9 devant le tribunal administratif le r\u00e8glement du temps de travail des personnels de la ville de Paris, remettant en cause notamment\u00a0 le d\u00e9calage de &hellip; <a href=\"https:\/\/unsa-paris.fr\/savp\/2021\/10\/15\/le-nouveau-reglement-du-temps-de-travail-defere-devant-le-tribunal-administratif\/\" class=\"more-link\">Continuer la lecture<span class=\"screen-reader-text\"> de &laquo;&nbsp;Le nouveau r\u00e8glement du temps de travail d\u00e9f\u00e9r\u00e9 devant le tribunal administratif&nbsp;&raquo;<\/span><\/a><\/p>\n","protected":false},"author":1,"featured_media":0,"comment_status":"open","ping_status":"open","sticky":false,"template":"","format":"standard","meta":{"footnotes":""},"categories":[7,1,5],"tags":[],"class_list":["post-1203","post","type-post","status-publish","format-standard","hentry","category-actualite","category-non-classe","category-tempsdetravail"],"yoast_head":"<!-- This site is optimized with the Yoast SEO plugin v27.4 - https:\/\/yoast.com\/product\/yoast-seo-wordpress\/ -->\n<title>Le nouveau r\u00e8glement du temps de travail d\u00e9f\u00e9r\u00e9 devant le tribunal administratif - Syndicat Autonome UNSA<\/title>\n<meta name=\"robots\" content=\"index, follow, max-snippet:-1, max-image-preview:large, max-video-preview:-1\" \/>\n<link rel=\"canonical\" href=\"https:\/\/unsa-paris.fr\/savp\/2021\/10\/15\/le-nouveau-reglement-du-temps-de-travail-defere-devant-le-tribunal-administratif\/\" \/>\n<meta property=\"og:locale\" content=\"fr_FR\" \/>\n<meta property=\"og:type\" content=\"article\" \/>\n<meta property=\"og:title\" content=\"Le nouveau r\u00e8glement du temps de travail d\u00e9f\u00e9r\u00e9 devant le tribunal administratif - Syndicat Autonome UNSA\" \/>\n<meta property=\"og:description\" content=\"Le pr\u00e9fet de Paris a d\u00e9f\u00e9r\u00e9 devant le tribunal administratif le r\u00e8glement du temps de travail des personnels de la ville de Paris, remettant en cause notamment\u00a0 le d\u00e9calage de &hellip; Continuer la lecture de &laquo;&nbsp;Le nouveau r\u00e8glement du temps de travail d\u00e9f\u00e9r\u00e9 devant le tribunal administratif&nbsp;&raquo;\" \/>\n<meta property=\"og:url\" content=\"https:\/\/unsa-paris.fr\/savp\/2021\/10\/15\/le-nouveau-reglement-du-temps-de-travail-defere-devant-le-tribunal-administratif\/\" \/>\n<meta property=\"og:site_name\" content=\"Syndicat Autonome UNSA\" \/>\n<meta property=\"article:published_time\" content=\"2021-10-15T09:01:14+00:00\" \/>\n<meta property=\"article:modified_time\" content=\"2021-10-18T16:39:25+00:00\" \/>\n<meta name=\"author\" content=\"militant\" \/>\n<meta name=\"twitter:card\" content=\"summary_large_image\" \/>\n<meta name=\"twitter:label1\" content=\"\u00c9crit par\" \/>\n\t<meta name=\"twitter:data1\" content=\"militant\" \/>\n\t<meta name=\"twitter:label2\" content=\"Dur\u00e9e de lecture estim\u00e9e\" \/>\n\t<meta name=\"twitter:data2\" content=\"1 minute\" \/>\n<script type=\"application\/ld+json\" class=\"yoast-schema-graph\">{\"@context\":\"https:\\\/\\\/schema.org\",\"@graph\":[{\"@type\":\"Article\",\"@id\":\"https:\\\/\\\/unsa-paris.fr\\\/savp\\\/2021\\\/10\\\/15\\\/le-nouveau-reglement-du-temps-de-travail-defere-devant-le-tribunal-administratif\\\/#article\",\"isPartOf\":{\"@id\":\"https:\\\/\\\/unsa-paris.fr\\\/savp\\\/2021\\\/10\\\/15\\\/le-nouveau-reglement-du-temps-de-travail-defere-devant-le-tribunal-administratif\\\/\"},\"author\":{\"name\":\"militant\",\"@id\":\"https:\\\/\\\/unsa-paris.fr\\\/savp\\\/#\\\/schema\\\/person\\\/656755f73ac5921fc7e2e35124af2ae1\"},\"headline\":\"Le nouveau r\u00e8glement du temps de travail d\u00e9f\u00e9r\u00e9 devant le tribunal administratif\",\"datePublished\":\"2021-10-15T09:01:14+00:00\",\"dateModified\":\"2021-10-18T16:39:25+00:00\",\"mainEntityOfPage\":{\"@id\":\"https:\\\/\\\/unsa-paris.fr\\\/savp\\\/2021\\\/10\\\/15\\\/le-nouveau-reglement-du-temps-de-travail-defere-devant-le-tribunal-administratif\\\/\"},\"wordCount\":159,\"commentCount\":0,\"publisher\":{\"@id\":\"https:\\\/\\\/unsa-paris.fr\\\/savp\\\/#organization\"},\"articleSection\":[\"Actualite\",\"non-classe\",\"Tempsdetravail\"],\"inLanguage\":\"fr-FR\",\"potentialAction\":[{\"@type\":\"CommentAction\",\"name\":\"Comment\",\"target\":[\"https:\\\/\\\/unsa-paris.fr\\\/savp\\\/2021\\\/10\\\/15\\\/le-nouveau-reglement-du-temps-de-travail-defere-devant-le-tribunal-administratif\\\/#respond\"]}]},{\"@type\":\"WebPage\",\"@id\":\"https:\\\/\\\/unsa-paris.fr\\\/savp\\\/2021\\\/10\\\/15\\\/le-nouveau-reglement-du-temps-de-travail-defere-devant-le-tribunal-administratif\\\/\",\"url\":\"https:\\\/\\\/unsa-paris.fr\\\/savp\\\/2021\\\/10\\\/15\\\/le-nouveau-reglement-du-temps-de-travail-defere-devant-le-tribunal-administratif\\\/\",\"name\":\"Le nouveau r\u00e8glement du temps de travail d\u00e9f\u00e9r\u00e9 devant le tribunal administratif - Syndicat Autonome UNSA\",\"isPartOf\":{\"@id\":\"https:\\\/\\\/unsa-paris.fr\\\/savp\\\/#website\"},\"datePublished\":\"2021-10-15T09:01:14+00:00\",\"dateModified\":\"2021-10-18T16:39:25+00:00\",\"breadcrumb\":{\"@id\":\"https:\\\/\\\/unsa-paris.fr\\\/savp\\\/2021\\\/10\\\/15\\\/le-nouveau-reglement-du-temps-de-travail-defere-devant-le-tribunal-administratif\\\/#breadcrumb\"},\"inLanguage\":\"fr-FR\",\"potentialAction\":[{\"@type\":\"ReadAction\",\"target\":[\"https:\\\/\\\/unsa-paris.fr\\\/savp\\\/2021\\\/10\\\/15\\\/le-nouveau-reglement-du-temps-de-travail-defere-devant-le-tribunal-administratif\\\/\"]}]},{\"@type\":\"BreadcrumbList\",\"@id\":\"https:\\\/\\\/unsa-paris.fr\\\/savp\\\/2021\\\/10\\\/15\\\/le-nouveau-reglement-du-temps-de-travail-defere-devant-le-tribunal-administratif\\\/#breadcrumb\",\"itemListElement\":[{\"@type\":\"ListItem\",\"position\":1,\"name\":\"Accueil\",\"item\":\"https:\\\/\\\/unsa-paris.fr\\\/savp\\\/\"},{\"@type\":\"ListItem\",\"position\":2,\"name\":\"Le nouveau r\u00e8glement du temps de travail d\u00e9f\u00e9r\u00e9 devant le tribunal administratif\"}]},{\"@type\":\"WebSite\",\"@id\":\"https:\\\/\\\/unsa-paris.fr\\\/savp\\\/#website\",\"url\":\"https:\\\/\\\/unsa-paris.fr\\\/savp\\\/\",\"name\":\"Syndicat Autonome UNSA\",\"description\":\"Section des secr\u00e9taires administratifs et des techniciens sup\u00e9rieurs\",\"publisher\":{\"@id\":\"https:\\\/\\\/unsa-paris.fr\\\/savp\\\/#organization\"},\"potentialAction\":[{\"@type\":\"SearchAction\",\"target\":{\"@type\":\"EntryPoint\",\"urlTemplate\":\"https:\\\/\\\/unsa-paris.fr\\\/savp\\\/?s={search_term_string}\"},\"query-input\":{\"@type\":\"PropertyValueSpecification\",\"valueRequired\":true,\"valueName\":\"search_term_string\"}}],\"inLanguage\":\"fr-FR\"},{\"@type\":\"Organization\",\"@id\":\"https:\\\/\\\/unsa-paris.fr\\\/savp\\\/#organization\",\"name\":\"UNSA PARIS fili\u00e8re administrative\",\"url\":\"https:\\\/\\\/unsa-paris.fr\\\/savp\\\/\",\"logo\":{\"@type\":\"ImageObject\",\"inLanguage\":\"fr-FR\",\"@id\":\"https:\\\/\\\/unsa-paris.fr\\\/savp\\\/#\\\/schema\\\/logo\\\/image\\\/\",\"url\":\"https:\\\/\\\/unsa-paris.fr\\\/savp\\\/wp-content\\\/uploads\\\/2020\\\/10\\\/Logo_UNSA-V6.png\",\"contentUrl\":\"https:\\\/\\\/unsa-paris.fr\\\/savp\\\/wp-content\\\/uploads\\\/2020\\\/10\\\/Logo_UNSA-V6.png\",\"width\":986,\"height\":962,\"caption\":\"UNSA PARIS fili\u00e8re administrative\"},\"image\":{\"@id\":\"https:\\\/\\\/unsa-paris.fr\\\/savp\\\/#\\\/schema\\\/logo\\\/image\\\/\"}},{\"@type\":\"Person\",\"@id\":\"https:\\\/\\\/unsa-paris.fr\\\/savp\\\/#\\\/schema\\\/person\\\/656755f73ac5921fc7e2e35124af2ae1\",\"name\":\"militant\",\"image\":{\"@type\":\"ImageObject\",\"inLanguage\":\"fr-FR\",\"@id\":\"https:\\\/\\\/secure.gravatar.com\\\/avatar\\\/bafae66946efbf2980171a895ec279139a1dde2c6d953819f7e7270d582b48d2?s=96&d=mm&r=g\",\"url\":\"https:\\\/\\\/secure.gravatar.com\\\/avatar\\\/bafae66946efbf2980171a895ec279139a1dde2c6d953819f7e7270d582b48d2?s=96&d=mm&r=g\",\"contentUrl\":\"https:\\\/\\\/secure.gravatar.com\\\/avatar\\\/bafae66946efbf2980171a895ec279139a1dde2c6d953819f7e7270d582b48d2?s=96&d=mm&r=g\",\"caption\":\"militant\"},\"url\":\"https:\\\/\\\/unsa-paris.fr\\\/savp\\\/author\\\/militant\\\/\"}]}<\/script>\n<!-- \/ Yoast SEO plugin. -->","yoast_head_json":{"title":"Le nouveau r\u00e8glement du temps de travail d\u00e9f\u00e9r\u00e9 devant le tribunal administratif - Syndicat Autonome UNSA","robots":{"index":"index","follow":"follow","max-snippet":"max-snippet:-1","max-image-preview":"max-image-preview:large","max-video-preview":"max-video-preview:-1"},"canonical":"https:\/\/unsa-paris.fr\/savp\/2021\/10\/15\/le-nouveau-reglement-du-temps-de-travail-defere-devant-le-tribunal-administratif\/","og_locale":"fr_FR","og_type":"article","og_title":"Le nouveau r\u00e8glement du temps de travail d\u00e9f\u00e9r\u00e9 devant le tribunal administratif - Syndicat Autonome UNSA","og_description":"Le pr\u00e9fet de Paris a d\u00e9f\u00e9r\u00e9 devant le tribunal administratif le r\u00e8glement du temps de travail des personnels de la ville de Paris, remettant en cause notamment\u00a0 le d\u00e9calage de &hellip; Continuer la lecture de &laquo;&nbsp;Le nouveau r\u00e8glement du temps de travail d\u00e9f\u00e9r\u00e9 devant le tribunal administratif&nbsp;&raquo;","og_url":"https:\/\/unsa-paris.fr\/savp\/2021\/10\/15\/le-nouveau-reglement-du-temps-de-travail-defere-devant-le-tribunal-administratif\/","og_site_name":"Syndicat Autonome UNSA","article_published_time":"2021-10-15T09:01:14+00:00","article_modified_time":"2021-10-18T16:39:25+00:00","author":"militant","twitter_card":"summary_large_image","twitter_misc":{"\u00c9crit par":"militant","Dur\u00e9e de lecture estim\u00e9e":"1 minute"},"schema":{"@context":"https:\/\/schema.org","@graph":[{"@type":"Article","@id":"https:\/\/unsa-paris.fr\/savp\/2021\/10\/15\/le-nouveau-reglement-du-temps-de-travail-defere-devant-le-tribunal-administratif\/#article","isPartOf":{"@id":"https:\/\/unsa-paris.fr\/savp\/2021\/10\/15\/le-nouveau-reglement-du-temps-de-travail-defere-devant-le-tribunal-administratif\/"},"author":{"name":"militant","@id":"https:\/\/unsa-paris.fr\/savp\/#\/schema\/person\/656755f73ac5921fc7e2e35124af2ae1"},"headline":"Le nouveau r\u00e8glement du temps de travail d\u00e9f\u00e9r\u00e9 devant le tribunal administratif","datePublished":"2021-10-15T09:01:14+00:00","dateModified":"2021-10-18T16:39:25+00:00","mainEntityOfPage":{"@id":"https:\/\/unsa-paris.fr\/savp\/2021\/10\/15\/le-nouveau-reglement-du-temps-de-travail-defere-devant-le-tribunal-administratif\/"},"wordCount":159,"commentCount":0,"publisher":{"@id":"https:\/\/unsa-paris.fr\/savp\/#organization"},"articleSection":["Actualite","non-classe","Tempsdetravail"],"inLanguage":"fr-FR","potentialAction":[{"@type":"CommentAction","name":"Comment","target":["https:\/\/unsa-paris.fr\/savp\/2021\/10\/15\/le-nouveau-reglement-du-temps-de-travail-defere-devant-le-tribunal-administratif\/#respond"]}]},{"@type":"WebPage","@id":"https:\/\/unsa-paris.fr\/savp\/2021\/10\/15\/le-nouveau-reglement-du-temps-de-travail-defere-devant-le-tribunal-administratif\/","url":"https:\/\/unsa-paris.fr\/savp\/2021\/10\/15\/le-nouveau-reglement-du-temps-de-travail-defere-devant-le-tribunal-administratif\/","name":"Le nouveau r\u00e8glement du temps de travail d\u00e9f\u00e9r\u00e9 devant le tribunal administratif - Syndicat Autonome UNSA","isPartOf":{"@id":"https:\/\/unsa-paris.fr\/savp\/#website"},"datePublished":"2021-10-15T09:01:14+00:00","dateModified":"2021-10-18T16:39:25+00:00","breadcrumb":{"@id":"https:\/\/unsa-paris.fr\/savp\/2021\/10\/15\/le-nouveau-reglement-du-temps-de-travail-defere-devant-le-tribunal-administratif\/#breadcrumb"},"inLanguage":"fr-FR","potentialAction":[{"@type":"ReadAction","target":["https:\/\/unsa-paris.fr\/savp\/2021\/10\/15\/le-nouveau-reglement-du-temps-de-travail-defere-devant-le-tribunal-administratif\/"]}]},{"@type":"BreadcrumbList","@id":"https:\/\/unsa-paris.fr\/savp\/2021\/10\/15\/le-nouveau-reglement-du-temps-de-travail-defere-devant-le-tribunal-administratif\/#breadcrumb","itemListElement":[{"@type":"ListItem","position":1,"name":"Accueil","item":"https:\/\/unsa-paris.fr\/savp\/"},{"@type":"ListItem","position":2,"name":"Le nouveau r\u00e8glement du temps de travail d\u00e9f\u00e9r\u00e9 devant le tribunal administratif"}]},{"@type":"WebSite","@id":"https:\/\/unsa-paris.fr\/savp\/#website","url":"https:\/\/unsa-paris.fr\/savp\/","name":"Syndicat Autonome UNSA","description":"Section des secr\u00e9taires administratifs et des techniciens sup\u00e9rieurs","publisher":{"@id":"https:\/\/unsa-paris.fr\/savp\/#organization"},"potentialAction":[{"@type":"SearchAction","target":{"@type":"EntryPoint","urlTemplate":"https:\/\/unsa-paris.fr\/savp\/?s={search_term_string}"},"query-input":{"@type":"PropertyValueSpecification","valueRequired":true,"valueName":"search_term_string"}}],"inLanguage":"fr-FR"},{"@type":"Organization","@id":"https:\/\/unsa-paris.fr\/savp\/#organization","name":"UNSA PARIS fili\u00e8re administrative","url":"https:\/\/unsa-paris.fr\/savp\/","logo":{"@type":"ImageObject","inLanguage":"fr-FR","@id":"https:\/\/unsa-paris.fr\/savp\/#\/schema\/logo\/image\/","url":"https:\/\/unsa-paris.fr\/savp\/wp-content\/uploads\/2020\/10\/Logo_UNSA-V6.png","contentUrl":"https:\/\/unsa-paris.fr\/savp\/wp-content\/uploads\/2020\/10\/Logo_UNSA-V6.png","width":986,"height":962,"caption":"UNSA PARIS fili\u00e8re administrative"},"image":{"@id":"https:\/\/unsa-paris.fr\/savp\/#\/schema\/logo\/image\/"}},{"@type":"Person","@id":"https:\/\/unsa-paris.fr\/savp\/#\/schema\/person\/656755f73ac5921fc7e2e35124af2ae1","name":"militant","image":{"@type":"ImageObject","inLanguage":"fr-FR","@id":"https:\/\/secure.gravatar.com\/avatar\/bafae66946efbf2980171a895ec279139a1dde2c6d953819f7e7270d582b48d2?s=96&d=mm&r=g","url":"https:\/\/secure.gravatar.com\/avatar\/bafae66946efbf2980171a895ec279139a1dde2c6d953819f7e7270d582b48d2?s=96&d=mm&r=g","contentUrl":"https:\/\/secure.gravatar.com\/avatar\/bafae66946efbf2980171a895ec279139a1dde2c6d953819f7e7270d582b48d2?s=96&d=mm&r=g","caption":"militant"},"url":"https:\/\/unsa-paris.fr\/savp\/author\/militant\/"}]}},"_links":{"self":[{"href":"https:\/\/unsa-paris.fr\/savp\/wp-json\/wp\/v2\/posts\/1203","targetHints":{"allow":["GET"]}}],"collection":[{"href":"https:\/\/unsa-paris.fr\/savp\/wp-json\/wp\/v2\/posts"}],"about":[{"href":"https:\/\/unsa-paris.fr\/savp\/wp-json\/wp\/v2\/types\/post"}],"author":[{"embeddable":true,"href":"https:\/\/unsa-paris.fr\/savp\/wp-json\/wp\/v2\/users\/1"}],"replies":[{"embeddable":true,"href":"https:\/\/unsa-paris.fr\/savp\/wp-json\/wp\/v2\/comments?post=1203"}],"version-history":[{"count":4,"href":"https:\/\/unsa-paris.fr\/savp\/wp-json\/wp\/v2\/posts\/1203\/revisions"}],"predecessor-version":[{"id":1207,"href":"https:\/\/unsa-paris.fr\/savp\/wp-json\/wp\/v2\/posts\/1203\/revisions\/1207"}],"wp:attachment":[{"href":"https:\/\/unsa-paris.fr\/savp\/wp-json\/wp\/v2\/media?parent=1203"}],"wp:term":[{"taxonomy":"category","embeddable":true,"href":"https:\/\/unsa-paris.fr\/savp\/wp-json\/wp\/v2\/categories?post=1203"},{"taxonomy":"post_tag","embeddable":true,"href":"https:\/\/unsa-paris.fr\/savp\/wp-json\/wp\/v2\/tags?post=1203"}],"curies":[{"name":"wp","href":"https:\/\/api.w.org\/{rel}","templated":true}]}}