{"id":1149,"date":"2021-07-05T19:56:26","date_gmt":"2021-07-05T17:56:26","guid":{"rendered":"https:\/\/unsa-paris.fr\/savp\/?p=1149"},"modified":"2021-10-05T20:06:25","modified_gmt":"2021-10-05T18:06:25","slug":"le-conge-de-paternite-et-daccueil-de-lenfant","status":"publish","type":"post","link":"https:\/\/unsa-paris.fr\/savp\/2021\/07\/05\/le-conge-de-paternite-et-daccueil-de-lenfant\/","title":{"rendered":"Le cong\u00e9 de paternit\u00e9 et d\u2019accueil de l\u2019enfant"},"content":{"rendered":"\t\t<div data-elementor-type=\"wp-post\" data-elementor-id=\"1149\" class=\"elementor elementor-1149\">\n\t\t\t\t\t\t<section class=\"elementor-section elementor-top-section elementor-element elementor-element-0c5cdce elementor-section-boxed elementor-section-height-default elementor-section-height-default\" data-id=\"0c5cdce\" data-element_type=\"section\" data-e-type=\"section\">\n\t\t\t\t\t\t<div class=\"elementor-container elementor-column-gap-default\">\n\t\t\t\t\t<div class=\"elementor-column elementor-col-100 elementor-top-column elementor-element elementor-element-fbc1194\" data-id=\"fbc1194\" data-element_type=\"column\" data-e-type=\"column\">\n\t\t\t<div class=\"elementor-widget-wrap elementor-element-populated\">\n\t\t\t\t\t\t<div class=\"elementor-element elementor-element-7529dd2 elementor-widget elementor-widget-heading\" data-id=\"7529dd2\" data-element_type=\"widget\" data-e-type=\"widget\" data-widget_type=\"heading.default\">\n\t\t\t\t<div class=\"elementor-widget-container\">\n\t\t\t\t\t<h2 class=\"elementor-heading-title elementor-size-medium\">La loi de financement de la s\u00e9curit\u00e9 sociale 2021 allonge, \u00e0 compter du 1er juillet, le cong\u00e9 de paternit\u00e9 et d\u2019accueil de l\u2019enfant \u00e0 28 jours.  .  <\/h2>\t\t\t\t<\/div>\n\t\t\t\t<\/div>\n\t\t\t\t\t<\/div>\n\t\t<\/div>\n\t\t\t\t\t<\/div>\n\t\t<\/section>\n\t\t\t\t<section class=\"elementor-section elementor-top-section elementor-element elementor-element-45c610a elementor-section-boxed elementor-section-height-default elementor-section-height-default\" data-id=\"45c610a\" data-element_type=\"section\" data-e-type=\"section\">\n\t\t\t\t\t\t<div class=\"elementor-container elementor-column-gap-default\">\n\t\t\t\t\t<div class=\"elementor-column elementor-col-100 elementor-top-column elementor-element elementor-element-f4ae8d8\" data-id=\"f4ae8d8\" data-element_type=\"column\" data-e-type=\"column\">\n\t\t\t<div class=\"elementor-widget-wrap elementor-element-populated\">\n\t\t\t\t\t\t<div class=\"elementor-element elementor-element-03a60d8 elementor-widget elementor-widget-text-editor\" data-id=\"03a60d8\" data-element_type=\"widget\" data-e-type=\"widget\" data-widget_type=\"text-editor.default\">\n\t\t\t\t<div class=\"elementor-widget-container\">\n\t\t\t\t\t\t\t\t\t<p><span style=\"color: #000000;\"><strong>La dur\u00e9e du cong\u00e9 de paternit\u00e9 et d\u2019accueil de l\u2019enfant<\/strong><\/span><\/p><p><span style=\"color: #000000;\">Depuis le 1er juillet, le cong\u00e9 de paternit\u00e9 et d\u2019accueil de l\u2019enfant est port\u00e9 \u00e0 25 jours calendaires, auquel s\u2019ajoute le cong\u00e9 de naissance de 3 jours, soit une dur\u00e9e totale de 28 jours et de 32 jours pour les naissances multiples. Il peut \u00eatre pris dans les 6 mois suivant la naissance de l\u2019enfant de mani\u00e8re continue ou fractionn\u00e9e.<\/span><\/p>\t\t\t\t\t\t\t\t<\/div>\n\t\t\t\t<\/div>\n\t\t\t\t<div class=\"elementor-element elementor-element-49af8f3 elementor-widget elementor-widget-read-more\" data-id=\"49af8f3\" data-element_type=\"widget\" data-e-type=\"widget\" data-widget_type=\"read-more.default\">\n\t\t\t\t<div class=\"elementor-widget-container\">\n\t\t\t\t\t<\/div><\/div><\/div><\/div><\/div><\/section><\/div> <a href=\"https:\/\/unsa-paris.fr\/savp\/2021\/07\/05\/le-conge-de-paternite-et-daccueil-de-lenfant\/#more-1149\" class=\"more-link elementor-more-link\"><span aria-label=\"Poursuivre la lecture Le cong\u00e9 de paternit\u00e9 et d\u2019accueil de l\u2019enfant\">Poursuivre la lecture<\/span><\/a>","protected":false},"excerpt":{"rendered":"<p>La loi de financement de la s\u00e9curit\u00e9 sociale 2021 allonge, \u00e0 compter du 1er juillet, le cong\u00e9 de paternit\u00e9 et d\u2019accueil de l\u2019enfant \u00e0 28 jours. . La dur\u00e9e du &hellip; <a href=\"https:\/\/unsa-paris.fr\/savp\/2021\/07\/05\/le-conge-de-paternite-et-daccueil-de-lenfant\/\" class=\"more-link\">Continuer la lecture<span class=\"screen-reader-text\"> de &laquo;&nbsp;Le cong\u00e9 de paternit\u00e9 et d\u2019accueil de l\u2019enfant&nbsp;&raquo;<\/span><\/a><\/p>\n","protected":false},"author":1,"featured_media":0,"comment_status":"open","ping_status":"open","sticky":false,"template":"","format":"standard","meta":{"footnotes":""},"categories":[7,1],"tags":[],"class_list":["post-1149","post","type-post","status-publish","format-standard","hentry","category-actualite","category-non-classe"],"yoast_head":"<!-- This site is optimized with the Yoast SEO plugin v27.4 - https:\/\/yoast.com\/product\/yoast-seo-wordpress\/ -->\n<title>Le cong\u00e9 de paternit\u00e9 et d\u2019accueil de l\u2019enfant - Syndicat Autonome UNSA<\/title>\n<meta name=\"robots\" content=\"index, follow, max-snippet:-1, max-image-preview:large, max-video-preview:-1\" \/>\n<link rel=\"canonical\" href=\"https:\/\/unsa-paris.fr\/savp\/2021\/07\/05\/le-conge-de-paternite-et-daccueil-de-lenfant\/\" \/>\n<meta property=\"og:locale\" content=\"fr_FR\" \/>\n<meta property=\"og:type\" content=\"article\" \/>\n<meta property=\"og:title\" content=\"Le cong\u00e9 de paternit\u00e9 et d\u2019accueil de l\u2019enfant - Syndicat Autonome UNSA\" \/>\n<meta property=\"og:description\" content=\"La loi de financement de la s\u00e9curit\u00e9 sociale 2021 allonge, \u00e0 compter du 1er juillet, le cong\u00e9 de paternit\u00e9 et d\u2019accueil de l\u2019enfant \u00e0 28 jours. . La dur\u00e9e du &hellip; Continuer la lecture de &laquo;&nbsp;Le cong\u00e9 de paternit\u00e9 et d\u2019accueil de l\u2019enfant&nbsp;&raquo;\" \/>\n<meta property=\"og:url\" content=\"https:\/\/unsa-paris.fr\/savp\/2021\/07\/05\/le-conge-de-paternite-et-daccueil-de-lenfant\/\" \/>\n<meta property=\"og:site_name\" content=\"Syndicat Autonome UNSA\" \/>\n<meta property=\"article:published_time\" content=\"2021-07-05T17:56:26+00:00\" \/>\n<meta property=\"article:modified_time\" content=\"2021-10-05T18:06:25+00:00\" \/>\n<meta name=\"author\" content=\"militant\" \/>\n<meta name=\"twitter:card\" content=\"summary_large_image\" \/>\n<meta name=\"twitter:label1\" content=\"\u00c9crit par\" \/>\n\t<meta name=\"twitter:data1\" content=\"militant\" \/>\n\t<meta name=\"twitter:label2\" content=\"Dur\u00e9e de lecture estim\u00e9e\" \/>\n\t<meta name=\"twitter:data2\" content=\"1 minute\" \/>\n<script type=\"application\/ld+json\" class=\"yoast-schema-graph\">{\"@context\":\"https:\\\/\\\/schema.org\",\"@graph\":[{\"@type\":\"Article\",\"@id\":\"https:\\\/\\\/unsa-paris.fr\\\/savp\\\/2021\\\/07\\\/05\\\/le-conge-de-paternite-et-daccueil-de-lenfant\\\/#article\",\"isPartOf\":{\"@id\":\"https:\\\/\\\/unsa-paris.fr\\\/savp\\\/2021\\\/07\\\/05\\\/le-conge-de-paternite-et-daccueil-de-lenfant\\\/\"},\"author\":{\"name\":\"militant\",\"@id\":\"https:\\\/\\\/unsa-paris.fr\\\/savp\\\/#\\\/schema\\\/person\\\/656755f73ac5921fc7e2e35124af2ae1\"},\"headline\":\"Le cong\u00e9 de paternit\u00e9 et d\u2019accueil de l\u2019enfant\",\"datePublished\":\"2021-07-05T17:56:26+00:00\",\"dateModified\":\"2021-10-05T18:06:25+00:00\",\"mainEntityOfPage\":{\"@id\":\"https:\\\/\\\/unsa-paris.fr\\\/savp\\\/2021\\\/07\\\/05\\\/le-conge-de-paternite-et-daccueil-de-lenfant\\\/\"},\"wordCount\":257,\"commentCount\":0,\"publisher\":{\"@id\":\"https:\\\/\\\/unsa-paris.fr\\\/savp\\\/#organization\"},\"articleSection\":[\"Actualite\",\"non-classe\"],\"inLanguage\":\"fr-FR\",\"potentialAction\":[{\"@type\":\"CommentAction\",\"name\":\"Comment\",\"target\":[\"https:\\\/\\\/unsa-paris.fr\\\/savp\\\/2021\\\/07\\\/05\\\/le-conge-de-paternite-et-daccueil-de-lenfant\\\/#respond\"]}]},{\"@type\":\"WebPage\",\"@id\":\"https:\\\/\\\/unsa-paris.fr\\\/savp\\\/2021\\\/07\\\/05\\\/le-conge-de-paternite-et-daccueil-de-lenfant\\\/\",\"url\":\"https:\\\/\\\/unsa-paris.fr\\\/savp\\\/2021\\\/07\\\/05\\\/le-conge-de-paternite-et-daccueil-de-lenfant\\\/\",\"name\":\"Le cong\u00e9 de paternit\u00e9 et d\u2019accueil de l\u2019enfant - Syndicat Autonome UNSA\",\"isPartOf\":{\"@id\":\"https:\\\/\\\/unsa-paris.fr\\\/savp\\\/#website\"},\"datePublished\":\"2021-07-05T17:56:26+00:00\",\"dateModified\":\"2021-10-05T18:06:25+00:00\",\"breadcrumb\":{\"@id\":\"https:\\\/\\\/unsa-paris.fr\\\/savp\\\/2021\\\/07\\\/05\\\/le-conge-de-paternite-et-daccueil-de-lenfant\\\/#breadcrumb\"},\"inLanguage\":\"fr-FR\",\"potentialAction\":[{\"@type\":\"ReadAction\",\"target\":[\"https:\\\/\\\/unsa-paris.fr\\\/savp\\\/2021\\\/07\\\/05\\\/le-conge-de-paternite-et-daccueil-de-lenfant\\\/\"]}]},{\"@type\":\"BreadcrumbList\",\"@id\":\"https:\\\/\\\/unsa-paris.fr\\\/savp\\\/2021\\\/07\\\/05\\\/le-conge-de-paternite-et-daccueil-de-lenfant\\\/#breadcrumb\",\"itemListElement\":[{\"@type\":\"ListItem\",\"position\":1,\"name\":\"Accueil\",\"item\":\"https:\\\/\\\/unsa-paris.fr\\\/savp\\\/\"},{\"@type\":\"ListItem\",\"position\":2,\"name\":\"Le cong\u00e9 de paternit\u00e9 et d\u2019accueil de l\u2019enfant\"}]},{\"@type\":\"WebSite\",\"@id\":\"https:\\\/\\\/unsa-paris.fr\\\/savp\\\/#website\",\"url\":\"https:\\\/\\\/unsa-paris.fr\\\/savp\\\/\",\"name\":\"Syndicat Autonome UNSA\",\"description\":\"Section des secr\u00e9taires administratifs et des techniciens sup\u00e9rieurs\",\"publisher\":{\"@id\":\"https:\\\/\\\/unsa-paris.fr\\\/savp\\\/#organization\"},\"potentialAction\":[{\"@type\":\"SearchAction\",\"target\":{\"@type\":\"EntryPoint\",\"urlTemplate\":\"https:\\\/\\\/unsa-paris.fr\\\/savp\\\/?s={search_term_string}\"},\"query-input\":{\"@type\":\"PropertyValueSpecification\",\"valueRequired\":true,\"valueName\":\"search_term_string\"}}],\"inLanguage\":\"fr-FR\"},{\"@type\":\"Organization\",\"@id\":\"https:\\\/\\\/unsa-paris.fr\\\/savp\\\/#organization\",\"name\":\"UNSA PARIS fili\u00e8re administrative\",\"url\":\"https:\\\/\\\/unsa-paris.fr\\\/savp\\\/\",\"logo\":{\"@type\":\"ImageObject\",\"inLanguage\":\"fr-FR\",\"@id\":\"https:\\\/\\\/unsa-paris.fr\\\/savp\\\/#\\\/schema\\\/logo\\\/image\\\/\",\"url\":\"https:\\\/\\\/unsa-paris.fr\\\/savp\\\/wp-content\\\/uploads\\\/2020\\\/10\\\/Logo_UNSA-V6.png\",\"contentUrl\":\"https:\\\/\\\/unsa-paris.fr\\\/savp\\\/wp-content\\\/uploads\\\/2020\\\/10\\\/Logo_UNSA-V6.png\",\"width\":986,\"height\":962,\"caption\":\"UNSA PARIS fili\u00e8re administrative\"},\"image\":{\"@id\":\"https:\\\/\\\/unsa-paris.fr\\\/savp\\\/#\\\/schema\\\/logo\\\/image\\\/\"}},{\"@type\":\"Person\",\"@id\":\"https:\\\/\\\/unsa-paris.fr\\\/savp\\\/#\\\/schema\\\/person\\\/656755f73ac5921fc7e2e35124af2ae1\",\"name\":\"militant\",\"image\":{\"@type\":\"ImageObject\",\"inLanguage\":\"fr-FR\",\"@id\":\"https:\\\/\\\/secure.gravatar.com\\\/avatar\\\/bafae66946efbf2980171a895ec279139a1dde2c6d953819f7e7270d582b48d2?s=96&d=mm&r=g\",\"url\":\"https:\\\/\\\/secure.gravatar.com\\\/avatar\\\/bafae66946efbf2980171a895ec279139a1dde2c6d953819f7e7270d582b48d2?s=96&d=mm&r=g\",\"contentUrl\":\"https:\\\/\\\/secure.gravatar.com\\\/avatar\\\/bafae66946efbf2980171a895ec279139a1dde2c6d953819f7e7270d582b48d2?s=96&d=mm&r=g\",\"caption\":\"militant\"},\"url\":\"https:\\\/\\\/unsa-paris.fr\\\/savp\\\/author\\\/militant\\\/\"}]}<\/script>\n<!-- \/ Yoast SEO plugin. -->","yoast_head_json":{"title":"Le cong\u00e9 de paternit\u00e9 et d\u2019accueil de l\u2019enfant - Syndicat Autonome UNSA","robots":{"index":"index","follow":"follow","max-snippet":"max-snippet:-1","max-image-preview":"max-image-preview:large","max-video-preview":"max-video-preview:-1"},"canonical":"https:\/\/unsa-paris.fr\/savp\/2021\/07\/05\/le-conge-de-paternite-et-daccueil-de-lenfant\/","og_locale":"fr_FR","og_type":"article","og_title":"Le cong\u00e9 de paternit\u00e9 et d\u2019accueil de l\u2019enfant - Syndicat Autonome UNSA","og_description":"La loi de financement de la s\u00e9curit\u00e9 sociale 2021 allonge, \u00e0 compter du 1er juillet, le cong\u00e9 de paternit\u00e9 et d\u2019accueil de l\u2019enfant \u00e0 28 jours. . La dur\u00e9e du &hellip; Continuer la lecture de &laquo;&nbsp;Le cong\u00e9 de paternit\u00e9 et d\u2019accueil de l\u2019enfant&nbsp;&raquo;","og_url":"https:\/\/unsa-paris.fr\/savp\/2021\/07\/05\/le-conge-de-paternite-et-daccueil-de-lenfant\/","og_site_name":"Syndicat Autonome UNSA","article_published_time":"2021-07-05T17:56:26+00:00","article_modified_time":"2021-10-05T18:06:25+00:00","author":"militant","twitter_card":"summary_large_image","twitter_misc":{"\u00c9crit par":"militant","Dur\u00e9e de lecture estim\u00e9e":"1 minute"},"schema":{"@context":"https:\/\/schema.org","@graph":[{"@type":"Article","@id":"https:\/\/unsa-paris.fr\/savp\/2021\/07\/05\/le-conge-de-paternite-et-daccueil-de-lenfant\/#article","isPartOf":{"@id":"https:\/\/unsa-paris.fr\/savp\/2021\/07\/05\/le-conge-de-paternite-et-daccueil-de-lenfant\/"},"author":{"name":"militant","@id":"https:\/\/unsa-paris.fr\/savp\/#\/schema\/person\/656755f73ac5921fc7e2e35124af2ae1"},"headline":"Le cong\u00e9 de paternit\u00e9 et d\u2019accueil de l\u2019enfant","datePublished":"2021-07-05T17:56:26+00:00","dateModified":"2021-10-05T18:06:25+00:00","mainEntityOfPage":{"@id":"https:\/\/unsa-paris.fr\/savp\/2021\/07\/05\/le-conge-de-paternite-et-daccueil-de-lenfant\/"},"wordCount":257,"commentCount":0,"publisher":{"@id":"https:\/\/unsa-paris.fr\/savp\/#organization"},"articleSection":["Actualite","non-classe"],"inLanguage":"fr-FR","potentialAction":[{"@type":"CommentAction","name":"Comment","target":["https:\/\/unsa-paris.fr\/savp\/2021\/07\/05\/le-conge-de-paternite-et-daccueil-de-lenfant\/#respond"]}]},{"@type":"WebPage","@id":"https:\/\/unsa-paris.fr\/savp\/2021\/07\/05\/le-conge-de-paternite-et-daccueil-de-lenfant\/","url":"https:\/\/unsa-paris.fr\/savp\/2021\/07\/05\/le-conge-de-paternite-et-daccueil-de-lenfant\/","name":"Le cong\u00e9 de paternit\u00e9 et d\u2019accueil de l\u2019enfant - Syndicat Autonome UNSA","isPartOf":{"@id":"https:\/\/unsa-paris.fr\/savp\/#website"},"datePublished":"2021-07-05T17:56:26+00:00","dateModified":"2021-10-05T18:06:25+00:00","breadcrumb":{"@id":"https:\/\/unsa-paris.fr\/savp\/2021\/07\/05\/le-conge-de-paternite-et-daccueil-de-lenfant\/#breadcrumb"},"inLanguage":"fr-FR","potentialAction":[{"@type":"ReadAction","target":["https:\/\/unsa-paris.fr\/savp\/2021\/07\/05\/le-conge-de-paternite-et-daccueil-de-lenfant\/"]}]},{"@type":"BreadcrumbList","@id":"https:\/\/unsa-paris.fr\/savp\/2021\/07\/05\/le-conge-de-paternite-et-daccueil-de-lenfant\/#breadcrumb","itemListElement":[{"@type":"ListItem","position":1,"name":"Accueil","item":"https:\/\/unsa-paris.fr\/savp\/"},{"@type":"ListItem","position":2,"name":"Le cong\u00e9 de paternit\u00e9 et d\u2019accueil de l\u2019enfant"}]},{"@type":"WebSite","@id":"https:\/\/unsa-paris.fr\/savp\/#website","url":"https:\/\/unsa-paris.fr\/savp\/","name":"Syndicat Autonome UNSA","description":"Section des secr\u00e9taires administratifs et des techniciens sup\u00e9rieurs","publisher":{"@id":"https:\/\/unsa-paris.fr\/savp\/#organization"},"potentialAction":[{"@type":"SearchAction","target":{"@type":"EntryPoint","urlTemplate":"https:\/\/unsa-paris.fr\/savp\/?s={search_term_string}"},"query-input":{"@type":"PropertyValueSpecification","valueRequired":true,"valueName":"search_term_string"}}],"inLanguage":"fr-FR"},{"@type":"Organization","@id":"https:\/\/unsa-paris.fr\/savp\/#organization","name":"UNSA PARIS fili\u00e8re administrative","url":"https:\/\/unsa-paris.fr\/savp\/","logo":{"@type":"ImageObject","inLanguage":"fr-FR","@id":"https:\/\/unsa-paris.fr\/savp\/#\/schema\/logo\/image\/","url":"https:\/\/unsa-paris.fr\/savp\/wp-content\/uploads\/2020\/10\/Logo_UNSA-V6.png","contentUrl":"https:\/\/unsa-paris.fr\/savp\/wp-content\/uploads\/2020\/10\/Logo_UNSA-V6.png","width":986,"height":962,"caption":"UNSA PARIS fili\u00e8re administrative"},"image":{"@id":"https:\/\/unsa-paris.fr\/savp\/#\/schema\/logo\/image\/"}},{"@type":"Person","@id":"https:\/\/unsa-paris.fr\/savp\/#\/schema\/person\/656755f73ac5921fc7e2e35124af2ae1","name":"militant","image":{"@type":"ImageObject","inLanguage":"fr-FR","@id":"https:\/\/secure.gravatar.com\/avatar\/bafae66946efbf2980171a895ec279139a1dde2c6d953819f7e7270d582b48d2?s=96&d=mm&r=g","url":"https:\/\/secure.gravatar.com\/avatar\/bafae66946efbf2980171a895ec279139a1dde2c6d953819f7e7270d582b48d2?s=96&d=mm&r=g","contentUrl":"https:\/\/secure.gravatar.com\/avatar\/bafae66946efbf2980171a895ec279139a1dde2c6d953819f7e7270d582b48d2?s=96&d=mm&r=g","caption":"militant"},"url":"https:\/\/unsa-paris.fr\/savp\/author\/militant\/"}]}},"_links":{"self":[{"href":"https:\/\/unsa-paris.fr\/savp\/wp-json\/wp\/v2\/posts\/1149","targetHints":{"allow":["GET"]}}],"collection":[{"href":"https:\/\/unsa-paris.fr\/savp\/wp-json\/wp\/v2\/posts"}],"about":[{"href":"https:\/\/unsa-paris.fr\/savp\/wp-json\/wp\/v2\/types\/post"}],"author":[{"embeddable":true,"href":"https:\/\/unsa-paris.fr\/savp\/wp-json\/wp\/v2\/users\/1"}],"replies":[{"embeddable":true,"href":"https:\/\/unsa-paris.fr\/savp\/wp-json\/wp\/v2\/comments?post=1149"}],"version-history":[{"count":7,"href":"https:\/\/unsa-paris.fr\/savp\/wp-json\/wp\/v2\/posts\/1149\/revisions"}],"predecessor-version":[{"id":1156,"href":"https:\/\/unsa-paris.fr\/savp\/wp-json\/wp\/v2\/posts\/1149\/revisions\/1156"}],"wp:attachment":[{"href":"https:\/\/unsa-paris.fr\/savp\/wp-json\/wp\/v2\/media?parent=1149"}],"wp:term":[{"taxonomy":"category","embeddable":true,"href":"https:\/\/unsa-paris.fr\/savp\/wp-json\/wp\/v2\/categories?post=1149"},{"taxonomy":"post_tag","embeddable":true,"href":"https:\/\/unsa-paris.fr\/savp\/wp-json\/wp\/v2\/tags?post=1149"}],"curies":[{"name":"wp","href":"https:\/\/api.w.org\/{rel}","templated":true}]}}